{"id":35940,"date":"2025-10-09T07:30:07","date_gmt":"2025-10-09T07:30:07","guid":{"rendered":"https:\/\/mediterra.group\/mediterra-kopenhagdaki-uluslararasi-emlak-fuarinda-%f0%9f%87%a9%f0%9f%87%b0\/"},"modified":"2025-10-09T07:30:07","modified_gmt":"2025-10-09T07:30:07","slug":"mediterra-kopenhagdaki-uluslararasi-emlak-fuarinda-%f0%9f%87%a9%f0%9f%87%b0","status":"publish","type":"post","link":"https:\/\/mediterra.group\/tr\/mediterra-kopenhagdaki-uluslararasi-emlak-fuarinda-%f0%9f%87%a9%f0%9f%87%b0\/","title":{"rendered":"Mediterra Kopenhag&#8217;daki Uluslararas\u0131 Emlak Fuar\u0131&#8217;nda \ud83c\udde9\ud83c\uddf0"},"content":{"rendered":"<p data-start=\"280\" data-end=\"508\">Mediterra, Danimarka&#8217;n\u0131n Kopenhag kentinde d\u00fczenlenen ve Avrupa&#8217;n\u0131n \u00f6nde gelen geli\u015ftiricilerini, mimarlar\u0131n\u0131 ve tasar\u0131m yenilik\u00e7ilerini bir araya getiren \u00f6nemli platformlardan biri olan prestijli <em data-start=\"340\" data-end=\"369\">Uluslararas\u0131 Emlak Fuar\u0131<\/em> &#8216;na kat\u0131lmaktan b\u00fcy\u00fck mutluluk duydu.<\/p>\n<p data-start=\"510\" data-end=\"856\">Stand\u0131m\u0131z, temel felsefemiz olan \u00e7a\u011fda\u015f tasar\u0131m, i\u015flevsellik ve do\u011fa ile derin bir ba\u011f\u0131n uyumunu g\u00f6steren Mediterra imzal\u0131 projelerden olu\u015fan bir se\u00e7kiyle ziyaret\u00e7ilerin ilgisini \u00e7ekti. Sundu\u011fumuz her proje, mimarinin yaln\u0131zca mek\u00e2n\u0131 \u015fekillendirmekle kalmay\u0131p ayn\u0131 zamanda bir denge ve esenlik duygusuna da ilham vermesi gerekti\u011fine olan inanc\u0131m\u0131z\u0131 yans\u0131t\u0131yor. <\/p>\n<p data-start=\"858\" data-end=\"1144\">Fuar boyunca ekibimiz sekt\u00f6r profesyonelleri, potansiyel ortaklar ve yat\u0131r\u0131mc\u0131larla anlaml\u0131 sohbetler ger\u00e7ekle\u015ftirdi. Bu g\u00f6r\u00fc\u015fmeler, s\u00fcrd\u00fcr\u00fclebilir ve insan merkezli gayrimenkul geli\u015ftirmenin gelece\u011fine ili\u015fkin yeni fikirlere, i\u015fbirliklerine ve bak\u0131\u015f a\u00e7\u0131lar\u0131na kap\u0131 a\u00e7t\u0131. <\/p>\n<p data-start=\"1146\" data-end=\"1317\">Mediterra&#8217;n\u0131n esteti\u011fin pratiklikle bulu\u015ftu\u011fu ve modern ya\u015fam\u0131n \u00e7evreyle sorunsuz bir \u015fekilde harmanland\u0131\u011f\u0131 yakla\u015f\u0131m\u0131na g\u00f6sterilen ilgiden gurur duyduk.<\/p>\n<p data-start=\"1319\" data-end=\"1666\">Uluslararas\u0131 Gayrimenkul Fuar\u0131&#8217;na kat\u0131l\u0131m bizim i\u00e7in bir sergiden \u00e7ok daha fazlas\u0131 oldu &#8211; yenilik ve kaliteye olan ba\u011fl\u0131l\u0131\u011f\u0131m\u0131z\u0131 yeniden teyit eden ilham verici bir deneyim oldu. Mediterra i\u00e7in bu, yeni ufuklara, uluslararas\u0131 ortakl\u0131klara ve modern ya\u015fam standartlar\u0131n\u0131 yeniden tan\u0131mlayan projelere do\u011fru emin ad\u0131mlarla ilerlemek anlam\u0131na geliyor. <\/p>\n<p data-start=\"1319\" data-end=\"1666\"><img fetchpriority=\"high\" decoding=\"async\" class=\"alignnone wp-image-35932\" src=\"https:\/\/mediterra.group\/wp-content\/uploads\/2025\/10\/IMG_1820-1.jpg\" alt=\"\" width=\"191\" height=\"339\" srcset=\"https:\/\/mediterra.group\/wp-content\/uploads\/2025\/10\/IMG_1820-1.jpg 900w, https:\/\/mediterra.group\/wp-content\/uploads\/2025\/10\/IMG_1820-1-864x1536.jpg 864w\" sizes=\"(max-width: 191px) 100vw, 191px\" \/> <img decoding=\"async\" class=\"alignnone wp-image-35895\" src=\"https:\/\/mediterra.group\/wp-content\/uploads\/2025\/10\/IMG_1817.jpg\" alt=\"\" width=\"453\" height=\"340\" srcset=\"https:\/\/mediterra.group\/wp-content\/uploads\/2025\/10\/IMG_1817.jpg 2048w, https:\/\/mediterra.group\/wp-content\/uploads\/2025\/10\/IMG_1817-1536x1152.jpg 1536w, https:\/\/mediterra.group\/wp-content\/uploads\/2025\/10\/IMG_1817-584x438.jpg 584w\" sizes=\"(max-width: 453px) 100vw, 453px\" \/> <img decoding=\"async\" class=\"alignnone wp-image-35926\" src=\"https:\/\/mediterra.group\/wp-content\/uploads\/2025\/10\/IMG_1818-1.jpg\" alt=\"\" width=\"256\" height=\"341\" srcset=\"https:\/\/mediterra.group\/wp-content\/uploads\/2025\/10\/IMG_1818-1.jpg 1536w, https:\/\/mediterra.group\/wp-content\/uploads\/2025\/10\/IMG_1818-1-1152x1536.jpg 1152w\" sizes=\"(max-width: 256px) 100vw, 256px\" \/><\/p>\n","protected":false},"excerpt":{"rendered":"<p>Mediterra, Danimarka&#8217;n\u0131n Kopenhag kentinde d\u00fczenlenen ve Avrupa&#8217;n\u0131n \u00f6nde gelen geli\u015ftiricilerini, mimarlar\u0131n\u0131 ve tasar\u0131m yenilik\u00e7ilerini bir araya getiren \u00f6nemli platformlardan biri olan prestijli Uluslararas\u0131 Emlak Fuar\u0131 &#8216;na kat\u0131lmaktan b\u00fcy\u00fck mutluluk duydu. Stand\u0131m\u0131z, temel felsefemiz olan \u00e7a\u011fda\u015f tasar\u0131m, i\u015flevsellik ve do\u011fa ile derin bir ba\u011f\u0131n uyumunu g\u00f6steren Mediterra imzal\u0131 projelerden olu\u015fan bir se\u00e7kiyle ziyaret\u00e7ilerin ilgisini \u00e7ekti. Sundu\u011fumuz [&hellip;]<\/p>\n","protected":false},"author":2,"featured_media":35900,"comment_status":"open","ping_status":"open","sticky":false,"template":"","format":"standard","meta":{"_acf_changed":false,"footnotes":""},"categories":[256],"tags":[],"class_list":["post-35940","post","type-post","status-publish","format-standard","has-post-thumbnail","hentry","category-etkinlikler"],"acf":[],"yoast_head":"<!-- This site is optimized with the Yoast SEO plugin v27.5 - https:\/\/yoast.com\/product\/yoast-seo-wordpress\/ -->\n<title>Mediterra Kopenhag&#039;daki Uluslararas\u0131 Emlak Fuar\u0131&#039;nda \ud83c\udde9\ud83c\uddf0 - Mediterra Group<\/title>\n<meta name=\"robots\" content=\"index, follow, max-snippet:-1, max-image-preview:large, max-video-preview:-1\" \/>\n<link rel=\"canonical\" href=\"https:\/\/mediterra.group\/tr\/mediterra-kopenhagdaki-uluslararasi-emlak-fuarinda-\ud83c\udde9\ud83c\uddf0\/\" \/>\n<meta property=\"og:locale\" content=\"tr_TR\" \/>\n<meta property=\"og:type\" content=\"article\" \/>\n<meta property=\"og:title\" content=\"Mediterra Kopenhag&#039;daki Uluslararas\u0131 Emlak Fuar\u0131&#039;nda \ud83c\udde9\ud83c\uddf0 - Mediterra Group\" \/>\n<meta property=\"og:description\" content=\"Mediterra, Danimarka&#8217;n\u0131n Kopenhag kentinde d\u00fczenlenen ve Avrupa&#8217;n\u0131n \u00f6nde gelen geli\u015ftiricilerini, mimarlar\u0131n\u0131 ve tasar\u0131m yenilik\u00e7ilerini bir araya getiren \u00f6nemli platformlardan biri olan prestijli Uluslararas\u0131 Emlak Fuar\u0131 &#8216;na kat\u0131lmaktan b\u00fcy\u00fck mutluluk duydu. Stand\u0131m\u0131z, temel felsefemiz olan \u00e7a\u011fda\u015f tasar\u0131m, i\u015flevsellik ve do\u011fa ile derin bir ba\u011f\u0131n uyumunu g\u00f6steren Mediterra imzal\u0131 projelerden olu\u015fan bir se\u00e7kiyle ziyaret\u00e7ilerin ilgisini \u00e7ekti. Sundu\u011fumuz [&hellip;]\" \/>\n<meta property=\"og:url\" content=\"https:\/\/mediterra.group\/tr\/mediterra-kopenhagdaki-uluslararasi-emlak-fuarinda-\ud83c\udde9\ud83c\uddf0\/\" \/>\n<meta property=\"og:site_name\" content=\"Mediterra Group\" \/>\n<meta property=\"article:published_time\" content=\"2025-10-09T07:30:07+00:00\" \/>\n<meta property=\"og:image\" content=\"https:\/\/mediterra.group\/wp-content\/uploads\/2025\/10\/IMG_1817.jpg\" \/>\n\t<meta property=\"og:image:width\" content=\"2048\" \/>\n\t<meta property=\"og:image:height\" content=\"1536\" \/>\n\t<meta property=\"og:image:type\" content=\"image\/jpeg\" \/>\n<meta name=\"author\" content=\"mediterra\" \/>\n<meta name=\"twitter:card\" content=\"summary_large_image\" \/>\n<meta name=\"twitter:label1\" content=\"Yazan:\" \/>\n\t<meta name=\"twitter:data1\" content=\"mediterra\" \/>\n\t<meta name=\"twitter:label2\" content=\"Tahmini okuma s\u00fcresi\" \/>\n\t<meta name=\"twitter:data2\" content=\"1 dakika\" \/>\n<script type=\"application\/ld+json\" class=\"yoast-schema-graph\">{\"@context\":\"https:\\\/\\\/schema.org\",\"@graph\":[{\"@type\":\"Article\",\"@id\":\"https:\\\/\\\/mediterra.group\\\/tr\\\/mediterra-kopenhagdaki-uluslararasi-emlak-fuarinda-%f0%9f%87%a9%f0%9f%87%b0\\\/#article\",\"isPartOf\":{\"@id\":\"https:\\\/\\\/mediterra.group\\\/tr\\\/mediterra-kopenhagdaki-uluslararasi-emlak-fuarinda-%f0%9f%87%a9%f0%9f%87%b0\\\/\"},\"author\":{\"name\":\"mediterra\",\"@id\":\"https:\\\/\\\/mediterra.group\\\/ar\\\/#\\\/schema\\\/person\\\/465ce9bd3fa9269a0d1de4d98559b474\"},\"headline\":\"Mediterra Kopenhag&#8217;daki Uluslararas\u0131 Emlak Fuar\u0131&#8217;nda \ud83c\udde9\ud83c\uddf0\",\"datePublished\":\"2025-10-09T07:30:07+00:00\",\"mainEntityOfPage\":{\"@id\":\"https:\\\/\\\/mediterra.group\\\/tr\\\/mediterra-kopenhagdaki-uluslararasi-emlak-fuarinda-%f0%9f%87%a9%f0%9f%87%b0\\\/\"},\"wordCount\":252,\"commentCount\":0,\"image\":{\"@id\":\"https:\\\/\\\/mediterra.group\\\/tr\\\/mediterra-kopenhagdaki-uluslararasi-emlak-fuarinda-%f0%9f%87%a9%f0%9f%87%b0\\\/#primaryimage\"},\"thumbnailUrl\":\"https:\\\/\\\/mediterra.group\\\/wp-content\\\/uploads\\\/2025\\\/10\\\/IMG_1817.jpg\",\"articleSection\":[\"ETK\u0130NL\u0130KLER\"],\"inLanguage\":\"tr\",\"potentialAction\":[{\"@type\":\"CommentAction\",\"name\":\"Comment\",\"target\":[\"https:\\\/\\\/mediterra.group\\\/tr\\\/mediterra-kopenhagdaki-uluslararasi-emlak-fuarinda-%f0%9f%87%a9%f0%9f%87%b0\\\/#respond\"]}]},{\"@type\":\"WebPage\",\"@id\":\"https:\\\/\\\/mediterra.group\\\/tr\\\/mediterra-kopenhagdaki-uluslararasi-emlak-fuarinda-%f0%9f%87%a9%f0%9f%87%b0\\\/\",\"url\":\"https:\\\/\\\/mediterra.group\\\/tr\\\/mediterra-kopenhagdaki-uluslararasi-emlak-fuarinda-%f0%9f%87%a9%f0%9f%87%b0\\\/\",\"name\":\"Mediterra Kopenhag'daki Uluslararas\u0131 Emlak Fuar\u0131'nda \ud83c\udde9\ud83c\uddf0 - Mediterra Group\",\"isPartOf\":{\"@id\":\"https:\\\/\\\/mediterra.group\\\/ar\\\/#website\"},\"primaryImageOfPage\":{\"@id\":\"https:\\\/\\\/mediterra.group\\\/tr\\\/mediterra-kopenhagdaki-uluslararasi-emlak-fuarinda-%f0%9f%87%a9%f0%9f%87%b0\\\/#primaryimage\"},\"image\":{\"@id\":\"https:\\\/\\\/mediterra.group\\\/tr\\\/mediterra-kopenhagdaki-uluslararasi-emlak-fuarinda-%f0%9f%87%a9%f0%9f%87%b0\\\/#primaryimage\"},\"thumbnailUrl\":\"https:\\\/\\\/mediterra.group\\\/wp-content\\\/uploads\\\/2025\\\/10\\\/IMG_1817.jpg\",\"datePublished\":\"2025-10-09T07:30:07+00:00\",\"author\":{\"@id\":\"https:\\\/\\\/mediterra.group\\\/ar\\\/#\\\/schema\\\/person\\\/465ce9bd3fa9269a0d1de4d98559b474\"},\"breadcrumb\":{\"@id\":\"https:\\\/\\\/mediterra.group\\\/tr\\\/mediterra-kopenhagdaki-uluslararasi-emlak-fuarinda-%f0%9f%87%a9%f0%9f%87%b0\\\/#breadcrumb\"},\"inLanguage\":\"tr\",\"potentialAction\":[{\"@type\":\"ReadAction\",\"target\":[\"https:\\\/\\\/mediterra.group\\\/tr\\\/mediterra-kopenhagdaki-uluslararasi-emlak-fuarinda-%f0%9f%87%a9%f0%9f%87%b0\\\/\"]}]},{\"@type\":\"ImageObject\",\"inLanguage\":\"tr\",\"@id\":\"https:\\\/\\\/mediterra.group\\\/tr\\\/mediterra-kopenhagdaki-uluslararasi-emlak-fuarinda-%f0%9f%87%a9%f0%9f%87%b0\\\/#primaryimage\",\"url\":\"https:\\\/\\\/mediterra.group\\\/wp-content\\\/uploads\\\/2025\\\/10\\\/IMG_1817.jpg\",\"contentUrl\":\"https:\\\/\\\/mediterra.group\\\/wp-content\\\/uploads\\\/2025\\\/10\\\/IMG_1817.jpg\",\"width\":2048,\"height\":1536},{\"@type\":\"BreadcrumbList\",\"@id\":\"https:\\\/\\\/mediterra.group\\\/tr\\\/mediterra-kopenhagdaki-uluslararasi-emlak-fuarinda-%f0%9f%87%a9%f0%9f%87%b0\\\/#breadcrumb\",\"itemListElement\":[{\"@type\":\"ListItem\",\"position\":1,\"name\":\"Home\",\"item\":\"https:\\\/\\\/mediterra.group\\\/tr\\\/\"},{\"@type\":\"ListItem\",\"position\":2,\"name\":\"Mediterra Kopenhag&#8217;daki Uluslararas\u0131 Emlak Fuar\u0131&#8217;nda \ud83c\udde9\ud83c\uddf0\"}]},{\"@type\":\"WebSite\",\"@id\":\"https:\\\/\\\/mediterra.group\\\/ar\\\/#website\",\"url\":\"https:\\\/\\\/mediterra.group\\\/ar\\\/\",\"name\":\"Mediterra Group\",\"description\":\"\",\"potentialAction\":[{\"@type\":\"SearchAction\",\"target\":{\"@type\":\"EntryPoint\",\"urlTemplate\":\"https:\\\/\\\/mediterra.group\\\/ar\\\/?s={search_term_string}\"},\"query-input\":{\"@type\":\"PropertyValueSpecification\",\"valueRequired\":true,\"valueName\":\"search_term_string\"}}],\"inLanguage\":\"tr\"},{\"@type\":\"Person\",\"@id\":\"https:\\\/\\\/mediterra.group\\\/ar\\\/#\\\/schema\\\/person\\\/465ce9bd3fa9269a0d1de4d98559b474\",\"name\":\"mediterra\",\"image\":{\"@type\":\"ImageObject\",\"inLanguage\":\"tr\",\"@id\":\"https:\\\/\\\/secure.gravatar.com\\\/avatar\\\/3c4f61f69ea9df6a0408648bb28bb9f8aa709c455f7160353b9bb154294ee5f2?s=96&d=mm&r=g\",\"url\":\"https:\\\/\\\/secure.gravatar.com\\\/avatar\\\/3c4f61f69ea9df6a0408648bb28bb9f8aa709c455f7160353b9bb154294ee5f2?s=96&d=mm&r=g\",\"contentUrl\":\"https:\\\/\\\/secure.gravatar.com\\\/avatar\\\/3c4f61f69ea9df6a0408648bb28bb9f8aa709c455f7160353b9bb154294ee5f2?s=96&d=mm&r=g\",\"caption\":\"mediterra\"},\"url\":\"https:\\\/\\\/mediterra.group\\\/tr\\\/author\\\/mediterra\\\/\"}]}<\/script>\n<!-- \/ Yoast SEO plugin. -->","yoast_head_json":{"title":"Mediterra Kopenhag'daki Uluslararas\u0131 Emlak Fuar\u0131'nda \ud83c\udde9\ud83c\uddf0 - Mediterra Group","robots":{"index":"index","follow":"follow","max-snippet":"max-snippet:-1","max-image-preview":"max-image-preview:large","max-video-preview":"max-video-preview:-1"},"canonical":"https:\/\/mediterra.group\/tr\/mediterra-kopenhagdaki-uluslararasi-emlak-fuarinda-\ud83c\udde9\ud83c\uddf0\/","og_locale":"tr_TR","og_type":"article","og_title":"Mediterra Kopenhag'daki Uluslararas\u0131 Emlak Fuar\u0131'nda \ud83c\udde9\ud83c\uddf0 - Mediterra Group","og_description":"Mediterra, Danimarka&#8217;n\u0131n Kopenhag kentinde d\u00fczenlenen ve Avrupa&#8217;n\u0131n \u00f6nde gelen geli\u015ftiricilerini, mimarlar\u0131n\u0131 ve tasar\u0131m yenilik\u00e7ilerini bir araya getiren \u00f6nemli platformlardan biri olan prestijli Uluslararas\u0131 Emlak Fuar\u0131 &#8216;na kat\u0131lmaktan b\u00fcy\u00fck mutluluk duydu. Stand\u0131m\u0131z, temel felsefemiz olan \u00e7a\u011fda\u015f tasar\u0131m, i\u015flevsellik ve do\u011fa ile derin bir ba\u011f\u0131n uyumunu g\u00f6steren Mediterra imzal\u0131 projelerden olu\u015fan bir se\u00e7kiyle ziyaret\u00e7ilerin ilgisini \u00e7ekti. Sundu\u011fumuz [&hellip;]","og_url":"https:\/\/mediterra.group\/tr\/mediterra-kopenhagdaki-uluslararasi-emlak-fuarinda-\ud83c\udde9\ud83c\uddf0\/","og_site_name":"Mediterra Group","article_published_time":"2025-10-09T07:30:07+00:00","og_image":[{"width":2048,"height":1536,"url":"https:\/\/mediterra.group\/wp-content\/uploads\/2025\/10\/IMG_1817.jpg","type":"image\/jpeg"}],"author":"mediterra","twitter_card":"summary_large_image","twitter_misc":{"Yazan:":"mediterra","Tahmini okuma s\u00fcresi":"1 dakika"},"schema":{"@context":"https:\/\/schema.org","@graph":[{"@type":"Article","@id":"https:\/\/mediterra.group\/tr\/mediterra-kopenhagdaki-uluslararasi-emlak-fuarinda-%f0%9f%87%a9%f0%9f%87%b0\/#article","isPartOf":{"@id":"https:\/\/mediterra.group\/tr\/mediterra-kopenhagdaki-uluslararasi-emlak-fuarinda-%f0%9f%87%a9%f0%9f%87%b0\/"},"author":{"name":"mediterra","@id":"https:\/\/mediterra.group\/ar\/#\/schema\/person\/465ce9bd3fa9269a0d1de4d98559b474"},"headline":"Mediterra Kopenhag&#8217;daki Uluslararas\u0131 Emlak Fuar\u0131&#8217;nda \ud83c\udde9\ud83c\uddf0","datePublished":"2025-10-09T07:30:07+00:00","mainEntityOfPage":{"@id":"https:\/\/mediterra.group\/tr\/mediterra-kopenhagdaki-uluslararasi-emlak-fuarinda-%f0%9f%87%a9%f0%9f%87%b0\/"},"wordCount":252,"commentCount":0,"image":{"@id":"https:\/\/mediterra.group\/tr\/mediterra-kopenhagdaki-uluslararasi-emlak-fuarinda-%f0%9f%87%a9%f0%9f%87%b0\/#primaryimage"},"thumbnailUrl":"https:\/\/mediterra.group\/wp-content\/uploads\/2025\/10\/IMG_1817.jpg","articleSection":["ETK\u0130NL\u0130KLER"],"inLanguage":"tr","potentialAction":[{"@type":"CommentAction","name":"Comment","target":["https:\/\/mediterra.group\/tr\/mediterra-kopenhagdaki-uluslararasi-emlak-fuarinda-%f0%9f%87%a9%f0%9f%87%b0\/#respond"]}]},{"@type":"WebPage","@id":"https:\/\/mediterra.group\/tr\/mediterra-kopenhagdaki-uluslararasi-emlak-fuarinda-%f0%9f%87%a9%f0%9f%87%b0\/","url":"https:\/\/mediterra.group\/tr\/mediterra-kopenhagdaki-uluslararasi-emlak-fuarinda-%f0%9f%87%a9%f0%9f%87%b0\/","name":"Mediterra Kopenhag'daki Uluslararas\u0131 Emlak Fuar\u0131'nda \ud83c\udde9\ud83c\uddf0 - Mediterra Group","isPartOf":{"@id":"https:\/\/mediterra.group\/ar\/#website"},"primaryImageOfPage":{"@id":"https:\/\/mediterra.group\/tr\/mediterra-kopenhagdaki-uluslararasi-emlak-fuarinda-%f0%9f%87%a9%f0%9f%87%b0\/#primaryimage"},"image":{"@id":"https:\/\/mediterra.group\/tr\/mediterra-kopenhagdaki-uluslararasi-emlak-fuarinda-%f0%9f%87%a9%f0%9f%87%b0\/#primaryimage"},"thumbnailUrl":"https:\/\/mediterra.group\/wp-content\/uploads\/2025\/10\/IMG_1817.jpg","datePublished":"2025-10-09T07:30:07+00:00","author":{"@id":"https:\/\/mediterra.group\/ar\/#\/schema\/person\/465ce9bd3fa9269a0d1de4d98559b474"},"breadcrumb":{"@id":"https:\/\/mediterra.group\/tr\/mediterra-kopenhagdaki-uluslararasi-emlak-fuarinda-%f0%9f%87%a9%f0%9f%87%b0\/#breadcrumb"},"inLanguage":"tr","potentialAction":[{"@type":"ReadAction","target":["https:\/\/mediterra.group\/tr\/mediterra-kopenhagdaki-uluslararasi-emlak-fuarinda-%f0%9f%87%a9%f0%9f%87%b0\/"]}]},{"@type":"ImageObject","inLanguage":"tr","@id":"https:\/\/mediterra.group\/tr\/mediterra-kopenhagdaki-uluslararasi-emlak-fuarinda-%f0%9f%87%a9%f0%9f%87%b0\/#primaryimage","url":"https:\/\/mediterra.group\/wp-content\/uploads\/2025\/10\/IMG_1817.jpg","contentUrl":"https:\/\/mediterra.group\/wp-content\/uploads\/2025\/10\/IMG_1817.jpg","width":2048,"height":1536},{"@type":"BreadcrumbList","@id":"https:\/\/mediterra.group\/tr\/mediterra-kopenhagdaki-uluslararasi-emlak-fuarinda-%f0%9f%87%a9%f0%9f%87%b0\/#breadcrumb","itemListElement":[{"@type":"ListItem","position":1,"name":"Home","item":"https:\/\/mediterra.group\/tr\/"},{"@type":"ListItem","position":2,"name":"Mediterra Kopenhag&#8217;daki Uluslararas\u0131 Emlak Fuar\u0131&#8217;nda \ud83c\udde9\ud83c\uddf0"}]},{"@type":"WebSite","@id":"https:\/\/mediterra.group\/ar\/#website","url":"https:\/\/mediterra.group\/ar\/","name":"Mediterra Group","description":"","potentialAction":[{"@type":"SearchAction","target":{"@type":"EntryPoint","urlTemplate":"https:\/\/mediterra.group\/ar\/?s={search_term_string}"},"query-input":{"@type":"PropertyValueSpecification","valueRequired":true,"valueName":"search_term_string"}}],"inLanguage":"tr"},{"@type":"Person","@id":"https:\/\/mediterra.group\/ar\/#\/schema\/person\/465ce9bd3fa9269a0d1de4d98559b474","name":"mediterra","image":{"@type":"ImageObject","inLanguage":"tr","@id":"https:\/\/secure.gravatar.com\/avatar\/3c4f61f69ea9df6a0408648bb28bb9f8aa709c455f7160353b9bb154294ee5f2?s=96&d=mm&r=g","url":"https:\/\/secure.gravatar.com\/avatar\/3c4f61f69ea9df6a0408648bb28bb9f8aa709c455f7160353b9bb154294ee5f2?s=96&d=mm&r=g","contentUrl":"https:\/\/secure.gravatar.com\/avatar\/3c4f61f69ea9df6a0408648bb28bb9f8aa709c455f7160353b9bb154294ee5f2?s=96&d=mm&r=g","caption":"mediterra"},"url":"https:\/\/mediterra.group\/tr\/author\/mediterra\/"}]}},"_links":{"self":[{"href":"https:\/\/mediterra.group\/tr\/wp-json\/wp\/v2\/posts\/35940","targetHints":{"allow":["GET"]}}],"collection":[{"href":"https:\/\/mediterra.group\/tr\/wp-json\/wp\/v2\/posts"}],"about":[{"href":"https:\/\/mediterra.group\/tr\/wp-json\/wp\/v2\/types\/post"}],"author":[{"embeddable":true,"href":"https:\/\/mediterra.group\/tr\/wp-json\/wp\/v2\/users\/2"}],"replies":[{"embeddable":true,"href":"https:\/\/mediterra.group\/tr\/wp-json\/wp\/v2\/comments?post=35940"}],"version-history":[{"count":0,"href":"https:\/\/mediterra.group\/tr\/wp-json\/wp\/v2\/posts\/35940\/revisions"}],"wp:featuredmedia":[{"embeddable":true,"href":"https:\/\/mediterra.group\/tr\/wp-json\/wp\/v2\/media\/35900"}],"wp:attachment":[{"href":"https:\/\/mediterra.group\/tr\/wp-json\/wp\/v2\/media?parent=35940"}],"wp:term":[{"taxonomy":"category","embeddable":true,"href":"https:\/\/mediterra.group\/tr\/wp-json\/wp\/v2\/categories?post=35940"},{"taxonomy":"post_tag","embeddable":true,"href":"https:\/\/mediterra.group\/tr\/wp-json\/wp\/v2\/tags?post=35940"}],"curies":[{"name":"wp","href":"https:\/\/api.w.org\/{rel}","templated":true}]}}