{"id":33259,"date":"2025-06-18T10:40:21","date_gmt":"2025-06-18T10:40:21","guid":{"rendered":"https:\/\/mediterra.group\/kktc-yatirimlarla-gucleniyor-tatlisuda-yuruyus-ve-bisiklet-yolu-projesi-alternatif-turizme-katki-saglayacak\/"},"modified":"2025-06-18T10:40:21","modified_gmt":"2025-06-18T10:40:21","slug":"kktc-yatirimlarla-gucleniyor-tatlisuda-yuruyus-ve-bisiklet-yolu-projesi-alternatif-turizme-katki-saglayacak","status":"publish","type":"post","link":"https:\/\/mediterra.group\/tr\/kktc-yatirimlarla-gucleniyor-tatlisuda-yuruyus-ve-bisiklet-yolu-projesi-alternatif-turizme-katki-saglayacak\/","title":{"rendered":"KKTC Yat\u0131r\u0131mlarla G\u00fc\u00e7leniyor: Tatl\u0131su&#8217;da Y\u00fcr\u00fcy\u00fc\u015f ve Bisiklet Yolu Projesi Alternatif Turizme Katk\u0131 Sa\u011flayacak!"},"content":{"rendered":"<div class=\"row\">\n<div class=\"col-11 col-sm-9 col-lg-10\">\n<div class=\"boxes\">\n<div class=\"box-up\">\n<div class=\"event-box\">\n<p>Tatl\u0131su Belediyesi taraf\u0131ndan 11 \u015eubat 2024 Pazar g\u00fcn\u00fc saat 10:30&#8217;da a\u00e7\u0131l\u0131\u015f\u0131 ger\u00e7ekle\u015ftirilen bisiklet ve y\u00fcr\u00fcy\u00fc\u015f parkurunda konu\u015fan Lefko\u015fa B\u00fcy\u00fckel\u00e7isi Metin Fevzio\u011flu, Kuzey K\u0131br\u0131s T\u00fcrk Cumhuriyeti&#8217;nin spor, e\u011fitim, sanayi, ileri teknoloji ve alternatif turizm ile kalk\u0131naca\u011f\u0131n\u0131 s\u00f6yledi. A\u00e7\u0131l\u0131\u015f t\u00f6reninde konu\u015fan Cumhurba\u015fkan\u0131 Ersin Tatar, K\u0131br\u0131s T\u00fcrk\u00e7esinin \u00f6zg\u00fcrl\u00fck ve varolu\u015f m\u00fccadelesinin her alan\u0131nda var oldu\u011funu s\u00f6yledi.  <\/p>\n<p>A\u00e7\u0131l\u0131\u015f t\u00f6reninde konu\u015fan Cumhurba\u015fkan\u0131 Ersin Tatar, K\u0131br\u0131s T\u00fcrk\u00fc&#8217;n\u00fcn \u00f6zg\u00fcrl\u00fck ve varolu\u015f m\u00fccadelesinin her alan\u0131nda var oldu\u011funu s\u00f6yledi.<\/p>\n<\/div>\n<div id='gallery-1' class='gallery galleryid-33259 gallery-columns-3 gallery-size-thumbnail'><figure class='gallery-item'>\n\t\t\t<div class='gallery-icon landscape'>\n\t\t\t\t<a href='https:\/\/mediterra.group\/tr\/kktc-yatirimlarla-gucleniyor-tatlisuda-yuruyus-ve-bisiklet-yolu-projesi-alternatif-turizme-katki-saglayacak\/1-4-2\/'><img decoding=\"async\" width=\"150\" height=\"145\" src=\"https:\/\/mediterra.group\/wp-content\/uploads\/2025\/06\/1-2.webp\" class=\"attachment-thumbnail size-thumbnail\" alt=\"\" \/><\/a>\n\t\t\t<\/div><\/figure><figure class='gallery-item'>\n\t\t\t<div class='gallery-icon portrait'>\n\t\t\t\t<a href='https:\/\/mediterra.group\/tr\/kktc-yatirimlarla-gucleniyor-tatlisuda-yuruyus-ve-bisiklet-yolu-projesi-alternatif-turizme-katki-saglayacak\/2-4-2\/'><img decoding=\"async\" width=\"81\" height=\"150\" src=\"https:\/\/mediterra.group\/wp-content\/uploads\/2025\/06\/2-2.webp\" class=\"attachment-thumbnail size-thumbnail\" alt=\"\" \/><\/a>\n\t\t\t<\/div><\/figure>\n\t\t<\/div>\n\n<\/div>\n<\/div>\n<\/div>\n<\/div>\n","protected":false},"excerpt":{"rendered":"<p>Tatl\u0131su Belediyesi taraf\u0131ndan 11 \u015eubat 2024 Pazar g\u00fcn\u00fc saat 10:30&#8217;da a\u00e7\u0131l\u0131\u015f\u0131 ger\u00e7ekle\u015ftirilen bisiklet ve y\u00fcr\u00fcy\u00fc\u015f parkurunda konu\u015fan Lefko\u015fa B\u00fcy\u00fckel\u00e7isi Metin Fevzio\u011flu, Kuzey K\u0131br\u0131s T\u00fcrk Cumhuriyeti&#8217;nin spor, e\u011fitim, sanayi, ileri teknoloji ve alternatif turizm ile kalk\u0131naca\u011f\u0131n\u0131 s\u00f6yledi. A\u00e7\u0131l\u0131\u015f t\u00f6reninde konu\u015fan Cumhurba\u015fkan\u0131 Ersin Tatar, K\u0131br\u0131s T\u00fcrk\u00e7esinin \u00f6zg\u00fcrl\u00fck ve varolu\u015f m\u00fccadelesinin her alan\u0131nda var oldu\u011funu s\u00f6yledi. A\u00e7\u0131l\u0131\u015f t\u00f6reninde [&hellip;]<\/p>\n","protected":false},"author":1,"featured_media":24253,"comment_status":"open","ping_status":"open","sticky":false,"template":"","format":"standard","meta":{"_acf_changed":false,"footnotes":""},"categories":[205,245],"tags":[],"class_list":["post-33259","post","type-post","status-publish","format-standard","has-post-thumbnail","hentry","category-gayrimenkul","category-yasam-tarzi"],"acf":[],"yoast_head":"<!-- This site is optimized with the Yoast SEO plugin v27.5 - https:\/\/yoast.com\/product\/yoast-seo-wordpress\/ -->\n<title>KKTC Yat\u0131r\u0131mlarla G\u00fc\u00e7leniyor: Tatl\u0131su&#039;da Y\u00fcr\u00fcy\u00fc\u015f ve Bisiklet Yolu Projesi Alternatif Turizme Katk\u0131 Sa\u011flayacak! - Mediterra Group<\/title>\n<meta name=\"robots\" content=\"index, follow, max-snippet:-1, max-image-preview:large, max-video-preview:-1\" \/>\n<link rel=\"canonical\" href=\"https:\/\/mediterra.group\/kktc-strengthens-with-investments-the-walking-and-bicycle-path-project-in-tatlisu-will-contribute-to-alternative-tourism\/\" \/>\n<meta property=\"og:locale\" content=\"tr_TR\" \/>\n<meta property=\"og:type\" content=\"article\" \/>\n<meta property=\"og:title\" content=\"KKTC Yat\u0131r\u0131mlarla G\u00fc\u00e7leniyor: Tatl\u0131su&#039;da Y\u00fcr\u00fcy\u00fc\u015f ve Bisiklet Yolu Projesi Alternatif Turizme Katk\u0131 Sa\u011flayacak! - Mediterra Group\" \/>\n<meta property=\"og:description\" content=\"Tatl\u0131su Belediyesi taraf\u0131ndan 11 \u015eubat 2024 Pazar g\u00fcn\u00fc saat 10:30&#8217;da a\u00e7\u0131l\u0131\u015f\u0131 ger\u00e7ekle\u015ftirilen bisiklet ve y\u00fcr\u00fcy\u00fc\u015f parkurunda konu\u015fan Lefko\u015fa B\u00fcy\u00fckel\u00e7isi Metin Fevzio\u011flu, Kuzey K\u0131br\u0131s T\u00fcrk Cumhuriyeti&#8217;nin spor, e\u011fitim, sanayi, ileri teknoloji ve alternatif turizm ile kalk\u0131naca\u011f\u0131n\u0131 s\u00f6yledi. A\u00e7\u0131l\u0131\u015f t\u00f6reninde konu\u015fan Cumhurba\u015fkan\u0131 Ersin Tatar, K\u0131br\u0131s T\u00fcrk\u00e7esinin \u00f6zg\u00fcrl\u00fck ve varolu\u015f m\u00fccadelesinin her alan\u0131nda var oldu\u011funu s\u00f6yledi. A\u00e7\u0131l\u0131\u015f t\u00f6reninde [&hellip;]\" \/>\n<meta property=\"og:url\" content=\"https:\/\/mediterra.group\/kktc-strengthens-with-investments-the-walking-and-bicycle-path-project-in-tatlisu-will-contribute-to-alternative-tourism\/\" \/>\n<meta property=\"og:site_name\" content=\"Mediterra Group\" \/>\n<meta property=\"article:published_time\" content=\"2025-06-18T10:40:21+00:00\" \/>\n<meta property=\"og:image\" content=\"https:\/\/mediterra.group\/wp-content\/uploads\/2025\/06\/kktc-strengthens-with-investments17153511195368Tin50.webp\" \/>\n\t<meta property=\"og:image:width\" content=\"400\" \/>\n\t<meta property=\"og:image:height\" content=\"225\" \/>\n\t<meta property=\"og:image:type\" content=\"image\/webp\" \/>\n<meta name=\"author\" content=\"prfj\" \/>\n<meta name=\"twitter:card\" content=\"summary_large_image\" \/>\n<meta name=\"twitter:label1\" content=\"Yazan:\" \/>\n\t<meta name=\"twitter:data1\" content=\"prfj\" \/>\n\t<meta name=\"twitter:label2\" content=\"Tahmini okuma s\u00fcresi\" \/>\n\t<meta name=\"twitter:data2\" content=\"1 dakika\" \/>\n<script type=\"application\/ld+json\" class=\"yoast-schema-graph\">{\"@context\":\"https:\\\/\\\/schema.org\",\"@graph\":[{\"@type\":\"Article\",\"@id\":\"https:\\\/\\\/mediterra.group\\\/kktc-strengthens-with-investments-the-walking-and-bicycle-path-project-in-tatlisu-will-contribute-to-alternative-tourism\\\/#article\",\"isPartOf\":{\"@id\":\"https:\\\/\\\/mediterra.group\\\/kktc-strengthens-with-investments-the-walking-and-bicycle-path-project-in-tatlisu-will-contribute-to-alternative-tourism\\\/\"},\"author\":{\"name\":\"prfj\",\"@id\":\"https:\\\/\\\/mediterra.group\\\/ar\\\/#\\\/schema\\\/person\\\/7db86f2bc7783cf0f27705320203bffb\"},\"headline\":\"KKTC Yat\u0131r\u0131mlarla G\u00fc\u00e7leniyor: Tatl\u0131su&#8217;da Y\u00fcr\u00fcy\u00fc\u015f ve Bisiklet Yolu Projesi Alternatif Turizme Katk\u0131 Sa\u011flayacak!\",\"datePublished\":\"2025-06-18T10:40:21+00:00\",\"mainEntityOfPage\":{\"@id\":\"https:\\\/\\\/mediterra.group\\\/kktc-strengthens-with-investments-the-walking-and-bicycle-path-project-in-tatlisu-will-contribute-to-alternative-tourism\\\/\"},\"wordCount\":142,\"commentCount\":0,\"image\":{\"@id\":\"https:\\\/\\\/mediterra.group\\\/kktc-strengthens-with-investments-the-walking-and-bicycle-path-project-in-tatlisu-will-contribute-to-alternative-tourism\\\/#primaryimage\"},\"thumbnailUrl\":\"https:\\\/\\\/mediterra.group\\\/wp-content\\\/uploads\\\/2025\\\/06\\\/kktc-strengthens-with-investments17153511195368Tin50.webp\",\"articleSection\":[\"GAYR\u0130MENKUL\",\"YA\u015eAM TARZI\"],\"inLanguage\":\"tr\",\"potentialAction\":[{\"@type\":\"CommentAction\",\"name\":\"Comment\",\"target\":[\"https:\\\/\\\/mediterra.group\\\/kktc-strengthens-with-investments-the-walking-and-bicycle-path-project-in-tatlisu-will-contribute-to-alternative-tourism\\\/#respond\"]}]},{\"@type\":\"WebPage\",\"@id\":\"https:\\\/\\\/mediterra.group\\\/kktc-strengthens-with-investments-the-walking-and-bicycle-path-project-in-tatlisu-will-contribute-to-alternative-tourism\\\/\",\"url\":\"https:\\\/\\\/mediterra.group\\\/kktc-strengthens-with-investments-the-walking-and-bicycle-path-project-in-tatlisu-will-contribute-to-alternative-tourism\\\/\",\"name\":\"KKTC Yat\u0131r\u0131mlarla G\u00fc\u00e7leniyor: Tatl\u0131su'da Y\u00fcr\u00fcy\u00fc\u015f ve Bisiklet Yolu Projesi Alternatif Turizme Katk\u0131 Sa\u011flayacak! - Mediterra Group\",\"isPartOf\":{\"@id\":\"https:\\\/\\\/mediterra.group\\\/ar\\\/#website\"},\"primaryImageOfPage\":{\"@id\":\"https:\\\/\\\/mediterra.group\\\/kktc-strengthens-with-investments-the-walking-and-bicycle-path-project-in-tatlisu-will-contribute-to-alternative-tourism\\\/#primaryimage\"},\"image\":{\"@id\":\"https:\\\/\\\/mediterra.group\\\/kktc-strengthens-with-investments-the-walking-and-bicycle-path-project-in-tatlisu-will-contribute-to-alternative-tourism\\\/#primaryimage\"},\"thumbnailUrl\":\"https:\\\/\\\/mediterra.group\\\/wp-content\\\/uploads\\\/2025\\\/06\\\/kktc-strengthens-with-investments17153511195368Tin50.webp\",\"datePublished\":\"2025-06-18T10:40:21+00:00\",\"author\":{\"@id\":\"https:\\\/\\\/mediterra.group\\\/ar\\\/#\\\/schema\\\/person\\\/7db86f2bc7783cf0f27705320203bffb\"},\"breadcrumb\":{\"@id\":\"https:\\\/\\\/mediterra.group\\\/kktc-strengthens-with-investments-the-walking-and-bicycle-path-project-in-tatlisu-will-contribute-to-alternative-tourism\\\/#breadcrumb\"},\"inLanguage\":\"tr\",\"potentialAction\":[{\"@type\":\"ReadAction\",\"target\":[\"https:\\\/\\\/mediterra.group\\\/kktc-strengthens-with-investments-the-walking-and-bicycle-path-project-in-tatlisu-will-contribute-to-alternative-tourism\\\/\"]}]},{\"@type\":\"ImageObject\",\"inLanguage\":\"tr\",\"@id\":\"https:\\\/\\\/mediterra.group\\\/kktc-strengthens-with-investments-the-walking-and-bicycle-path-project-in-tatlisu-will-contribute-to-alternative-tourism\\\/#primaryimage\",\"url\":\"https:\\\/\\\/mediterra.group\\\/wp-content\\\/uploads\\\/2025\\\/06\\\/kktc-strengthens-with-investments17153511195368Tin50.webp\",\"contentUrl\":\"https:\\\/\\\/mediterra.group\\\/wp-content\\\/uploads\\\/2025\\\/06\\\/kktc-strengthens-with-investments17153511195368Tin50.webp\",\"width\":400,\"height\":225},{\"@type\":\"BreadcrumbList\",\"@id\":\"https:\\\/\\\/mediterra.group\\\/kktc-strengthens-with-investments-the-walking-and-bicycle-path-project-in-tatlisu-will-contribute-to-alternative-tourism\\\/#breadcrumb\",\"itemListElement\":[{\"@type\":\"ListItem\",\"position\":1,\"name\":\"Home\",\"item\":\"https:\\\/\\\/mediterra.group\\\/tr\\\/\"},{\"@type\":\"ListItem\",\"position\":2,\"name\":\"KKTC Yat\u0131r\u0131mlarla G\u00fc\u00e7leniyor: Tatl\u0131su&#8217;da Y\u00fcr\u00fcy\u00fc\u015f ve Bisiklet Yolu Projesi Alternatif Turizme Katk\u0131 Sa\u011flayacak!\"}]},{\"@type\":\"WebSite\",\"@id\":\"https:\\\/\\\/mediterra.group\\\/ar\\\/#website\",\"url\":\"https:\\\/\\\/mediterra.group\\\/ar\\\/\",\"name\":\"Mediterra Group\",\"description\":\"\",\"potentialAction\":[{\"@type\":\"SearchAction\",\"target\":{\"@type\":\"EntryPoint\",\"urlTemplate\":\"https:\\\/\\\/mediterra.group\\\/ar\\\/?s={search_term_string}\"},\"query-input\":{\"@type\":\"PropertyValueSpecification\",\"valueRequired\":true,\"valueName\":\"search_term_string\"}}],\"inLanguage\":\"tr\"},{\"@type\":\"Person\",\"@id\":\"https:\\\/\\\/mediterra.group\\\/ar\\\/#\\\/schema\\\/person\\\/7db86f2bc7783cf0f27705320203bffb\",\"name\":\"prfj\",\"image\":{\"@type\":\"ImageObject\",\"inLanguage\":\"tr\",\"@id\":\"https:\\\/\\\/secure.gravatar.com\\\/avatar\\\/efc76156b22a6391dfe826fa01e611bcd5dacefe7489936136b7f4d5eb1c0fb4?s=96&d=mm&r=g\",\"url\":\"https:\\\/\\\/secure.gravatar.com\\\/avatar\\\/efc76156b22a6391dfe826fa01e611bcd5dacefe7489936136b7f4d5eb1c0fb4?s=96&d=mm&r=g\",\"contentUrl\":\"https:\\\/\\\/secure.gravatar.com\\\/avatar\\\/efc76156b22a6391dfe826fa01e611bcd5dacefe7489936136b7f4d5eb1c0fb4?s=96&d=mm&r=g\",\"caption\":\"prfj\"},\"sameAs\":[\"https:\\\/\\\/mediterra.group\"],\"url\":\"https:\\\/\\\/mediterra.group\\\/tr\\\/author\\\/prfj\\\/\"}]}<\/script>\n<!-- \/ Yoast SEO plugin. -->","yoast_head_json":{"title":"KKTC Yat\u0131r\u0131mlarla G\u00fc\u00e7leniyor: Tatl\u0131su'da Y\u00fcr\u00fcy\u00fc\u015f ve Bisiklet Yolu Projesi Alternatif Turizme Katk\u0131 Sa\u011flayacak! - Mediterra Group","robots":{"index":"index","follow":"follow","max-snippet":"max-snippet:-1","max-image-preview":"max-image-preview:large","max-video-preview":"max-video-preview:-1"},"canonical":"https:\/\/mediterra.group\/kktc-strengthens-with-investments-the-walking-and-bicycle-path-project-in-tatlisu-will-contribute-to-alternative-tourism\/","og_locale":"tr_TR","og_type":"article","og_title":"KKTC Yat\u0131r\u0131mlarla G\u00fc\u00e7leniyor: Tatl\u0131su'da Y\u00fcr\u00fcy\u00fc\u015f ve Bisiklet Yolu Projesi Alternatif Turizme Katk\u0131 Sa\u011flayacak! - Mediterra Group","og_description":"Tatl\u0131su Belediyesi taraf\u0131ndan 11 \u015eubat 2024 Pazar g\u00fcn\u00fc saat 10:30&#8217;da a\u00e7\u0131l\u0131\u015f\u0131 ger\u00e7ekle\u015ftirilen bisiklet ve y\u00fcr\u00fcy\u00fc\u015f parkurunda konu\u015fan Lefko\u015fa B\u00fcy\u00fckel\u00e7isi Metin Fevzio\u011flu, Kuzey K\u0131br\u0131s T\u00fcrk Cumhuriyeti&#8217;nin spor, e\u011fitim, sanayi, ileri teknoloji ve alternatif turizm ile kalk\u0131naca\u011f\u0131n\u0131 s\u00f6yledi. A\u00e7\u0131l\u0131\u015f t\u00f6reninde konu\u015fan Cumhurba\u015fkan\u0131 Ersin Tatar, K\u0131br\u0131s T\u00fcrk\u00e7esinin \u00f6zg\u00fcrl\u00fck ve varolu\u015f m\u00fccadelesinin her alan\u0131nda var oldu\u011funu s\u00f6yledi. A\u00e7\u0131l\u0131\u015f t\u00f6reninde [&hellip;]","og_url":"https:\/\/mediterra.group\/kktc-strengthens-with-investments-the-walking-and-bicycle-path-project-in-tatlisu-will-contribute-to-alternative-tourism\/","og_site_name":"Mediterra Group","article_published_time":"2025-06-18T10:40:21+00:00","og_image":[{"width":400,"height":225,"url":"https:\/\/mediterra.group\/wp-content\/uploads\/2025\/06\/kktc-strengthens-with-investments17153511195368Tin50.webp","type":"image\/webp"}],"author":"prfj","twitter_card":"summary_large_image","twitter_misc":{"Yazan:":"prfj","Tahmini okuma s\u00fcresi":"1 dakika"},"schema":{"@context":"https:\/\/schema.org","@graph":[{"@type":"Article","@id":"https:\/\/mediterra.group\/kktc-strengthens-with-investments-the-walking-and-bicycle-path-project-in-tatlisu-will-contribute-to-alternative-tourism\/#article","isPartOf":{"@id":"https:\/\/mediterra.group\/kktc-strengthens-with-investments-the-walking-and-bicycle-path-project-in-tatlisu-will-contribute-to-alternative-tourism\/"},"author":{"name":"prfj","@id":"https:\/\/mediterra.group\/ar\/#\/schema\/person\/7db86f2bc7783cf0f27705320203bffb"},"headline":"KKTC Yat\u0131r\u0131mlarla G\u00fc\u00e7leniyor: Tatl\u0131su&#8217;da Y\u00fcr\u00fcy\u00fc\u015f ve Bisiklet Yolu Projesi Alternatif Turizme Katk\u0131 Sa\u011flayacak!","datePublished":"2025-06-18T10:40:21+00:00","mainEntityOfPage":{"@id":"https:\/\/mediterra.group\/kktc-strengthens-with-investments-the-walking-and-bicycle-path-project-in-tatlisu-will-contribute-to-alternative-tourism\/"},"wordCount":142,"commentCount":0,"image":{"@id":"https:\/\/mediterra.group\/kktc-strengthens-with-investments-the-walking-and-bicycle-path-project-in-tatlisu-will-contribute-to-alternative-tourism\/#primaryimage"},"thumbnailUrl":"https:\/\/mediterra.group\/wp-content\/uploads\/2025\/06\/kktc-strengthens-with-investments17153511195368Tin50.webp","articleSection":["GAYR\u0130MENKUL","YA\u015eAM TARZI"],"inLanguage":"tr","potentialAction":[{"@type":"CommentAction","name":"Comment","target":["https:\/\/mediterra.group\/kktc-strengthens-with-investments-the-walking-and-bicycle-path-project-in-tatlisu-will-contribute-to-alternative-tourism\/#respond"]}]},{"@type":"WebPage","@id":"https:\/\/mediterra.group\/kktc-strengthens-with-investments-the-walking-and-bicycle-path-project-in-tatlisu-will-contribute-to-alternative-tourism\/","url":"https:\/\/mediterra.group\/kktc-strengthens-with-investments-the-walking-and-bicycle-path-project-in-tatlisu-will-contribute-to-alternative-tourism\/","name":"KKTC Yat\u0131r\u0131mlarla G\u00fc\u00e7leniyor: Tatl\u0131su'da Y\u00fcr\u00fcy\u00fc\u015f ve Bisiklet Yolu Projesi Alternatif Turizme Katk\u0131 Sa\u011flayacak! - Mediterra Group","isPartOf":{"@id":"https:\/\/mediterra.group\/ar\/#website"},"primaryImageOfPage":{"@id":"https:\/\/mediterra.group\/kktc-strengthens-with-investments-the-walking-and-bicycle-path-project-in-tatlisu-will-contribute-to-alternative-tourism\/#primaryimage"},"image":{"@id":"https:\/\/mediterra.group\/kktc-strengthens-with-investments-the-walking-and-bicycle-path-project-in-tatlisu-will-contribute-to-alternative-tourism\/#primaryimage"},"thumbnailUrl":"https:\/\/mediterra.group\/wp-content\/uploads\/2025\/06\/kktc-strengthens-with-investments17153511195368Tin50.webp","datePublished":"2025-06-18T10:40:21+00:00","author":{"@id":"https:\/\/mediterra.group\/ar\/#\/schema\/person\/7db86f2bc7783cf0f27705320203bffb"},"breadcrumb":{"@id":"https:\/\/mediterra.group\/kktc-strengthens-with-investments-the-walking-and-bicycle-path-project-in-tatlisu-will-contribute-to-alternative-tourism\/#breadcrumb"},"inLanguage":"tr","potentialAction":[{"@type":"ReadAction","target":["https:\/\/mediterra.group\/kktc-strengthens-with-investments-the-walking-and-bicycle-path-project-in-tatlisu-will-contribute-to-alternative-tourism\/"]}]},{"@type":"ImageObject","inLanguage":"tr","@id":"https:\/\/mediterra.group\/kktc-strengthens-with-investments-the-walking-and-bicycle-path-project-in-tatlisu-will-contribute-to-alternative-tourism\/#primaryimage","url":"https:\/\/mediterra.group\/wp-content\/uploads\/2025\/06\/kktc-strengthens-with-investments17153511195368Tin50.webp","contentUrl":"https:\/\/mediterra.group\/wp-content\/uploads\/2025\/06\/kktc-strengthens-with-investments17153511195368Tin50.webp","width":400,"height":225},{"@type":"BreadcrumbList","@id":"https:\/\/mediterra.group\/kktc-strengthens-with-investments-the-walking-and-bicycle-path-project-in-tatlisu-will-contribute-to-alternative-tourism\/#breadcrumb","itemListElement":[{"@type":"ListItem","position":1,"name":"Home","item":"https:\/\/mediterra.group\/tr\/"},{"@type":"ListItem","position":2,"name":"KKTC Yat\u0131r\u0131mlarla G\u00fc\u00e7leniyor: Tatl\u0131su&#8217;da Y\u00fcr\u00fcy\u00fc\u015f ve Bisiklet Yolu Projesi Alternatif Turizme Katk\u0131 Sa\u011flayacak!"}]},{"@type":"WebSite","@id":"https:\/\/mediterra.group\/ar\/#website","url":"https:\/\/mediterra.group\/ar\/","name":"Mediterra Group","description":"","potentialAction":[{"@type":"SearchAction","target":{"@type":"EntryPoint","urlTemplate":"https:\/\/mediterra.group\/ar\/?s={search_term_string}"},"query-input":{"@type":"PropertyValueSpecification","valueRequired":true,"valueName":"search_term_string"}}],"inLanguage":"tr"},{"@type":"Person","@id":"https:\/\/mediterra.group\/ar\/#\/schema\/person\/7db86f2bc7783cf0f27705320203bffb","name":"prfj","image":{"@type":"ImageObject","inLanguage":"tr","@id":"https:\/\/secure.gravatar.com\/avatar\/efc76156b22a6391dfe826fa01e611bcd5dacefe7489936136b7f4d5eb1c0fb4?s=96&d=mm&r=g","url":"https:\/\/secure.gravatar.com\/avatar\/efc76156b22a6391dfe826fa01e611bcd5dacefe7489936136b7f4d5eb1c0fb4?s=96&d=mm&r=g","contentUrl":"https:\/\/secure.gravatar.com\/avatar\/efc76156b22a6391dfe826fa01e611bcd5dacefe7489936136b7f4d5eb1c0fb4?s=96&d=mm&r=g","caption":"prfj"},"sameAs":["https:\/\/mediterra.group"],"url":"https:\/\/mediterra.group\/tr\/author\/prfj\/"}]}},"_links":{"self":[{"href":"https:\/\/mediterra.group\/tr\/wp-json\/wp\/v2\/posts\/33259","targetHints":{"allow":["GET"]}}],"collection":[{"href":"https:\/\/mediterra.group\/tr\/wp-json\/wp\/v2\/posts"}],"about":[{"href":"https:\/\/mediterra.group\/tr\/wp-json\/wp\/v2\/types\/post"}],"author":[{"embeddable":true,"href":"https:\/\/mediterra.group\/tr\/wp-json\/wp\/v2\/users\/1"}],"replies":[{"embeddable":true,"href":"https:\/\/mediterra.group\/tr\/wp-json\/wp\/v2\/comments?post=33259"}],"version-history":[{"count":0,"href":"https:\/\/mediterra.group\/tr\/wp-json\/wp\/v2\/posts\/33259\/revisions"}],"wp:featuredmedia":[{"embeddable":true,"href":"https:\/\/mediterra.group\/tr\/wp-json\/wp\/v2\/media\/24253"}],"wp:attachment":[{"href":"https:\/\/mediterra.group\/tr\/wp-json\/wp\/v2\/media?parent=33259"}],"wp:term":[{"taxonomy":"category","embeddable":true,"href":"https:\/\/mediterra.group\/tr\/wp-json\/wp\/v2\/categories?post=33259"},{"taxonomy":"post_tag","embeddable":true,"href":"https:\/\/mediterra.group\/tr\/wp-json\/wp\/v2\/tags?post=33259"}],"curies":[{"name":"wp","href":"https:\/\/api.w.org\/{rel}","templated":true}]}}