{"id":33243,"date":"2025-06-18T10:47:01","date_gmt":"2025-06-18T10:47:01","guid":{"rendered":"https:\/\/mediterra.group\/belcikadaki-second-home-fuarindaydik\/"},"modified":"2025-06-18T10:47:01","modified_gmt":"2025-06-18T10:47:01","slug":"belcikadaki-second-home-fuarindaydik","status":"publish","type":"post","link":"https:\/\/mediterra.group\/tr\/belcikadaki-second-home-fuarindaydik\/","title":{"rendered":"Bel\u00e7ika&#8217;daki Second Home Fuar\u0131&#8217;ndayd\u0131k!"},"content":{"rendered":"<p>3-4 Haziran, 2023<br \/>\nAntwerp Expo<\/p>\n<p>Meditera Proje Y\u00f6netimi olarak 3-4 Haziran tarihlerinde Antwerp Expo&#8217;da d\u00fczenlenen Second Home Fuar\u0131&#8217;na kat\u0131ld\u0131k. Antwerp&#8217;teki fuar, Kuzey K\u0131br\u0131s&#8217;a yat\u0131r\u0131m yapman\u0131n faydalar\u0131n\u0131 sergilememiz i\u00e7in m\u00fckemmel bir platform sa\u011flad\u0131. Geli\u015fen ekonomisi ve g\u00fc\u00e7l\u00fc emlak piyasas\u0131yla Kuzey K\u0131br\u0131s&#8217;\u0131n, fuar kat\u0131l\u0131mc\u0131lar\u0131n\u0131n ke\u015ffetmek isteyece\u011fi e\u015fsiz bir yat\u0131r\u0131m f\u0131rsat\u0131 sundu\u011funa inand\u0131k.  <\/p>\n<p>Stand\u0131m\u0131z\u0131 ziyaret eden ve projelerimize ilgi g\u00f6steren herkese \u015f\u00fckranlar\u0131m\u0131z\u0131 sunar\u0131z. Kat\u0131l\u0131mc\u0131larla ba\u011flant\u0131 kurmak ve Kuzey K\u0131br\u0131s&#8217;ta mevcut olan potansiyel yat\u0131r\u0131m f\u0131rsatlar\u0131 hakk\u0131nda rehberlik etmekten memnuniyet duyduk. Kal\u0131c\u0131 ili\u015fkiler kurmay\u0131 ve yat\u0131r\u0131mc\u0131lara Kuzey K\u0131br\u0131s&#8217;taki e\u015fsiz yat\u0131r\u0131m olanaklar\u0131n\u0131 ke\u015ffetmelerinde yard\u0131mc\u0131 olmay\u0131 d\u00f6rt g\u00f6zle bekliyoruz.  <\/p>\n<div id='gallery-1' class='gallery galleryid-33243 gallery-columns-3 gallery-size-thumbnail'><figure class='gallery-item'>\n\t\t\t<div class='gallery-icon portrait'>\n\t\t\t\t<a href='https:\/\/mediterra.group\/tr\/belcikadaki-second-home-fuarindaydik\/3-we-were-at-second-home-fair-in-belgium_result-2\/'><img decoding=\"async\" width=\"113\" height=\"150\" src=\"https:\/\/mediterra.group\/wp-content\/uploads\/2025\/06\/3-WE-WERE-AT-SECOND-HOME-FAIR-IN-BELGIUM_result.webp\" class=\"attachment-thumbnail size-thumbnail\" alt=\"\" srcset=\"https:\/\/mediterra.group\/wp-content\/uploads\/2025\/06\/3-WE-WERE-AT-SECOND-HOME-FAIR-IN-BELGIUM_result.webp 1200w, https:\/\/mediterra.group\/wp-content\/uploads\/2025\/06\/3-WE-WERE-AT-SECOND-HOME-FAIR-IN-BELGIUM_result-1152x1536.webp 1152w\" sizes=\"(max-width: 113px) 100vw, 113px\" \/><\/a>\n\t\t\t<\/div><\/figure><figure class='gallery-item'>\n\t\t\t<div class='gallery-icon portrait'>\n\t\t\t\t<a href='https:\/\/mediterra.group\/tr\/belcikadaki-second-home-fuarindaydik\/4-we-were-at-second-home-fair-in-belgium_result-2\/'><img decoding=\"async\" width=\"113\" height=\"150\" src=\"https:\/\/mediterra.group\/wp-content\/uploads\/2025\/06\/4-WE-WERE-AT-SECOND-HOME-FAIR-IN-BELGIUM_result.webp\" class=\"attachment-thumbnail size-thumbnail\" alt=\"\" srcset=\"https:\/\/mediterra.group\/wp-content\/uploads\/2025\/06\/4-WE-WERE-AT-SECOND-HOME-FAIR-IN-BELGIUM_result.webp 1200w, https:\/\/mediterra.group\/wp-content\/uploads\/2025\/06\/4-WE-WERE-AT-SECOND-HOME-FAIR-IN-BELGIUM_result-1152x1536.webp 1152w\" sizes=\"(max-width: 113px) 100vw, 113px\" \/><\/a>\n\t\t\t<\/div><\/figure><figure class='gallery-item'>\n\t\t\t<div class='gallery-icon portrait'>\n\t\t\t\t<a href='https:\/\/mediterra.group\/tr\/belcikadaki-second-home-fuarindaydik\/2-we-were-at-second-home-fair-in-belgium_result-2\/'><img decoding=\"async\" width=\"113\" height=\"150\" src=\"https:\/\/mediterra.group\/wp-content\/uploads\/2025\/06\/2-WE-WERE-AT-SECOND-HOME-FAIR-IN-BELGIUM_result.webp\" class=\"attachment-thumbnail size-thumbnail\" alt=\"\" srcset=\"https:\/\/mediterra.group\/wp-content\/uploads\/2025\/06\/2-WE-WERE-AT-SECOND-HOME-FAIR-IN-BELGIUM_result.webp 1536w, https:\/\/mediterra.group\/wp-content\/uploads\/2025\/06\/2-WE-WERE-AT-SECOND-HOME-FAIR-IN-BELGIUM_result-1152x1536.webp 1152w\" sizes=\"(max-width: 113px) 100vw, 113px\" \/><\/a>\n\t\t\t<\/div><\/figure><figure class='gallery-item'>\n\t\t\t<div class='gallery-icon portrait'>\n\t\t\t\t<a href='https:\/\/mediterra.group\/tr\/belcikadaki-second-home-fuarindaydik\/5-we-were-at-second-home-fair-in-belgium_result-2\/'><img loading=\"lazy\" decoding=\"async\" width=\"113\" height=\"150\" src=\"https:\/\/mediterra.group\/wp-content\/uploads\/2025\/06\/5-WE-WERE-AT-SECOND-HOME-FAIR-IN-BELGIUM_result.webp\" class=\"attachment-thumbnail size-thumbnail\" alt=\"\" \/><\/a>\n\t\t\t<\/div><\/figure><figure class='gallery-item'>\n\t\t\t<div class='gallery-icon portrait'>\n\t\t\t\t<a href='https:\/\/mediterra.group\/tr\/belcikadaki-second-home-fuarindaydik\/8-we-were-at-second-home-fair-in-belgium_result-2\/'><img loading=\"lazy\" decoding=\"async\" width=\"113\" height=\"150\" src=\"https:\/\/mediterra.group\/wp-content\/uploads\/2025\/06\/8-WE-WERE-AT-SECOND-HOME-FAIR-IN-BELGIUM_result.webp\" class=\"attachment-thumbnail size-thumbnail\" alt=\"\" \/><\/a>\n\t\t\t<\/div><\/figure><figure class='gallery-item'>\n\t\t\t<div class='gallery-icon portrait'>\n\t\t\t\t<a href='https:\/\/mediterra.group\/tr\/belcikadaki-second-home-fuarindaydik\/9-we-were-at-second-home-fair-in-belgium_result-2\/'><img loading=\"lazy\" decoding=\"async\" width=\"113\" height=\"150\" src=\"https:\/\/mediterra.group\/wp-content\/uploads\/2025\/06\/9-WE-WERE-AT-SECOND-HOME-FAIR-IN-BELGIUM_result.webp\" class=\"attachment-thumbnail size-thumbnail\" alt=\"\" \/><\/a>\n\t\t\t<\/div><\/figure>\n\t\t<\/div>\n\n","protected":false},"excerpt":{"rendered":"<p>3-4 Haziran, 2023 Antwerp Expo Meditera Proje Y\u00f6netimi olarak 3-4 Haziran tarihlerinde Antwerp Expo&#8217;da d\u00fczenlenen Second Home Fuar\u0131&#8217;na kat\u0131ld\u0131k. Antwerp&#8217;teki fuar, Kuzey K\u0131br\u0131s&#8217;a yat\u0131r\u0131m yapman\u0131n faydalar\u0131n\u0131 sergilememiz i\u00e7in m\u00fckemmel bir platform sa\u011flad\u0131. Geli\u015fen ekonomisi ve g\u00fc\u00e7l\u00fc emlak piyasas\u0131yla Kuzey K\u0131br\u0131s&#8217;\u0131n, fuar kat\u0131l\u0131mc\u0131lar\u0131n\u0131n ke\u015ffetmek isteyece\u011fi e\u015fsiz bir yat\u0131r\u0131m f\u0131rsat\u0131 sundu\u011funa inand\u0131k. Stand\u0131m\u0131z\u0131 ziyaret eden ve projelerimize [&hellip;]<\/p>\n","protected":false},"author":1,"featured_media":24493,"comment_status":"open","ping_status":"open","sticky":false,"template":"","format":"standard","meta":{"_acf_changed":false,"footnotes":""},"categories":[256],"tags":[],"class_list":["post-33243","post","type-post","status-publish","format-standard","has-post-thumbnail","hentry","category-etkinlikler"],"acf":[],"yoast_head":"<!-- This site is optimized with the Yoast SEO plugin v27.5 - https:\/\/yoast.com\/product\/yoast-seo-wordpress\/ -->\n<title>Bel\u00e7ika&#039;daki Second Home Fuar\u0131&#039;ndayd\u0131k! - Mediterra Group<\/title>\n<meta name=\"robots\" content=\"index, follow, max-snippet:-1, max-image-preview:large, max-video-preview:-1\" \/>\n<link rel=\"canonical\" href=\"https:\/\/mediterra.group\/we-were-at-second-home-fair-in-belgium\/\" \/>\n<meta property=\"og:locale\" content=\"tr_TR\" \/>\n<meta property=\"og:type\" content=\"article\" \/>\n<meta property=\"og:title\" content=\"Bel\u00e7ika&#039;daki Second Home Fuar\u0131&#039;ndayd\u0131k! - Mediterra Group\" \/>\n<meta property=\"og:description\" content=\"3-4 Haziran, 2023 Antwerp Expo Meditera Proje Y\u00f6netimi olarak 3-4 Haziran tarihlerinde Antwerp Expo&#8217;da d\u00fczenlenen Second Home Fuar\u0131&#8217;na kat\u0131ld\u0131k. Antwerp&#8217;teki fuar, Kuzey K\u0131br\u0131s&#8217;a yat\u0131r\u0131m yapman\u0131n faydalar\u0131n\u0131 sergilememiz i\u00e7in m\u00fckemmel bir platform sa\u011flad\u0131. Geli\u015fen ekonomisi ve g\u00fc\u00e7l\u00fc emlak piyasas\u0131yla Kuzey K\u0131br\u0131s&#8217;\u0131n, fuar kat\u0131l\u0131mc\u0131lar\u0131n\u0131n ke\u015ffetmek isteyece\u011fi e\u015fsiz bir yat\u0131r\u0131m f\u0131rsat\u0131 sundu\u011funa inand\u0131k. Stand\u0131m\u0131z\u0131 ziyaret eden ve projelerimize [&hellip;]\" \/>\n<meta property=\"og:url\" content=\"https:\/\/mediterra.group\/we-were-at-second-home-fair-in-belgium\/\" \/>\n<meta property=\"og:site_name\" content=\"Mediterra Group\" \/>\n<meta property=\"article:published_time\" content=\"2025-06-18T10:47:01+00:00\" \/>\n<meta property=\"og:image\" content=\"https:\/\/mediterra.group\/wp-content\/uploads\/2025\/06\/kapak-we-were-at-second-home-fair-in-belgium-result16975372783924qvD9U.webp\" \/>\n\t<meta property=\"og:image:width\" content=\"440\" \/>\n\t<meta property=\"og:image:height\" content=\"215\" \/>\n\t<meta property=\"og:image:type\" content=\"image\/webp\" \/>\n<meta name=\"author\" content=\"prfj\" \/>\n<meta name=\"twitter:card\" content=\"summary_large_image\" \/>\n<meta name=\"twitter:label1\" content=\"Yazan:\" \/>\n\t<meta name=\"twitter:data1\" content=\"prfj\" \/>\n\t<meta name=\"twitter:label2\" content=\"Tahmini okuma s\u00fcresi\" \/>\n\t<meta name=\"twitter:data2\" content=\"1 dakika\" \/>\n<script type=\"application\/ld+json\" class=\"yoast-schema-graph\">{\"@context\":\"https:\\\/\\\/schema.org\",\"@graph\":[{\"@type\":\"Article\",\"@id\":\"https:\\\/\\\/mediterra.group\\\/we-were-at-second-home-fair-in-belgium\\\/#article\",\"isPartOf\":{\"@id\":\"https:\\\/\\\/mediterra.group\\\/we-were-at-second-home-fair-in-belgium\\\/\"},\"author\":{\"name\":\"prfj\",\"@id\":\"https:\\\/\\\/mediterra.group\\\/ar\\\/#\\\/schema\\\/person\\\/7db86f2bc7783cf0f27705320203bffb\"},\"headline\":\"Bel\u00e7ika&#8217;daki Second Home Fuar\u0131&#8217;ndayd\u0131k!\",\"datePublished\":\"2025-06-18T10:47:01+00:00\",\"mainEntityOfPage\":{\"@id\":\"https:\\\/\\\/mediterra.group\\\/we-were-at-second-home-fair-in-belgium\\\/\"},\"wordCount\":170,\"commentCount\":0,\"image\":{\"@id\":\"https:\\\/\\\/mediterra.group\\\/we-were-at-second-home-fair-in-belgium\\\/#primaryimage\"},\"thumbnailUrl\":\"https:\\\/\\\/mediterra.group\\\/wp-content\\\/uploads\\\/2025\\\/06\\\/kapak-we-were-at-second-home-fair-in-belgium-result16975372783924qvD9U.webp\",\"articleSection\":[\"ETK\u0130NL\u0130KLER\"],\"inLanguage\":\"tr\",\"potentialAction\":[{\"@type\":\"CommentAction\",\"name\":\"Comment\",\"target\":[\"https:\\\/\\\/mediterra.group\\\/we-were-at-second-home-fair-in-belgium\\\/#respond\"]}]},{\"@type\":\"WebPage\",\"@id\":\"https:\\\/\\\/mediterra.group\\\/we-were-at-second-home-fair-in-belgium\\\/\",\"url\":\"https:\\\/\\\/mediterra.group\\\/we-were-at-second-home-fair-in-belgium\\\/\",\"name\":\"Bel\u00e7ika'daki Second Home Fuar\u0131'ndayd\u0131k! - Mediterra Group\",\"isPartOf\":{\"@id\":\"https:\\\/\\\/mediterra.group\\\/ar\\\/#website\"},\"primaryImageOfPage\":{\"@id\":\"https:\\\/\\\/mediterra.group\\\/we-were-at-second-home-fair-in-belgium\\\/#primaryimage\"},\"image\":{\"@id\":\"https:\\\/\\\/mediterra.group\\\/we-were-at-second-home-fair-in-belgium\\\/#primaryimage\"},\"thumbnailUrl\":\"https:\\\/\\\/mediterra.group\\\/wp-content\\\/uploads\\\/2025\\\/06\\\/kapak-we-were-at-second-home-fair-in-belgium-result16975372783924qvD9U.webp\",\"datePublished\":\"2025-06-18T10:47:01+00:00\",\"author\":{\"@id\":\"https:\\\/\\\/mediterra.group\\\/ar\\\/#\\\/schema\\\/person\\\/7db86f2bc7783cf0f27705320203bffb\"},\"breadcrumb\":{\"@id\":\"https:\\\/\\\/mediterra.group\\\/we-were-at-second-home-fair-in-belgium\\\/#breadcrumb\"},\"inLanguage\":\"tr\",\"potentialAction\":[{\"@type\":\"ReadAction\",\"target\":[\"https:\\\/\\\/mediterra.group\\\/we-were-at-second-home-fair-in-belgium\\\/\"]}]},{\"@type\":\"ImageObject\",\"inLanguage\":\"tr\",\"@id\":\"https:\\\/\\\/mediterra.group\\\/we-were-at-second-home-fair-in-belgium\\\/#primaryimage\",\"url\":\"https:\\\/\\\/mediterra.group\\\/wp-content\\\/uploads\\\/2025\\\/06\\\/kapak-we-were-at-second-home-fair-in-belgium-result16975372783924qvD9U.webp\",\"contentUrl\":\"https:\\\/\\\/mediterra.group\\\/wp-content\\\/uploads\\\/2025\\\/06\\\/kapak-we-were-at-second-home-fair-in-belgium-result16975372783924qvD9U.webp\",\"width\":440,\"height\":215},{\"@type\":\"BreadcrumbList\",\"@id\":\"https:\\\/\\\/mediterra.group\\\/we-were-at-second-home-fair-in-belgium\\\/#breadcrumb\",\"itemListElement\":[{\"@type\":\"ListItem\",\"position\":1,\"name\":\"Home\",\"item\":\"https:\\\/\\\/mediterra.group\\\/tr\\\/\"},{\"@type\":\"ListItem\",\"position\":2,\"name\":\"Bel\u00e7ika&#8217;daki Second Home Fuar\u0131&#8217;ndayd\u0131k!\"}]},{\"@type\":\"WebSite\",\"@id\":\"https:\\\/\\\/mediterra.group\\\/ar\\\/#website\",\"url\":\"https:\\\/\\\/mediterra.group\\\/ar\\\/\",\"name\":\"Mediterra Group\",\"description\":\"\",\"potentialAction\":[{\"@type\":\"SearchAction\",\"target\":{\"@type\":\"EntryPoint\",\"urlTemplate\":\"https:\\\/\\\/mediterra.group\\\/ar\\\/?s={search_term_string}\"},\"query-input\":{\"@type\":\"PropertyValueSpecification\",\"valueRequired\":true,\"valueName\":\"search_term_string\"}}],\"inLanguage\":\"tr\"},{\"@type\":\"Person\",\"@id\":\"https:\\\/\\\/mediterra.group\\\/ar\\\/#\\\/schema\\\/person\\\/7db86f2bc7783cf0f27705320203bffb\",\"name\":\"prfj\",\"image\":{\"@type\":\"ImageObject\",\"inLanguage\":\"tr\",\"@id\":\"https:\\\/\\\/secure.gravatar.com\\\/avatar\\\/efc76156b22a6391dfe826fa01e611bcd5dacefe7489936136b7f4d5eb1c0fb4?s=96&d=mm&r=g\",\"url\":\"https:\\\/\\\/secure.gravatar.com\\\/avatar\\\/efc76156b22a6391dfe826fa01e611bcd5dacefe7489936136b7f4d5eb1c0fb4?s=96&d=mm&r=g\",\"contentUrl\":\"https:\\\/\\\/secure.gravatar.com\\\/avatar\\\/efc76156b22a6391dfe826fa01e611bcd5dacefe7489936136b7f4d5eb1c0fb4?s=96&d=mm&r=g\",\"caption\":\"prfj\"},\"sameAs\":[\"https:\\\/\\\/mediterra.group\"],\"url\":\"https:\\\/\\\/mediterra.group\\\/tr\\\/author\\\/prfj\\\/\"}]}<\/script>\n<!-- \/ Yoast SEO plugin. -->","yoast_head_json":{"title":"Bel\u00e7ika'daki Second Home Fuar\u0131'ndayd\u0131k! - Mediterra Group","robots":{"index":"index","follow":"follow","max-snippet":"max-snippet:-1","max-image-preview":"max-image-preview:large","max-video-preview":"max-video-preview:-1"},"canonical":"https:\/\/mediterra.group\/we-were-at-second-home-fair-in-belgium\/","og_locale":"tr_TR","og_type":"article","og_title":"Bel\u00e7ika'daki Second Home Fuar\u0131'ndayd\u0131k! - Mediterra Group","og_description":"3-4 Haziran, 2023 Antwerp Expo Meditera Proje Y\u00f6netimi olarak 3-4 Haziran tarihlerinde Antwerp Expo&#8217;da d\u00fczenlenen Second Home Fuar\u0131&#8217;na kat\u0131ld\u0131k. Antwerp&#8217;teki fuar, Kuzey K\u0131br\u0131s&#8217;a yat\u0131r\u0131m yapman\u0131n faydalar\u0131n\u0131 sergilememiz i\u00e7in m\u00fckemmel bir platform sa\u011flad\u0131. Geli\u015fen ekonomisi ve g\u00fc\u00e7l\u00fc emlak piyasas\u0131yla Kuzey K\u0131br\u0131s&#8217;\u0131n, fuar kat\u0131l\u0131mc\u0131lar\u0131n\u0131n ke\u015ffetmek isteyece\u011fi e\u015fsiz bir yat\u0131r\u0131m f\u0131rsat\u0131 sundu\u011funa inand\u0131k. Stand\u0131m\u0131z\u0131 ziyaret eden ve projelerimize [&hellip;]","og_url":"https:\/\/mediterra.group\/we-were-at-second-home-fair-in-belgium\/","og_site_name":"Mediterra Group","article_published_time":"2025-06-18T10:47:01+00:00","og_image":[{"width":440,"height":215,"url":"https:\/\/mediterra.group\/wp-content\/uploads\/2025\/06\/kapak-we-were-at-second-home-fair-in-belgium-result16975372783924qvD9U.webp","type":"image\/webp"}],"author":"prfj","twitter_card":"summary_large_image","twitter_misc":{"Yazan:":"prfj","Tahmini okuma s\u00fcresi":"1 dakika"},"schema":{"@context":"https:\/\/schema.org","@graph":[{"@type":"Article","@id":"https:\/\/mediterra.group\/we-were-at-second-home-fair-in-belgium\/#article","isPartOf":{"@id":"https:\/\/mediterra.group\/we-were-at-second-home-fair-in-belgium\/"},"author":{"name":"prfj","@id":"https:\/\/mediterra.group\/ar\/#\/schema\/person\/7db86f2bc7783cf0f27705320203bffb"},"headline":"Bel\u00e7ika&#8217;daki Second Home Fuar\u0131&#8217;ndayd\u0131k!","datePublished":"2025-06-18T10:47:01+00:00","mainEntityOfPage":{"@id":"https:\/\/mediterra.group\/we-were-at-second-home-fair-in-belgium\/"},"wordCount":170,"commentCount":0,"image":{"@id":"https:\/\/mediterra.group\/we-were-at-second-home-fair-in-belgium\/#primaryimage"},"thumbnailUrl":"https:\/\/mediterra.group\/wp-content\/uploads\/2025\/06\/kapak-we-were-at-second-home-fair-in-belgium-result16975372783924qvD9U.webp","articleSection":["ETK\u0130NL\u0130KLER"],"inLanguage":"tr","potentialAction":[{"@type":"CommentAction","name":"Comment","target":["https:\/\/mediterra.group\/we-were-at-second-home-fair-in-belgium\/#respond"]}]},{"@type":"WebPage","@id":"https:\/\/mediterra.group\/we-were-at-second-home-fair-in-belgium\/","url":"https:\/\/mediterra.group\/we-were-at-second-home-fair-in-belgium\/","name":"Bel\u00e7ika'daki Second Home Fuar\u0131'ndayd\u0131k! - Mediterra Group","isPartOf":{"@id":"https:\/\/mediterra.group\/ar\/#website"},"primaryImageOfPage":{"@id":"https:\/\/mediterra.group\/we-were-at-second-home-fair-in-belgium\/#primaryimage"},"image":{"@id":"https:\/\/mediterra.group\/we-were-at-second-home-fair-in-belgium\/#primaryimage"},"thumbnailUrl":"https:\/\/mediterra.group\/wp-content\/uploads\/2025\/06\/kapak-we-were-at-second-home-fair-in-belgium-result16975372783924qvD9U.webp","datePublished":"2025-06-18T10:47:01+00:00","author":{"@id":"https:\/\/mediterra.group\/ar\/#\/schema\/person\/7db86f2bc7783cf0f27705320203bffb"},"breadcrumb":{"@id":"https:\/\/mediterra.group\/we-were-at-second-home-fair-in-belgium\/#breadcrumb"},"inLanguage":"tr","potentialAction":[{"@type":"ReadAction","target":["https:\/\/mediterra.group\/we-were-at-second-home-fair-in-belgium\/"]}]},{"@type":"ImageObject","inLanguage":"tr","@id":"https:\/\/mediterra.group\/we-were-at-second-home-fair-in-belgium\/#primaryimage","url":"https:\/\/mediterra.group\/wp-content\/uploads\/2025\/06\/kapak-we-were-at-second-home-fair-in-belgium-result16975372783924qvD9U.webp","contentUrl":"https:\/\/mediterra.group\/wp-content\/uploads\/2025\/06\/kapak-we-were-at-second-home-fair-in-belgium-result16975372783924qvD9U.webp","width":440,"height":215},{"@type":"BreadcrumbList","@id":"https:\/\/mediterra.group\/we-were-at-second-home-fair-in-belgium\/#breadcrumb","itemListElement":[{"@type":"ListItem","position":1,"name":"Home","item":"https:\/\/mediterra.group\/tr\/"},{"@type":"ListItem","position":2,"name":"Bel\u00e7ika&#8217;daki Second Home Fuar\u0131&#8217;ndayd\u0131k!"}]},{"@type":"WebSite","@id":"https:\/\/mediterra.group\/ar\/#website","url":"https:\/\/mediterra.group\/ar\/","name":"Mediterra Group","description":"","potentialAction":[{"@type":"SearchAction","target":{"@type":"EntryPoint","urlTemplate":"https:\/\/mediterra.group\/ar\/?s={search_term_string}"},"query-input":{"@type":"PropertyValueSpecification","valueRequired":true,"valueName":"search_term_string"}}],"inLanguage":"tr"},{"@type":"Person","@id":"https:\/\/mediterra.group\/ar\/#\/schema\/person\/7db86f2bc7783cf0f27705320203bffb","name":"prfj","image":{"@type":"ImageObject","inLanguage":"tr","@id":"https:\/\/secure.gravatar.com\/avatar\/efc76156b22a6391dfe826fa01e611bcd5dacefe7489936136b7f4d5eb1c0fb4?s=96&d=mm&r=g","url":"https:\/\/secure.gravatar.com\/avatar\/efc76156b22a6391dfe826fa01e611bcd5dacefe7489936136b7f4d5eb1c0fb4?s=96&d=mm&r=g","contentUrl":"https:\/\/secure.gravatar.com\/avatar\/efc76156b22a6391dfe826fa01e611bcd5dacefe7489936136b7f4d5eb1c0fb4?s=96&d=mm&r=g","caption":"prfj"},"sameAs":["https:\/\/mediterra.group"],"url":"https:\/\/mediterra.group\/tr\/author\/prfj\/"}]}},"_links":{"self":[{"href":"https:\/\/mediterra.group\/tr\/wp-json\/wp\/v2\/posts\/33243","targetHints":{"allow":["GET"]}}],"collection":[{"href":"https:\/\/mediterra.group\/tr\/wp-json\/wp\/v2\/posts"}],"about":[{"href":"https:\/\/mediterra.group\/tr\/wp-json\/wp\/v2\/types\/post"}],"author":[{"embeddable":true,"href":"https:\/\/mediterra.group\/tr\/wp-json\/wp\/v2\/users\/1"}],"replies":[{"embeddable":true,"href":"https:\/\/mediterra.group\/tr\/wp-json\/wp\/v2\/comments?post=33243"}],"version-history":[{"count":0,"href":"https:\/\/mediterra.group\/tr\/wp-json\/wp\/v2\/posts\/33243\/revisions"}],"wp:featuredmedia":[{"embeddable":true,"href":"https:\/\/mediterra.group\/tr\/wp-json\/wp\/v2\/media\/24493"}],"wp:attachment":[{"href":"https:\/\/mediterra.group\/tr\/wp-json\/wp\/v2\/media?parent=33243"}],"wp:term":[{"taxonomy":"category","embeddable":true,"href":"https:\/\/mediterra.group\/tr\/wp-json\/wp\/v2\/categories?post=33243"},{"taxonomy":"post_tag","embeddable":true,"href":"https:\/\/mediterra.group\/tr\/wp-json\/wp\/v2\/tags?post=33243"}],"curies":[{"name":"wp","href":"https:\/\/api.w.org\/{rel}","templated":true}]}}