{"id":33236,"date":"2025-06-18T10:46:32","date_gmt":"2025-06-18T10:46:32","guid":{"rendered":"https:\/\/mediterra.group\/goteborg-isvecte-yurt-disinda-mulk-satin-aldik\/"},"modified":"2025-06-18T10:46:32","modified_gmt":"2025-06-18T10:46:32","slug":"goteborg-isvecte-yurt-disinda-mulk-satin-aldik","status":"publish","type":"post","link":"https:\/\/mediterra.group\/tr\/goteborg-isvecte-yurt-disinda-mulk-satin-aldik\/","title":{"rendered":"G\u00f6teborg &#8211; \u0130sve\u00e7&#8217;te Yurt D\u0131\u015f\u0131nda M\u00fclk Sat\u0131n Ald\u0131k!"},"content":{"rendered":"<p>2-3 Eyl\u00fcl, 2023<br \/>\nGothenburg Expo<\/p>\n<p>Mediterra Proje Y\u00f6netimi ekibi olarak 2 &#8211; 3 Eyl\u00fcl tarihlerinde \u0130sve\u00e7&#8217;in G\u00f6teborg kentinde d\u00fczenlenen prestijli Yurtd\u0131\u015f\u0131nda Gayrimenkul Sat\u0131n Alma Fuar\u0131&#8217;na kat\u0131ld\u0131k.<\/p>\n<p>Buying Property Abroad fuar\u0131, yurtd\u0131\u015f\u0131nda m\u00fclk sat\u0131n almak i\u00e7in \u0130skandinav b\u00f6lgesinin en b\u00fcy\u00fck ve en \u00e7ok ziyaret edilen fuar\u0131d\u0131r.<br \/>\nEtkinlikte kapsaml\u0131 hizmetlerimizi, heyecan verici projelerimizi sunabildik ve Kuzey K\u0131br\u0131s&#8217;\u0131n avantajlar\u0131n\u0131 stand\u0131m\u0131z\u0131 ziyaret edenlerle payla\u015fabildik. T\u00fcm d\u00fcnyadan nitelikli al\u0131c\u0131larla ileti\u015fime ge\u00e7mek isteyen kat\u0131l\u0131mc\u0131lar i\u00e7in \u00e7ok verimli bir pazar yeri oldu.<br \/>\nFarkl\u0131 k\u00fclt\u00fcrlerin ve geleneklerin var oldu\u011fu bir d\u00fcnyada, Kuzey K\u0131br\u0131s&#8217;\u0131 \u0130sve\u00e7&#8217;e ilk tan\u0131tan olman\u0131n mutlulu\u011funu ya\u015f\u0131yoruz. <\/p>\n<p>Yeni projelerimizi \u0130sve\u00e7&#8217;te pazara sunmaya ba\u015flamaktan heyecan duyuyoruz.<\/p>\n<div id='gallery-1' class='gallery galleryid-33236 gallery-columns-4 gallery-size-thumbnail'><figure class='gallery-item'>\n\t\t\t<div class='gallery-icon landscape'>\n\t\t\t\t<a href='https:\/\/mediterra.group\/tr\/goteborg-isvecte-yurt-disinda-mulk-satin-aldik\/7-we-were-at-buying-property-abroad-in-gothenburg-sweden_result-2\/'><img decoding=\"async\" width=\"150\" height=\"113\" src=\"https:\/\/mediterra.group\/wp-content\/uploads\/2025\/06\/7-WE-WERE-AT-BUYING-PROPERTY-ABROAD-IN-GOTHENBURG-SWEDEN_result.webp\" class=\"attachment-thumbnail size-thumbnail\" alt=\"\" srcset=\"https:\/\/mediterra.group\/wp-content\/uploads\/2025\/06\/7-WE-WERE-AT-BUYING-PROPERTY-ABROAD-IN-GOTHENBURG-SWEDEN_result.webp 2048w, https:\/\/mediterra.group\/wp-content\/uploads\/2025\/06\/7-WE-WERE-AT-BUYING-PROPERTY-ABROAD-IN-GOTHENBURG-SWEDEN_result-1536x1152.webp 1536w, https:\/\/mediterra.group\/wp-content\/uploads\/2025\/06\/7-WE-WERE-AT-BUYING-PROPERTY-ABROAD-IN-GOTHENBURG-SWEDEN_result-584x438.webp 584w\" sizes=\"(max-width: 150px) 100vw, 150px\" \/><\/a>\n\t\t\t<\/div><\/figure><figure class='gallery-item'>\n\t\t\t<div class='gallery-icon landscape'>\n\t\t\t\t<a href='https:\/\/mediterra.group\/tr\/goteborg-isvecte-yurt-disinda-mulk-satin-aldik\/1-we-were-at-buying-property-abroad-in-gothenburg-sweden_result-2\/'><img decoding=\"async\" width=\"150\" height=\"113\" src=\"https:\/\/mediterra.group\/wp-content\/uploads\/2025\/06\/1-WE-WERE-AT-BUYING-PROPERTY-ABROAD-IN-GOTHENBURG-SWEDEN_result.webp\" class=\"attachment-thumbnail size-thumbnail\" alt=\"\" srcset=\"https:\/\/mediterra.group\/wp-content\/uploads\/2025\/06\/1-WE-WERE-AT-BUYING-PROPERTY-ABROAD-IN-GOTHENBURG-SWEDEN_result.webp 2048w, https:\/\/mediterra.group\/wp-content\/uploads\/2025\/06\/1-WE-WERE-AT-BUYING-PROPERTY-ABROAD-IN-GOTHENBURG-SWEDEN_result-1536x1152.webp 1536w, https:\/\/mediterra.group\/wp-content\/uploads\/2025\/06\/1-WE-WERE-AT-BUYING-PROPERTY-ABROAD-IN-GOTHENBURG-SWEDEN_result-584x438.webp 584w\" sizes=\"(max-width: 150px) 100vw, 150px\" \/><\/a>\n\t\t\t<\/div><\/figure><figure class='gallery-item'>\n\t\t\t<div class='gallery-icon landscape'>\n\t\t\t\t<a href='https:\/\/mediterra.group\/tr\/goteborg-isvecte-yurt-disinda-mulk-satin-aldik\/8-we-were-at-buying-property-abroad-in-gothenburg-sweden_result-2\/'><img decoding=\"async\" width=\"150\" height=\"113\" src=\"https:\/\/mediterra.group\/wp-content\/uploads\/2025\/06\/8-WE-WERE-AT-BUYING-PROPERTY-ABROAD-IN-GOTHENBURG-SWEDEN_result.webp\" class=\"attachment-thumbnail size-thumbnail\" alt=\"\" srcset=\"https:\/\/mediterra.group\/wp-content\/uploads\/2025\/06\/8-WE-WERE-AT-BUYING-PROPERTY-ABROAD-IN-GOTHENBURG-SWEDEN_result.webp 2048w, https:\/\/mediterra.group\/wp-content\/uploads\/2025\/06\/8-WE-WERE-AT-BUYING-PROPERTY-ABROAD-IN-GOTHENBURG-SWEDEN_result-1536x1152.webp 1536w, https:\/\/mediterra.group\/wp-content\/uploads\/2025\/06\/8-WE-WERE-AT-BUYING-PROPERTY-ABROAD-IN-GOTHENBURG-SWEDEN_result-584x438.webp 584w\" sizes=\"(max-width: 150px) 100vw, 150px\" \/><\/a>\n\t\t\t<\/div><\/figure><figure class='gallery-item'>\n\t\t\t<div class='gallery-icon landscape'>\n\t\t\t\t<a href='https:\/\/mediterra.group\/tr\/goteborg-isvecte-yurt-disinda-mulk-satin-aldik\/2-we-were-at-buying-property-abroad-in-gothenburg-sweden_result-2\/'><img loading=\"lazy\" decoding=\"async\" width=\"150\" height=\"113\" src=\"https:\/\/mediterra.group\/wp-content\/uploads\/2025\/06\/2-WE-WERE-AT-BUYING-PROPERTY-ABROAD-IN-GOTHENBURG-SWEDEN_result.webp\" class=\"attachment-thumbnail size-thumbnail\" alt=\"\" srcset=\"https:\/\/mediterra.group\/wp-content\/uploads\/2025\/06\/2-WE-WERE-AT-BUYING-PROPERTY-ABROAD-IN-GOTHENBURG-SWEDEN_result.webp 1024w, https:\/\/mediterra.group\/wp-content\/uploads\/2025\/06\/2-WE-WERE-AT-BUYING-PROPERTY-ABROAD-IN-GOTHENBURG-SWEDEN_result-584x438.webp 584w\" sizes=\"(max-width: 150px) 100vw, 150px\" \/><\/a>\n\t\t\t<\/div><\/figure><figure class='gallery-item'>\n\t\t\t<div class='gallery-icon landscape'>\n\t\t\t\t<a href='https:\/\/mediterra.group\/tr\/goteborg-isvecte-yurt-disinda-mulk-satin-aldik\/3-we-were-at-buying-property-abroad-in-gothenburg-sweden_result-2\/'><img loading=\"lazy\" decoding=\"async\" width=\"150\" height=\"113\" src=\"https:\/\/mediterra.group\/wp-content\/uploads\/2025\/06\/3-WE-WERE-AT-BUYING-PROPERTY-ABROAD-IN-GOTHENBURG-SWEDEN_result.webp\" class=\"attachment-thumbnail size-thumbnail\" alt=\"\" srcset=\"https:\/\/mediterra.group\/wp-content\/uploads\/2025\/06\/3-WE-WERE-AT-BUYING-PROPERTY-ABROAD-IN-GOTHENBURG-SWEDEN_result.webp 2048w, https:\/\/mediterra.group\/wp-content\/uploads\/2025\/06\/3-WE-WERE-AT-BUYING-PROPERTY-ABROAD-IN-GOTHENBURG-SWEDEN_result-1536x1152.webp 1536w, https:\/\/mediterra.group\/wp-content\/uploads\/2025\/06\/3-WE-WERE-AT-BUYING-PROPERTY-ABROAD-IN-GOTHENBURG-SWEDEN_result-584x438.webp 584w\" sizes=\"(max-width: 150px) 100vw, 150px\" \/><\/a>\n\t\t\t<\/div><\/figure><figure class='gallery-item'>\n\t\t\t<div class='gallery-icon landscape'>\n\t\t\t\t<a href='https:\/\/mediterra.group\/tr\/goteborg-isvecte-yurt-disinda-mulk-satin-aldik\/6-we-were-at-buying-property-abroad-in-gothenburg-sweden_result-2\/'><img loading=\"lazy\" decoding=\"async\" width=\"150\" height=\"113\" src=\"https:\/\/mediterra.group\/wp-content\/uploads\/2025\/06\/6-WE-WERE-AT-BUYING-PROPERTY-ABROAD-IN-GOTHENBURG-SWEDEN_result.webp\" class=\"attachment-thumbnail size-thumbnail\" alt=\"\" srcset=\"https:\/\/mediterra.group\/wp-content\/uploads\/2025\/06\/6-WE-WERE-AT-BUYING-PROPERTY-ABROAD-IN-GOTHENBURG-SWEDEN_result.webp 2048w, https:\/\/mediterra.group\/wp-content\/uploads\/2025\/06\/6-WE-WERE-AT-BUYING-PROPERTY-ABROAD-IN-GOTHENBURG-SWEDEN_result-1536x1152.webp 1536w, https:\/\/mediterra.group\/wp-content\/uploads\/2025\/06\/6-WE-WERE-AT-BUYING-PROPERTY-ABROAD-IN-GOTHENBURG-SWEDEN_result-584x438.webp 584w\" sizes=\"(max-width: 150px) 100vw, 150px\" \/><\/a>\n\t\t\t<\/div><\/figure><figure class='gallery-item'>\n\t\t\t<div class='gallery-icon landscape'>\n\t\t\t\t<a href='https:\/\/mediterra.group\/tr\/goteborg-isvecte-yurt-disinda-mulk-satin-aldik\/4-we-were-at-buying-property-abroad-in-gothenburg-sweden_result-2\/'><img loading=\"lazy\" decoding=\"async\" width=\"150\" height=\"113\" src=\"https:\/\/mediterra.group\/wp-content\/uploads\/2025\/06\/4-WE-WERE-AT-BUYING-PROPERTY-ABROAD-IN-GOTHENBURG-SWEDEN_result.webp\" class=\"attachment-thumbnail size-thumbnail\" alt=\"\" srcset=\"https:\/\/mediterra.group\/wp-content\/uploads\/2025\/06\/4-WE-WERE-AT-BUYING-PROPERTY-ABROAD-IN-GOTHENBURG-SWEDEN_result.webp 1024w, https:\/\/mediterra.group\/wp-content\/uploads\/2025\/06\/4-WE-WERE-AT-BUYING-PROPERTY-ABROAD-IN-GOTHENBURG-SWEDEN_result-584x438.webp 584w\" sizes=\"(max-width: 150px) 100vw, 150px\" \/><\/a>\n\t\t\t<\/div><\/figure>\n\t\t<\/div>\n\n","protected":false},"excerpt":{"rendered":"<p>2-3 Eyl\u00fcl, 2023 Gothenburg Expo Mediterra Proje Y\u00f6netimi ekibi olarak 2 &#8211; 3 Eyl\u00fcl tarihlerinde \u0130sve\u00e7&#8217;in G\u00f6teborg kentinde d\u00fczenlenen prestijli Yurtd\u0131\u015f\u0131nda Gayrimenkul Sat\u0131n Alma Fuar\u0131&#8217;na kat\u0131ld\u0131k. Buying Property Abroad fuar\u0131, yurtd\u0131\u015f\u0131nda m\u00fclk sat\u0131n almak i\u00e7in \u0130skandinav b\u00f6lgesinin en b\u00fcy\u00fck ve en \u00e7ok ziyaret edilen fuar\u0131d\u0131r. Etkinlikte kapsaml\u0131 hizmetlerimizi, heyecan verici projelerimizi sunabildik ve Kuzey K\u0131br\u0131s&#8217;\u0131n [&hellip;]<\/p>\n","protected":false},"author":1,"featured_media":24453,"comment_status":"open","ping_status":"open","sticky":false,"template":"","format":"standard","meta":{"_acf_changed":false,"footnotes":""},"categories":[256],"tags":[],"class_list":["post-33236","post","type-post","status-publish","format-standard","has-post-thumbnail","hentry","category-etkinlikler"],"acf":[],"yoast_head":"<!-- This site is optimized with the Yoast SEO plugin v27.5 - https:\/\/yoast.com\/product\/yoast-seo-wordpress\/ -->\n<title>G\u00f6teborg - \u0130sve\u00e7&#039;te Yurt D\u0131\u015f\u0131nda M\u00fclk Sat\u0131n Ald\u0131k! - Mediterra Group<\/title>\n<meta name=\"robots\" content=\"index, follow, max-snippet:-1, max-image-preview:large, max-video-preview:-1\" \/>\n<link rel=\"canonical\" href=\"https:\/\/mediterra.group\/we-were-at-buying-property-abroad-in-gothenburg-sweden\/\" \/>\n<meta property=\"og:locale\" content=\"tr_TR\" \/>\n<meta property=\"og:type\" content=\"article\" \/>\n<meta property=\"og:title\" content=\"G\u00f6teborg - \u0130sve\u00e7&#039;te Yurt D\u0131\u015f\u0131nda M\u00fclk Sat\u0131n Ald\u0131k! - Mediterra Group\" \/>\n<meta property=\"og:description\" content=\"2-3 Eyl\u00fcl, 2023 Gothenburg Expo Mediterra Proje Y\u00f6netimi ekibi olarak 2 &#8211; 3 Eyl\u00fcl tarihlerinde \u0130sve\u00e7&#8217;in G\u00f6teborg kentinde d\u00fczenlenen prestijli Yurtd\u0131\u015f\u0131nda Gayrimenkul Sat\u0131n Alma Fuar\u0131&#8217;na kat\u0131ld\u0131k. Buying Property Abroad fuar\u0131, yurtd\u0131\u015f\u0131nda m\u00fclk sat\u0131n almak i\u00e7in \u0130skandinav b\u00f6lgesinin en b\u00fcy\u00fck ve en \u00e7ok ziyaret edilen fuar\u0131d\u0131r. Etkinlikte kapsaml\u0131 hizmetlerimizi, heyecan verici projelerimizi sunabildik ve Kuzey K\u0131br\u0131s&#8217;\u0131n [&hellip;]\" \/>\n<meta property=\"og:url\" content=\"https:\/\/mediterra.group\/we-were-at-buying-property-abroad-in-gothenburg-sweden\/\" \/>\n<meta property=\"og:site_name\" content=\"Mediterra Group\" \/>\n<meta property=\"article:published_time\" content=\"2025-06-18T10:46:32+00:00\" \/>\n<meta property=\"og:image\" content=\"https:\/\/mediterra.group\/wp-content\/uploads\/2025\/06\/kapak-we-were-at-buying-property-abroad-in-gothenburg-sweden-result16975370636765Sdgu1.webp\" \/>\n\t<meta property=\"og:image:width\" content=\"440\" \/>\n\t<meta property=\"og:image:height\" content=\"215\" \/>\n\t<meta property=\"og:image:type\" content=\"image\/webp\" \/>\n<meta name=\"author\" content=\"prfj\" \/>\n<meta name=\"twitter:card\" content=\"summary_large_image\" \/>\n<meta name=\"twitter:label1\" content=\"Yazan:\" \/>\n\t<meta name=\"twitter:data1\" content=\"prfj\" \/>\n\t<meta name=\"twitter:label2\" content=\"Tahmini okuma s\u00fcresi\" \/>\n\t<meta name=\"twitter:data2\" content=\"1 dakika\" \/>\n<script type=\"application\/ld+json\" class=\"yoast-schema-graph\">{\"@context\":\"https:\\\/\\\/schema.org\",\"@graph\":[{\"@type\":\"Article\",\"@id\":\"https:\\\/\\\/mediterra.group\\\/we-were-at-buying-property-abroad-in-gothenburg-sweden\\\/#article\",\"isPartOf\":{\"@id\":\"https:\\\/\\\/mediterra.group\\\/we-were-at-buying-property-abroad-in-gothenburg-sweden\\\/\"},\"author\":{\"name\":\"prfj\",\"@id\":\"https:\\\/\\\/mediterra.group\\\/ar\\\/#\\\/schema\\\/person\\\/7db86f2bc7783cf0f27705320203bffb\"},\"headline\":\"G\u00f6teborg &#8211; \u0130sve\u00e7&#8217;te Yurt D\u0131\u015f\u0131nda M\u00fclk Sat\u0131n Ald\u0131k!\",\"datePublished\":\"2025-06-18T10:46:32+00:00\",\"mainEntityOfPage\":{\"@id\":\"https:\\\/\\\/mediterra.group\\\/we-were-at-buying-property-abroad-in-gothenburg-sweden\\\/\"},\"wordCount\":163,\"commentCount\":0,\"image\":{\"@id\":\"https:\\\/\\\/mediterra.group\\\/we-were-at-buying-property-abroad-in-gothenburg-sweden\\\/#primaryimage\"},\"thumbnailUrl\":\"https:\\\/\\\/mediterra.group\\\/wp-content\\\/uploads\\\/2025\\\/06\\\/kapak-we-were-at-buying-property-abroad-in-gothenburg-sweden-result16975370636765Sdgu1.webp\",\"articleSection\":[\"ETK\u0130NL\u0130KLER\"],\"inLanguage\":\"tr\",\"potentialAction\":[{\"@type\":\"CommentAction\",\"name\":\"Comment\",\"target\":[\"https:\\\/\\\/mediterra.group\\\/we-were-at-buying-property-abroad-in-gothenburg-sweden\\\/#respond\"]}]},{\"@type\":\"WebPage\",\"@id\":\"https:\\\/\\\/mediterra.group\\\/we-were-at-buying-property-abroad-in-gothenburg-sweden\\\/\",\"url\":\"https:\\\/\\\/mediterra.group\\\/we-were-at-buying-property-abroad-in-gothenburg-sweden\\\/\",\"name\":\"G\u00f6teborg - \u0130sve\u00e7'te Yurt D\u0131\u015f\u0131nda M\u00fclk Sat\u0131n Ald\u0131k! - Mediterra Group\",\"isPartOf\":{\"@id\":\"https:\\\/\\\/mediterra.group\\\/ar\\\/#website\"},\"primaryImageOfPage\":{\"@id\":\"https:\\\/\\\/mediterra.group\\\/we-were-at-buying-property-abroad-in-gothenburg-sweden\\\/#primaryimage\"},\"image\":{\"@id\":\"https:\\\/\\\/mediterra.group\\\/we-were-at-buying-property-abroad-in-gothenburg-sweden\\\/#primaryimage\"},\"thumbnailUrl\":\"https:\\\/\\\/mediterra.group\\\/wp-content\\\/uploads\\\/2025\\\/06\\\/kapak-we-were-at-buying-property-abroad-in-gothenburg-sweden-result16975370636765Sdgu1.webp\",\"datePublished\":\"2025-06-18T10:46:32+00:00\",\"author\":{\"@id\":\"https:\\\/\\\/mediterra.group\\\/ar\\\/#\\\/schema\\\/person\\\/7db86f2bc7783cf0f27705320203bffb\"},\"breadcrumb\":{\"@id\":\"https:\\\/\\\/mediterra.group\\\/we-were-at-buying-property-abroad-in-gothenburg-sweden\\\/#breadcrumb\"},\"inLanguage\":\"tr\",\"potentialAction\":[{\"@type\":\"ReadAction\",\"target\":[\"https:\\\/\\\/mediterra.group\\\/we-were-at-buying-property-abroad-in-gothenburg-sweden\\\/\"]}]},{\"@type\":\"ImageObject\",\"inLanguage\":\"tr\",\"@id\":\"https:\\\/\\\/mediterra.group\\\/we-were-at-buying-property-abroad-in-gothenburg-sweden\\\/#primaryimage\",\"url\":\"https:\\\/\\\/mediterra.group\\\/wp-content\\\/uploads\\\/2025\\\/06\\\/kapak-we-were-at-buying-property-abroad-in-gothenburg-sweden-result16975370636765Sdgu1.webp\",\"contentUrl\":\"https:\\\/\\\/mediterra.group\\\/wp-content\\\/uploads\\\/2025\\\/06\\\/kapak-we-were-at-buying-property-abroad-in-gothenburg-sweden-result16975370636765Sdgu1.webp\",\"width\":440,\"height\":215},{\"@type\":\"BreadcrumbList\",\"@id\":\"https:\\\/\\\/mediterra.group\\\/we-were-at-buying-property-abroad-in-gothenburg-sweden\\\/#breadcrumb\",\"itemListElement\":[{\"@type\":\"ListItem\",\"position\":1,\"name\":\"Home\",\"item\":\"https:\\\/\\\/mediterra.group\\\/tr\\\/\"},{\"@type\":\"ListItem\",\"position\":2,\"name\":\"G\u00f6teborg &#8211; \u0130sve\u00e7&#8217;te Yurt D\u0131\u015f\u0131nda M\u00fclk Sat\u0131n Ald\u0131k!\"}]},{\"@type\":\"WebSite\",\"@id\":\"https:\\\/\\\/mediterra.group\\\/ar\\\/#website\",\"url\":\"https:\\\/\\\/mediterra.group\\\/ar\\\/\",\"name\":\"Mediterra Group\",\"description\":\"\",\"potentialAction\":[{\"@type\":\"SearchAction\",\"target\":{\"@type\":\"EntryPoint\",\"urlTemplate\":\"https:\\\/\\\/mediterra.group\\\/ar\\\/?s={search_term_string}\"},\"query-input\":{\"@type\":\"PropertyValueSpecification\",\"valueRequired\":true,\"valueName\":\"search_term_string\"}}],\"inLanguage\":\"tr\"},{\"@type\":\"Person\",\"@id\":\"https:\\\/\\\/mediterra.group\\\/ar\\\/#\\\/schema\\\/person\\\/7db86f2bc7783cf0f27705320203bffb\",\"name\":\"prfj\",\"image\":{\"@type\":\"ImageObject\",\"inLanguage\":\"tr\",\"@id\":\"https:\\\/\\\/secure.gravatar.com\\\/avatar\\\/efc76156b22a6391dfe826fa01e611bcd5dacefe7489936136b7f4d5eb1c0fb4?s=96&d=mm&r=g\",\"url\":\"https:\\\/\\\/secure.gravatar.com\\\/avatar\\\/efc76156b22a6391dfe826fa01e611bcd5dacefe7489936136b7f4d5eb1c0fb4?s=96&d=mm&r=g\",\"contentUrl\":\"https:\\\/\\\/secure.gravatar.com\\\/avatar\\\/efc76156b22a6391dfe826fa01e611bcd5dacefe7489936136b7f4d5eb1c0fb4?s=96&d=mm&r=g\",\"caption\":\"prfj\"},\"sameAs\":[\"https:\\\/\\\/mediterra.group\"],\"url\":\"https:\\\/\\\/mediterra.group\\\/tr\\\/author\\\/prfj\\\/\"}]}<\/script>\n<!-- \/ Yoast SEO plugin. -->","yoast_head_json":{"title":"G\u00f6teborg - \u0130sve\u00e7'te Yurt D\u0131\u015f\u0131nda M\u00fclk Sat\u0131n Ald\u0131k! - Mediterra Group","robots":{"index":"index","follow":"follow","max-snippet":"max-snippet:-1","max-image-preview":"max-image-preview:large","max-video-preview":"max-video-preview:-1"},"canonical":"https:\/\/mediterra.group\/we-were-at-buying-property-abroad-in-gothenburg-sweden\/","og_locale":"tr_TR","og_type":"article","og_title":"G\u00f6teborg - \u0130sve\u00e7'te Yurt D\u0131\u015f\u0131nda M\u00fclk Sat\u0131n Ald\u0131k! - Mediterra Group","og_description":"2-3 Eyl\u00fcl, 2023 Gothenburg Expo Mediterra Proje Y\u00f6netimi ekibi olarak 2 &#8211; 3 Eyl\u00fcl tarihlerinde \u0130sve\u00e7&#8217;in G\u00f6teborg kentinde d\u00fczenlenen prestijli Yurtd\u0131\u015f\u0131nda Gayrimenkul Sat\u0131n Alma Fuar\u0131&#8217;na kat\u0131ld\u0131k. Buying Property Abroad fuar\u0131, yurtd\u0131\u015f\u0131nda m\u00fclk sat\u0131n almak i\u00e7in \u0130skandinav b\u00f6lgesinin en b\u00fcy\u00fck ve en \u00e7ok ziyaret edilen fuar\u0131d\u0131r. Etkinlikte kapsaml\u0131 hizmetlerimizi, heyecan verici projelerimizi sunabildik ve Kuzey K\u0131br\u0131s&#8217;\u0131n [&hellip;]","og_url":"https:\/\/mediterra.group\/we-were-at-buying-property-abroad-in-gothenburg-sweden\/","og_site_name":"Mediterra Group","article_published_time":"2025-06-18T10:46:32+00:00","og_image":[{"width":440,"height":215,"url":"https:\/\/mediterra.group\/wp-content\/uploads\/2025\/06\/kapak-we-were-at-buying-property-abroad-in-gothenburg-sweden-result16975370636765Sdgu1.webp","type":"image\/webp"}],"author":"prfj","twitter_card":"summary_large_image","twitter_misc":{"Yazan:":"prfj","Tahmini okuma s\u00fcresi":"1 dakika"},"schema":{"@context":"https:\/\/schema.org","@graph":[{"@type":"Article","@id":"https:\/\/mediterra.group\/we-were-at-buying-property-abroad-in-gothenburg-sweden\/#article","isPartOf":{"@id":"https:\/\/mediterra.group\/we-were-at-buying-property-abroad-in-gothenburg-sweden\/"},"author":{"name":"prfj","@id":"https:\/\/mediterra.group\/ar\/#\/schema\/person\/7db86f2bc7783cf0f27705320203bffb"},"headline":"G\u00f6teborg &#8211; \u0130sve\u00e7&#8217;te Yurt D\u0131\u015f\u0131nda M\u00fclk Sat\u0131n Ald\u0131k!","datePublished":"2025-06-18T10:46:32+00:00","mainEntityOfPage":{"@id":"https:\/\/mediterra.group\/we-were-at-buying-property-abroad-in-gothenburg-sweden\/"},"wordCount":163,"commentCount":0,"image":{"@id":"https:\/\/mediterra.group\/we-were-at-buying-property-abroad-in-gothenburg-sweden\/#primaryimage"},"thumbnailUrl":"https:\/\/mediterra.group\/wp-content\/uploads\/2025\/06\/kapak-we-were-at-buying-property-abroad-in-gothenburg-sweden-result16975370636765Sdgu1.webp","articleSection":["ETK\u0130NL\u0130KLER"],"inLanguage":"tr","potentialAction":[{"@type":"CommentAction","name":"Comment","target":["https:\/\/mediterra.group\/we-were-at-buying-property-abroad-in-gothenburg-sweden\/#respond"]}]},{"@type":"WebPage","@id":"https:\/\/mediterra.group\/we-were-at-buying-property-abroad-in-gothenburg-sweden\/","url":"https:\/\/mediterra.group\/we-were-at-buying-property-abroad-in-gothenburg-sweden\/","name":"G\u00f6teborg - \u0130sve\u00e7'te Yurt D\u0131\u015f\u0131nda M\u00fclk Sat\u0131n Ald\u0131k! - Mediterra Group","isPartOf":{"@id":"https:\/\/mediterra.group\/ar\/#website"},"primaryImageOfPage":{"@id":"https:\/\/mediterra.group\/we-were-at-buying-property-abroad-in-gothenburg-sweden\/#primaryimage"},"image":{"@id":"https:\/\/mediterra.group\/we-were-at-buying-property-abroad-in-gothenburg-sweden\/#primaryimage"},"thumbnailUrl":"https:\/\/mediterra.group\/wp-content\/uploads\/2025\/06\/kapak-we-were-at-buying-property-abroad-in-gothenburg-sweden-result16975370636765Sdgu1.webp","datePublished":"2025-06-18T10:46:32+00:00","author":{"@id":"https:\/\/mediterra.group\/ar\/#\/schema\/person\/7db86f2bc7783cf0f27705320203bffb"},"breadcrumb":{"@id":"https:\/\/mediterra.group\/we-were-at-buying-property-abroad-in-gothenburg-sweden\/#breadcrumb"},"inLanguage":"tr","potentialAction":[{"@type":"ReadAction","target":["https:\/\/mediterra.group\/we-were-at-buying-property-abroad-in-gothenburg-sweden\/"]}]},{"@type":"ImageObject","inLanguage":"tr","@id":"https:\/\/mediterra.group\/we-were-at-buying-property-abroad-in-gothenburg-sweden\/#primaryimage","url":"https:\/\/mediterra.group\/wp-content\/uploads\/2025\/06\/kapak-we-were-at-buying-property-abroad-in-gothenburg-sweden-result16975370636765Sdgu1.webp","contentUrl":"https:\/\/mediterra.group\/wp-content\/uploads\/2025\/06\/kapak-we-were-at-buying-property-abroad-in-gothenburg-sweden-result16975370636765Sdgu1.webp","width":440,"height":215},{"@type":"BreadcrumbList","@id":"https:\/\/mediterra.group\/we-were-at-buying-property-abroad-in-gothenburg-sweden\/#breadcrumb","itemListElement":[{"@type":"ListItem","position":1,"name":"Home","item":"https:\/\/mediterra.group\/tr\/"},{"@type":"ListItem","position":2,"name":"G\u00f6teborg &#8211; \u0130sve\u00e7&#8217;te Yurt D\u0131\u015f\u0131nda M\u00fclk Sat\u0131n Ald\u0131k!"}]},{"@type":"WebSite","@id":"https:\/\/mediterra.group\/ar\/#website","url":"https:\/\/mediterra.group\/ar\/","name":"Mediterra Group","description":"","potentialAction":[{"@type":"SearchAction","target":{"@type":"EntryPoint","urlTemplate":"https:\/\/mediterra.group\/ar\/?s={search_term_string}"},"query-input":{"@type":"PropertyValueSpecification","valueRequired":true,"valueName":"search_term_string"}}],"inLanguage":"tr"},{"@type":"Person","@id":"https:\/\/mediterra.group\/ar\/#\/schema\/person\/7db86f2bc7783cf0f27705320203bffb","name":"prfj","image":{"@type":"ImageObject","inLanguage":"tr","@id":"https:\/\/secure.gravatar.com\/avatar\/efc76156b22a6391dfe826fa01e611bcd5dacefe7489936136b7f4d5eb1c0fb4?s=96&d=mm&r=g","url":"https:\/\/secure.gravatar.com\/avatar\/efc76156b22a6391dfe826fa01e611bcd5dacefe7489936136b7f4d5eb1c0fb4?s=96&d=mm&r=g","contentUrl":"https:\/\/secure.gravatar.com\/avatar\/efc76156b22a6391dfe826fa01e611bcd5dacefe7489936136b7f4d5eb1c0fb4?s=96&d=mm&r=g","caption":"prfj"},"sameAs":["https:\/\/mediterra.group"],"url":"https:\/\/mediterra.group\/tr\/author\/prfj\/"}]}},"_links":{"self":[{"href":"https:\/\/mediterra.group\/tr\/wp-json\/wp\/v2\/posts\/33236","targetHints":{"allow":["GET"]}}],"collection":[{"href":"https:\/\/mediterra.group\/tr\/wp-json\/wp\/v2\/posts"}],"about":[{"href":"https:\/\/mediterra.group\/tr\/wp-json\/wp\/v2\/types\/post"}],"author":[{"embeddable":true,"href":"https:\/\/mediterra.group\/tr\/wp-json\/wp\/v2\/users\/1"}],"replies":[{"embeddable":true,"href":"https:\/\/mediterra.group\/tr\/wp-json\/wp\/v2\/comments?post=33236"}],"version-history":[{"count":0,"href":"https:\/\/mediterra.group\/tr\/wp-json\/wp\/v2\/posts\/33236\/revisions"}],"wp:featuredmedia":[{"embeddable":true,"href":"https:\/\/mediterra.group\/tr\/wp-json\/wp\/v2\/media\/24453"}],"wp:attachment":[{"href":"https:\/\/mediterra.group\/tr\/wp-json\/wp\/v2\/media?parent=33236"}],"wp:term":[{"taxonomy":"category","embeddable":true,"href":"https:\/\/mediterra.group\/tr\/wp-json\/wp\/v2\/categories?post=33236"},{"taxonomy":"post_tag","embeddable":true,"href":"https:\/\/mediterra.group\/tr\/wp-json\/wp\/v2\/tags?post=33236"}],"curies":[{"name":"wp","href":"https:\/\/api.w.org\/{rel}","templated":true}]}}