{"id":33235,"date":"2025-06-18T10:46:00","date_gmt":"2025-06-18T10:46:00","guid":{"rendered":"https:\/\/mediterra.group\/united-property-expo-almati-kazakistanda\/"},"modified":"2025-06-18T10:46:00","modified_gmt":"2025-06-18T10:46:00","slug":"united-property-expo-almati-kazakistanda","status":"publish","type":"post","link":"https:\/\/mediterra.group\/tr\/united-property-expo-almati-kazakistanda\/","title":{"rendered":"United Property Expo &#8211; Almat\u0131 Kazakistan&#8217;da"},"content":{"rendered":"<p>19-20 Eyl\u00fcl, 2023<br \/>\nAlmaty United Property Expo<\/p>\n<p>Mediterra Proje Y\u00f6netimi olarak United Property Expo&#8217;da \u015firketimizi ve projelerimizi memnuniyetle tan\u0131tt\u0131k. Kuzey K\u0131br\u0131s&#8217;\u0131n ayr\u0131cal\u0131kl\u0131 d\u00fcnyas\u0131n\u0131n kap\u0131lar\u0131n\u0131 Almat\u0131&#8217;da a\u00e7t\u0131k. Kuzey K\u0131br\u0131s&#8217;a olan ilgi \u00e7ok sevindiriciydi. Yeni al\u0131c\u0131lar ve acentelerle de verimli g\u00f6r\u00fc\u015fmeler yapt\u0131k. Seminerde \u015firket profilimizi ve heyecan verici projelerimizi de sunduk. Kat\u0131l\u0131mc\u0131lar\u0131n ilgisine dayanarak Kazakistan ile uzun vadeli i\u015fbirli\u011fi ticareti yapaca\u011f\u0131m\u0131za inan\u0131yoruz.     <\/p>\n<div id='gallery-1' class='gallery galleryid-33235 gallery-columns-4 gallery-size-thumbnail'><figure class='gallery-item'>\n\t\t\t<div class='gallery-icon portrait'>\n\t\t\t\t<a href='https:\/\/mediterra.group\/wp-content\/uploads\/2025\/06\/4-UNITED-PROPERTY-EXPO-ALMATY-IN-KAZAKHISTAN_result.webp'><img decoding=\"async\" width=\"87\" height=\"150\" src=\"https:\/\/mediterra.group\/wp-content\/uploads\/2025\/06\/4-UNITED-PROPERTY-EXPO-ALMATY-IN-KAZAKHISTAN_result.webp\" class=\"attachment-thumbnail size-thumbnail\" alt=\"\" srcset=\"https:\/\/mediterra.group\/wp-content\/uploads\/2025\/06\/4-UNITED-PROPERTY-EXPO-ALMATY-IN-KAZAKHISTAN_result.webp 916w, https:\/\/mediterra.group\/wp-content\/uploads\/2025\/06\/4-UNITED-PROPERTY-EXPO-ALMATY-IN-KAZAKHISTAN_result-893x1536.webp 893w\" sizes=\"(max-width: 87px) 100vw, 87px\" \/><\/a>\n\t\t\t<\/div><\/figure><figure class='gallery-item'>\n\t\t\t<div class='gallery-icon portrait'>\n\t\t\t\t<a href='https:\/\/mediterra.group\/wp-content\/uploads\/2025\/06\/3-v_result.webp'><img decoding=\"async\" width=\"86\" height=\"150\" src=\"https:\/\/mediterra.group\/wp-content\/uploads\/2025\/06\/3-v_result.webp\" class=\"attachment-thumbnail size-thumbnail\" alt=\"\" srcset=\"https:\/\/mediterra.group\/wp-content\/uploads\/2025\/06\/3-v_result.webp 910w, https:\/\/mediterra.group\/wp-content\/uploads\/2025\/06\/3-v_result-879x1536.webp 879w\" sizes=\"(max-width: 86px) 100vw, 86px\" \/><\/a>\n\t\t\t<\/div><\/figure><figure class='gallery-item'>\n\t\t\t<div class='gallery-icon portrait'>\n\t\t\t\t<a href='https:\/\/mediterra.group\/wp-content\/uploads\/2025\/06\/2-UNITED-PROPERTY-EXPO-ALMATY-IN-KAZAKHISTAN_result.webp'><img decoding=\"async\" width=\"89\" height=\"150\" src=\"https:\/\/mediterra.group\/wp-content\/uploads\/2025\/06\/2-UNITED-PROPERTY-EXPO-ALMATY-IN-KAZAKHISTAN_result.webp\" class=\"attachment-thumbnail size-thumbnail\" alt=\"\" \/><\/a>\n\t\t\t<\/div><\/figure><figure class='gallery-item'>\n\t\t\t<div class='gallery-icon portrait'>\n\t\t\t\t<a href='https:\/\/mediterra.group\/wp-content\/uploads\/2025\/06\/1-UNITED-PROPERTY-EXPO-ALMATY-IN-KAZAKHISTAN_result.webp'><img loading=\"lazy\" decoding=\"async\" width=\"86\" height=\"150\" src=\"https:\/\/mediterra.group\/wp-content\/uploads\/2025\/06\/1-UNITED-PROPERTY-EXPO-ALMATY-IN-KAZAKHISTAN_result.webp\" class=\"attachment-thumbnail size-thumbnail\" alt=\"\" srcset=\"https:\/\/mediterra.group\/wp-content\/uploads\/2025\/06\/1-UNITED-PROPERTY-EXPO-ALMATY-IN-KAZAKHISTAN_result.webp 910w, https:\/\/mediterra.group\/wp-content\/uploads\/2025\/06\/1-UNITED-PROPERTY-EXPO-ALMATY-IN-KAZAKHISTAN_result-884x1536.webp 884w\" sizes=\"(max-width: 86px) 100vw, 86px\" \/><\/a>\n\t\t\t<\/div><\/figure>\n\t\t<\/div>\n\n<p>&nbsp;<\/p>\n","protected":false},"excerpt":{"rendered":"<p>19-20 Eyl\u00fcl, 2023 Almaty United Property Expo Mediterra Proje Y\u00f6netimi olarak United Property Expo&#8217;da \u015firketimizi ve projelerimizi memnuniyetle tan\u0131tt\u0131k. Kuzey K\u0131br\u0131s&#8217;\u0131n ayr\u0131cal\u0131kl\u0131 d\u00fcnyas\u0131n\u0131n kap\u0131lar\u0131n\u0131 Almat\u0131&#8217;da a\u00e7t\u0131k. Kuzey K\u0131br\u0131s&#8217;a olan ilgi \u00e7ok sevindiriciydi. Yeni al\u0131c\u0131lar ve acentelerle de verimli g\u00f6r\u00fc\u015fmeler yapt\u0131k. Seminerde \u015firket profilimizi ve heyecan verici projelerimizi de sunduk. Kat\u0131l\u0131mc\u0131lar\u0131n ilgisine dayanarak Kazakistan ile uzun [&hellip;]<\/p>\n","protected":false},"author":1,"featured_media":24428,"comment_status":"open","ping_status":"open","sticky":false,"template":"","format":"standard","meta":{"_acf_changed":false,"footnotes":""},"categories":[256],"tags":[],"class_list":["post-33235","post","type-post","status-publish","format-standard","has-post-thumbnail","hentry","category-etkinlikler"],"acf":[],"yoast_head":"<!-- This site is optimized with the Yoast SEO plugin v27.5 - https:\/\/yoast.com\/product\/yoast-seo-wordpress\/ -->\n<title>United Property Expo - Almat\u0131 Kazakistan&#039;da - Mediterra Group<\/title>\n<meta name=\"robots\" content=\"index, follow, max-snippet:-1, max-image-preview:large, max-video-preview:-1\" \/>\n<link rel=\"canonical\" href=\"https:\/\/mediterra.group\/united-property-expo-almaty-in-kazakhstan\/\" \/>\n<meta property=\"og:locale\" content=\"tr_TR\" \/>\n<meta property=\"og:type\" content=\"article\" \/>\n<meta property=\"og:title\" content=\"United Property Expo - Almat\u0131 Kazakistan&#039;da - Mediterra Group\" \/>\n<meta property=\"og:description\" content=\"19-20 Eyl\u00fcl, 2023 Almaty United Property Expo Mediterra Proje Y\u00f6netimi olarak United Property Expo&#8217;da \u015firketimizi ve projelerimizi memnuniyetle tan\u0131tt\u0131k. Kuzey K\u0131br\u0131s&#8217;\u0131n ayr\u0131cal\u0131kl\u0131 d\u00fcnyas\u0131n\u0131n kap\u0131lar\u0131n\u0131 Almat\u0131&#8217;da a\u00e7t\u0131k. Kuzey K\u0131br\u0131s&#8217;a olan ilgi \u00e7ok sevindiriciydi. Yeni al\u0131c\u0131lar ve acentelerle de verimli g\u00f6r\u00fc\u015fmeler yapt\u0131k. Seminerde \u015firket profilimizi ve heyecan verici projelerimizi de sunduk. Kat\u0131l\u0131mc\u0131lar\u0131n ilgisine dayanarak Kazakistan ile uzun [&hellip;]\" \/>\n<meta property=\"og:url\" content=\"https:\/\/mediterra.group\/united-property-expo-almaty-in-kazakhstan\/\" \/>\n<meta property=\"og:site_name\" content=\"Mediterra Group\" \/>\n<meta property=\"article:published_time\" content=\"2025-06-18T10:46:00+00:00\" \/>\n<meta property=\"og:image\" content=\"https:\/\/mediterra.group\/wp-content\/uploads\/2025\/06\/kapak-united-property-expo-almaty-in-kazakhistan-result16975361783312DlT7d.webp\" \/>\n\t<meta property=\"og:image:width\" content=\"440\" \/>\n\t<meta property=\"og:image:height\" content=\"225\" \/>\n\t<meta property=\"og:image:type\" content=\"image\/webp\" \/>\n<meta name=\"author\" content=\"prfj\" \/>\n<meta name=\"twitter:card\" content=\"summary_large_image\" \/>\n<meta name=\"twitter:label1\" content=\"Yazan:\" \/>\n\t<meta name=\"twitter:data1\" content=\"prfj\" \/>\n<script type=\"application\/ld+json\" class=\"yoast-schema-graph\">{\"@context\":\"https:\\\/\\\/schema.org\",\"@graph\":[{\"@type\":\"Article\",\"@id\":\"https:\\\/\\\/mediterra.group\\\/united-property-expo-almaty-in-kazakhstan\\\/#article\",\"isPartOf\":{\"@id\":\"https:\\\/\\\/mediterra.group\\\/united-property-expo-almaty-in-kazakhstan\\\/\"},\"author\":{\"name\":\"prfj\",\"@id\":\"https:\\\/\\\/mediterra.group\\\/ar\\\/#\\\/schema\\\/person\\\/7db86f2bc7783cf0f27705320203bffb\"},\"headline\":\"United Property Expo &#8211; Almat\u0131 Kazakistan&#8217;da\",\"datePublished\":\"2025-06-18T10:46:00+00:00\",\"mainEntityOfPage\":{\"@id\":\"https:\\\/\\\/mediterra.group\\\/united-property-expo-almaty-in-kazakhstan\\\/\"},\"wordCount\":107,\"commentCount\":0,\"image\":{\"@id\":\"https:\\\/\\\/mediterra.group\\\/united-property-expo-almaty-in-kazakhstan\\\/#primaryimage\"},\"thumbnailUrl\":\"https:\\\/\\\/mediterra.group\\\/wp-content\\\/uploads\\\/2025\\\/06\\\/kapak-united-property-expo-almaty-in-kazakhistan-result16975361783312DlT7d.webp\",\"articleSection\":[\"ETK\u0130NL\u0130KLER\"],\"inLanguage\":\"tr\",\"potentialAction\":[{\"@type\":\"CommentAction\",\"name\":\"Comment\",\"target\":[\"https:\\\/\\\/mediterra.group\\\/united-property-expo-almaty-in-kazakhstan\\\/#respond\"]}]},{\"@type\":\"WebPage\",\"@id\":\"https:\\\/\\\/mediterra.group\\\/united-property-expo-almaty-in-kazakhstan\\\/\",\"url\":\"https:\\\/\\\/mediterra.group\\\/united-property-expo-almaty-in-kazakhstan\\\/\",\"name\":\"United Property Expo - Almat\u0131 Kazakistan'da - Mediterra Group\",\"isPartOf\":{\"@id\":\"https:\\\/\\\/mediterra.group\\\/ar\\\/#website\"},\"primaryImageOfPage\":{\"@id\":\"https:\\\/\\\/mediterra.group\\\/united-property-expo-almaty-in-kazakhstan\\\/#primaryimage\"},\"image\":{\"@id\":\"https:\\\/\\\/mediterra.group\\\/united-property-expo-almaty-in-kazakhstan\\\/#primaryimage\"},\"thumbnailUrl\":\"https:\\\/\\\/mediterra.group\\\/wp-content\\\/uploads\\\/2025\\\/06\\\/kapak-united-property-expo-almaty-in-kazakhistan-result16975361783312DlT7d.webp\",\"datePublished\":\"2025-06-18T10:46:00+00:00\",\"author\":{\"@id\":\"https:\\\/\\\/mediterra.group\\\/ar\\\/#\\\/schema\\\/person\\\/7db86f2bc7783cf0f27705320203bffb\"},\"breadcrumb\":{\"@id\":\"https:\\\/\\\/mediterra.group\\\/united-property-expo-almaty-in-kazakhstan\\\/#breadcrumb\"},\"inLanguage\":\"tr\",\"potentialAction\":[{\"@type\":\"ReadAction\",\"target\":[\"https:\\\/\\\/mediterra.group\\\/united-property-expo-almaty-in-kazakhstan\\\/\"]}]},{\"@type\":\"ImageObject\",\"inLanguage\":\"tr\",\"@id\":\"https:\\\/\\\/mediterra.group\\\/united-property-expo-almaty-in-kazakhstan\\\/#primaryimage\",\"url\":\"https:\\\/\\\/mediterra.group\\\/wp-content\\\/uploads\\\/2025\\\/06\\\/kapak-united-property-expo-almaty-in-kazakhistan-result16975361783312DlT7d.webp\",\"contentUrl\":\"https:\\\/\\\/mediterra.group\\\/wp-content\\\/uploads\\\/2025\\\/06\\\/kapak-united-property-expo-almaty-in-kazakhistan-result16975361783312DlT7d.webp\",\"width\":440,\"height\":225},{\"@type\":\"BreadcrumbList\",\"@id\":\"https:\\\/\\\/mediterra.group\\\/united-property-expo-almaty-in-kazakhstan\\\/#breadcrumb\",\"itemListElement\":[{\"@type\":\"ListItem\",\"position\":1,\"name\":\"Home\",\"item\":\"https:\\\/\\\/mediterra.group\\\/tr\\\/\"},{\"@type\":\"ListItem\",\"position\":2,\"name\":\"United Property Expo &#8211; Almat\u0131 Kazakistan&#8217;da\"}]},{\"@type\":\"WebSite\",\"@id\":\"https:\\\/\\\/mediterra.group\\\/ar\\\/#website\",\"url\":\"https:\\\/\\\/mediterra.group\\\/ar\\\/\",\"name\":\"Mediterra Group\",\"description\":\"\",\"potentialAction\":[{\"@type\":\"SearchAction\",\"target\":{\"@type\":\"EntryPoint\",\"urlTemplate\":\"https:\\\/\\\/mediterra.group\\\/ar\\\/?s={search_term_string}\"},\"query-input\":{\"@type\":\"PropertyValueSpecification\",\"valueRequired\":true,\"valueName\":\"search_term_string\"}}],\"inLanguage\":\"tr\"},{\"@type\":\"Person\",\"@id\":\"https:\\\/\\\/mediterra.group\\\/ar\\\/#\\\/schema\\\/person\\\/7db86f2bc7783cf0f27705320203bffb\",\"name\":\"prfj\",\"image\":{\"@type\":\"ImageObject\",\"inLanguage\":\"tr\",\"@id\":\"https:\\\/\\\/secure.gravatar.com\\\/avatar\\\/efc76156b22a6391dfe826fa01e611bcd5dacefe7489936136b7f4d5eb1c0fb4?s=96&d=mm&r=g\",\"url\":\"https:\\\/\\\/secure.gravatar.com\\\/avatar\\\/efc76156b22a6391dfe826fa01e611bcd5dacefe7489936136b7f4d5eb1c0fb4?s=96&d=mm&r=g\",\"contentUrl\":\"https:\\\/\\\/secure.gravatar.com\\\/avatar\\\/efc76156b22a6391dfe826fa01e611bcd5dacefe7489936136b7f4d5eb1c0fb4?s=96&d=mm&r=g\",\"caption\":\"prfj\"},\"sameAs\":[\"https:\\\/\\\/mediterra.group\"],\"url\":\"https:\\\/\\\/mediterra.group\\\/tr\\\/author\\\/prfj\\\/\"}]}<\/script>\n<!-- \/ Yoast SEO plugin. -->","yoast_head_json":{"title":"United Property Expo - Almat\u0131 Kazakistan'da - Mediterra Group","robots":{"index":"index","follow":"follow","max-snippet":"max-snippet:-1","max-image-preview":"max-image-preview:large","max-video-preview":"max-video-preview:-1"},"canonical":"https:\/\/mediterra.group\/united-property-expo-almaty-in-kazakhstan\/","og_locale":"tr_TR","og_type":"article","og_title":"United Property Expo - Almat\u0131 Kazakistan'da - Mediterra Group","og_description":"19-20 Eyl\u00fcl, 2023 Almaty United Property Expo Mediterra Proje Y\u00f6netimi olarak United Property Expo&#8217;da \u015firketimizi ve projelerimizi memnuniyetle tan\u0131tt\u0131k. Kuzey K\u0131br\u0131s&#8217;\u0131n ayr\u0131cal\u0131kl\u0131 d\u00fcnyas\u0131n\u0131n kap\u0131lar\u0131n\u0131 Almat\u0131&#8217;da a\u00e7t\u0131k. Kuzey K\u0131br\u0131s&#8217;a olan ilgi \u00e7ok sevindiriciydi. Yeni al\u0131c\u0131lar ve acentelerle de verimli g\u00f6r\u00fc\u015fmeler yapt\u0131k. Seminerde \u015firket profilimizi ve heyecan verici projelerimizi de sunduk. Kat\u0131l\u0131mc\u0131lar\u0131n ilgisine dayanarak Kazakistan ile uzun [&hellip;]","og_url":"https:\/\/mediterra.group\/united-property-expo-almaty-in-kazakhstan\/","og_site_name":"Mediterra Group","article_published_time":"2025-06-18T10:46:00+00:00","og_image":[{"width":440,"height":225,"url":"https:\/\/mediterra.group\/wp-content\/uploads\/2025\/06\/kapak-united-property-expo-almaty-in-kazakhistan-result16975361783312DlT7d.webp","type":"image\/webp"}],"author":"prfj","twitter_card":"summary_large_image","twitter_misc":{"Yazan:":"prfj"},"schema":{"@context":"https:\/\/schema.org","@graph":[{"@type":"Article","@id":"https:\/\/mediterra.group\/united-property-expo-almaty-in-kazakhstan\/#article","isPartOf":{"@id":"https:\/\/mediterra.group\/united-property-expo-almaty-in-kazakhstan\/"},"author":{"name":"prfj","@id":"https:\/\/mediterra.group\/ar\/#\/schema\/person\/7db86f2bc7783cf0f27705320203bffb"},"headline":"United Property Expo &#8211; Almat\u0131 Kazakistan&#8217;da","datePublished":"2025-06-18T10:46:00+00:00","mainEntityOfPage":{"@id":"https:\/\/mediterra.group\/united-property-expo-almaty-in-kazakhstan\/"},"wordCount":107,"commentCount":0,"image":{"@id":"https:\/\/mediterra.group\/united-property-expo-almaty-in-kazakhstan\/#primaryimage"},"thumbnailUrl":"https:\/\/mediterra.group\/wp-content\/uploads\/2025\/06\/kapak-united-property-expo-almaty-in-kazakhistan-result16975361783312DlT7d.webp","articleSection":["ETK\u0130NL\u0130KLER"],"inLanguage":"tr","potentialAction":[{"@type":"CommentAction","name":"Comment","target":["https:\/\/mediterra.group\/united-property-expo-almaty-in-kazakhstan\/#respond"]}]},{"@type":"WebPage","@id":"https:\/\/mediterra.group\/united-property-expo-almaty-in-kazakhstan\/","url":"https:\/\/mediterra.group\/united-property-expo-almaty-in-kazakhstan\/","name":"United Property Expo - Almat\u0131 Kazakistan'da - Mediterra Group","isPartOf":{"@id":"https:\/\/mediterra.group\/ar\/#website"},"primaryImageOfPage":{"@id":"https:\/\/mediterra.group\/united-property-expo-almaty-in-kazakhstan\/#primaryimage"},"image":{"@id":"https:\/\/mediterra.group\/united-property-expo-almaty-in-kazakhstan\/#primaryimage"},"thumbnailUrl":"https:\/\/mediterra.group\/wp-content\/uploads\/2025\/06\/kapak-united-property-expo-almaty-in-kazakhistan-result16975361783312DlT7d.webp","datePublished":"2025-06-18T10:46:00+00:00","author":{"@id":"https:\/\/mediterra.group\/ar\/#\/schema\/person\/7db86f2bc7783cf0f27705320203bffb"},"breadcrumb":{"@id":"https:\/\/mediterra.group\/united-property-expo-almaty-in-kazakhstan\/#breadcrumb"},"inLanguage":"tr","potentialAction":[{"@type":"ReadAction","target":["https:\/\/mediterra.group\/united-property-expo-almaty-in-kazakhstan\/"]}]},{"@type":"ImageObject","inLanguage":"tr","@id":"https:\/\/mediterra.group\/united-property-expo-almaty-in-kazakhstan\/#primaryimage","url":"https:\/\/mediterra.group\/wp-content\/uploads\/2025\/06\/kapak-united-property-expo-almaty-in-kazakhistan-result16975361783312DlT7d.webp","contentUrl":"https:\/\/mediterra.group\/wp-content\/uploads\/2025\/06\/kapak-united-property-expo-almaty-in-kazakhistan-result16975361783312DlT7d.webp","width":440,"height":225},{"@type":"BreadcrumbList","@id":"https:\/\/mediterra.group\/united-property-expo-almaty-in-kazakhstan\/#breadcrumb","itemListElement":[{"@type":"ListItem","position":1,"name":"Home","item":"https:\/\/mediterra.group\/tr\/"},{"@type":"ListItem","position":2,"name":"United Property Expo &#8211; Almat\u0131 Kazakistan&#8217;da"}]},{"@type":"WebSite","@id":"https:\/\/mediterra.group\/ar\/#website","url":"https:\/\/mediterra.group\/ar\/","name":"Mediterra Group","description":"","potentialAction":[{"@type":"SearchAction","target":{"@type":"EntryPoint","urlTemplate":"https:\/\/mediterra.group\/ar\/?s={search_term_string}"},"query-input":{"@type":"PropertyValueSpecification","valueRequired":true,"valueName":"search_term_string"}}],"inLanguage":"tr"},{"@type":"Person","@id":"https:\/\/mediterra.group\/ar\/#\/schema\/person\/7db86f2bc7783cf0f27705320203bffb","name":"prfj","image":{"@type":"ImageObject","inLanguage":"tr","@id":"https:\/\/secure.gravatar.com\/avatar\/efc76156b22a6391dfe826fa01e611bcd5dacefe7489936136b7f4d5eb1c0fb4?s=96&d=mm&r=g","url":"https:\/\/secure.gravatar.com\/avatar\/efc76156b22a6391dfe826fa01e611bcd5dacefe7489936136b7f4d5eb1c0fb4?s=96&d=mm&r=g","contentUrl":"https:\/\/secure.gravatar.com\/avatar\/efc76156b22a6391dfe826fa01e611bcd5dacefe7489936136b7f4d5eb1c0fb4?s=96&d=mm&r=g","caption":"prfj"},"sameAs":["https:\/\/mediterra.group"],"url":"https:\/\/mediterra.group\/tr\/author\/prfj\/"}]}},"_links":{"self":[{"href":"https:\/\/mediterra.group\/tr\/wp-json\/wp\/v2\/posts\/33235","targetHints":{"allow":["GET"]}}],"collection":[{"href":"https:\/\/mediterra.group\/tr\/wp-json\/wp\/v2\/posts"}],"about":[{"href":"https:\/\/mediterra.group\/tr\/wp-json\/wp\/v2\/types\/post"}],"author":[{"embeddable":true,"href":"https:\/\/mediterra.group\/tr\/wp-json\/wp\/v2\/users\/1"}],"replies":[{"embeddable":true,"href":"https:\/\/mediterra.group\/tr\/wp-json\/wp\/v2\/comments?post=33235"}],"version-history":[{"count":0,"href":"https:\/\/mediterra.group\/tr\/wp-json\/wp\/v2\/posts\/33235\/revisions"}],"wp:featuredmedia":[{"embeddable":true,"href":"https:\/\/mediterra.group\/tr\/wp-json\/wp\/v2\/media\/24428"}],"wp:attachment":[{"href":"https:\/\/mediterra.group\/tr\/wp-json\/wp\/v2\/media?parent=33235"}],"wp:term":[{"taxonomy":"category","embeddable":true,"href":"https:\/\/mediterra.group\/tr\/wp-json\/wp\/v2\/categories?post=33235"},{"taxonomy":"post_tag","embeddable":true,"href":"https:\/\/mediterra.group\/tr\/wp-json\/wp\/v2\/tags?post=33235"}],"curies":[{"name":"wp","href":"https:\/\/api.w.org\/{rel}","templated":true}]}}