{"id":33216,"date":"2025-06-18T10:43:56","date_gmt":"2025-06-18T10:43:56","guid":{"rendered":"https:\/\/mediterra.group\/hollandadeki-second-home-utrecht\/"},"modified":"2025-06-18T10:43:56","modified_gmt":"2025-06-18T10:43:56","slug":"hollandadeki-second-home-utrecht","status":"publish","type":"post","link":"https:\/\/mediterra.group\/tr\/hollandadeki-second-home-utrecht\/","title":{"rendered":"Hollanda&#8217;deki Second Home Utrecht"},"content":{"rendered":"<p>29 Eyl\u00fcl &#8211; 01 Ekim, 2023<br \/>\nUtrecht Expo<\/p>\n<p>\u0130ki y\u0131ld\u0131r kat\u0131ld\u0131\u011f\u0131m\u0131z fuar, Hollanda ve yak\u0131n \u00fclkelerden gelen ger\u00e7ek al\u0131c\u0131lara her zaman kap\u0131lar\u0131n\u0131 a\u00e7\u0131yor. Yat\u0131r\u0131m\u0131n \u00f6tesinde ya\u015famak i\u00e7in hayalindeki \u00fclkeyi arayan yeni al\u0131c\u0131larla tan\u0131\u015fma f\u0131rsat\u0131 buluyoruz. Bu y\u00fczden Second Home bizim i\u00e7in her zaman ayr\u0131 bir \u00f6nem ta\u015f\u0131yor ve her y\u0131l heyecanla kat\u0131lmaya devam edece\u011fiz.  <\/p>\n<p>Kuzey K\u0131br\u0131s&#8217;\u0131n bir\u00e7ok Hollandal\u0131n\u0131n y\u0131llard\u0131r ya\u015fad\u0131\u011f\u0131 bir \u00fclke olmas\u0131 bunun en \u00f6nemli nedenlerinden biriydi. Ayr\u0131ca Kuzey K\u0131br\u0131s&#8217;taki toplulu\u011fun kurucusu olmam\u0131z aram\u0131zdaki ba\u011f\u0131n daha da g\u00fc\u00e7lenmesine neden oldu. &#8220;Nederlanders in Noord-Cyprus &#8220;un giderek b\u00fcy\u00fcmesinden \u00e7ok mutluyuz!  <\/p>\n<div id='gallery-1' class='gallery galleryid-33216 gallery-columns-3 gallery-size-thumbnail'><figure class='gallery-item'>\n\t\t\t<div class='gallery-icon landscape'>\n\t\t\t\t<a href='https:\/\/mediterra.group\/tr\/hollandadeki-second-home-utrecht\/01-second-home-utrecht-in-netherlands_result-2\/'><img decoding=\"async\" width=\"150\" height=\"113\" src=\"https:\/\/mediterra.group\/wp-content\/uploads\/2025\/06\/01-SECOND-HOME-UTRECHT-IN-NETHERLANDS_result.webp\" class=\"attachment-thumbnail size-thumbnail\" alt=\"\" srcset=\"https:\/\/mediterra.group\/wp-content\/uploads\/2025\/06\/01-SECOND-HOME-UTRECHT-IN-NETHERLANDS_result.webp 1024w, https:\/\/mediterra.group\/wp-content\/uploads\/2025\/06\/01-SECOND-HOME-UTRECHT-IN-NETHERLANDS_result-584x438.webp 584w\" sizes=\"(max-width: 150px) 100vw, 150px\" \/><\/a>\n\t\t\t<\/div><\/figure><figure class='gallery-item'>\n\t\t\t<div class='gallery-icon landscape'>\n\t\t\t\t<a href='https:\/\/mediterra.group\/tr\/hollandadeki-second-home-utrecht\/02-second-home-utrecht-in-netherlands_result-2\/'><img decoding=\"async\" width=\"150\" height=\"113\" src=\"https:\/\/mediterra.group\/wp-content\/uploads\/2025\/06\/02-SECOND-HOME-UTRECHT-IN-NETHERLANDS_result.webp\" class=\"attachment-thumbnail size-thumbnail\" alt=\"\" srcset=\"https:\/\/mediterra.group\/wp-content\/uploads\/2025\/06\/02-SECOND-HOME-UTRECHT-IN-NETHERLANDS_result.webp 1024w, https:\/\/mediterra.group\/wp-content\/uploads\/2025\/06\/02-SECOND-HOME-UTRECHT-IN-NETHERLANDS_result-584x438.webp 584w\" sizes=\"(max-width: 150px) 100vw, 150px\" \/><\/a>\n\t\t\t<\/div><\/figure><figure class='gallery-item'>\n\t\t\t<div class='gallery-icon landscape'>\n\t\t\t\t<a href='https:\/\/mediterra.group\/tr\/hollandadeki-second-home-utrecht\/05-second-home-utrecht-in-netherlands_result-2\/'><img decoding=\"async\" width=\"150\" height=\"113\" src=\"https:\/\/mediterra.group\/wp-content\/uploads\/2025\/06\/05-SECOND-HOME-UTRECHT-IN-NETHERLANDS_result.webp\" class=\"attachment-thumbnail size-thumbnail\" alt=\"\" srcset=\"https:\/\/mediterra.group\/wp-content\/uploads\/2025\/06\/05-SECOND-HOME-UTRECHT-IN-NETHERLANDS_result.webp 1600w, https:\/\/mediterra.group\/wp-content\/uploads\/2025\/06\/05-SECOND-HOME-UTRECHT-IN-NETHERLANDS_result-1536x1152.webp 1536w, https:\/\/mediterra.group\/wp-content\/uploads\/2025\/06\/05-SECOND-HOME-UTRECHT-IN-NETHERLANDS_result-584x438.webp 584w\" sizes=\"(max-width: 150px) 100vw, 150px\" \/><\/a>\n\t\t\t<\/div><\/figure><figure class='gallery-item'>\n\t\t\t<div class='gallery-icon landscape'>\n\t\t\t\t<a href='https:\/\/mediterra.group\/tr\/hollandadeki-second-home-utrecht\/03-second-home-utrecht-in-netherlands_result-2\/'><img loading=\"lazy\" decoding=\"async\" width=\"150\" height=\"113\" src=\"https:\/\/mediterra.group\/wp-content\/uploads\/2025\/06\/03-SECOND-HOME-UTRECHT-IN-NETHERLANDS_result.webp\" class=\"attachment-thumbnail size-thumbnail\" alt=\"\" srcset=\"https:\/\/mediterra.group\/wp-content\/uploads\/2025\/06\/03-SECOND-HOME-UTRECHT-IN-NETHERLANDS_result.webp 1600w, https:\/\/mediterra.group\/wp-content\/uploads\/2025\/06\/03-SECOND-HOME-UTRECHT-IN-NETHERLANDS_result-1536x1152.webp 1536w, https:\/\/mediterra.group\/wp-content\/uploads\/2025\/06\/03-SECOND-HOME-UTRECHT-IN-NETHERLANDS_result-584x438.webp 584w\" sizes=\"(max-width: 150px) 100vw, 150px\" \/><\/a>\n\t\t\t<\/div><\/figure><figure class='gallery-item'>\n\t\t\t<div class='gallery-icon landscape'>\n\t\t\t\t<a href='https:\/\/mediterra.group\/tr\/hollandadeki-second-home-utrecht\/06-second-home-utrecht-in-netherlands_result-2\/'><img loading=\"lazy\" decoding=\"async\" width=\"150\" height=\"113\" src=\"https:\/\/mediterra.group\/wp-content\/uploads\/2025\/06\/06-SECOND-HOME-UTRECHT-IN-NETHERLANDS_result.webp\" class=\"attachment-thumbnail size-thumbnail\" alt=\"\" srcset=\"https:\/\/mediterra.group\/wp-content\/uploads\/2025\/06\/06-SECOND-HOME-UTRECHT-IN-NETHERLANDS_result.webp 1600w, https:\/\/mediterra.group\/wp-content\/uploads\/2025\/06\/06-SECOND-HOME-UTRECHT-IN-NETHERLANDS_result-1536x1152.webp 1536w, https:\/\/mediterra.group\/wp-content\/uploads\/2025\/06\/06-SECOND-HOME-UTRECHT-IN-NETHERLANDS_result-584x438.webp 584w\" sizes=\"(max-width: 150px) 100vw, 150px\" \/><\/a>\n\t\t\t<\/div><\/figure><figure class='gallery-item'>\n\t\t\t<div class='gallery-icon landscape'>\n\t\t\t\t<a href='https:\/\/mediterra.group\/tr\/hollandadeki-second-home-utrecht\/04-second-home-utrecht-in-netherlands_result-2\/'><img loading=\"lazy\" decoding=\"async\" width=\"150\" height=\"113\" src=\"https:\/\/mediterra.group\/wp-content\/uploads\/2025\/06\/04-SECOND-HOME-UTRECHT-IN-NETHERLANDS_result.webp\" class=\"attachment-thumbnail size-thumbnail\" alt=\"\" srcset=\"https:\/\/mediterra.group\/wp-content\/uploads\/2025\/06\/04-SECOND-HOME-UTRECHT-IN-NETHERLANDS_result.webp 1600w, https:\/\/mediterra.group\/wp-content\/uploads\/2025\/06\/04-SECOND-HOME-UTRECHT-IN-NETHERLANDS_result-1536x1152.webp 1536w, https:\/\/mediterra.group\/wp-content\/uploads\/2025\/06\/04-SECOND-HOME-UTRECHT-IN-NETHERLANDS_result-584x438.webp 584w\" sizes=\"(max-width: 150px) 100vw, 150px\" \/><\/a>\n\t\t\t<\/div><\/figure>\n\t\t<\/div>\n\n","protected":false},"excerpt":{"rendered":"<p>29 Eyl\u00fcl &#8211; 01 Ekim, 2023 Utrecht Expo \u0130ki y\u0131ld\u0131r kat\u0131ld\u0131\u011f\u0131m\u0131z fuar, Hollanda ve yak\u0131n \u00fclkelerden gelen ger\u00e7ek al\u0131c\u0131lara her zaman kap\u0131lar\u0131n\u0131 a\u00e7\u0131yor. Yat\u0131r\u0131m\u0131n \u00f6tesinde ya\u015famak i\u00e7in hayalindeki \u00fclkeyi arayan yeni al\u0131c\u0131larla tan\u0131\u015fma f\u0131rsat\u0131 buluyoruz. Bu y\u00fczden Second Home bizim i\u00e7in her zaman ayr\u0131 bir \u00f6nem ta\u015f\u0131yor ve her y\u0131l heyecanla kat\u0131lmaya devam edece\u011fiz. Kuzey [&hellip;]<\/p>\n","protected":false},"author":1,"featured_media":24358,"comment_status":"open","ping_status":"open","sticky":false,"template":"","format":"standard","meta":{"_acf_changed":false,"footnotes":""},"categories":[256],"tags":[],"class_list":["post-33216","post","type-post","status-publish","format-standard","has-post-thumbnail","hentry","category-etkinlikler"],"acf":[],"yoast_head":"<!-- This site is optimized with the Yoast SEO plugin v27.5 - https:\/\/yoast.com\/product\/yoast-seo-wordpress\/ -->\n<title>Hollanda&#039;deki Second Home Utrecht - Mediterra Group<\/title>\n<meta name=\"robots\" content=\"index, follow, max-snippet:-1, max-image-preview:large, max-video-preview:-1\" \/>\n<link rel=\"canonical\" href=\"https:\/\/mediterra.group\/second-home-utrecht-in-netherlands\/\" \/>\n<meta property=\"og:locale\" content=\"tr_TR\" \/>\n<meta property=\"og:type\" content=\"article\" \/>\n<meta property=\"og:title\" content=\"Hollanda&#039;deki Second Home Utrecht - Mediterra Group\" \/>\n<meta property=\"og:description\" content=\"29 Eyl\u00fcl &#8211; 01 Ekim, 2023 Utrecht Expo \u0130ki y\u0131ld\u0131r kat\u0131ld\u0131\u011f\u0131m\u0131z fuar, Hollanda ve yak\u0131n \u00fclkelerden gelen ger\u00e7ek al\u0131c\u0131lara her zaman kap\u0131lar\u0131n\u0131 a\u00e7\u0131yor. Yat\u0131r\u0131m\u0131n \u00f6tesinde ya\u015famak i\u00e7in hayalindeki \u00fclkeyi arayan yeni al\u0131c\u0131larla tan\u0131\u015fma f\u0131rsat\u0131 buluyoruz. Bu y\u00fczden Second Home bizim i\u00e7in her zaman ayr\u0131 bir \u00f6nem ta\u015f\u0131yor ve her y\u0131l heyecanla kat\u0131lmaya devam edece\u011fiz. Kuzey [&hellip;]\" \/>\n<meta property=\"og:url\" content=\"https:\/\/mediterra.group\/second-home-utrecht-in-netherlands\/\" \/>\n<meta property=\"og:site_name\" content=\"Mediterra Group\" \/>\n<meta property=\"article:published_time\" content=\"2025-06-18T10:43:56+00:00\" \/>\n<meta property=\"og:image\" content=\"https:\/\/mediterra.group\/wp-content\/uploads\/2025\/06\/kapak-second-home-utrecht-in-netherlands-result16975357490468oBfr9.webp\" \/>\n\t<meta property=\"og:image:width\" content=\"440\" \/>\n\t<meta property=\"og:image:height\" content=\"225\" \/>\n\t<meta property=\"og:image:type\" content=\"image\/webp\" \/>\n<meta name=\"author\" content=\"prfj\" \/>\n<meta name=\"twitter:card\" content=\"summary_large_image\" \/>\n<meta name=\"twitter:label1\" content=\"Yazan:\" \/>\n\t<meta name=\"twitter:data1\" content=\"prfj\" \/>\n\t<meta name=\"twitter:label2\" content=\"Tahmini okuma s\u00fcresi\" \/>\n\t<meta name=\"twitter:data2\" content=\"1 dakika\" \/>\n<script type=\"application\/ld+json\" class=\"yoast-schema-graph\">{\"@context\":\"https:\\\/\\\/schema.org\",\"@graph\":[{\"@type\":\"Article\",\"@id\":\"https:\\\/\\\/mediterra.group\\\/second-home-utrecht-in-netherlands\\\/#article\",\"isPartOf\":{\"@id\":\"https:\\\/\\\/mediterra.group\\\/second-home-utrecht-in-netherlands\\\/\"},\"author\":{\"name\":\"prfj\",\"@id\":\"https:\\\/\\\/mediterra.group\\\/ar\\\/#\\\/schema\\\/person\\\/7db86f2bc7783cf0f27705320203bffb\"},\"headline\":\"Hollanda&#8217;deki Second Home Utrecht\",\"datePublished\":\"2025-06-18T10:43:56+00:00\",\"mainEntityOfPage\":{\"@id\":\"https:\\\/\\\/mediterra.group\\\/second-home-utrecht-in-netherlands\\\/\"},\"wordCount\":141,\"commentCount\":0,\"image\":{\"@id\":\"https:\\\/\\\/mediterra.group\\\/second-home-utrecht-in-netherlands\\\/#primaryimage\"},\"thumbnailUrl\":\"https:\\\/\\\/mediterra.group\\\/wp-content\\\/uploads\\\/2025\\\/06\\\/kapak-second-home-utrecht-in-netherlands-result16975357490468oBfr9.webp\",\"articleSection\":[\"ETK\u0130NL\u0130KLER\"],\"inLanguage\":\"tr\",\"potentialAction\":[{\"@type\":\"CommentAction\",\"name\":\"Comment\",\"target\":[\"https:\\\/\\\/mediterra.group\\\/second-home-utrecht-in-netherlands\\\/#respond\"]}]},{\"@type\":\"WebPage\",\"@id\":\"https:\\\/\\\/mediterra.group\\\/second-home-utrecht-in-netherlands\\\/\",\"url\":\"https:\\\/\\\/mediterra.group\\\/second-home-utrecht-in-netherlands\\\/\",\"name\":\"Hollanda'deki Second Home Utrecht - Mediterra Group\",\"isPartOf\":{\"@id\":\"https:\\\/\\\/mediterra.group\\\/ar\\\/#website\"},\"primaryImageOfPage\":{\"@id\":\"https:\\\/\\\/mediterra.group\\\/second-home-utrecht-in-netherlands\\\/#primaryimage\"},\"image\":{\"@id\":\"https:\\\/\\\/mediterra.group\\\/second-home-utrecht-in-netherlands\\\/#primaryimage\"},\"thumbnailUrl\":\"https:\\\/\\\/mediterra.group\\\/wp-content\\\/uploads\\\/2025\\\/06\\\/kapak-second-home-utrecht-in-netherlands-result16975357490468oBfr9.webp\",\"datePublished\":\"2025-06-18T10:43:56+00:00\",\"author\":{\"@id\":\"https:\\\/\\\/mediterra.group\\\/ar\\\/#\\\/schema\\\/person\\\/7db86f2bc7783cf0f27705320203bffb\"},\"breadcrumb\":{\"@id\":\"https:\\\/\\\/mediterra.group\\\/second-home-utrecht-in-netherlands\\\/#breadcrumb\"},\"inLanguage\":\"tr\",\"potentialAction\":[{\"@type\":\"ReadAction\",\"target\":[\"https:\\\/\\\/mediterra.group\\\/second-home-utrecht-in-netherlands\\\/\"]}]},{\"@type\":\"ImageObject\",\"inLanguage\":\"tr\",\"@id\":\"https:\\\/\\\/mediterra.group\\\/second-home-utrecht-in-netherlands\\\/#primaryimage\",\"url\":\"https:\\\/\\\/mediterra.group\\\/wp-content\\\/uploads\\\/2025\\\/06\\\/kapak-second-home-utrecht-in-netherlands-result16975357490468oBfr9.webp\",\"contentUrl\":\"https:\\\/\\\/mediterra.group\\\/wp-content\\\/uploads\\\/2025\\\/06\\\/kapak-second-home-utrecht-in-netherlands-result16975357490468oBfr9.webp\",\"width\":440,\"height\":225},{\"@type\":\"BreadcrumbList\",\"@id\":\"https:\\\/\\\/mediterra.group\\\/second-home-utrecht-in-netherlands\\\/#breadcrumb\",\"itemListElement\":[{\"@type\":\"ListItem\",\"position\":1,\"name\":\"Home\",\"item\":\"https:\\\/\\\/mediterra.group\\\/tr\\\/\"},{\"@type\":\"ListItem\",\"position\":2,\"name\":\"Hollanda&#8217;deki Second Home Utrecht\"}]},{\"@type\":\"WebSite\",\"@id\":\"https:\\\/\\\/mediterra.group\\\/ar\\\/#website\",\"url\":\"https:\\\/\\\/mediterra.group\\\/ar\\\/\",\"name\":\"Mediterra Group\",\"description\":\"\",\"potentialAction\":[{\"@type\":\"SearchAction\",\"target\":{\"@type\":\"EntryPoint\",\"urlTemplate\":\"https:\\\/\\\/mediterra.group\\\/ar\\\/?s={search_term_string}\"},\"query-input\":{\"@type\":\"PropertyValueSpecification\",\"valueRequired\":true,\"valueName\":\"search_term_string\"}}],\"inLanguage\":\"tr\"},{\"@type\":\"Person\",\"@id\":\"https:\\\/\\\/mediterra.group\\\/ar\\\/#\\\/schema\\\/person\\\/7db86f2bc7783cf0f27705320203bffb\",\"name\":\"prfj\",\"image\":{\"@type\":\"ImageObject\",\"inLanguage\":\"tr\",\"@id\":\"https:\\\/\\\/secure.gravatar.com\\\/avatar\\\/efc76156b22a6391dfe826fa01e611bcd5dacefe7489936136b7f4d5eb1c0fb4?s=96&d=mm&r=g\",\"url\":\"https:\\\/\\\/secure.gravatar.com\\\/avatar\\\/efc76156b22a6391dfe826fa01e611bcd5dacefe7489936136b7f4d5eb1c0fb4?s=96&d=mm&r=g\",\"contentUrl\":\"https:\\\/\\\/secure.gravatar.com\\\/avatar\\\/efc76156b22a6391dfe826fa01e611bcd5dacefe7489936136b7f4d5eb1c0fb4?s=96&d=mm&r=g\",\"caption\":\"prfj\"},\"sameAs\":[\"https:\\\/\\\/mediterra.group\"],\"url\":\"https:\\\/\\\/mediterra.group\\\/tr\\\/author\\\/prfj\\\/\"}]}<\/script>\n<!-- \/ Yoast SEO plugin. -->","yoast_head_json":{"title":"Hollanda'deki Second Home Utrecht - Mediterra Group","robots":{"index":"index","follow":"follow","max-snippet":"max-snippet:-1","max-image-preview":"max-image-preview:large","max-video-preview":"max-video-preview:-1"},"canonical":"https:\/\/mediterra.group\/second-home-utrecht-in-netherlands\/","og_locale":"tr_TR","og_type":"article","og_title":"Hollanda'deki Second Home Utrecht - Mediterra Group","og_description":"29 Eyl\u00fcl &#8211; 01 Ekim, 2023 Utrecht Expo \u0130ki y\u0131ld\u0131r kat\u0131ld\u0131\u011f\u0131m\u0131z fuar, Hollanda ve yak\u0131n \u00fclkelerden gelen ger\u00e7ek al\u0131c\u0131lara her zaman kap\u0131lar\u0131n\u0131 a\u00e7\u0131yor. Yat\u0131r\u0131m\u0131n \u00f6tesinde ya\u015famak i\u00e7in hayalindeki \u00fclkeyi arayan yeni al\u0131c\u0131larla tan\u0131\u015fma f\u0131rsat\u0131 buluyoruz. Bu y\u00fczden Second Home bizim i\u00e7in her zaman ayr\u0131 bir \u00f6nem ta\u015f\u0131yor ve her y\u0131l heyecanla kat\u0131lmaya devam edece\u011fiz. Kuzey [&hellip;]","og_url":"https:\/\/mediterra.group\/second-home-utrecht-in-netherlands\/","og_site_name":"Mediterra Group","article_published_time":"2025-06-18T10:43:56+00:00","og_image":[{"width":440,"height":225,"url":"https:\/\/mediterra.group\/wp-content\/uploads\/2025\/06\/kapak-second-home-utrecht-in-netherlands-result16975357490468oBfr9.webp","type":"image\/webp"}],"author":"prfj","twitter_card":"summary_large_image","twitter_misc":{"Yazan:":"prfj","Tahmini okuma s\u00fcresi":"1 dakika"},"schema":{"@context":"https:\/\/schema.org","@graph":[{"@type":"Article","@id":"https:\/\/mediterra.group\/second-home-utrecht-in-netherlands\/#article","isPartOf":{"@id":"https:\/\/mediterra.group\/second-home-utrecht-in-netherlands\/"},"author":{"name":"prfj","@id":"https:\/\/mediterra.group\/ar\/#\/schema\/person\/7db86f2bc7783cf0f27705320203bffb"},"headline":"Hollanda&#8217;deki Second Home Utrecht","datePublished":"2025-06-18T10:43:56+00:00","mainEntityOfPage":{"@id":"https:\/\/mediterra.group\/second-home-utrecht-in-netherlands\/"},"wordCount":141,"commentCount":0,"image":{"@id":"https:\/\/mediterra.group\/second-home-utrecht-in-netherlands\/#primaryimage"},"thumbnailUrl":"https:\/\/mediterra.group\/wp-content\/uploads\/2025\/06\/kapak-second-home-utrecht-in-netherlands-result16975357490468oBfr9.webp","articleSection":["ETK\u0130NL\u0130KLER"],"inLanguage":"tr","potentialAction":[{"@type":"CommentAction","name":"Comment","target":["https:\/\/mediterra.group\/second-home-utrecht-in-netherlands\/#respond"]}]},{"@type":"WebPage","@id":"https:\/\/mediterra.group\/second-home-utrecht-in-netherlands\/","url":"https:\/\/mediterra.group\/second-home-utrecht-in-netherlands\/","name":"Hollanda'deki Second Home Utrecht - Mediterra Group","isPartOf":{"@id":"https:\/\/mediterra.group\/ar\/#website"},"primaryImageOfPage":{"@id":"https:\/\/mediterra.group\/second-home-utrecht-in-netherlands\/#primaryimage"},"image":{"@id":"https:\/\/mediterra.group\/second-home-utrecht-in-netherlands\/#primaryimage"},"thumbnailUrl":"https:\/\/mediterra.group\/wp-content\/uploads\/2025\/06\/kapak-second-home-utrecht-in-netherlands-result16975357490468oBfr9.webp","datePublished":"2025-06-18T10:43:56+00:00","author":{"@id":"https:\/\/mediterra.group\/ar\/#\/schema\/person\/7db86f2bc7783cf0f27705320203bffb"},"breadcrumb":{"@id":"https:\/\/mediterra.group\/second-home-utrecht-in-netherlands\/#breadcrumb"},"inLanguage":"tr","potentialAction":[{"@type":"ReadAction","target":["https:\/\/mediterra.group\/second-home-utrecht-in-netherlands\/"]}]},{"@type":"ImageObject","inLanguage":"tr","@id":"https:\/\/mediterra.group\/second-home-utrecht-in-netherlands\/#primaryimage","url":"https:\/\/mediterra.group\/wp-content\/uploads\/2025\/06\/kapak-second-home-utrecht-in-netherlands-result16975357490468oBfr9.webp","contentUrl":"https:\/\/mediterra.group\/wp-content\/uploads\/2025\/06\/kapak-second-home-utrecht-in-netherlands-result16975357490468oBfr9.webp","width":440,"height":225},{"@type":"BreadcrumbList","@id":"https:\/\/mediterra.group\/second-home-utrecht-in-netherlands\/#breadcrumb","itemListElement":[{"@type":"ListItem","position":1,"name":"Home","item":"https:\/\/mediterra.group\/tr\/"},{"@type":"ListItem","position":2,"name":"Hollanda&#8217;deki Second Home Utrecht"}]},{"@type":"WebSite","@id":"https:\/\/mediterra.group\/ar\/#website","url":"https:\/\/mediterra.group\/ar\/","name":"Mediterra Group","description":"","potentialAction":[{"@type":"SearchAction","target":{"@type":"EntryPoint","urlTemplate":"https:\/\/mediterra.group\/ar\/?s={search_term_string}"},"query-input":{"@type":"PropertyValueSpecification","valueRequired":true,"valueName":"search_term_string"}}],"inLanguage":"tr"},{"@type":"Person","@id":"https:\/\/mediterra.group\/ar\/#\/schema\/person\/7db86f2bc7783cf0f27705320203bffb","name":"prfj","image":{"@type":"ImageObject","inLanguage":"tr","@id":"https:\/\/secure.gravatar.com\/avatar\/efc76156b22a6391dfe826fa01e611bcd5dacefe7489936136b7f4d5eb1c0fb4?s=96&d=mm&r=g","url":"https:\/\/secure.gravatar.com\/avatar\/efc76156b22a6391dfe826fa01e611bcd5dacefe7489936136b7f4d5eb1c0fb4?s=96&d=mm&r=g","contentUrl":"https:\/\/secure.gravatar.com\/avatar\/efc76156b22a6391dfe826fa01e611bcd5dacefe7489936136b7f4d5eb1c0fb4?s=96&d=mm&r=g","caption":"prfj"},"sameAs":["https:\/\/mediterra.group"],"url":"https:\/\/mediterra.group\/tr\/author\/prfj\/"}]}},"_links":{"self":[{"href":"https:\/\/mediterra.group\/tr\/wp-json\/wp\/v2\/posts\/33216","targetHints":{"allow":["GET"]}}],"collection":[{"href":"https:\/\/mediterra.group\/tr\/wp-json\/wp\/v2\/posts"}],"about":[{"href":"https:\/\/mediterra.group\/tr\/wp-json\/wp\/v2\/types\/post"}],"author":[{"embeddable":true,"href":"https:\/\/mediterra.group\/tr\/wp-json\/wp\/v2\/users\/1"}],"replies":[{"embeddable":true,"href":"https:\/\/mediterra.group\/tr\/wp-json\/wp\/v2\/comments?post=33216"}],"version-history":[{"count":0,"href":"https:\/\/mediterra.group\/tr\/wp-json\/wp\/v2\/posts\/33216\/revisions"}],"wp:featuredmedia":[{"embeddable":true,"href":"https:\/\/mediterra.group\/tr\/wp-json\/wp\/v2\/media\/24358"}],"wp:attachment":[{"href":"https:\/\/mediterra.group\/tr\/wp-json\/wp\/v2\/media?parent=33216"}],"wp:term":[{"taxonomy":"category","embeddable":true,"href":"https:\/\/mediterra.group\/tr\/wp-json\/wp\/v2\/categories?post=33216"},{"taxonomy":"post_tag","embeddable":true,"href":"https:\/\/mediterra.group\/tr\/wp-json\/wp\/v2\/tags?post=33216"}],"curies":[{"name":"wp","href":"https:\/\/api.w.org\/{rel}","templated":true}]}}