{"id":33207,"date":"2025-06-18T10:41:45","date_gmt":"2025-06-18T10:41:45","guid":{"rendered":"https:\/\/mediterra.group\/sangay-cinde-uluslararasi-mulkiyet-ve-yatirim-gocmenlik-fuari\/"},"modified":"2025-06-18T10:41:45","modified_gmt":"2025-06-18T10:41:45","slug":"sangay-cinde-uluslararasi-mulkiyet-ve-yatirim-gocmenlik-fuari","status":"publish","type":"post","link":"https:\/\/mediterra.group\/tr\/sangay-cinde-uluslararasi-mulkiyet-ve-yatirim-gocmenlik-fuari\/","title":{"rendered":"\u015eangay &#8211; \u00c7in&#8217;de Uluslararas\u0131 M\u00fclkiyet ve Yat\u0131r\u0131m G\u00f6\u00e7menlik Fuar\u0131"},"content":{"rendered":"<div class=\"row\">\n<div class=\"col-11 col-sm-9 col-lg-10\">\n<div class=\"boxes\">\n<div class=\"box-up\">\n<div class=\"event-box\">\n<p>2023 \u015eanghay Uluslararas\u0131 Gayrimenkul Yat\u0131r\u0131m G\u00f6\u00e7menlik Fuar\u0131 5-6 Kas\u0131m 2023 tarihlerinde \u015eanghay&#8217;da d\u00fczenlendi! Sergi, deniza\u015f\u0131r\u0131 gayrimenkul, yat\u0131r\u0131m g\u00f6\u00e7\u00fc, yurtd\u0131\u015f\u0131nda e\u011fitim ve di\u011fer alanlar\u0131 kapsamaktad\u0131r. Shangai ve di\u011fer \u015fehirlerden gelen ziyaret\u00e7ileri a\u011f\u0131rlad\u0131k. Kuzey K\u0131br\u0131s&#8217;tan \u00c7in&#8217;e giden ilk \u015firketiz! Ger\u00e7ekten g\u00fczel i\u015fbirlikleri ve anla\u015fmalar yapt\u0131k.    <\/p>\n<div id='gallery-1' class='gallery galleryid-33207 gallery-columns-3 gallery-size-thumbnail'><figure class='gallery-item'>\n\t\t\t<div class='gallery-icon landscape'>\n\t\t\t\t<a href='https:\/\/mediterra.group\/wp-content\/uploads\/2025\/06\/expochine.webp'><img decoding=\"async\" width=\"150\" height=\"113\" src=\"https:\/\/mediterra.group\/wp-content\/uploads\/2025\/06\/expochine.webp\" class=\"attachment-thumbnail size-thumbnail\" alt=\"\" srcset=\"https:\/\/mediterra.group\/wp-content\/uploads\/2025\/06\/expochine.webp 1600w, https:\/\/mediterra.group\/wp-content\/uploads\/2025\/06\/expochine-1536x1152.webp 1536w, https:\/\/mediterra.group\/wp-content\/uploads\/2025\/06\/expochine-584x438.webp 584w\" sizes=\"(max-width: 150px) 100vw, 150px\" \/><\/a>\n\t\t\t<\/div><\/figure>\n\t\t<\/div>\n\n<\/div>\n<\/div>\n<\/div>\n<\/div>\n<\/div>\n","protected":false},"excerpt":{"rendered":"<p>2023 \u015eanghay Uluslararas\u0131 Gayrimenkul Yat\u0131r\u0131m G\u00f6\u00e7menlik Fuar\u0131 5-6 Kas\u0131m 2023 tarihlerinde \u015eanghay&#8217;da d\u00fczenlendi! Sergi, deniza\u015f\u0131r\u0131 gayrimenkul, yat\u0131r\u0131m g\u00f6\u00e7\u00fc, yurtd\u0131\u015f\u0131nda e\u011fitim ve di\u011fer alanlar\u0131 kapsamaktad\u0131r. Shangai ve di\u011fer \u015fehirlerden gelen ziyaret\u00e7ileri a\u011f\u0131rlad\u0131k. Kuzey K\u0131br\u0131s&#8217;tan \u00c7in&#8217;e giden ilk \u015firketiz! Ger\u00e7ekten g\u00fczel i\u015fbirlikleri ve anla\u015fmalar yapt\u0131k.<\/p>\n","protected":false},"author":1,"featured_media":24298,"comment_status":"open","ping_status":"open","sticky":false,"template":"","format":"standard","meta":{"_acf_changed":false,"footnotes":""},"categories":[256],"tags":[],"class_list":["post-33207","post","type-post","status-publish","format-standard","has-post-thumbnail","hentry","category-etkinlikler"],"acf":[],"yoast_head":"<!-- This site is optimized with the Yoast SEO plugin v27.5 - https:\/\/yoast.com\/product\/yoast-seo-wordpress\/ -->\n<title>\u015eangay - \u00c7in&#039;de Uluslararas\u0131 M\u00fclkiyet ve Yat\u0131r\u0131m G\u00f6\u00e7menlik Fuar\u0131 - Mediterra Group<\/title>\n<meta name=\"robots\" content=\"index, follow, max-snippet:-1, max-image-preview:large, max-video-preview:-1\" \/>\n<link rel=\"canonical\" href=\"https:\/\/mediterra.group\/international-property-investment-immigration-expo-in-shanghai-china\/\" \/>\n<meta property=\"og:locale\" content=\"tr_TR\" \/>\n<meta property=\"og:type\" content=\"article\" \/>\n<meta property=\"og:title\" content=\"\u015eangay - \u00c7in&#039;de Uluslararas\u0131 M\u00fclkiyet ve Yat\u0131r\u0131m G\u00f6\u00e7menlik Fuar\u0131 - Mediterra Group\" \/>\n<meta property=\"og:description\" content=\"2023 \u015eanghay Uluslararas\u0131 Gayrimenkul Yat\u0131r\u0131m G\u00f6\u00e7menlik Fuar\u0131 5-6 Kas\u0131m 2023 tarihlerinde \u015eanghay&#8217;da d\u00fczenlendi! Sergi, deniza\u015f\u0131r\u0131 gayrimenkul, yat\u0131r\u0131m g\u00f6\u00e7\u00fc, yurtd\u0131\u015f\u0131nda e\u011fitim ve di\u011fer alanlar\u0131 kapsamaktad\u0131r. Shangai ve di\u011fer \u015fehirlerden gelen ziyaret\u00e7ileri a\u011f\u0131rlad\u0131k. Kuzey K\u0131br\u0131s&#8217;tan \u00c7in&#8217;e giden ilk \u015firketiz! Ger\u00e7ekten g\u00fczel i\u015fbirlikleri ve anla\u015fmalar yapt\u0131k.\" \/>\n<meta property=\"og:url\" content=\"https:\/\/mediterra.group\/international-property-investment-immigration-expo-in-shanghai-china\/\" \/>\n<meta property=\"og:site_name\" content=\"Mediterra Group\" \/>\n<meta property=\"article:published_time\" content=\"2025-06-18T10:41:45+00:00\" \/>\n<meta property=\"og:image\" content=\"https:\/\/mediterra.group\/wp-content\/uploads\/2025\/06\/mediterra169943542360178DIMk.jpg\" \/>\n\t<meta property=\"og:image:width\" content=\"440\" \/>\n\t<meta property=\"og:image:height\" content=\"225\" \/>\n\t<meta property=\"og:image:type\" content=\"image\/jpeg\" \/>\n<meta name=\"author\" content=\"prfj\" \/>\n<meta name=\"twitter:card\" content=\"summary_large_image\" \/>\n<meta name=\"twitter:label1\" content=\"Yazan:\" \/>\n\t<meta name=\"twitter:data1\" content=\"prfj\" \/>\n<script type=\"application\/ld+json\" class=\"yoast-schema-graph\">{\"@context\":\"https:\\\/\\\/schema.org\",\"@graph\":[{\"@type\":\"Article\",\"@id\":\"https:\\\/\\\/mediterra.group\\\/international-property-investment-immigration-expo-in-shanghai-china\\\/#article\",\"isPartOf\":{\"@id\":\"https:\\\/\\\/mediterra.group\\\/international-property-investment-immigration-expo-in-shanghai-china\\\/\"},\"author\":{\"name\":\"prfj\",\"@id\":\"https:\\\/\\\/mediterra.group\\\/ar\\\/#\\\/schema\\\/person\\\/7db86f2bc7783cf0f27705320203bffb\"},\"headline\":\"\u015eangay &#8211; \u00c7in&#8217;de Uluslararas\u0131 M\u00fclkiyet ve Yat\u0131r\u0131m G\u00f6\u00e7menlik Fuar\u0131\",\"datePublished\":\"2025-06-18T10:41:45+00:00\",\"mainEntityOfPage\":{\"@id\":\"https:\\\/\\\/mediterra.group\\\/international-property-investment-immigration-expo-in-shanghai-china\\\/\"},\"wordCount\":85,\"commentCount\":0,\"image\":{\"@id\":\"https:\\\/\\\/mediterra.group\\\/international-property-investment-immigration-expo-in-shanghai-china\\\/#primaryimage\"},\"thumbnailUrl\":\"https:\\\/\\\/mediterra.group\\\/wp-content\\\/uploads\\\/2025\\\/06\\\/mediterra169943542360178DIMk.jpg\",\"articleSection\":[\"ETK\u0130NL\u0130KLER\"],\"inLanguage\":\"tr\",\"potentialAction\":[{\"@type\":\"CommentAction\",\"name\":\"Comment\",\"target\":[\"https:\\\/\\\/mediterra.group\\\/international-property-investment-immigration-expo-in-shanghai-china\\\/#respond\"]}]},{\"@type\":\"WebPage\",\"@id\":\"https:\\\/\\\/mediterra.group\\\/international-property-investment-immigration-expo-in-shanghai-china\\\/\",\"url\":\"https:\\\/\\\/mediterra.group\\\/international-property-investment-immigration-expo-in-shanghai-china\\\/\",\"name\":\"\u015eangay - \u00c7in'de Uluslararas\u0131 M\u00fclkiyet ve Yat\u0131r\u0131m G\u00f6\u00e7menlik Fuar\u0131 - Mediterra Group\",\"isPartOf\":{\"@id\":\"https:\\\/\\\/mediterra.group\\\/ar\\\/#website\"},\"primaryImageOfPage\":{\"@id\":\"https:\\\/\\\/mediterra.group\\\/international-property-investment-immigration-expo-in-shanghai-china\\\/#primaryimage\"},\"image\":{\"@id\":\"https:\\\/\\\/mediterra.group\\\/international-property-investment-immigration-expo-in-shanghai-china\\\/#primaryimage\"},\"thumbnailUrl\":\"https:\\\/\\\/mediterra.group\\\/wp-content\\\/uploads\\\/2025\\\/06\\\/mediterra169943542360178DIMk.jpg\",\"datePublished\":\"2025-06-18T10:41:45+00:00\",\"author\":{\"@id\":\"https:\\\/\\\/mediterra.group\\\/ar\\\/#\\\/schema\\\/person\\\/7db86f2bc7783cf0f27705320203bffb\"},\"breadcrumb\":{\"@id\":\"https:\\\/\\\/mediterra.group\\\/international-property-investment-immigration-expo-in-shanghai-china\\\/#breadcrumb\"},\"inLanguage\":\"tr\",\"potentialAction\":[{\"@type\":\"ReadAction\",\"target\":[\"https:\\\/\\\/mediterra.group\\\/international-property-investment-immigration-expo-in-shanghai-china\\\/\"]}]},{\"@type\":\"ImageObject\",\"inLanguage\":\"tr\",\"@id\":\"https:\\\/\\\/mediterra.group\\\/international-property-investment-immigration-expo-in-shanghai-china\\\/#primaryimage\",\"url\":\"https:\\\/\\\/mediterra.group\\\/wp-content\\\/uploads\\\/2025\\\/06\\\/mediterra169943542360178DIMk.jpg\",\"contentUrl\":\"https:\\\/\\\/mediterra.group\\\/wp-content\\\/uploads\\\/2025\\\/06\\\/mediterra169943542360178DIMk.jpg\",\"width\":440,\"height\":225},{\"@type\":\"BreadcrumbList\",\"@id\":\"https:\\\/\\\/mediterra.group\\\/international-property-investment-immigration-expo-in-shanghai-china\\\/#breadcrumb\",\"itemListElement\":[{\"@type\":\"ListItem\",\"position\":1,\"name\":\"Home\",\"item\":\"https:\\\/\\\/mediterra.group\\\/tr\\\/\"},{\"@type\":\"ListItem\",\"position\":2,\"name\":\"\u015eangay &#8211; \u00c7in&#8217;de Uluslararas\u0131 M\u00fclkiyet ve Yat\u0131r\u0131m G\u00f6\u00e7menlik Fuar\u0131\"}]},{\"@type\":\"WebSite\",\"@id\":\"https:\\\/\\\/mediterra.group\\\/ar\\\/#website\",\"url\":\"https:\\\/\\\/mediterra.group\\\/ar\\\/\",\"name\":\"Mediterra Group\",\"description\":\"\",\"potentialAction\":[{\"@type\":\"SearchAction\",\"target\":{\"@type\":\"EntryPoint\",\"urlTemplate\":\"https:\\\/\\\/mediterra.group\\\/ar\\\/?s={search_term_string}\"},\"query-input\":{\"@type\":\"PropertyValueSpecification\",\"valueRequired\":true,\"valueName\":\"search_term_string\"}}],\"inLanguage\":\"tr\"},{\"@type\":\"Person\",\"@id\":\"https:\\\/\\\/mediterra.group\\\/ar\\\/#\\\/schema\\\/person\\\/7db86f2bc7783cf0f27705320203bffb\",\"name\":\"prfj\",\"image\":{\"@type\":\"ImageObject\",\"inLanguage\":\"tr\",\"@id\":\"https:\\\/\\\/secure.gravatar.com\\\/avatar\\\/efc76156b22a6391dfe826fa01e611bcd5dacefe7489936136b7f4d5eb1c0fb4?s=96&d=mm&r=g\",\"url\":\"https:\\\/\\\/secure.gravatar.com\\\/avatar\\\/efc76156b22a6391dfe826fa01e611bcd5dacefe7489936136b7f4d5eb1c0fb4?s=96&d=mm&r=g\",\"contentUrl\":\"https:\\\/\\\/secure.gravatar.com\\\/avatar\\\/efc76156b22a6391dfe826fa01e611bcd5dacefe7489936136b7f4d5eb1c0fb4?s=96&d=mm&r=g\",\"caption\":\"prfj\"},\"sameAs\":[\"https:\\\/\\\/mediterra.group\"],\"url\":\"https:\\\/\\\/mediterra.group\\\/tr\\\/author\\\/prfj\\\/\"}]}<\/script>\n<!-- \/ Yoast SEO plugin. -->","yoast_head_json":{"title":"\u015eangay - \u00c7in'de Uluslararas\u0131 M\u00fclkiyet ve Yat\u0131r\u0131m G\u00f6\u00e7menlik Fuar\u0131 - Mediterra Group","robots":{"index":"index","follow":"follow","max-snippet":"max-snippet:-1","max-image-preview":"max-image-preview:large","max-video-preview":"max-video-preview:-1"},"canonical":"https:\/\/mediterra.group\/international-property-investment-immigration-expo-in-shanghai-china\/","og_locale":"tr_TR","og_type":"article","og_title":"\u015eangay - \u00c7in'de Uluslararas\u0131 M\u00fclkiyet ve Yat\u0131r\u0131m G\u00f6\u00e7menlik Fuar\u0131 - Mediterra Group","og_description":"2023 \u015eanghay Uluslararas\u0131 Gayrimenkul Yat\u0131r\u0131m G\u00f6\u00e7menlik Fuar\u0131 5-6 Kas\u0131m 2023 tarihlerinde \u015eanghay&#8217;da d\u00fczenlendi! Sergi, deniza\u015f\u0131r\u0131 gayrimenkul, yat\u0131r\u0131m g\u00f6\u00e7\u00fc, yurtd\u0131\u015f\u0131nda e\u011fitim ve di\u011fer alanlar\u0131 kapsamaktad\u0131r. Shangai ve di\u011fer \u015fehirlerden gelen ziyaret\u00e7ileri a\u011f\u0131rlad\u0131k. Kuzey K\u0131br\u0131s&#8217;tan \u00c7in&#8217;e giden ilk \u015firketiz! Ger\u00e7ekten g\u00fczel i\u015fbirlikleri ve anla\u015fmalar yapt\u0131k.","og_url":"https:\/\/mediterra.group\/international-property-investment-immigration-expo-in-shanghai-china\/","og_site_name":"Mediterra Group","article_published_time":"2025-06-18T10:41:45+00:00","og_image":[{"width":440,"height":225,"url":"https:\/\/mediterra.group\/wp-content\/uploads\/2025\/06\/mediterra169943542360178DIMk.jpg","type":"image\/jpeg"}],"author":"prfj","twitter_card":"summary_large_image","twitter_misc":{"Yazan:":"prfj"},"schema":{"@context":"https:\/\/schema.org","@graph":[{"@type":"Article","@id":"https:\/\/mediterra.group\/international-property-investment-immigration-expo-in-shanghai-china\/#article","isPartOf":{"@id":"https:\/\/mediterra.group\/international-property-investment-immigration-expo-in-shanghai-china\/"},"author":{"name":"prfj","@id":"https:\/\/mediterra.group\/ar\/#\/schema\/person\/7db86f2bc7783cf0f27705320203bffb"},"headline":"\u015eangay &#8211; \u00c7in&#8217;de Uluslararas\u0131 M\u00fclkiyet ve Yat\u0131r\u0131m G\u00f6\u00e7menlik Fuar\u0131","datePublished":"2025-06-18T10:41:45+00:00","mainEntityOfPage":{"@id":"https:\/\/mediterra.group\/international-property-investment-immigration-expo-in-shanghai-china\/"},"wordCount":85,"commentCount":0,"image":{"@id":"https:\/\/mediterra.group\/international-property-investment-immigration-expo-in-shanghai-china\/#primaryimage"},"thumbnailUrl":"https:\/\/mediterra.group\/wp-content\/uploads\/2025\/06\/mediterra169943542360178DIMk.jpg","articleSection":["ETK\u0130NL\u0130KLER"],"inLanguage":"tr","potentialAction":[{"@type":"CommentAction","name":"Comment","target":["https:\/\/mediterra.group\/international-property-investment-immigration-expo-in-shanghai-china\/#respond"]}]},{"@type":"WebPage","@id":"https:\/\/mediterra.group\/international-property-investment-immigration-expo-in-shanghai-china\/","url":"https:\/\/mediterra.group\/international-property-investment-immigration-expo-in-shanghai-china\/","name":"\u015eangay - \u00c7in'de Uluslararas\u0131 M\u00fclkiyet ve Yat\u0131r\u0131m G\u00f6\u00e7menlik Fuar\u0131 - Mediterra Group","isPartOf":{"@id":"https:\/\/mediterra.group\/ar\/#website"},"primaryImageOfPage":{"@id":"https:\/\/mediterra.group\/international-property-investment-immigration-expo-in-shanghai-china\/#primaryimage"},"image":{"@id":"https:\/\/mediterra.group\/international-property-investment-immigration-expo-in-shanghai-china\/#primaryimage"},"thumbnailUrl":"https:\/\/mediterra.group\/wp-content\/uploads\/2025\/06\/mediterra169943542360178DIMk.jpg","datePublished":"2025-06-18T10:41:45+00:00","author":{"@id":"https:\/\/mediterra.group\/ar\/#\/schema\/person\/7db86f2bc7783cf0f27705320203bffb"},"breadcrumb":{"@id":"https:\/\/mediterra.group\/international-property-investment-immigration-expo-in-shanghai-china\/#breadcrumb"},"inLanguage":"tr","potentialAction":[{"@type":"ReadAction","target":["https:\/\/mediterra.group\/international-property-investment-immigration-expo-in-shanghai-china\/"]}]},{"@type":"ImageObject","inLanguage":"tr","@id":"https:\/\/mediterra.group\/international-property-investment-immigration-expo-in-shanghai-china\/#primaryimage","url":"https:\/\/mediterra.group\/wp-content\/uploads\/2025\/06\/mediterra169943542360178DIMk.jpg","contentUrl":"https:\/\/mediterra.group\/wp-content\/uploads\/2025\/06\/mediterra169943542360178DIMk.jpg","width":440,"height":225},{"@type":"BreadcrumbList","@id":"https:\/\/mediterra.group\/international-property-investment-immigration-expo-in-shanghai-china\/#breadcrumb","itemListElement":[{"@type":"ListItem","position":1,"name":"Home","item":"https:\/\/mediterra.group\/tr\/"},{"@type":"ListItem","position":2,"name":"\u015eangay &#8211; \u00c7in&#8217;de Uluslararas\u0131 M\u00fclkiyet ve Yat\u0131r\u0131m G\u00f6\u00e7menlik Fuar\u0131"}]},{"@type":"WebSite","@id":"https:\/\/mediterra.group\/ar\/#website","url":"https:\/\/mediterra.group\/ar\/","name":"Mediterra Group","description":"","potentialAction":[{"@type":"SearchAction","target":{"@type":"EntryPoint","urlTemplate":"https:\/\/mediterra.group\/ar\/?s={search_term_string}"},"query-input":{"@type":"PropertyValueSpecification","valueRequired":true,"valueName":"search_term_string"}}],"inLanguage":"tr"},{"@type":"Person","@id":"https:\/\/mediterra.group\/ar\/#\/schema\/person\/7db86f2bc7783cf0f27705320203bffb","name":"prfj","image":{"@type":"ImageObject","inLanguage":"tr","@id":"https:\/\/secure.gravatar.com\/avatar\/efc76156b22a6391dfe826fa01e611bcd5dacefe7489936136b7f4d5eb1c0fb4?s=96&d=mm&r=g","url":"https:\/\/secure.gravatar.com\/avatar\/efc76156b22a6391dfe826fa01e611bcd5dacefe7489936136b7f4d5eb1c0fb4?s=96&d=mm&r=g","contentUrl":"https:\/\/secure.gravatar.com\/avatar\/efc76156b22a6391dfe826fa01e611bcd5dacefe7489936136b7f4d5eb1c0fb4?s=96&d=mm&r=g","caption":"prfj"},"sameAs":["https:\/\/mediterra.group"],"url":"https:\/\/mediterra.group\/tr\/author\/prfj\/"}]}},"_links":{"self":[{"href":"https:\/\/mediterra.group\/tr\/wp-json\/wp\/v2\/posts\/33207","targetHints":{"allow":["GET"]}}],"collection":[{"href":"https:\/\/mediterra.group\/tr\/wp-json\/wp\/v2\/posts"}],"about":[{"href":"https:\/\/mediterra.group\/tr\/wp-json\/wp\/v2\/types\/post"}],"author":[{"embeddable":true,"href":"https:\/\/mediterra.group\/tr\/wp-json\/wp\/v2\/users\/1"}],"replies":[{"embeddable":true,"href":"https:\/\/mediterra.group\/tr\/wp-json\/wp\/v2\/comments?post=33207"}],"version-history":[{"count":0,"href":"https:\/\/mediterra.group\/tr\/wp-json\/wp\/v2\/posts\/33207\/revisions"}],"wp:featuredmedia":[{"embeddable":true,"href":"https:\/\/mediterra.group\/tr\/wp-json\/wp\/v2\/media\/24298"}],"wp:attachment":[{"href":"https:\/\/mediterra.group\/tr\/wp-json\/wp\/v2\/media?parent=33207"}],"wp:term":[{"taxonomy":"category","embeddable":true,"href":"https:\/\/mediterra.group\/tr\/wp-json\/wp\/v2\/categories?post=33207"},{"taxonomy":"post_tag","embeddable":true,"href":"https:\/\/mediterra.group\/tr\/wp-json\/wp\/v2\/tags?post=33207"}],"curies":[{"name":"wp","href":"https:\/\/api.w.org\/{rel}","templated":true}]}}