{"id":33182,"date":"2025-06-18T10:38:59","date_gmt":"2025-06-18T10:38:59","guid":{"rendered":"https:\/\/mediterra.group\/kuzey-kibrista-yasamin-populerligi-her-gecen-gun-artmaya-devam-ediyor\/"},"modified":"2025-06-18T10:38:59","modified_gmt":"2025-06-18T10:38:59","slug":"kuzey-kibrista-yasamin-populerligi-her-gecen-gun-artmaya-devam-ediyor","status":"publish","type":"post","link":"https:\/\/mediterra.group\/tr\/kuzey-kibrista-yasamin-populerligi-her-gecen-gun-artmaya-devam-ediyor\/","title":{"rendered":"Kuzey K\u0131br\u0131s&#8217;ta Ya\u015fam\u0131n Pop\u00fclerli\u011fi Her Ge\u00e7en G\u00fcn Artmaya Devam Ediyor"},"content":{"rendered":"<p>Pitoresk manzaralar\u0131, zengin k\u00fclt\u00fcrel miras\u0131 ve rahat Akdeniz ya\u015fam tarz\u0131yla Kuzey K\u0131br\u0131s, huzurlu ve tatmin edici bir ya\u015fam arayan bireylerin giderek daha fazla tercih etti\u011fi bir yer haline geliyor. Kuzey K\u0131br\u0131s&#8217;\u0131n pop\u00fclaritesi her ge\u00e7en g\u00fcn artmaya devam ederken, bu g\u00fczel b\u00f6lgede ya\u015faman\u0131n cazibesi de a\u00e7\u0131k\u00e7a g\u00f6r\u00fclmektedir. <\/p>\n<p>Kuzey K\u0131br\u0131s&#8217;a artan ilginin ba\u015fl\u0131ca nedenlerinden biri sakin ve rahat atmosferidir. Kuzey K\u0131br\u0131s, b\u00fcy\u00fck \u015fehirlerin ko\u015fu\u015fturmacas\u0131ndan uzakta, sakinlerinin daha yava\u015f bir ya\u015fam temposunun tad\u0131n\u0131 \u00e7\u0131karabilece\u011fi ve do\u011fayla yeniden ba\u011flant\u0131 kurabilece\u011fi sakin bir ortam sunmaktad\u0131r. B\u00fcy\u00fcleyici sahil k\u00f6ylerinden \u015firin da\u011f kasabalar\u0131na kadar, b\u00f6lgenin her yerinde yank\u0131lanan bir \u00f6zg\u00fcnl\u00fck ve sadelik duygusu vard\u0131r.  <\/p>\n<div id='gallery-1' class='gallery galleryid-33182 gallery-columns-3 gallery-size-thumbnail'><figure class='gallery-item'>\n\t\t\t<div class='gallery-icon landscape'>\n\t\t\t\t<a href='https:\/\/mediterra.group\/wp-content\/uploads\/2025\/06\/4-2.webp'><img decoding=\"async\" width=\"150\" height=\"136\" src=\"https:\/\/mediterra.group\/wp-content\/uploads\/2025\/06\/4-2.webp\" class=\"attachment-thumbnail size-thumbnail\" alt=\"\" \/><\/a>\n\t\t\t<\/div><\/figure>\n\t\t<\/div>\n\n","protected":false},"excerpt":{"rendered":"<p>Pitoresk manzaralar\u0131, zengin k\u00fclt\u00fcrel miras\u0131 ve rahat Akdeniz ya\u015fam tarz\u0131yla Kuzey K\u0131br\u0131s, huzurlu ve tatmin edici bir ya\u015fam arayan bireylerin giderek daha fazla tercih etti\u011fi bir yer haline geliyor. Kuzey K\u0131br\u0131s&#8217;\u0131n pop\u00fclaritesi her ge\u00e7en g\u00fcn artmaya devam ederken, bu g\u00fczel b\u00f6lgede ya\u015faman\u0131n cazibesi de a\u00e7\u0131k\u00e7a g\u00f6r\u00fclmektedir. Kuzey K\u0131br\u0131s&#8217;a artan ilginin ba\u015fl\u0131ca nedenlerinden biri sakin ve [&hellip;]<\/p>\n","protected":false},"author":1,"featured_media":24228,"comment_status":"open","ping_status":"open","sticky":false,"template":"","format":"standard","meta":{"_acf_changed":false,"footnotes":""},"categories":[205,245],"tags":[],"class_list":["post-33182","post","type-post","status-publish","format-standard","has-post-thumbnail","hentry","category-gayrimenkul","category-yasam-tarzi"],"acf":[],"yoast_head":"<!-- This site is optimized with the Yoast SEO plugin v27.5 - https:\/\/yoast.com\/product\/yoast-seo-wordpress\/ -->\n<title>Kuzey K\u0131br\u0131s&#039;ta Ya\u015fam\u0131n Pop\u00fclerli\u011fi Her Ge\u00e7en G\u00fcn Artmaya Devam Ediyor - Mediterra Group<\/title>\n<meta name=\"robots\" content=\"index, follow, max-snippet:-1, max-image-preview:large, max-video-preview:-1\" \/>\n<link rel=\"canonical\" href=\"https:\/\/mediterra.group\/the-popularity-of-living-in-northern-cyprus-continues-to-grow-day-by-day\/\" \/>\n<meta property=\"og:locale\" content=\"tr_TR\" \/>\n<meta property=\"og:type\" content=\"article\" \/>\n<meta property=\"og:title\" content=\"Kuzey K\u0131br\u0131s&#039;ta Ya\u015fam\u0131n Pop\u00fclerli\u011fi Her Ge\u00e7en G\u00fcn Artmaya Devam Ediyor - Mediterra Group\" \/>\n<meta property=\"og:description\" content=\"Pitoresk manzaralar\u0131, zengin k\u00fclt\u00fcrel miras\u0131 ve rahat Akdeniz ya\u015fam tarz\u0131yla Kuzey K\u0131br\u0131s, huzurlu ve tatmin edici bir ya\u015fam arayan bireylerin giderek daha fazla tercih etti\u011fi bir yer haline geliyor. Kuzey K\u0131br\u0131s&#8217;\u0131n pop\u00fclaritesi her ge\u00e7en g\u00fcn artmaya devam ederken, bu g\u00fczel b\u00f6lgede ya\u015faman\u0131n cazibesi de a\u00e7\u0131k\u00e7a g\u00f6r\u00fclmektedir. Kuzey K\u0131br\u0131s&#8217;a artan ilginin ba\u015fl\u0131ca nedenlerinden biri sakin ve [&hellip;]\" \/>\n<meta property=\"og:url\" content=\"https:\/\/mediterra.group\/the-popularity-of-living-in-northern-cyprus-continues-to-grow-day-by-day\/\" \/>\n<meta property=\"og:site_name\" content=\"Mediterra Group\" \/>\n<meta property=\"article:published_time\" content=\"2025-06-18T10:38:59+00:00\" \/>\n<meta property=\"og:image\" content=\"https:\/\/mediterra.group\/wp-content\/uploads\/2025\/06\/the-popularty17156053349248LOk9h.webp\" \/>\n\t<meta property=\"og:image:width\" content=\"416\" \/>\n\t<meta property=\"og:image:height\" content=\"234\" \/>\n\t<meta property=\"og:image:type\" content=\"image\/webp\" \/>\n<meta name=\"author\" content=\"prfj\" \/>\n<meta name=\"twitter:card\" content=\"summary_large_image\" \/>\n<meta name=\"twitter:label1\" content=\"Yazan:\" \/>\n\t<meta name=\"twitter:data1\" content=\"prfj\" \/>\n\t<meta name=\"twitter:label2\" content=\"Tahmini okuma s\u00fcresi\" \/>\n\t<meta name=\"twitter:data2\" content=\"1 dakika\" \/>\n<script type=\"application\/ld+json\" class=\"yoast-schema-graph\">{\"@context\":\"https:\\\/\\\/schema.org\",\"@graph\":[{\"@type\":\"Article\",\"@id\":\"https:\\\/\\\/mediterra.group\\\/the-popularity-of-living-in-northern-cyprus-continues-to-grow-day-by-day\\\/#article\",\"isPartOf\":{\"@id\":\"https:\\\/\\\/mediterra.group\\\/the-popularity-of-living-in-northern-cyprus-continues-to-grow-day-by-day\\\/\"},\"author\":{\"name\":\"prfj\",\"@id\":\"https:\\\/\\\/mediterra.group\\\/ar\\\/#\\\/schema\\\/person\\\/7db86f2bc7783cf0f27705320203bffb\"},\"headline\":\"Kuzey K\u0131br\u0131s&#8217;ta Ya\u015fam\u0131n Pop\u00fclerli\u011fi Her Ge\u00e7en G\u00fcn Artmaya Devam Ediyor\",\"datePublished\":\"2025-06-18T10:38:59+00:00\",\"mainEntityOfPage\":{\"@id\":\"https:\\\/\\\/mediterra.group\\\/the-popularity-of-living-in-northern-cyprus-continues-to-grow-day-by-day\\\/\"},\"wordCount\":170,\"commentCount\":0,\"image\":{\"@id\":\"https:\\\/\\\/mediterra.group\\\/the-popularity-of-living-in-northern-cyprus-continues-to-grow-day-by-day\\\/#primaryimage\"},\"thumbnailUrl\":\"https:\\\/\\\/mediterra.group\\\/wp-content\\\/uploads\\\/2025\\\/06\\\/the-popularty17156053349248LOk9h.webp\",\"articleSection\":[\"GAYR\u0130MENKUL\",\"YA\u015eAM TARZI\"],\"inLanguage\":\"tr\",\"potentialAction\":[{\"@type\":\"CommentAction\",\"name\":\"Comment\",\"target\":[\"https:\\\/\\\/mediterra.group\\\/the-popularity-of-living-in-northern-cyprus-continues-to-grow-day-by-day\\\/#respond\"]}]},{\"@type\":\"WebPage\",\"@id\":\"https:\\\/\\\/mediterra.group\\\/the-popularity-of-living-in-northern-cyprus-continues-to-grow-day-by-day\\\/\",\"url\":\"https:\\\/\\\/mediterra.group\\\/the-popularity-of-living-in-northern-cyprus-continues-to-grow-day-by-day\\\/\",\"name\":\"Kuzey K\u0131br\u0131s'ta Ya\u015fam\u0131n Pop\u00fclerli\u011fi Her Ge\u00e7en G\u00fcn Artmaya Devam Ediyor - Mediterra Group\",\"isPartOf\":{\"@id\":\"https:\\\/\\\/mediterra.group\\\/ar\\\/#website\"},\"primaryImageOfPage\":{\"@id\":\"https:\\\/\\\/mediterra.group\\\/the-popularity-of-living-in-northern-cyprus-continues-to-grow-day-by-day\\\/#primaryimage\"},\"image\":{\"@id\":\"https:\\\/\\\/mediterra.group\\\/the-popularity-of-living-in-northern-cyprus-continues-to-grow-day-by-day\\\/#primaryimage\"},\"thumbnailUrl\":\"https:\\\/\\\/mediterra.group\\\/wp-content\\\/uploads\\\/2025\\\/06\\\/the-popularty17156053349248LOk9h.webp\",\"datePublished\":\"2025-06-18T10:38:59+00:00\",\"author\":{\"@id\":\"https:\\\/\\\/mediterra.group\\\/ar\\\/#\\\/schema\\\/person\\\/7db86f2bc7783cf0f27705320203bffb\"},\"breadcrumb\":{\"@id\":\"https:\\\/\\\/mediterra.group\\\/the-popularity-of-living-in-northern-cyprus-continues-to-grow-day-by-day\\\/#breadcrumb\"},\"inLanguage\":\"tr\",\"potentialAction\":[{\"@type\":\"ReadAction\",\"target\":[\"https:\\\/\\\/mediterra.group\\\/the-popularity-of-living-in-northern-cyprus-continues-to-grow-day-by-day\\\/\"]}]},{\"@type\":\"ImageObject\",\"inLanguage\":\"tr\",\"@id\":\"https:\\\/\\\/mediterra.group\\\/the-popularity-of-living-in-northern-cyprus-continues-to-grow-day-by-day\\\/#primaryimage\",\"url\":\"https:\\\/\\\/mediterra.group\\\/wp-content\\\/uploads\\\/2025\\\/06\\\/the-popularty17156053349248LOk9h.webp\",\"contentUrl\":\"https:\\\/\\\/mediterra.group\\\/wp-content\\\/uploads\\\/2025\\\/06\\\/the-popularty17156053349248LOk9h.webp\",\"width\":416,\"height\":234},{\"@type\":\"BreadcrumbList\",\"@id\":\"https:\\\/\\\/mediterra.group\\\/the-popularity-of-living-in-northern-cyprus-continues-to-grow-day-by-day\\\/#breadcrumb\",\"itemListElement\":[{\"@type\":\"ListItem\",\"position\":1,\"name\":\"Home\",\"item\":\"https:\\\/\\\/mediterra.group\\\/tr\\\/\"},{\"@type\":\"ListItem\",\"position\":2,\"name\":\"Kuzey K\u0131br\u0131s&#8217;ta Ya\u015fam\u0131n Pop\u00fclerli\u011fi Her Ge\u00e7en G\u00fcn Artmaya Devam Ediyor\"}]},{\"@type\":\"WebSite\",\"@id\":\"https:\\\/\\\/mediterra.group\\\/ar\\\/#website\",\"url\":\"https:\\\/\\\/mediterra.group\\\/ar\\\/\",\"name\":\"Mediterra Group\",\"description\":\"\",\"potentialAction\":[{\"@type\":\"SearchAction\",\"target\":{\"@type\":\"EntryPoint\",\"urlTemplate\":\"https:\\\/\\\/mediterra.group\\\/ar\\\/?s={search_term_string}\"},\"query-input\":{\"@type\":\"PropertyValueSpecification\",\"valueRequired\":true,\"valueName\":\"search_term_string\"}}],\"inLanguage\":\"tr\"},{\"@type\":\"Person\",\"@id\":\"https:\\\/\\\/mediterra.group\\\/ar\\\/#\\\/schema\\\/person\\\/7db86f2bc7783cf0f27705320203bffb\",\"name\":\"prfj\",\"image\":{\"@type\":\"ImageObject\",\"inLanguage\":\"tr\",\"@id\":\"https:\\\/\\\/secure.gravatar.com\\\/avatar\\\/efc76156b22a6391dfe826fa01e611bcd5dacefe7489936136b7f4d5eb1c0fb4?s=96&d=mm&r=g\",\"url\":\"https:\\\/\\\/secure.gravatar.com\\\/avatar\\\/efc76156b22a6391dfe826fa01e611bcd5dacefe7489936136b7f4d5eb1c0fb4?s=96&d=mm&r=g\",\"contentUrl\":\"https:\\\/\\\/secure.gravatar.com\\\/avatar\\\/efc76156b22a6391dfe826fa01e611bcd5dacefe7489936136b7f4d5eb1c0fb4?s=96&d=mm&r=g\",\"caption\":\"prfj\"},\"sameAs\":[\"https:\\\/\\\/mediterra.group\"],\"url\":\"https:\\\/\\\/mediterra.group\\\/tr\\\/author\\\/prfj\\\/\"}]}<\/script>\n<!-- \/ Yoast SEO plugin. -->","yoast_head_json":{"title":"Kuzey K\u0131br\u0131s'ta Ya\u015fam\u0131n Pop\u00fclerli\u011fi Her Ge\u00e7en G\u00fcn Artmaya Devam Ediyor - Mediterra Group","robots":{"index":"index","follow":"follow","max-snippet":"max-snippet:-1","max-image-preview":"max-image-preview:large","max-video-preview":"max-video-preview:-1"},"canonical":"https:\/\/mediterra.group\/the-popularity-of-living-in-northern-cyprus-continues-to-grow-day-by-day\/","og_locale":"tr_TR","og_type":"article","og_title":"Kuzey K\u0131br\u0131s'ta Ya\u015fam\u0131n Pop\u00fclerli\u011fi Her Ge\u00e7en G\u00fcn Artmaya Devam Ediyor - Mediterra Group","og_description":"Pitoresk manzaralar\u0131, zengin k\u00fclt\u00fcrel miras\u0131 ve rahat Akdeniz ya\u015fam tarz\u0131yla Kuzey K\u0131br\u0131s, huzurlu ve tatmin edici bir ya\u015fam arayan bireylerin giderek daha fazla tercih etti\u011fi bir yer haline geliyor. Kuzey K\u0131br\u0131s&#8217;\u0131n pop\u00fclaritesi her ge\u00e7en g\u00fcn artmaya devam ederken, bu g\u00fczel b\u00f6lgede ya\u015faman\u0131n cazibesi de a\u00e7\u0131k\u00e7a g\u00f6r\u00fclmektedir. Kuzey K\u0131br\u0131s&#8217;a artan ilginin ba\u015fl\u0131ca nedenlerinden biri sakin ve [&hellip;]","og_url":"https:\/\/mediterra.group\/the-popularity-of-living-in-northern-cyprus-continues-to-grow-day-by-day\/","og_site_name":"Mediterra Group","article_published_time":"2025-06-18T10:38:59+00:00","og_image":[{"width":416,"height":234,"url":"https:\/\/mediterra.group\/wp-content\/uploads\/2025\/06\/the-popularty17156053349248LOk9h.webp","type":"image\/webp"}],"author":"prfj","twitter_card":"summary_large_image","twitter_misc":{"Yazan:":"prfj","Tahmini okuma s\u00fcresi":"1 dakika"},"schema":{"@context":"https:\/\/schema.org","@graph":[{"@type":"Article","@id":"https:\/\/mediterra.group\/the-popularity-of-living-in-northern-cyprus-continues-to-grow-day-by-day\/#article","isPartOf":{"@id":"https:\/\/mediterra.group\/the-popularity-of-living-in-northern-cyprus-continues-to-grow-day-by-day\/"},"author":{"name":"prfj","@id":"https:\/\/mediterra.group\/ar\/#\/schema\/person\/7db86f2bc7783cf0f27705320203bffb"},"headline":"Kuzey K\u0131br\u0131s&#8217;ta Ya\u015fam\u0131n Pop\u00fclerli\u011fi Her Ge\u00e7en G\u00fcn Artmaya Devam Ediyor","datePublished":"2025-06-18T10:38:59+00:00","mainEntityOfPage":{"@id":"https:\/\/mediterra.group\/the-popularity-of-living-in-northern-cyprus-continues-to-grow-day-by-day\/"},"wordCount":170,"commentCount":0,"image":{"@id":"https:\/\/mediterra.group\/the-popularity-of-living-in-northern-cyprus-continues-to-grow-day-by-day\/#primaryimage"},"thumbnailUrl":"https:\/\/mediterra.group\/wp-content\/uploads\/2025\/06\/the-popularty17156053349248LOk9h.webp","articleSection":["GAYR\u0130MENKUL","YA\u015eAM TARZI"],"inLanguage":"tr","potentialAction":[{"@type":"CommentAction","name":"Comment","target":["https:\/\/mediterra.group\/the-popularity-of-living-in-northern-cyprus-continues-to-grow-day-by-day\/#respond"]}]},{"@type":"WebPage","@id":"https:\/\/mediterra.group\/the-popularity-of-living-in-northern-cyprus-continues-to-grow-day-by-day\/","url":"https:\/\/mediterra.group\/the-popularity-of-living-in-northern-cyprus-continues-to-grow-day-by-day\/","name":"Kuzey K\u0131br\u0131s'ta Ya\u015fam\u0131n Pop\u00fclerli\u011fi Her Ge\u00e7en G\u00fcn Artmaya Devam Ediyor - Mediterra Group","isPartOf":{"@id":"https:\/\/mediterra.group\/ar\/#website"},"primaryImageOfPage":{"@id":"https:\/\/mediterra.group\/the-popularity-of-living-in-northern-cyprus-continues-to-grow-day-by-day\/#primaryimage"},"image":{"@id":"https:\/\/mediterra.group\/the-popularity-of-living-in-northern-cyprus-continues-to-grow-day-by-day\/#primaryimage"},"thumbnailUrl":"https:\/\/mediterra.group\/wp-content\/uploads\/2025\/06\/the-popularty17156053349248LOk9h.webp","datePublished":"2025-06-18T10:38:59+00:00","author":{"@id":"https:\/\/mediterra.group\/ar\/#\/schema\/person\/7db86f2bc7783cf0f27705320203bffb"},"breadcrumb":{"@id":"https:\/\/mediterra.group\/the-popularity-of-living-in-northern-cyprus-continues-to-grow-day-by-day\/#breadcrumb"},"inLanguage":"tr","potentialAction":[{"@type":"ReadAction","target":["https:\/\/mediterra.group\/the-popularity-of-living-in-northern-cyprus-continues-to-grow-day-by-day\/"]}]},{"@type":"ImageObject","inLanguage":"tr","@id":"https:\/\/mediterra.group\/the-popularity-of-living-in-northern-cyprus-continues-to-grow-day-by-day\/#primaryimage","url":"https:\/\/mediterra.group\/wp-content\/uploads\/2025\/06\/the-popularty17156053349248LOk9h.webp","contentUrl":"https:\/\/mediterra.group\/wp-content\/uploads\/2025\/06\/the-popularty17156053349248LOk9h.webp","width":416,"height":234},{"@type":"BreadcrumbList","@id":"https:\/\/mediterra.group\/the-popularity-of-living-in-northern-cyprus-continues-to-grow-day-by-day\/#breadcrumb","itemListElement":[{"@type":"ListItem","position":1,"name":"Home","item":"https:\/\/mediterra.group\/tr\/"},{"@type":"ListItem","position":2,"name":"Kuzey K\u0131br\u0131s&#8217;ta Ya\u015fam\u0131n Pop\u00fclerli\u011fi Her Ge\u00e7en G\u00fcn Artmaya Devam Ediyor"}]},{"@type":"WebSite","@id":"https:\/\/mediterra.group\/ar\/#website","url":"https:\/\/mediterra.group\/ar\/","name":"Mediterra Group","description":"","potentialAction":[{"@type":"SearchAction","target":{"@type":"EntryPoint","urlTemplate":"https:\/\/mediterra.group\/ar\/?s={search_term_string}"},"query-input":{"@type":"PropertyValueSpecification","valueRequired":true,"valueName":"search_term_string"}}],"inLanguage":"tr"},{"@type":"Person","@id":"https:\/\/mediterra.group\/ar\/#\/schema\/person\/7db86f2bc7783cf0f27705320203bffb","name":"prfj","image":{"@type":"ImageObject","inLanguage":"tr","@id":"https:\/\/secure.gravatar.com\/avatar\/efc76156b22a6391dfe826fa01e611bcd5dacefe7489936136b7f4d5eb1c0fb4?s=96&d=mm&r=g","url":"https:\/\/secure.gravatar.com\/avatar\/efc76156b22a6391dfe826fa01e611bcd5dacefe7489936136b7f4d5eb1c0fb4?s=96&d=mm&r=g","contentUrl":"https:\/\/secure.gravatar.com\/avatar\/efc76156b22a6391dfe826fa01e611bcd5dacefe7489936136b7f4d5eb1c0fb4?s=96&d=mm&r=g","caption":"prfj"},"sameAs":["https:\/\/mediterra.group"],"url":"https:\/\/mediterra.group\/tr\/author\/prfj\/"}]}},"_links":{"self":[{"href":"https:\/\/mediterra.group\/tr\/wp-json\/wp\/v2\/posts\/33182","targetHints":{"allow":["GET"]}}],"collection":[{"href":"https:\/\/mediterra.group\/tr\/wp-json\/wp\/v2\/posts"}],"about":[{"href":"https:\/\/mediterra.group\/tr\/wp-json\/wp\/v2\/types\/post"}],"author":[{"embeddable":true,"href":"https:\/\/mediterra.group\/tr\/wp-json\/wp\/v2\/users\/1"}],"replies":[{"embeddable":true,"href":"https:\/\/mediterra.group\/tr\/wp-json\/wp\/v2\/comments?post=33182"}],"version-history":[{"count":0,"href":"https:\/\/mediterra.group\/tr\/wp-json\/wp\/v2\/posts\/33182\/revisions"}],"wp:featuredmedia":[{"embeddable":true,"href":"https:\/\/mediterra.group\/tr\/wp-json\/wp\/v2\/media\/24228"}],"wp:attachment":[{"href":"https:\/\/mediterra.group\/tr\/wp-json\/wp\/v2\/media?parent=33182"}],"wp:term":[{"taxonomy":"category","embeddable":true,"href":"https:\/\/mediterra.group\/tr\/wp-json\/wp\/v2\/categories?post=33182"},{"taxonomy":"post_tag","embeddable":true,"href":"https:\/\/mediterra.group\/tr\/wp-json\/wp\/v2\/tags?post=33182"}],"curies":[{"name":"wp","href":"https:\/\/api.w.org\/{rel}","templated":true}]}}