{"id":33181,"date":"2025-06-18T10:38:13","date_gmt":"2025-06-18T10:38:13","guid":{"rendered":"https:\/\/mediterra.group\/2023te-yurtdisinda-emekli-olmak-icin-en-iyi-yerler\/"},"modified":"2025-06-18T10:38:13","modified_gmt":"2025-06-18T10:38:13","slug":"2023te-yurtdisinda-emekli-olmak-icin-en-iyi-yerler","status":"publish","type":"post","link":"https:\/\/mediterra.group\/tr\/2023te-yurtdisinda-emekli-olmak-icin-en-iyi-yerler\/","title":{"rendered":"2023&#8217;te Yurtd\u0131\u015f\u0131nda Emekli Olmak \u0130\u00e7in En \u0130yi Yerler"},"content":{"rendered":"<p>Tatl\u0131su Belediyesi taraf\u0131ndan 11 \u015eubat 2024 Pazar g\u00fcn\u00fc saat 10:30&#8217;da a\u00e7\u0131l\u0131\u015f\u0131 ger\u00e7ekle\u015ftirilen bisiklet ve y\u00fcr\u00fcy\u00fc\u015f parkurunda konu\u015fan Lefko\u015fa B\u00fcy\u00fckel\u00e7isi Metin Fevzio\u011flu, Kuzey K\u0131br\u0131s T\u00fcrk Cumhuriyeti&#8217;nin spor, e\u011fitim, sanayi, ileri teknoloji ve alternatif turizm ile kalk\u0131naca\u011f\u0131n\u0131 s\u00f6yledi. A\u00e7\u0131l\u0131\u015f t\u00f6reninde konu\u015fan Cumhurba\u015fkan\u0131 Ersin Tatar, K\u0131br\u0131s T\u00fcrk\u00e7esinin \u00f6zg\u00fcrl\u00fck ve varolu\u015f m\u00fccadelesinin her alan\u0131nda var oldu\u011funu s\u00f6yledi.  <\/p>\n<p>A\u00e7\u0131l\u0131\u015f t\u00f6reninde konu\u015fan Cumhurba\u015fkan\u0131 Ersin Tatar, K\u0131br\u0131s T\u00fcrk\u00fc&#8217;n\u00fcn \u00f6zg\u00fcrl\u00fck ve varolu\u015f m\u00fccadelesinin her alan\u0131nda var oldu\u011funu s\u00f6yledi.<\/p>\n<p>&nbsp;<\/p>\n<div id='gallery-1' class='gallery galleryid-33181 gallery-columns-3 gallery-size-thumbnail'><figure class='gallery-item'>\n\t\t\t<div class='gallery-icon portrait'>\n\t\t\t\t<a href='https:\/\/mediterra.group\/wp-content\/uploads\/2025\/06\/6-1.webp'><img decoding=\"async\" width=\"141\" height=\"150\" src=\"https:\/\/mediterra.group\/wp-content\/uploads\/2025\/06\/6-1.webp\" class=\"attachment-thumbnail size-thumbnail\" alt=\"\" \/><\/a>\n\t\t\t<\/div><\/figure>\n\t\t<\/div>\n\n","protected":false},"excerpt":{"rendered":"<p>Tatl\u0131su Belediyesi taraf\u0131ndan 11 \u015eubat 2024 Pazar g\u00fcn\u00fc saat 10:30&#8217;da a\u00e7\u0131l\u0131\u015f\u0131 ger\u00e7ekle\u015ftirilen bisiklet ve y\u00fcr\u00fcy\u00fc\u015f parkurunda konu\u015fan Lefko\u015fa B\u00fcy\u00fckel\u00e7isi Metin Fevzio\u011flu, Kuzey K\u0131br\u0131s T\u00fcrk Cumhuriyeti&#8217;nin spor, e\u011fitim, sanayi, ileri teknoloji ve alternatif turizm ile kalk\u0131naca\u011f\u0131n\u0131 s\u00f6yledi. A\u00e7\u0131l\u0131\u015f t\u00f6reninde konu\u015fan Cumhurba\u015fkan\u0131 Ersin Tatar, K\u0131br\u0131s T\u00fcrk\u00e7esinin \u00f6zg\u00fcrl\u00fck ve varolu\u015f m\u00fccadelesinin her alan\u0131nda var oldu\u011funu s\u00f6yledi. A\u00e7\u0131l\u0131\u015f t\u00f6reninde [&hellip;]<\/p>\n","protected":false},"author":1,"featured_media":23308,"comment_status":"open","ping_status":"open","sticky":false,"template":"","format":"standard","meta":{"_acf_changed":false,"footnotes":""},"categories":[245],"tags":[],"class_list":["post-33181","post","type-post","status-publish","format-standard","has-post-thumbnail","hentry","category-yasam-tarzi"],"acf":[],"yoast_head":"<!-- This site is optimized with the Yoast SEO plugin v27.5 - https:\/\/yoast.com\/product\/yoast-seo-wordpress\/ -->\n<title>2023&#039;te Yurtd\u0131\u015f\u0131nda Emekli Olmak \u0130\u00e7in En \u0130yi Yerler - Mediterra Group<\/title>\n<meta name=\"robots\" content=\"index, follow, max-snippet:-1, max-image-preview:large, max-video-preview:-1\" \/>\n<link rel=\"canonical\" href=\"https:\/\/mediterra.group\/the-best-places-to-retire-overseas-in-2023\/\" \/>\n<meta property=\"og:locale\" content=\"tr_TR\" \/>\n<meta property=\"og:type\" content=\"article\" \/>\n<meta property=\"og:title\" content=\"2023&#039;te Yurtd\u0131\u015f\u0131nda Emekli Olmak \u0130\u00e7in En \u0130yi Yerler - Mediterra Group\" \/>\n<meta property=\"og:description\" content=\"Tatl\u0131su Belediyesi taraf\u0131ndan 11 \u015eubat 2024 Pazar g\u00fcn\u00fc saat 10:30&#8217;da a\u00e7\u0131l\u0131\u015f\u0131 ger\u00e7ekle\u015ftirilen bisiklet ve y\u00fcr\u00fcy\u00fc\u015f parkurunda konu\u015fan Lefko\u015fa B\u00fcy\u00fckel\u00e7isi Metin Fevzio\u011flu, Kuzey K\u0131br\u0131s T\u00fcrk Cumhuriyeti&#8217;nin spor, e\u011fitim, sanayi, ileri teknoloji ve alternatif turizm ile kalk\u0131naca\u011f\u0131n\u0131 s\u00f6yledi. A\u00e7\u0131l\u0131\u015f t\u00f6reninde konu\u015fan Cumhurba\u015fkan\u0131 Ersin Tatar, K\u0131br\u0131s T\u00fcrk\u00e7esinin \u00f6zg\u00fcrl\u00fck ve varolu\u015f m\u00fccadelesinin her alan\u0131nda var oldu\u011funu s\u00f6yledi. A\u00e7\u0131l\u0131\u015f t\u00f6reninde [&hellip;]\" \/>\n<meta property=\"og:url\" content=\"https:\/\/mediterra.group\/the-best-places-to-retire-overseas-in-2023\/\" \/>\n<meta property=\"og:site_name\" content=\"Mediterra Group\" \/>\n<meta property=\"article:published_time\" content=\"2025-06-18T10:38:13+00:00\" \/>\n<meta property=\"og:image\" content=\"https:\/\/mediterra.group\/wp-content\/uploads\/2016\/03\/023.jpg\" \/>\n\t<meta property=\"og:image:width\" content=\"1170\" \/>\n\t<meta property=\"og:image:height\" content=\"877\" \/>\n\t<meta property=\"og:image:type\" content=\"image\/jpeg\" \/>\n<meta name=\"author\" content=\"prfj\" \/>\n<meta name=\"twitter:card\" content=\"summary_large_image\" \/>\n<meta name=\"twitter:label1\" content=\"Yazan:\" \/>\n\t<meta name=\"twitter:data1\" content=\"prfj\" \/>\n\t<meta name=\"twitter:label2\" content=\"Tahmini okuma s\u00fcresi\" \/>\n\t<meta name=\"twitter:data2\" content=\"1 dakika\" \/>\n<script type=\"application\/ld+json\" class=\"yoast-schema-graph\">{\"@context\":\"https:\\\/\\\/schema.org\",\"@graph\":[{\"@type\":\"Article\",\"@id\":\"https:\\\/\\\/mediterra.group\\\/the-best-places-to-retire-overseas-in-2023\\\/#article\",\"isPartOf\":{\"@id\":\"https:\\\/\\\/mediterra.group\\\/the-best-places-to-retire-overseas-in-2023\\\/\"},\"author\":{\"name\":\"prfj\",\"@id\":\"https:\\\/\\\/mediterra.group\\\/ar\\\/#\\\/schema\\\/person\\\/7db86f2bc7783cf0f27705320203bffb\"},\"headline\":\"2023&#8217;te Yurtd\u0131\u015f\u0131nda Emekli Olmak \u0130\u00e7in En \u0130yi Yerler\",\"datePublished\":\"2025-06-18T10:38:13+00:00\",\"mainEntityOfPage\":{\"@id\":\"https:\\\/\\\/mediterra.group\\\/the-best-places-to-retire-overseas-in-2023\\\/\"},\"wordCount\":133,\"commentCount\":0,\"image\":{\"@id\":\"https:\\\/\\\/mediterra.group\\\/the-best-places-to-retire-overseas-in-2023\\\/#primaryimage\"},\"thumbnailUrl\":\"https:\\\/\\\/mediterra.group\\\/wp-content\\\/uploads\\\/2016\\\/03\\\/023.jpg\",\"articleSection\":[\"YA\u015eAM TARZI\"],\"inLanguage\":\"tr\",\"potentialAction\":[{\"@type\":\"CommentAction\",\"name\":\"Comment\",\"target\":[\"https:\\\/\\\/mediterra.group\\\/the-best-places-to-retire-overseas-in-2023\\\/#respond\"]}]},{\"@type\":\"WebPage\",\"@id\":\"https:\\\/\\\/mediterra.group\\\/the-best-places-to-retire-overseas-in-2023\\\/\",\"url\":\"https:\\\/\\\/mediterra.group\\\/the-best-places-to-retire-overseas-in-2023\\\/\",\"name\":\"2023'te Yurtd\u0131\u015f\u0131nda Emekli Olmak \u0130\u00e7in En \u0130yi Yerler - Mediterra Group\",\"isPartOf\":{\"@id\":\"https:\\\/\\\/mediterra.group\\\/ar\\\/#website\"},\"primaryImageOfPage\":{\"@id\":\"https:\\\/\\\/mediterra.group\\\/the-best-places-to-retire-overseas-in-2023\\\/#primaryimage\"},\"image\":{\"@id\":\"https:\\\/\\\/mediterra.group\\\/the-best-places-to-retire-overseas-in-2023\\\/#primaryimage\"},\"thumbnailUrl\":\"https:\\\/\\\/mediterra.group\\\/wp-content\\\/uploads\\\/2016\\\/03\\\/023.jpg\",\"datePublished\":\"2025-06-18T10:38:13+00:00\",\"author\":{\"@id\":\"https:\\\/\\\/mediterra.group\\\/ar\\\/#\\\/schema\\\/person\\\/7db86f2bc7783cf0f27705320203bffb\"},\"breadcrumb\":{\"@id\":\"https:\\\/\\\/mediterra.group\\\/the-best-places-to-retire-overseas-in-2023\\\/#breadcrumb\"},\"inLanguage\":\"tr\",\"potentialAction\":[{\"@type\":\"ReadAction\",\"target\":[\"https:\\\/\\\/mediterra.group\\\/the-best-places-to-retire-overseas-in-2023\\\/\"]}]},{\"@type\":\"ImageObject\",\"inLanguage\":\"tr\",\"@id\":\"https:\\\/\\\/mediterra.group\\\/the-best-places-to-retire-overseas-in-2023\\\/#primaryimage\",\"url\":\"https:\\\/\\\/mediterra.group\\\/wp-content\\\/uploads\\\/2016\\\/03\\\/023.jpg\",\"contentUrl\":\"https:\\\/\\\/mediterra.group\\\/wp-content\\\/uploads\\\/2016\\\/03\\\/023.jpg\",\"width\":1170,\"height\":877},{\"@type\":\"BreadcrumbList\",\"@id\":\"https:\\\/\\\/mediterra.group\\\/the-best-places-to-retire-overseas-in-2023\\\/#breadcrumb\",\"itemListElement\":[{\"@type\":\"ListItem\",\"position\":1,\"name\":\"Home\",\"item\":\"https:\\\/\\\/mediterra.group\\\/tr\\\/\"},{\"@type\":\"ListItem\",\"position\":2,\"name\":\"2023&#8217;te Yurtd\u0131\u015f\u0131nda Emekli Olmak \u0130\u00e7in En \u0130yi Yerler\"}]},{\"@type\":\"WebSite\",\"@id\":\"https:\\\/\\\/mediterra.group\\\/ar\\\/#website\",\"url\":\"https:\\\/\\\/mediterra.group\\\/ar\\\/\",\"name\":\"Mediterra Group\",\"description\":\"\",\"potentialAction\":[{\"@type\":\"SearchAction\",\"target\":{\"@type\":\"EntryPoint\",\"urlTemplate\":\"https:\\\/\\\/mediterra.group\\\/ar\\\/?s={search_term_string}\"},\"query-input\":{\"@type\":\"PropertyValueSpecification\",\"valueRequired\":true,\"valueName\":\"search_term_string\"}}],\"inLanguage\":\"tr\"},{\"@type\":\"Person\",\"@id\":\"https:\\\/\\\/mediterra.group\\\/ar\\\/#\\\/schema\\\/person\\\/7db86f2bc7783cf0f27705320203bffb\",\"name\":\"prfj\",\"image\":{\"@type\":\"ImageObject\",\"inLanguage\":\"tr\",\"@id\":\"https:\\\/\\\/secure.gravatar.com\\\/avatar\\\/efc76156b22a6391dfe826fa01e611bcd5dacefe7489936136b7f4d5eb1c0fb4?s=96&d=mm&r=g\",\"url\":\"https:\\\/\\\/secure.gravatar.com\\\/avatar\\\/efc76156b22a6391dfe826fa01e611bcd5dacefe7489936136b7f4d5eb1c0fb4?s=96&d=mm&r=g\",\"contentUrl\":\"https:\\\/\\\/secure.gravatar.com\\\/avatar\\\/efc76156b22a6391dfe826fa01e611bcd5dacefe7489936136b7f4d5eb1c0fb4?s=96&d=mm&r=g\",\"caption\":\"prfj\"},\"sameAs\":[\"https:\\\/\\\/mediterra.group\"],\"url\":\"https:\\\/\\\/mediterra.group\\\/tr\\\/author\\\/prfj\\\/\"}]}<\/script>\n<!-- \/ Yoast SEO plugin. -->","yoast_head_json":{"title":"2023'te Yurtd\u0131\u015f\u0131nda Emekli Olmak \u0130\u00e7in En \u0130yi Yerler - Mediterra Group","robots":{"index":"index","follow":"follow","max-snippet":"max-snippet:-1","max-image-preview":"max-image-preview:large","max-video-preview":"max-video-preview:-1"},"canonical":"https:\/\/mediterra.group\/the-best-places-to-retire-overseas-in-2023\/","og_locale":"tr_TR","og_type":"article","og_title":"2023'te Yurtd\u0131\u015f\u0131nda Emekli Olmak \u0130\u00e7in En \u0130yi Yerler - Mediterra Group","og_description":"Tatl\u0131su Belediyesi taraf\u0131ndan 11 \u015eubat 2024 Pazar g\u00fcn\u00fc saat 10:30&#8217;da a\u00e7\u0131l\u0131\u015f\u0131 ger\u00e7ekle\u015ftirilen bisiklet ve y\u00fcr\u00fcy\u00fc\u015f parkurunda konu\u015fan Lefko\u015fa B\u00fcy\u00fckel\u00e7isi Metin Fevzio\u011flu, Kuzey K\u0131br\u0131s T\u00fcrk Cumhuriyeti&#8217;nin spor, e\u011fitim, sanayi, ileri teknoloji ve alternatif turizm ile kalk\u0131naca\u011f\u0131n\u0131 s\u00f6yledi. A\u00e7\u0131l\u0131\u015f t\u00f6reninde konu\u015fan Cumhurba\u015fkan\u0131 Ersin Tatar, K\u0131br\u0131s T\u00fcrk\u00e7esinin \u00f6zg\u00fcrl\u00fck ve varolu\u015f m\u00fccadelesinin her alan\u0131nda var oldu\u011funu s\u00f6yledi. A\u00e7\u0131l\u0131\u015f t\u00f6reninde [&hellip;]","og_url":"https:\/\/mediterra.group\/the-best-places-to-retire-overseas-in-2023\/","og_site_name":"Mediterra Group","article_published_time":"2025-06-18T10:38:13+00:00","og_image":[{"width":1170,"height":877,"url":"https:\/\/mediterra.group\/wp-content\/uploads\/2016\/03\/023.jpg","type":"image\/jpeg"}],"author":"prfj","twitter_card":"summary_large_image","twitter_misc":{"Yazan:":"prfj","Tahmini okuma s\u00fcresi":"1 dakika"},"schema":{"@context":"https:\/\/schema.org","@graph":[{"@type":"Article","@id":"https:\/\/mediterra.group\/the-best-places-to-retire-overseas-in-2023\/#article","isPartOf":{"@id":"https:\/\/mediterra.group\/the-best-places-to-retire-overseas-in-2023\/"},"author":{"name":"prfj","@id":"https:\/\/mediterra.group\/ar\/#\/schema\/person\/7db86f2bc7783cf0f27705320203bffb"},"headline":"2023&#8217;te Yurtd\u0131\u015f\u0131nda Emekli Olmak \u0130\u00e7in En \u0130yi Yerler","datePublished":"2025-06-18T10:38:13+00:00","mainEntityOfPage":{"@id":"https:\/\/mediterra.group\/the-best-places-to-retire-overseas-in-2023\/"},"wordCount":133,"commentCount":0,"image":{"@id":"https:\/\/mediterra.group\/the-best-places-to-retire-overseas-in-2023\/#primaryimage"},"thumbnailUrl":"https:\/\/mediterra.group\/wp-content\/uploads\/2016\/03\/023.jpg","articleSection":["YA\u015eAM TARZI"],"inLanguage":"tr","potentialAction":[{"@type":"CommentAction","name":"Comment","target":["https:\/\/mediterra.group\/the-best-places-to-retire-overseas-in-2023\/#respond"]}]},{"@type":"WebPage","@id":"https:\/\/mediterra.group\/the-best-places-to-retire-overseas-in-2023\/","url":"https:\/\/mediterra.group\/the-best-places-to-retire-overseas-in-2023\/","name":"2023'te Yurtd\u0131\u015f\u0131nda Emekli Olmak \u0130\u00e7in En \u0130yi Yerler - Mediterra Group","isPartOf":{"@id":"https:\/\/mediterra.group\/ar\/#website"},"primaryImageOfPage":{"@id":"https:\/\/mediterra.group\/the-best-places-to-retire-overseas-in-2023\/#primaryimage"},"image":{"@id":"https:\/\/mediterra.group\/the-best-places-to-retire-overseas-in-2023\/#primaryimage"},"thumbnailUrl":"https:\/\/mediterra.group\/wp-content\/uploads\/2016\/03\/023.jpg","datePublished":"2025-06-18T10:38:13+00:00","author":{"@id":"https:\/\/mediterra.group\/ar\/#\/schema\/person\/7db86f2bc7783cf0f27705320203bffb"},"breadcrumb":{"@id":"https:\/\/mediterra.group\/the-best-places-to-retire-overseas-in-2023\/#breadcrumb"},"inLanguage":"tr","potentialAction":[{"@type":"ReadAction","target":["https:\/\/mediterra.group\/the-best-places-to-retire-overseas-in-2023\/"]}]},{"@type":"ImageObject","inLanguage":"tr","@id":"https:\/\/mediterra.group\/the-best-places-to-retire-overseas-in-2023\/#primaryimage","url":"https:\/\/mediterra.group\/wp-content\/uploads\/2016\/03\/023.jpg","contentUrl":"https:\/\/mediterra.group\/wp-content\/uploads\/2016\/03\/023.jpg","width":1170,"height":877},{"@type":"BreadcrumbList","@id":"https:\/\/mediterra.group\/the-best-places-to-retire-overseas-in-2023\/#breadcrumb","itemListElement":[{"@type":"ListItem","position":1,"name":"Home","item":"https:\/\/mediterra.group\/tr\/"},{"@type":"ListItem","position":2,"name":"2023&#8217;te Yurtd\u0131\u015f\u0131nda Emekli Olmak \u0130\u00e7in En \u0130yi Yerler"}]},{"@type":"WebSite","@id":"https:\/\/mediterra.group\/ar\/#website","url":"https:\/\/mediterra.group\/ar\/","name":"Mediterra Group","description":"","potentialAction":[{"@type":"SearchAction","target":{"@type":"EntryPoint","urlTemplate":"https:\/\/mediterra.group\/ar\/?s={search_term_string}"},"query-input":{"@type":"PropertyValueSpecification","valueRequired":true,"valueName":"search_term_string"}}],"inLanguage":"tr"},{"@type":"Person","@id":"https:\/\/mediterra.group\/ar\/#\/schema\/person\/7db86f2bc7783cf0f27705320203bffb","name":"prfj","image":{"@type":"ImageObject","inLanguage":"tr","@id":"https:\/\/secure.gravatar.com\/avatar\/efc76156b22a6391dfe826fa01e611bcd5dacefe7489936136b7f4d5eb1c0fb4?s=96&d=mm&r=g","url":"https:\/\/secure.gravatar.com\/avatar\/efc76156b22a6391dfe826fa01e611bcd5dacefe7489936136b7f4d5eb1c0fb4?s=96&d=mm&r=g","contentUrl":"https:\/\/secure.gravatar.com\/avatar\/efc76156b22a6391dfe826fa01e611bcd5dacefe7489936136b7f4d5eb1c0fb4?s=96&d=mm&r=g","caption":"prfj"},"sameAs":["https:\/\/mediterra.group"],"url":"https:\/\/mediterra.group\/tr\/author\/prfj\/"}]}},"_links":{"self":[{"href":"https:\/\/mediterra.group\/tr\/wp-json\/wp\/v2\/posts\/33181","targetHints":{"allow":["GET"]}}],"collection":[{"href":"https:\/\/mediterra.group\/tr\/wp-json\/wp\/v2\/posts"}],"about":[{"href":"https:\/\/mediterra.group\/tr\/wp-json\/wp\/v2\/types\/post"}],"author":[{"embeddable":true,"href":"https:\/\/mediterra.group\/tr\/wp-json\/wp\/v2\/users\/1"}],"replies":[{"embeddable":true,"href":"https:\/\/mediterra.group\/tr\/wp-json\/wp\/v2\/comments?post=33181"}],"version-history":[{"count":0,"href":"https:\/\/mediterra.group\/tr\/wp-json\/wp\/v2\/posts\/33181\/revisions"}],"wp:featuredmedia":[{"embeddable":true,"href":"https:\/\/mediterra.group\/tr\/wp-json\/wp\/v2\/media\/23308"}],"wp:attachment":[{"href":"https:\/\/mediterra.group\/tr\/wp-json\/wp\/v2\/media?parent=33181"}],"wp:term":[{"taxonomy":"category","embeddable":true,"href":"https:\/\/mediterra.group\/tr\/wp-json\/wp\/v2\/categories?post=33181"},{"taxonomy":"post_tag","embeddable":true,"href":"https:\/\/mediterra.group\/tr\/wp-json\/wp\/v2\/tags?post=33181"}],"curies":[{"name":"wp","href":"https:\/\/api.w.org\/{rel}","templated":true}]}}