{"id":33172,"date":"2025-06-18T10:37:13","date_gmt":"2025-06-18T10:37:13","guid":{"rendered":"https:\/\/mediterra.group\/verilere-gore-gencler-en-cok-nereye-tasinmak-istiyor\/"},"modified":"2025-06-18T10:37:13","modified_gmt":"2025-06-18T10:37:13","slug":"verilere-gore-gencler-en-cok-nereye-tasinmak-istiyor","status":"publish","type":"post","link":"https:\/\/mediterra.group\/tr\/verilere-gore-gencler-en-cok-nereye-tasinmak-istiyor\/","title":{"rendered":"Verilere G\u00f6re Gen\u00e7ler En \u00c7ok Nereye Ta\u015f\u0131nmak \u0130stiyor?"},"content":{"rendered":"<p>Son veri analizi, gen\u00e7lerin giderek daha fazla ta\u015f\u0131nmay\u0131 tercih etti\u011fi en iyi destinasyonlara \u0131\u015f\u0131k tuttu. Bulgulara g\u00f6re, i\u015f f\u0131rsatlar\u0131, uygun fiyat ve ya\u015fam kalitesi gibi \u00e7e\u015fitli fakt\u00f6rler bu e\u011filimi y\u00f6nlendiriyor ve belirli \u015fehirler Y ku\u015fa\u011f\u0131 ve Z ku\u015fa\u011f\u0131 aras\u0131nda a\u00e7\u0131k bir \u015fekilde favori olarak ortaya \u00e7\u0131k\u0131yor. <\/p>\n<p>Akdeniz&#8217;in gizli m\u00fccevherlerinden biri olan Kuzey K\u0131br\u0131s, g\u00f6z al\u0131c\u0131 plajlar\u0131, canl\u0131 k\u00fclt\u00fcr\u00fc ve geli\u015fen ekonomisiyle arzu edilen ta\u015f\u0131nma destinasyonlar\u0131 listesinin ba\u015f\u0131nda yer al\u0131yor. Avrupa, Asya ve Afrika aras\u0131ndaki stratejik konumuyla Kuzey K\u0131br\u0131s, kariyerlerine dinamik ve kozmopolit bir ortamda ba\u015flamak isteyen gen\u00e7 profesyoneller i\u00e7in benzersiz bir f\u0131rsat kar\u0131\u015f\u0131m\u0131 sunuyor. <\/p>\n<p>&nbsp;<\/p>\n<div id='gallery-1' class='gallery galleryid-33172 gallery-columns-3 gallery-size-thumbnail'><figure class='gallery-item'>\n\t\t\t<div class='gallery-icon landscape'>\n\t\t\t\t<a href='https:\/\/mediterra.group\/wp-content\/uploads\/2025\/06\/8-1.webp'><img decoding=\"async\" width=\"150\" height=\"137\" src=\"https:\/\/mediterra.group\/wp-content\/uploads\/2025\/06\/8-1.webp\" class=\"attachment-thumbnail size-thumbnail\" alt=\"\" \/><\/a>\n\t\t\t<\/div><\/figure><figure class='gallery-item'>\n\t\t\t<div class='gallery-icon landscape'>\n\t\t\t\t<a href='https:\/\/mediterra.group\/wp-content\/uploads\/2025\/06\/7-1.webp'><img decoding=\"async\" width=\"150\" height=\"130\" src=\"https:\/\/mediterra.group\/wp-content\/uploads\/2025\/06\/7-1.webp\" class=\"attachment-thumbnail size-thumbnail\" alt=\"\" \/><\/a>\n\t\t\t<\/div><\/figure>\n\t\t<\/div>\n\n","protected":false},"excerpt":{"rendered":"<p>Son veri analizi, gen\u00e7lerin giderek daha fazla ta\u015f\u0131nmay\u0131 tercih etti\u011fi en iyi destinasyonlara \u0131\u015f\u0131k tuttu. Bulgulara g\u00f6re, i\u015f f\u0131rsatlar\u0131, uygun fiyat ve ya\u015fam kalitesi gibi \u00e7e\u015fitli fakt\u00f6rler bu e\u011filimi y\u00f6nlendiriyor ve belirli \u015fehirler Y ku\u015fa\u011f\u0131 ve Z ku\u015fa\u011f\u0131 aras\u0131nda a\u00e7\u0131k bir \u015fekilde favori olarak ortaya \u00e7\u0131k\u0131yor. Akdeniz&#8217;in gizli m\u00fccevherlerinden biri olan Kuzey K\u0131br\u0131s, g\u00f6z al\u0131c\u0131 [&hellip;]<\/p>\n","protected":false},"author":1,"featured_media":24208,"comment_status":"open","ping_status":"open","sticky":false,"template":"","format":"standard","meta":{"_acf_changed":false,"footnotes":""},"categories":[245],"tags":[],"class_list":["post-33172","post","type-post","status-publish","format-standard","has-post-thumbnail","hentry","category-yasam-tarzi"],"acf":[],"yoast_head":"<!-- This site is optimized with the Yoast SEO plugin v27.5 - https:\/\/yoast.com\/product\/yoast-seo-wordpress\/ -->\n<title>Verilere G\u00f6re Gen\u00e7ler En \u00c7ok Nereye Ta\u015f\u0131nmak \u0130stiyor? - Mediterra Group<\/title>\n<meta name=\"robots\" content=\"index, follow, max-snippet:-1, max-image-preview:large, max-video-preview:-1\" \/>\n<link rel=\"canonical\" href=\"https:\/\/mediterra.group\/where-young-people-want-to-relocate-to-the-most-according-to-data\/\" \/>\n<meta property=\"og:locale\" content=\"tr_TR\" \/>\n<meta property=\"og:type\" content=\"article\" \/>\n<meta property=\"og:title\" content=\"Verilere G\u00f6re Gen\u00e7ler En \u00c7ok Nereye Ta\u015f\u0131nmak \u0130stiyor? - Mediterra Group\" \/>\n<meta property=\"og:description\" content=\"Son veri analizi, gen\u00e7lerin giderek daha fazla ta\u015f\u0131nmay\u0131 tercih etti\u011fi en iyi destinasyonlara \u0131\u015f\u0131k tuttu. Bulgulara g\u00f6re, i\u015f f\u0131rsatlar\u0131, uygun fiyat ve ya\u015fam kalitesi gibi \u00e7e\u015fitli fakt\u00f6rler bu e\u011filimi y\u00f6nlendiriyor ve belirli \u015fehirler Y ku\u015fa\u011f\u0131 ve Z ku\u015fa\u011f\u0131 aras\u0131nda a\u00e7\u0131k bir \u015fekilde favori olarak ortaya \u00e7\u0131k\u0131yor. Akdeniz&#8217;in gizli m\u00fccevherlerinden biri olan Kuzey K\u0131br\u0131s, g\u00f6z al\u0131c\u0131 [&hellip;]\" \/>\n<meta property=\"og:url\" content=\"https:\/\/mediterra.group\/where-young-people-want-to-relocate-to-the-most-according-to-data\/\" \/>\n<meta property=\"og:site_name\" content=\"Mediterra Group\" \/>\n<meta property=\"article:published_time\" content=\"2025-06-18T10:37:13+00:00\" \/>\n<meta property=\"og:image\" content=\"https:\/\/mediterra.group\/wp-content\/uploads\/2025\/06\/where-young17156052891417ikzD2.webp\" \/>\n\t<meta property=\"og:image:width\" content=\"416\" \/>\n\t<meta property=\"og:image:height\" content=\"234\" \/>\n\t<meta property=\"og:image:type\" content=\"image\/webp\" \/>\n<meta name=\"author\" content=\"prfj\" \/>\n<meta name=\"twitter:card\" content=\"summary_large_image\" \/>\n<meta name=\"twitter:label1\" content=\"Yazan:\" \/>\n\t<meta name=\"twitter:data1\" content=\"prfj\" \/>\n\t<meta name=\"twitter:label2\" content=\"Tahmini okuma s\u00fcresi\" \/>\n\t<meta name=\"twitter:data2\" content=\"1 dakika\" \/>\n<script type=\"application\/ld+json\" class=\"yoast-schema-graph\">{\"@context\":\"https:\\\/\\\/schema.org\",\"@graph\":[{\"@type\":\"Article\",\"@id\":\"https:\\\/\\\/mediterra.group\\\/where-young-people-want-to-relocate-to-the-most-according-to-data\\\/#article\",\"isPartOf\":{\"@id\":\"https:\\\/\\\/mediterra.group\\\/where-young-people-want-to-relocate-to-the-most-according-to-data\\\/\"},\"author\":{\"name\":\"prfj\",\"@id\":\"https:\\\/\\\/mediterra.group\\\/ar\\\/#\\\/schema\\\/person\\\/7db86f2bc7783cf0f27705320203bffb\"},\"headline\":\"Verilere G\u00f6re Gen\u00e7ler En \u00c7ok Nereye Ta\u015f\u0131nmak \u0130stiyor?\",\"datePublished\":\"2025-06-18T10:37:13+00:00\",\"mainEntityOfPage\":{\"@id\":\"https:\\\/\\\/mediterra.group\\\/where-young-people-want-to-relocate-to-the-most-according-to-data\\\/\"},\"wordCount\":144,\"commentCount\":0,\"image\":{\"@id\":\"https:\\\/\\\/mediterra.group\\\/where-young-people-want-to-relocate-to-the-most-according-to-data\\\/#primaryimage\"},\"thumbnailUrl\":\"https:\\\/\\\/mediterra.group\\\/wp-content\\\/uploads\\\/2025\\\/06\\\/where-young17156052891417ikzD2.webp\",\"articleSection\":[\"YA\u015eAM TARZI\"],\"inLanguage\":\"tr\",\"potentialAction\":[{\"@type\":\"CommentAction\",\"name\":\"Comment\",\"target\":[\"https:\\\/\\\/mediterra.group\\\/where-young-people-want-to-relocate-to-the-most-according-to-data\\\/#respond\"]}]},{\"@type\":\"WebPage\",\"@id\":\"https:\\\/\\\/mediterra.group\\\/where-young-people-want-to-relocate-to-the-most-according-to-data\\\/\",\"url\":\"https:\\\/\\\/mediterra.group\\\/where-young-people-want-to-relocate-to-the-most-according-to-data\\\/\",\"name\":\"Verilere G\u00f6re Gen\u00e7ler En \u00c7ok Nereye Ta\u015f\u0131nmak \u0130stiyor? - Mediterra Group\",\"isPartOf\":{\"@id\":\"https:\\\/\\\/mediterra.group\\\/ar\\\/#website\"},\"primaryImageOfPage\":{\"@id\":\"https:\\\/\\\/mediterra.group\\\/where-young-people-want-to-relocate-to-the-most-according-to-data\\\/#primaryimage\"},\"image\":{\"@id\":\"https:\\\/\\\/mediterra.group\\\/where-young-people-want-to-relocate-to-the-most-according-to-data\\\/#primaryimage\"},\"thumbnailUrl\":\"https:\\\/\\\/mediterra.group\\\/wp-content\\\/uploads\\\/2025\\\/06\\\/where-young17156052891417ikzD2.webp\",\"datePublished\":\"2025-06-18T10:37:13+00:00\",\"author\":{\"@id\":\"https:\\\/\\\/mediterra.group\\\/ar\\\/#\\\/schema\\\/person\\\/7db86f2bc7783cf0f27705320203bffb\"},\"breadcrumb\":{\"@id\":\"https:\\\/\\\/mediterra.group\\\/where-young-people-want-to-relocate-to-the-most-according-to-data\\\/#breadcrumb\"},\"inLanguage\":\"tr\",\"potentialAction\":[{\"@type\":\"ReadAction\",\"target\":[\"https:\\\/\\\/mediterra.group\\\/where-young-people-want-to-relocate-to-the-most-according-to-data\\\/\"]}]},{\"@type\":\"ImageObject\",\"inLanguage\":\"tr\",\"@id\":\"https:\\\/\\\/mediterra.group\\\/where-young-people-want-to-relocate-to-the-most-according-to-data\\\/#primaryimage\",\"url\":\"https:\\\/\\\/mediterra.group\\\/wp-content\\\/uploads\\\/2025\\\/06\\\/where-young17156052891417ikzD2.webp\",\"contentUrl\":\"https:\\\/\\\/mediterra.group\\\/wp-content\\\/uploads\\\/2025\\\/06\\\/where-young17156052891417ikzD2.webp\",\"width\":416,\"height\":234},{\"@type\":\"BreadcrumbList\",\"@id\":\"https:\\\/\\\/mediterra.group\\\/where-young-people-want-to-relocate-to-the-most-according-to-data\\\/#breadcrumb\",\"itemListElement\":[{\"@type\":\"ListItem\",\"position\":1,\"name\":\"Home\",\"item\":\"https:\\\/\\\/mediterra.group\\\/tr\\\/\"},{\"@type\":\"ListItem\",\"position\":2,\"name\":\"Verilere G\u00f6re Gen\u00e7ler En \u00c7ok Nereye Ta\u015f\u0131nmak \u0130stiyor?\"}]},{\"@type\":\"WebSite\",\"@id\":\"https:\\\/\\\/mediterra.group\\\/ar\\\/#website\",\"url\":\"https:\\\/\\\/mediterra.group\\\/ar\\\/\",\"name\":\"Mediterra Group\",\"description\":\"\",\"potentialAction\":[{\"@type\":\"SearchAction\",\"target\":{\"@type\":\"EntryPoint\",\"urlTemplate\":\"https:\\\/\\\/mediterra.group\\\/ar\\\/?s={search_term_string}\"},\"query-input\":{\"@type\":\"PropertyValueSpecification\",\"valueRequired\":true,\"valueName\":\"search_term_string\"}}],\"inLanguage\":\"tr\"},{\"@type\":\"Person\",\"@id\":\"https:\\\/\\\/mediterra.group\\\/ar\\\/#\\\/schema\\\/person\\\/7db86f2bc7783cf0f27705320203bffb\",\"name\":\"prfj\",\"image\":{\"@type\":\"ImageObject\",\"inLanguage\":\"tr\",\"@id\":\"https:\\\/\\\/secure.gravatar.com\\\/avatar\\\/efc76156b22a6391dfe826fa01e611bcd5dacefe7489936136b7f4d5eb1c0fb4?s=96&d=mm&r=g\",\"url\":\"https:\\\/\\\/secure.gravatar.com\\\/avatar\\\/efc76156b22a6391dfe826fa01e611bcd5dacefe7489936136b7f4d5eb1c0fb4?s=96&d=mm&r=g\",\"contentUrl\":\"https:\\\/\\\/secure.gravatar.com\\\/avatar\\\/efc76156b22a6391dfe826fa01e611bcd5dacefe7489936136b7f4d5eb1c0fb4?s=96&d=mm&r=g\",\"caption\":\"prfj\"},\"sameAs\":[\"https:\\\/\\\/mediterra.group\"],\"url\":\"https:\\\/\\\/mediterra.group\\\/tr\\\/author\\\/prfj\\\/\"}]}<\/script>\n<!-- \/ Yoast SEO plugin. -->","yoast_head_json":{"title":"Verilere G\u00f6re Gen\u00e7ler En \u00c7ok Nereye Ta\u015f\u0131nmak \u0130stiyor? - Mediterra Group","robots":{"index":"index","follow":"follow","max-snippet":"max-snippet:-1","max-image-preview":"max-image-preview:large","max-video-preview":"max-video-preview:-1"},"canonical":"https:\/\/mediterra.group\/where-young-people-want-to-relocate-to-the-most-according-to-data\/","og_locale":"tr_TR","og_type":"article","og_title":"Verilere G\u00f6re Gen\u00e7ler En \u00c7ok Nereye Ta\u015f\u0131nmak \u0130stiyor? - Mediterra Group","og_description":"Son veri analizi, gen\u00e7lerin giderek daha fazla ta\u015f\u0131nmay\u0131 tercih etti\u011fi en iyi destinasyonlara \u0131\u015f\u0131k tuttu. Bulgulara g\u00f6re, i\u015f f\u0131rsatlar\u0131, uygun fiyat ve ya\u015fam kalitesi gibi \u00e7e\u015fitli fakt\u00f6rler bu e\u011filimi y\u00f6nlendiriyor ve belirli \u015fehirler Y ku\u015fa\u011f\u0131 ve Z ku\u015fa\u011f\u0131 aras\u0131nda a\u00e7\u0131k bir \u015fekilde favori olarak ortaya \u00e7\u0131k\u0131yor. Akdeniz&#8217;in gizli m\u00fccevherlerinden biri olan Kuzey K\u0131br\u0131s, g\u00f6z al\u0131c\u0131 [&hellip;]","og_url":"https:\/\/mediterra.group\/where-young-people-want-to-relocate-to-the-most-according-to-data\/","og_site_name":"Mediterra Group","article_published_time":"2025-06-18T10:37:13+00:00","og_image":[{"width":416,"height":234,"url":"https:\/\/mediterra.group\/wp-content\/uploads\/2025\/06\/where-young17156052891417ikzD2.webp","type":"image\/webp"}],"author":"prfj","twitter_card":"summary_large_image","twitter_misc":{"Yazan:":"prfj","Tahmini okuma s\u00fcresi":"1 dakika"},"schema":{"@context":"https:\/\/schema.org","@graph":[{"@type":"Article","@id":"https:\/\/mediterra.group\/where-young-people-want-to-relocate-to-the-most-according-to-data\/#article","isPartOf":{"@id":"https:\/\/mediterra.group\/where-young-people-want-to-relocate-to-the-most-according-to-data\/"},"author":{"name":"prfj","@id":"https:\/\/mediterra.group\/ar\/#\/schema\/person\/7db86f2bc7783cf0f27705320203bffb"},"headline":"Verilere G\u00f6re Gen\u00e7ler En \u00c7ok Nereye Ta\u015f\u0131nmak \u0130stiyor?","datePublished":"2025-06-18T10:37:13+00:00","mainEntityOfPage":{"@id":"https:\/\/mediterra.group\/where-young-people-want-to-relocate-to-the-most-according-to-data\/"},"wordCount":144,"commentCount":0,"image":{"@id":"https:\/\/mediterra.group\/where-young-people-want-to-relocate-to-the-most-according-to-data\/#primaryimage"},"thumbnailUrl":"https:\/\/mediterra.group\/wp-content\/uploads\/2025\/06\/where-young17156052891417ikzD2.webp","articleSection":["YA\u015eAM TARZI"],"inLanguage":"tr","potentialAction":[{"@type":"CommentAction","name":"Comment","target":["https:\/\/mediterra.group\/where-young-people-want-to-relocate-to-the-most-according-to-data\/#respond"]}]},{"@type":"WebPage","@id":"https:\/\/mediterra.group\/where-young-people-want-to-relocate-to-the-most-according-to-data\/","url":"https:\/\/mediterra.group\/where-young-people-want-to-relocate-to-the-most-according-to-data\/","name":"Verilere G\u00f6re Gen\u00e7ler En \u00c7ok Nereye Ta\u015f\u0131nmak \u0130stiyor? - Mediterra Group","isPartOf":{"@id":"https:\/\/mediterra.group\/ar\/#website"},"primaryImageOfPage":{"@id":"https:\/\/mediterra.group\/where-young-people-want-to-relocate-to-the-most-according-to-data\/#primaryimage"},"image":{"@id":"https:\/\/mediterra.group\/where-young-people-want-to-relocate-to-the-most-according-to-data\/#primaryimage"},"thumbnailUrl":"https:\/\/mediterra.group\/wp-content\/uploads\/2025\/06\/where-young17156052891417ikzD2.webp","datePublished":"2025-06-18T10:37:13+00:00","author":{"@id":"https:\/\/mediterra.group\/ar\/#\/schema\/person\/7db86f2bc7783cf0f27705320203bffb"},"breadcrumb":{"@id":"https:\/\/mediterra.group\/where-young-people-want-to-relocate-to-the-most-according-to-data\/#breadcrumb"},"inLanguage":"tr","potentialAction":[{"@type":"ReadAction","target":["https:\/\/mediterra.group\/where-young-people-want-to-relocate-to-the-most-according-to-data\/"]}]},{"@type":"ImageObject","inLanguage":"tr","@id":"https:\/\/mediterra.group\/where-young-people-want-to-relocate-to-the-most-according-to-data\/#primaryimage","url":"https:\/\/mediterra.group\/wp-content\/uploads\/2025\/06\/where-young17156052891417ikzD2.webp","contentUrl":"https:\/\/mediterra.group\/wp-content\/uploads\/2025\/06\/where-young17156052891417ikzD2.webp","width":416,"height":234},{"@type":"BreadcrumbList","@id":"https:\/\/mediterra.group\/where-young-people-want-to-relocate-to-the-most-according-to-data\/#breadcrumb","itemListElement":[{"@type":"ListItem","position":1,"name":"Home","item":"https:\/\/mediterra.group\/tr\/"},{"@type":"ListItem","position":2,"name":"Verilere G\u00f6re Gen\u00e7ler En \u00c7ok Nereye Ta\u015f\u0131nmak \u0130stiyor?"}]},{"@type":"WebSite","@id":"https:\/\/mediterra.group\/ar\/#website","url":"https:\/\/mediterra.group\/ar\/","name":"Mediterra Group","description":"","potentialAction":[{"@type":"SearchAction","target":{"@type":"EntryPoint","urlTemplate":"https:\/\/mediterra.group\/ar\/?s={search_term_string}"},"query-input":{"@type":"PropertyValueSpecification","valueRequired":true,"valueName":"search_term_string"}}],"inLanguage":"tr"},{"@type":"Person","@id":"https:\/\/mediterra.group\/ar\/#\/schema\/person\/7db86f2bc7783cf0f27705320203bffb","name":"prfj","image":{"@type":"ImageObject","inLanguage":"tr","@id":"https:\/\/secure.gravatar.com\/avatar\/efc76156b22a6391dfe826fa01e611bcd5dacefe7489936136b7f4d5eb1c0fb4?s=96&d=mm&r=g","url":"https:\/\/secure.gravatar.com\/avatar\/efc76156b22a6391dfe826fa01e611bcd5dacefe7489936136b7f4d5eb1c0fb4?s=96&d=mm&r=g","contentUrl":"https:\/\/secure.gravatar.com\/avatar\/efc76156b22a6391dfe826fa01e611bcd5dacefe7489936136b7f4d5eb1c0fb4?s=96&d=mm&r=g","caption":"prfj"},"sameAs":["https:\/\/mediterra.group"],"url":"https:\/\/mediterra.group\/tr\/author\/prfj\/"}]}},"_links":{"self":[{"href":"https:\/\/mediterra.group\/tr\/wp-json\/wp\/v2\/posts\/33172","targetHints":{"allow":["GET"]}}],"collection":[{"href":"https:\/\/mediterra.group\/tr\/wp-json\/wp\/v2\/posts"}],"about":[{"href":"https:\/\/mediterra.group\/tr\/wp-json\/wp\/v2\/types\/post"}],"author":[{"embeddable":true,"href":"https:\/\/mediterra.group\/tr\/wp-json\/wp\/v2\/users\/1"}],"replies":[{"embeddable":true,"href":"https:\/\/mediterra.group\/tr\/wp-json\/wp\/v2\/comments?post=33172"}],"version-history":[{"count":0,"href":"https:\/\/mediterra.group\/tr\/wp-json\/wp\/v2\/posts\/33172\/revisions"}],"wp:featuredmedia":[{"embeddable":true,"href":"https:\/\/mediterra.group\/tr\/wp-json\/wp\/v2\/media\/24208"}],"wp:attachment":[{"href":"https:\/\/mediterra.group\/tr\/wp-json\/wp\/v2\/media?parent=33172"}],"wp:term":[{"taxonomy":"category","embeddable":true,"href":"https:\/\/mediterra.group\/tr\/wp-json\/wp\/v2\/categories?post=33172"},{"taxonomy":"post_tag","embeddable":true,"href":"https:\/\/mediterra.group\/tr\/wp-json\/wp\/v2\/tags?post=33172"}],"curies":[{"name":"wp","href":"https:\/\/api.w.org\/{rel}","templated":true}]}}