{"id":33171,"date":"2025-06-18T10:34:55","date_gmt":"2025-06-18T10:34:55","guid":{"rendered":"https:\/\/mediterra.group\/kuzey-kibris-global-haberlerde\/"},"modified":"2025-06-18T10:34:55","modified_gmt":"2025-06-18T10:34:55","slug":"kuzey-kibris-global-haberlerde","status":"publish","type":"post","link":"https:\/\/mediterra.group\/tr\/kuzey-kibris-global-haberlerde\/","title":{"rendered":"Kuzey K\u0131br\u0131s Global Haberlerde"},"content":{"rendered":"<p>D\u00fcnyan\u0131n i\u00e7inde bulundu\u011fu mali durum nedeniyle gayrimenkullere yat\u0131r\u0131m yapmak her ge\u00e7en g\u00fcn daha da zorla\u015f\u0131yor. Y\u00fcksek faiz oranlar\u0131 ve y\u00fcksek talebi kar\u015f\u0131layamayan yetersiz arz, mevcut emlak piyasas\u0131n\u0131n fakt\u00f6rlerinden birka\u00e7\u0131d\u0131r. <\/p>\n<p>Ancak bu zorlu durum Kuzey K\u0131br\u0131s&#8217;ta ayn\u0131 de\u011fildir. Sakin ya\u015fam tarz\u0131m\u0131z, insanlar\u0131n m\u00fclklerine \u00f6zg\u00fcrce yat\u0131r\u0131m yapabilecekleri daha iyi bir emlak piyasas\u0131 i\u00e7in m\u00fckemmel bir ortam yaratm\u0131\u015ft\u0131r. Dahas\u0131, yat\u0131r\u0131mc\u0131lar genellikle vergi te\u015fviklerinden ve di\u011fer avantajlardan yararlanmaktad\u0131r.  <\/p>\n<p>\u0130\u015fte Akdeniz m\u00fccevherimizin k\u00fcresel haberlerde nas\u0131l yank\u0131land\u0131\u011f\u0131n\u0131:<\/p>\n<div id='gallery-1' class='gallery galleryid-33171 gallery-columns-3 gallery-size-thumbnail'><figure class='gallery-item'>\n\t\t\t<div class='gallery-icon portrait'>\n\t\t\t\t<a href='https:\/\/mediterra.group\/wp-content\/uploads\/2025\/06\/forbes-3.png'><img decoding=\"async\" width=\"82\" height=\"150\" src=\"https:\/\/mediterra.group\/wp-content\/uploads\/2025\/06\/forbes-3.png\" class=\"attachment-thumbnail size-thumbnail\" alt=\"\" \/><\/a>\n\t\t\t<\/div><\/figure><figure class='gallery-item'>\n\t\t\t<div class='gallery-icon portrait'>\n\t\t\t\t<a href='https:\/\/mediterra.group\/wp-content\/uploads\/2025\/06\/forbes-2.png'><img decoding=\"async\" width=\"76\" height=\"150\" src=\"https:\/\/mediterra.group\/wp-content\/uploads\/2025\/06\/forbes-2.png\" class=\"attachment-thumbnail size-thumbnail\" alt=\"\" \/><\/a>\n\t\t\t<\/div><\/figure><figure class='gallery-item'>\n\t\t\t<div class='gallery-icon portrait'>\n\t\t\t\t<a href='https:\/\/mediterra.group\/wp-content\/uploads\/2025\/06\/forbes-1.png'><img decoding=\"async\" width=\"76\" height=\"150\" src=\"https:\/\/mediterra.group\/wp-content\/uploads\/2025\/06\/forbes-1.png\" class=\"attachment-thumbnail size-thumbnail\" alt=\"\" \/><\/a>\n\t\t\t<\/div><\/figure>\n\t\t<\/div>\n\n","protected":false},"excerpt":{"rendered":"<p>D\u00fcnyan\u0131n i\u00e7inde bulundu\u011fu mali durum nedeniyle gayrimenkullere yat\u0131r\u0131m yapmak her ge\u00e7en g\u00fcn daha da zorla\u015f\u0131yor. Y\u00fcksek faiz oranlar\u0131 ve y\u00fcksek talebi kar\u015f\u0131layamayan yetersiz arz, mevcut emlak piyasas\u0131n\u0131n fakt\u00f6rlerinden birka\u00e7\u0131d\u0131r. Ancak bu zorlu durum Kuzey K\u0131br\u0131s&#8217;ta ayn\u0131 de\u011fildir. Sakin ya\u015fam tarz\u0131m\u0131z, insanlar\u0131n m\u00fclklerine \u00f6zg\u00fcrce yat\u0131r\u0131m yapabilecekleri daha iyi bir emlak piyasas\u0131 i\u00e7in m\u00fckemmel bir ortam yaratm\u0131\u015ft\u0131r. [&hellip;]<\/p>\n","protected":false},"author":1,"featured_media":24178,"comment_status":"open","ping_status":"open","sticky":false,"template":"","format":"standard","meta":{"_acf_changed":false,"footnotes":""},"categories":[245],"tags":[],"class_list":["post-33171","post","type-post","status-publish","format-standard","has-post-thumbnail","hentry","category-yasam-tarzi"],"acf":[],"yoast_head":"<!-- This site is optimized with the Yoast SEO plugin v27.5 - https:\/\/yoast.com\/product\/yoast-seo-wordpress\/ -->\n<title>Kuzey K\u0131br\u0131s Global Haberlerde - Mediterra Group<\/title>\n<meta name=\"robots\" content=\"index, follow, max-snippet:-1, max-image-preview:large, max-video-preview:-1\" \/>\n<link rel=\"canonical\" href=\"https:\/\/mediterra.group\/northern-cyprus-on-global-news\/\" \/>\n<meta property=\"og:locale\" content=\"tr_TR\" \/>\n<meta property=\"og:type\" content=\"article\" \/>\n<meta property=\"og:title\" content=\"Kuzey K\u0131br\u0131s Global Haberlerde - Mediterra Group\" \/>\n<meta property=\"og:description\" content=\"D\u00fcnyan\u0131n i\u00e7inde bulundu\u011fu mali durum nedeniyle gayrimenkullere yat\u0131r\u0131m yapmak her ge\u00e7en g\u00fcn daha da zorla\u015f\u0131yor. Y\u00fcksek faiz oranlar\u0131 ve y\u00fcksek talebi kar\u015f\u0131layamayan yetersiz arz, mevcut emlak piyasas\u0131n\u0131n fakt\u00f6rlerinden birka\u00e7\u0131d\u0131r. Ancak bu zorlu durum Kuzey K\u0131br\u0131s&#8217;ta ayn\u0131 de\u011fildir. Sakin ya\u015fam tarz\u0131m\u0131z, insanlar\u0131n m\u00fclklerine \u00f6zg\u00fcrce yat\u0131r\u0131m yapabilecekleri daha iyi bir emlak piyasas\u0131 i\u00e7in m\u00fckemmel bir ortam yaratm\u0131\u015ft\u0131r. [&hellip;]\" \/>\n<meta property=\"og:url\" content=\"https:\/\/mediterra.group\/northern-cyprus-on-global-news\/\" \/>\n<meta property=\"og:site_name\" content=\"Mediterra Group\" \/>\n<meta property=\"article:published_time\" content=\"2025-06-18T10:34:55+00:00\" \/>\n<meta property=\"og:image\" content=\"https:\/\/mediterra.group\/wp-content\/uploads\/2025\/06\/forbes-924140-1280171560526580212vB0c.webp\" \/>\n\t<meta property=\"og:image:width\" content=\"416\" \/>\n\t<meta property=\"og:image:height\" content=\"234\" \/>\n\t<meta property=\"og:image:type\" content=\"image\/webp\" \/>\n<meta name=\"author\" content=\"prfj\" \/>\n<meta name=\"twitter:card\" content=\"summary_large_image\" \/>\n<meta name=\"twitter:label1\" content=\"Yazan:\" \/>\n\t<meta name=\"twitter:data1\" content=\"prfj\" \/>\n\t<meta name=\"twitter:label2\" content=\"Tahmini okuma s\u00fcresi\" \/>\n\t<meta name=\"twitter:data2\" content=\"1 dakika\" \/>\n<script type=\"application\/ld+json\" class=\"yoast-schema-graph\">{\"@context\":\"https:\\\/\\\/schema.org\",\"@graph\":[{\"@type\":\"Article\",\"@id\":\"https:\\\/\\\/mediterra.group\\\/northern-cyprus-on-global-news\\\/#article\",\"isPartOf\":{\"@id\":\"https:\\\/\\\/mediterra.group\\\/northern-cyprus-on-global-news\\\/\"},\"author\":{\"name\":\"prfj\",\"@id\":\"https:\\\/\\\/mediterra.group\\\/ar\\\/#\\\/schema\\\/person\\\/7db86f2bc7783cf0f27705320203bffb\"},\"headline\":\"Kuzey K\u0131br\u0131s Global Haberlerde\",\"datePublished\":\"2025-06-18T10:34:55+00:00\",\"mainEntityOfPage\":{\"@id\":\"https:\\\/\\\/mediterra.group\\\/northern-cyprus-on-global-news\\\/\"},\"wordCount\":125,\"commentCount\":0,\"image\":{\"@id\":\"https:\\\/\\\/mediterra.group\\\/northern-cyprus-on-global-news\\\/#primaryimage\"},\"thumbnailUrl\":\"https:\\\/\\\/mediterra.group\\\/wp-content\\\/uploads\\\/2025\\\/06\\\/forbes-924140-1280171560526580212vB0c.webp\",\"articleSection\":[\"YA\u015eAM TARZI\"],\"inLanguage\":\"tr\",\"potentialAction\":[{\"@type\":\"CommentAction\",\"name\":\"Comment\",\"target\":[\"https:\\\/\\\/mediterra.group\\\/northern-cyprus-on-global-news\\\/#respond\"]}]},{\"@type\":\"WebPage\",\"@id\":\"https:\\\/\\\/mediterra.group\\\/northern-cyprus-on-global-news\\\/\",\"url\":\"https:\\\/\\\/mediterra.group\\\/northern-cyprus-on-global-news\\\/\",\"name\":\"Kuzey K\u0131br\u0131s Global Haberlerde - Mediterra Group\",\"isPartOf\":{\"@id\":\"https:\\\/\\\/mediterra.group\\\/ar\\\/#website\"},\"primaryImageOfPage\":{\"@id\":\"https:\\\/\\\/mediterra.group\\\/northern-cyprus-on-global-news\\\/#primaryimage\"},\"image\":{\"@id\":\"https:\\\/\\\/mediterra.group\\\/northern-cyprus-on-global-news\\\/#primaryimage\"},\"thumbnailUrl\":\"https:\\\/\\\/mediterra.group\\\/wp-content\\\/uploads\\\/2025\\\/06\\\/forbes-924140-1280171560526580212vB0c.webp\",\"datePublished\":\"2025-06-18T10:34:55+00:00\",\"author\":{\"@id\":\"https:\\\/\\\/mediterra.group\\\/ar\\\/#\\\/schema\\\/person\\\/7db86f2bc7783cf0f27705320203bffb\"},\"breadcrumb\":{\"@id\":\"https:\\\/\\\/mediterra.group\\\/northern-cyprus-on-global-news\\\/#breadcrumb\"},\"inLanguage\":\"tr\",\"potentialAction\":[{\"@type\":\"ReadAction\",\"target\":[\"https:\\\/\\\/mediterra.group\\\/northern-cyprus-on-global-news\\\/\"]}]},{\"@type\":\"ImageObject\",\"inLanguage\":\"tr\",\"@id\":\"https:\\\/\\\/mediterra.group\\\/northern-cyprus-on-global-news\\\/#primaryimage\",\"url\":\"https:\\\/\\\/mediterra.group\\\/wp-content\\\/uploads\\\/2025\\\/06\\\/forbes-924140-1280171560526580212vB0c.webp\",\"contentUrl\":\"https:\\\/\\\/mediterra.group\\\/wp-content\\\/uploads\\\/2025\\\/06\\\/forbes-924140-1280171560526580212vB0c.webp\",\"width\":416,\"height\":234},{\"@type\":\"BreadcrumbList\",\"@id\":\"https:\\\/\\\/mediterra.group\\\/northern-cyprus-on-global-news\\\/#breadcrumb\",\"itemListElement\":[{\"@type\":\"ListItem\",\"position\":1,\"name\":\"Home\",\"item\":\"https:\\\/\\\/mediterra.group\\\/tr\\\/\"},{\"@type\":\"ListItem\",\"position\":2,\"name\":\"Kuzey K\u0131br\u0131s Global Haberlerde\"}]},{\"@type\":\"WebSite\",\"@id\":\"https:\\\/\\\/mediterra.group\\\/ar\\\/#website\",\"url\":\"https:\\\/\\\/mediterra.group\\\/ar\\\/\",\"name\":\"Mediterra Group\",\"description\":\"\",\"potentialAction\":[{\"@type\":\"SearchAction\",\"target\":{\"@type\":\"EntryPoint\",\"urlTemplate\":\"https:\\\/\\\/mediterra.group\\\/ar\\\/?s={search_term_string}\"},\"query-input\":{\"@type\":\"PropertyValueSpecification\",\"valueRequired\":true,\"valueName\":\"search_term_string\"}}],\"inLanguage\":\"tr\"},{\"@type\":\"Person\",\"@id\":\"https:\\\/\\\/mediterra.group\\\/ar\\\/#\\\/schema\\\/person\\\/7db86f2bc7783cf0f27705320203bffb\",\"name\":\"prfj\",\"image\":{\"@type\":\"ImageObject\",\"inLanguage\":\"tr\",\"@id\":\"https:\\\/\\\/secure.gravatar.com\\\/avatar\\\/efc76156b22a6391dfe826fa01e611bcd5dacefe7489936136b7f4d5eb1c0fb4?s=96&d=mm&r=g\",\"url\":\"https:\\\/\\\/secure.gravatar.com\\\/avatar\\\/efc76156b22a6391dfe826fa01e611bcd5dacefe7489936136b7f4d5eb1c0fb4?s=96&d=mm&r=g\",\"contentUrl\":\"https:\\\/\\\/secure.gravatar.com\\\/avatar\\\/efc76156b22a6391dfe826fa01e611bcd5dacefe7489936136b7f4d5eb1c0fb4?s=96&d=mm&r=g\",\"caption\":\"prfj\"},\"sameAs\":[\"https:\\\/\\\/mediterra.group\"],\"url\":\"https:\\\/\\\/mediterra.group\\\/tr\\\/author\\\/prfj\\\/\"}]}<\/script>\n<!-- \/ Yoast SEO plugin. -->","yoast_head_json":{"title":"Kuzey K\u0131br\u0131s Global Haberlerde - Mediterra Group","robots":{"index":"index","follow":"follow","max-snippet":"max-snippet:-1","max-image-preview":"max-image-preview:large","max-video-preview":"max-video-preview:-1"},"canonical":"https:\/\/mediterra.group\/northern-cyprus-on-global-news\/","og_locale":"tr_TR","og_type":"article","og_title":"Kuzey K\u0131br\u0131s Global Haberlerde - Mediterra Group","og_description":"D\u00fcnyan\u0131n i\u00e7inde bulundu\u011fu mali durum nedeniyle gayrimenkullere yat\u0131r\u0131m yapmak her ge\u00e7en g\u00fcn daha da zorla\u015f\u0131yor. Y\u00fcksek faiz oranlar\u0131 ve y\u00fcksek talebi kar\u015f\u0131layamayan yetersiz arz, mevcut emlak piyasas\u0131n\u0131n fakt\u00f6rlerinden birka\u00e7\u0131d\u0131r. Ancak bu zorlu durum Kuzey K\u0131br\u0131s&#8217;ta ayn\u0131 de\u011fildir. Sakin ya\u015fam tarz\u0131m\u0131z, insanlar\u0131n m\u00fclklerine \u00f6zg\u00fcrce yat\u0131r\u0131m yapabilecekleri daha iyi bir emlak piyasas\u0131 i\u00e7in m\u00fckemmel bir ortam yaratm\u0131\u015ft\u0131r. [&hellip;]","og_url":"https:\/\/mediterra.group\/northern-cyprus-on-global-news\/","og_site_name":"Mediterra Group","article_published_time":"2025-06-18T10:34:55+00:00","og_image":[{"width":416,"height":234,"url":"https:\/\/mediterra.group\/wp-content\/uploads\/2025\/06\/forbes-924140-1280171560526580212vB0c.webp","type":"image\/webp"}],"author":"prfj","twitter_card":"summary_large_image","twitter_misc":{"Yazan:":"prfj","Tahmini okuma s\u00fcresi":"1 dakika"},"schema":{"@context":"https:\/\/schema.org","@graph":[{"@type":"Article","@id":"https:\/\/mediterra.group\/northern-cyprus-on-global-news\/#article","isPartOf":{"@id":"https:\/\/mediterra.group\/northern-cyprus-on-global-news\/"},"author":{"name":"prfj","@id":"https:\/\/mediterra.group\/ar\/#\/schema\/person\/7db86f2bc7783cf0f27705320203bffb"},"headline":"Kuzey K\u0131br\u0131s Global Haberlerde","datePublished":"2025-06-18T10:34:55+00:00","mainEntityOfPage":{"@id":"https:\/\/mediterra.group\/northern-cyprus-on-global-news\/"},"wordCount":125,"commentCount":0,"image":{"@id":"https:\/\/mediterra.group\/northern-cyprus-on-global-news\/#primaryimage"},"thumbnailUrl":"https:\/\/mediterra.group\/wp-content\/uploads\/2025\/06\/forbes-924140-1280171560526580212vB0c.webp","articleSection":["YA\u015eAM TARZI"],"inLanguage":"tr","potentialAction":[{"@type":"CommentAction","name":"Comment","target":["https:\/\/mediterra.group\/northern-cyprus-on-global-news\/#respond"]}]},{"@type":"WebPage","@id":"https:\/\/mediterra.group\/northern-cyprus-on-global-news\/","url":"https:\/\/mediterra.group\/northern-cyprus-on-global-news\/","name":"Kuzey K\u0131br\u0131s Global Haberlerde - Mediterra Group","isPartOf":{"@id":"https:\/\/mediterra.group\/ar\/#website"},"primaryImageOfPage":{"@id":"https:\/\/mediterra.group\/northern-cyprus-on-global-news\/#primaryimage"},"image":{"@id":"https:\/\/mediterra.group\/northern-cyprus-on-global-news\/#primaryimage"},"thumbnailUrl":"https:\/\/mediterra.group\/wp-content\/uploads\/2025\/06\/forbes-924140-1280171560526580212vB0c.webp","datePublished":"2025-06-18T10:34:55+00:00","author":{"@id":"https:\/\/mediterra.group\/ar\/#\/schema\/person\/7db86f2bc7783cf0f27705320203bffb"},"breadcrumb":{"@id":"https:\/\/mediterra.group\/northern-cyprus-on-global-news\/#breadcrumb"},"inLanguage":"tr","potentialAction":[{"@type":"ReadAction","target":["https:\/\/mediterra.group\/northern-cyprus-on-global-news\/"]}]},{"@type":"ImageObject","inLanguage":"tr","@id":"https:\/\/mediterra.group\/northern-cyprus-on-global-news\/#primaryimage","url":"https:\/\/mediterra.group\/wp-content\/uploads\/2025\/06\/forbes-924140-1280171560526580212vB0c.webp","contentUrl":"https:\/\/mediterra.group\/wp-content\/uploads\/2025\/06\/forbes-924140-1280171560526580212vB0c.webp","width":416,"height":234},{"@type":"BreadcrumbList","@id":"https:\/\/mediterra.group\/northern-cyprus-on-global-news\/#breadcrumb","itemListElement":[{"@type":"ListItem","position":1,"name":"Home","item":"https:\/\/mediterra.group\/tr\/"},{"@type":"ListItem","position":2,"name":"Kuzey K\u0131br\u0131s Global Haberlerde"}]},{"@type":"WebSite","@id":"https:\/\/mediterra.group\/ar\/#website","url":"https:\/\/mediterra.group\/ar\/","name":"Mediterra Group","description":"","potentialAction":[{"@type":"SearchAction","target":{"@type":"EntryPoint","urlTemplate":"https:\/\/mediterra.group\/ar\/?s={search_term_string}"},"query-input":{"@type":"PropertyValueSpecification","valueRequired":true,"valueName":"search_term_string"}}],"inLanguage":"tr"},{"@type":"Person","@id":"https:\/\/mediterra.group\/ar\/#\/schema\/person\/7db86f2bc7783cf0f27705320203bffb","name":"prfj","image":{"@type":"ImageObject","inLanguage":"tr","@id":"https:\/\/secure.gravatar.com\/avatar\/efc76156b22a6391dfe826fa01e611bcd5dacefe7489936136b7f4d5eb1c0fb4?s=96&d=mm&r=g","url":"https:\/\/secure.gravatar.com\/avatar\/efc76156b22a6391dfe826fa01e611bcd5dacefe7489936136b7f4d5eb1c0fb4?s=96&d=mm&r=g","contentUrl":"https:\/\/secure.gravatar.com\/avatar\/efc76156b22a6391dfe826fa01e611bcd5dacefe7489936136b7f4d5eb1c0fb4?s=96&d=mm&r=g","caption":"prfj"},"sameAs":["https:\/\/mediterra.group"],"url":"https:\/\/mediterra.group\/tr\/author\/prfj\/"}]}},"_links":{"self":[{"href":"https:\/\/mediterra.group\/tr\/wp-json\/wp\/v2\/posts\/33171","targetHints":{"allow":["GET"]}}],"collection":[{"href":"https:\/\/mediterra.group\/tr\/wp-json\/wp\/v2\/posts"}],"about":[{"href":"https:\/\/mediterra.group\/tr\/wp-json\/wp\/v2\/types\/post"}],"author":[{"embeddable":true,"href":"https:\/\/mediterra.group\/tr\/wp-json\/wp\/v2\/users\/1"}],"replies":[{"embeddable":true,"href":"https:\/\/mediterra.group\/tr\/wp-json\/wp\/v2\/comments?post=33171"}],"version-history":[{"count":0,"href":"https:\/\/mediterra.group\/tr\/wp-json\/wp\/v2\/posts\/33171\/revisions"}],"wp:featuredmedia":[{"embeddable":true,"href":"https:\/\/mediterra.group\/tr\/wp-json\/wp\/v2\/media\/24178"}],"wp:attachment":[{"href":"https:\/\/mediterra.group\/tr\/wp-json\/wp\/v2\/media?parent=33171"}],"wp:term":[{"taxonomy":"category","embeddable":true,"href":"https:\/\/mediterra.group\/tr\/wp-json\/wp\/v2\/categories?post=33171"},{"taxonomy":"post_tag","embeddable":true,"href":"https:\/\/mediterra.group\/tr\/wp-json\/wp\/v2\/tags?post=33171"}],"curies":[{"name":"wp","href":"https:\/\/api.w.org\/{rel}","templated":true}]}}