{"id":33162,"date":"2025-06-18T10:34:15","date_gmt":"2025-06-18T10:34:15","guid":{"rendered":"https:\/\/mediterra.group\/mediterra-topluluk-bulusmasi-14-haziranda-girne-ofisimizde-gerceklesti\/"},"modified":"2025-06-18T10:34:15","modified_gmt":"2025-06-18T10:34:15","slug":"mediterra-topluluk-bulusmasi-14-haziranda-girne-ofisimizde-gerceklesti","status":"publish","type":"post","link":"https:\/\/mediterra.group\/tr\/mediterra-topluluk-bulusmasi-14-haziranda-girne-ofisimizde-gerceklesti\/","title":{"rendered":"Mediterra Topluluk Bulu\u015fmas\u0131 14 Haziran&#8217;da Girne Ofisimizde Ger\u00e7ekle\u015fti"},"content":{"rendered":"<p>Mediterra Toplulu\u011fu yeni d\u00fczenli toplant\u0131 serisinin ilk etkinli\u011fini 14 Haziran Cuma g\u00fcn\u00fc Girne ofisimizin g\u00fczel bah\u00e7esinde ger\u00e7ekle\u015ftirdi. Bu s\u0131cak, enerjik ve b\u00fcy\u00fcleyici ortamdaki bulu\u015fmam\u0131za K\u0131br\u0131s&#8217;tan \u00e7ok say\u0131da kat\u0131l\u0131mc\u0131 i\u015ftirak etti. Y\u00f6netim Kurulu Ba\u015fkan\u0131m\u0131z Eylem \u015eakir ve Mediterra ekibinin \u00fcyeleri, yerli ve yabanc\u0131 yat\u0131r\u0131mc\u0131lar\u0131n Kuzey K\u0131br\u0131s ve emlak piyasas\u0131n\u0131n sundu\u011fu f\u0131rsatlar hakk\u0131ndaki sorular\u0131n\u0131 titizlikle yan\u0131tlad\u0131lar. Bundan b\u00f6yle her ay\u0131n ikinci Sal\u0131 ak\u015fam\u0131 Mediterra Toplulu\u011fu ile bir araya gelerek emlak piyasas\u0131ndaki son geli\u015fmeleri, i\u00e7g\u00f6r\u00fcleri ve trendleri tart\u0131\u015faca\u011f\u0131z.   <\/p>\n<p>&nbsp;<\/p>\n<div id='gallery-1' class='gallery galleryid-33162 gallery-columns-3 gallery-size-thumbnail'><figure class='gallery-item'>\n\t\t\t<div class='gallery-icon landscape'>\n\t\t\t\t<a href='https:\/\/mediterra.group\/wp-content\/uploads\/2025\/06\/event-ic.webp'><img decoding=\"async\" width=\"150\" height=\"113\" src=\"https:\/\/mediterra.group\/wp-content\/uploads\/2025\/06\/event-ic.webp\" class=\"attachment-thumbnail size-thumbnail\" alt=\"\" srcset=\"https:\/\/mediterra.group\/wp-content\/uploads\/2025\/06\/event-ic.webp 2048w, https:\/\/mediterra.group\/wp-content\/uploads\/2025\/06\/event-ic-1536x1152.webp 1536w, https:\/\/mediterra.group\/wp-content\/uploads\/2025\/06\/event-ic-584x438.webp 584w\" sizes=\"(max-width: 150px) 100vw, 150px\" \/><\/a>\n\t\t\t<\/div><\/figure><figure class='gallery-item'>\n\t\t\t<div class='gallery-icon landscape'>\n\t\t\t\t<a href='https:\/\/mediterra.group\/wp-content\/uploads\/2025\/06\/Community-in-Girne-1_result.webp'><img decoding=\"async\" width=\"150\" height=\"113\" src=\"https:\/\/mediterra.group\/wp-content\/uploads\/2025\/06\/Community-in-Girne-1_result.webp\" class=\"attachment-thumbnail size-thumbnail\" alt=\"\" srcset=\"https:\/\/mediterra.group\/wp-content\/uploads\/2025\/06\/Community-in-Girne-1_result.webp 2048w, https:\/\/mediterra.group\/wp-content\/uploads\/2025\/06\/Community-in-Girne-1_result-1536x1152.webp 1536w, https:\/\/mediterra.group\/wp-content\/uploads\/2025\/06\/Community-in-Girne-1_result-584x438.webp 584w\" sizes=\"(max-width: 150px) 100vw, 150px\" \/><\/a>\n\t\t\t<\/div><\/figure><figure class='gallery-item'>\n\t\t\t<div class='gallery-icon landscape'>\n\t\t\t\t<a href='https:\/\/mediterra.group\/wp-content\/uploads\/2025\/06\/Community-in-Girne-2_result.webp'><img decoding=\"async\" width=\"150\" height=\"113\" src=\"https:\/\/mediterra.group\/wp-content\/uploads\/2025\/06\/Community-in-Girne-2_result.webp\" class=\"attachment-thumbnail size-thumbnail\" alt=\"\" srcset=\"https:\/\/mediterra.group\/wp-content\/uploads\/2025\/06\/Community-in-Girne-2_result.webp 2048w, https:\/\/mediterra.group\/wp-content\/uploads\/2025\/06\/Community-in-Girne-2_result-1536x1152.webp 1536w, https:\/\/mediterra.group\/wp-content\/uploads\/2025\/06\/Community-in-Girne-2_result-584x438.webp 584w\" sizes=\"(max-width: 150px) 100vw, 150px\" \/><\/a>\n\t\t\t<\/div><\/figure><figure class='gallery-item'>\n\t\t\t<div class='gallery-icon landscape'>\n\t\t\t\t<a href='https:\/\/mediterra.group\/wp-content\/uploads\/2025\/06\/Community-in-Girne-3_result.webp'><img loading=\"lazy\" decoding=\"async\" width=\"150\" height=\"113\" src=\"https:\/\/mediterra.group\/wp-content\/uploads\/2025\/06\/Community-in-Girne-3_result.webp\" class=\"attachment-thumbnail size-thumbnail\" alt=\"\" srcset=\"https:\/\/mediterra.group\/wp-content\/uploads\/2025\/06\/Community-in-Girne-3_result.webp 2048w, https:\/\/mediterra.group\/wp-content\/uploads\/2025\/06\/Community-in-Girne-3_result-1536x1152.webp 1536w, https:\/\/mediterra.group\/wp-content\/uploads\/2025\/06\/Community-in-Girne-3_result-584x438.webp 584w\" sizes=\"(max-width: 150px) 100vw, 150px\" \/><\/a>\n\t\t\t<\/div><\/figure><figure class='gallery-item'>\n\t\t\t<div class='gallery-icon landscape'>\n\t\t\t\t<a href='https:\/\/mediterra.group\/wp-content\/uploads\/2025\/06\/Community-in-Girne-4_result.webp'><img loading=\"lazy\" decoding=\"async\" width=\"150\" height=\"113\" src=\"https:\/\/mediterra.group\/wp-content\/uploads\/2025\/06\/Community-in-Girne-4_result.webp\" class=\"attachment-thumbnail size-thumbnail\" alt=\"\" srcset=\"https:\/\/mediterra.group\/wp-content\/uploads\/2025\/06\/Community-in-Girne-4_result.webp 2048w, https:\/\/mediterra.group\/wp-content\/uploads\/2025\/06\/Community-in-Girne-4_result-1536x1152.webp 1536w, https:\/\/mediterra.group\/wp-content\/uploads\/2025\/06\/Community-in-Girne-4_result-584x438.webp 584w\" sizes=\"(max-width: 150px) 100vw, 150px\" \/><\/a>\n\t\t\t<\/div><\/figure><figure class='gallery-item'>\n\t\t\t<div class='gallery-icon landscape'>\n\t\t\t\t<a href='https:\/\/mediterra.group\/wp-content\/uploads\/2025\/06\/Community-in-Girne-5_result.webp'><img loading=\"lazy\" decoding=\"async\" width=\"150\" height=\"113\" src=\"https:\/\/mediterra.group\/wp-content\/uploads\/2025\/06\/Community-in-Girne-5_result.webp\" class=\"attachment-thumbnail size-thumbnail\" alt=\"\" srcset=\"https:\/\/mediterra.group\/wp-content\/uploads\/2025\/06\/Community-in-Girne-5_result.webp 2048w, https:\/\/mediterra.group\/wp-content\/uploads\/2025\/06\/Community-in-Girne-5_result-1536x1152.webp 1536w, https:\/\/mediterra.group\/wp-content\/uploads\/2025\/06\/Community-in-Girne-5_result-584x438.webp 584w\" sizes=\"(max-width: 150px) 100vw, 150px\" \/><\/a>\n\t\t\t<\/div><\/figure>\n\t\t<\/div>\n\n","protected":false},"excerpt":{"rendered":"<p>Mediterra Toplulu\u011fu yeni d\u00fczenli toplant\u0131 serisinin ilk etkinli\u011fini 14 Haziran Cuma g\u00fcn\u00fc Girne ofisimizin g\u00fczel bah\u00e7esinde ger\u00e7ekle\u015ftirdi. Bu s\u0131cak, enerjik ve b\u00fcy\u00fcleyici ortamdaki bulu\u015fmam\u0131za K\u0131br\u0131s&#8217;tan \u00e7ok say\u0131da kat\u0131l\u0131mc\u0131 i\u015ftirak etti. Y\u00f6netim Kurulu Ba\u015fkan\u0131m\u0131z Eylem \u015eakir ve Mediterra ekibinin \u00fcyeleri, yerli ve yabanc\u0131 yat\u0131r\u0131mc\u0131lar\u0131n Kuzey K\u0131br\u0131s ve emlak piyasas\u0131n\u0131n sundu\u011fu f\u0131rsatlar hakk\u0131ndaki sorular\u0131n\u0131 titizlikle yan\u0131tlad\u0131lar. Bundan [&hellip;]<\/p>\n","protected":false},"author":1,"featured_media":24143,"comment_status":"open","ping_status":"open","sticky":false,"template":"","format":"standard","meta":{"_acf_changed":false,"footnotes":""},"categories":[256],"tags":[],"class_list":["post-33162","post","type-post","status-publish","format-standard","has-post-thumbnail","hentry","category-etkinlikler"],"acf":[],"yoast_head":"<!-- This site is optimized with the Yoast SEO plugin v27.5 - https:\/\/yoast.com\/product\/yoast-seo-wordpress\/ -->\n<title>Mediterra Topluluk Bulu\u015fmas\u0131 14 Haziran&#039;da Girne Ofisimizde Ger\u00e7ekle\u015fti - Mediterra Group<\/title>\n<meta name=\"robots\" content=\"index, follow, max-snippet:-1, max-image-preview:large, max-video-preview:-1\" \/>\n<link rel=\"canonical\" href=\"https:\/\/mediterra.group\/mediterra-community-gathering-held-in-our-kyrenia-office-on-june-14th\/\" \/>\n<meta property=\"og:locale\" content=\"tr_TR\" \/>\n<meta property=\"og:type\" content=\"article\" \/>\n<meta property=\"og:title\" content=\"Mediterra Topluluk Bulu\u015fmas\u0131 14 Haziran&#039;da Girne Ofisimizde Ger\u00e7ekle\u015fti - Mediterra Group\" \/>\n<meta property=\"og:description\" content=\"Mediterra Toplulu\u011fu yeni d\u00fczenli toplant\u0131 serisinin ilk etkinli\u011fini 14 Haziran Cuma g\u00fcn\u00fc Girne ofisimizin g\u00fczel bah\u00e7esinde ger\u00e7ekle\u015ftirdi. Bu s\u0131cak, enerjik ve b\u00fcy\u00fcleyici ortamdaki bulu\u015fmam\u0131za K\u0131br\u0131s&#8217;tan \u00e7ok say\u0131da kat\u0131l\u0131mc\u0131 i\u015ftirak etti. Y\u00f6netim Kurulu Ba\u015fkan\u0131m\u0131z Eylem \u015eakir ve Mediterra ekibinin \u00fcyeleri, yerli ve yabanc\u0131 yat\u0131r\u0131mc\u0131lar\u0131n Kuzey K\u0131br\u0131s ve emlak piyasas\u0131n\u0131n sundu\u011fu f\u0131rsatlar hakk\u0131ndaki sorular\u0131n\u0131 titizlikle yan\u0131tlad\u0131lar. Bundan [&hellip;]\" \/>\n<meta property=\"og:url\" content=\"https:\/\/mediterra.group\/mediterra-community-gathering-held-in-our-kyrenia-office-on-june-14th\/\" \/>\n<meta property=\"og:site_name\" content=\"Mediterra Group\" \/>\n<meta property=\"article:published_time\" content=\"2025-06-18T10:34:15+00:00\" \/>\n<meta property=\"og:image\" content=\"https:\/\/mediterra.group\/wp-content\/uploads\/2025\/06\/events-kapak17217356821617l4yj2.webp\" \/>\n\t<meta property=\"og:image:width\" content=\"416\" \/>\n\t<meta property=\"og:image:height\" content=\"234\" \/>\n\t<meta property=\"og:image:type\" content=\"image\/webp\" \/>\n<meta name=\"author\" content=\"prfj\" \/>\n<meta name=\"twitter:card\" content=\"summary_large_image\" \/>\n<meta name=\"twitter:label1\" content=\"Yazan:\" \/>\n\t<meta name=\"twitter:data1\" content=\"prfj\" \/>\n\t<meta name=\"twitter:label2\" content=\"Tahmini okuma s\u00fcresi\" \/>\n\t<meta name=\"twitter:data2\" content=\"1 dakika\" \/>\n<script type=\"application\/ld+json\" class=\"yoast-schema-graph\">{\"@context\":\"https:\\\/\\\/schema.org\",\"@graph\":[{\"@type\":\"Article\",\"@id\":\"https:\\\/\\\/mediterra.group\\\/mediterra-community-gathering-held-in-our-kyrenia-office-on-june-14th\\\/#article\",\"isPartOf\":{\"@id\":\"https:\\\/\\\/mediterra.group\\\/mediterra-community-gathering-held-in-our-kyrenia-office-on-june-14th\\\/\"},\"author\":{\"name\":\"prfj\",\"@id\":\"https:\\\/\\\/mediterra.group\\\/ar\\\/#\\\/schema\\\/person\\\/7db86f2bc7783cf0f27705320203bffb\"},\"headline\":\"Mediterra Topluluk Bulu\u015fmas\u0131 14 Haziran&#8217;da Girne Ofisimizde Ger\u00e7ekle\u015fti\",\"datePublished\":\"2025-06-18T10:34:15+00:00\",\"mainEntityOfPage\":{\"@id\":\"https:\\\/\\\/mediterra.group\\\/mediterra-community-gathering-held-in-our-kyrenia-office-on-june-14th\\\/\"},\"wordCount\":139,\"commentCount\":0,\"image\":{\"@id\":\"https:\\\/\\\/mediterra.group\\\/mediterra-community-gathering-held-in-our-kyrenia-office-on-june-14th\\\/#primaryimage\"},\"thumbnailUrl\":\"https:\\\/\\\/mediterra.group\\\/wp-content\\\/uploads\\\/2025\\\/06\\\/events-kapak17217356821617l4yj2.webp\",\"articleSection\":[\"ETK\u0130NL\u0130KLER\"],\"inLanguage\":\"tr\",\"potentialAction\":[{\"@type\":\"CommentAction\",\"name\":\"Comment\",\"target\":[\"https:\\\/\\\/mediterra.group\\\/mediterra-community-gathering-held-in-our-kyrenia-office-on-june-14th\\\/#respond\"]}]},{\"@type\":\"WebPage\",\"@id\":\"https:\\\/\\\/mediterra.group\\\/mediterra-community-gathering-held-in-our-kyrenia-office-on-june-14th\\\/\",\"url\":\"https:\\\/\\\/mediterra.group\\\/mediterra-community-gathering-held-in-our-kyrenia-office-on-june-14th\\\/\",\"name\":\"Mediterra Topluluk Bulu\u015fmas\u0131 14 Haziran'da Girne Ofisimizde Ger\u00e7ekle\u015fti - Mediterra Group\",\"isPartOf\":{\"@id\":\"https:\\\/\\\/mediterra.group\\\/ar\\\/#website\"},\"primaryImageOfPage\":{\"@id\":\"https:\\\/\\\/mediterra.group\\\/mediterra-community-gathering-held-in-our-kyrenia-office-on-june-14th\\\/#primaryimage\"},\"image\":{\"@id\":\"https:\\\/\\\/mediterra.group\\\/mediterra-community-gathering-held-in-our-kyrenia-office-on-june-14th\\\/#primaryimage\"},\"thumbnailUrl\":\"https:\\\/\\\/mediterra.group\\\/wp-content\\\/uploads\\\/2025\\\/06\\\/events-kapak17217356821617l4yj2.webp\",\"datePublished\":\"2025-06-18T10:34:15+00:00\",\"author\":{\"@id\":\"https:\\\/\\\/mediterra.group\\\/ar\\\/#\\\/schema\\\/person\\\/7db86f2bc7783cf0f27705320203bffb\"},\"breadcrumb\":{\"@id\":\"https:\\\/\\\/mediterra.group\\\/mediterra-community-gathering-held-in-our-kyrenia-office-on-june-14th\\\/#breadcrumb\"},\"inLanguage\":\"tr\",\"potentialAction\":[{\"@type\":\"ReadAction\",\"target\":[\"https:\\\/\\\/mediterra.group\\\/mediterra-community-gathering-held-in-our-kyrenia-office-on-june-14th\\\/\"]}]},{\"@type\":\"ImageObject\",\"inLanguage\":\"tr\",\"@id\":\"https:\\\/\\\/mediterra.group\\\/mediterra-community-gathering-held-in-our-kyrenia-office-on-june-14th\\\/#primaryimage\",\"url\":\"https:\\\/\\\/mediterra.group\\\/wp-content\\\/uploads\\\/2025\\\/06\\\/events-kapak17217356821617l4yj2.webp\",\"contentUrl\":\"https:\\\/\\\/mediterra.group\\\/wp-content\\\/uploads\\\/2025\\\/06\\\/events-kapak17217356821617l4yj2.webp\",\"width\":416,\"height\":234},{\"@type\":\"BreadcrumbList\",\"@id\":\"https:\\\/\\\/mediterra.group\\\/mediterra-community-gathering-held-in-our-kyrenia-office-on-june-14th\\\/#breadcrumb\",\"itemListElement\":[{\"@type\":\"ListItem\",\"position\":1,\"name\":\"Home\",\"item\":\"https:\\\/\\\/mediterra.group\\\/tr\\\/\"},{\"@type\":\"ListItem\",\"position\":2,\"name\":\"Mediterra Topluluk Bulu\u015fmas\u0131 14 Haziran&#8217;da Girne Ofisimizde Ger\u00e7ekle\u015fti\"}]},{\"@type\":\"WebSite\",\"@id\":\"https:\\\/\\\/mediterra.group\\\/ar\\\/#website\",\"url\":\"https:\\\/\\\/mediterra.group\\\/ar\\\/\",\"name\":\"Mediterra Group\",\"description\":\"\",\"potentialAction\":[{\"@type\":\"SearchAction\",\"target\":{\"@type\":\"EntryPoint\",\"urlTemplate\":\"https:\\\/\\\/mediterra.group\\\/ar\\\/?s={search_term_string}\"},\"query-input\":{\"@type\":\"PropertyValueSpecification\",\"valueRequired\":true,\"valueName\":\"search_term_string\"}}],\"inLanguage\":\"tr\"},{\"@type\":\"Person\",\"@id\":\"https:\\\/\\\/mediterra.group\\\/ar\\\/#\\\/schema\\\/person\\\/7db86f2bc7783cf0f27705320203bffb\",\"name\":\"prfj\",\"image\":{\"@type\":\"ImageObject\",\"inLanguage\":\"tr\",\"@id\":\"https:\\\/\\\/secure.gravatar.com\\\/avatar\\\/efc76156b22a6391dfe826fa01e611bcd5dacefe7489936136b7f4d5eb1c0fb4?s=96&d=mm&r=g\",\"url\":\"https:\\\/\\\/secure.gravatar.com\\\/avatar\\\/efc76156b22a6391dfe826fa01e611bcd5dacefe7489936136b7f4d5eb1c0fb4?s=96&d=mm&r=g\",\"contentUrl\":\"https:\\\/\\\/secure.gravatar.com\\\/avatar\\\/efc76156b22a6391dfe826fa01e611bcd5dacefe7489936136b7f4d5eb1c0fb4?s=96&d=mm&r=g\",\"caption\":\"prfj\"},\"sameAs\":[\"https:\\\/\\\/mediterra.group\"],\"url\":\"https:\\\/\\\/mediterra.group\\\/tr\\\/author\\\/prfj\\\/\"}]}<\/script>\n<!-- \/ Yoast SEO plugin. -->","yoast_head_json":{"title":"Mediterra Topluluk Bulu\u015fmas\u0131 14 Haziran'da Girne Ofisimizde Ger\u00e7ekle\u015fti - Mediterra Group","robots":{"index":"index","follow":"follow","max-snippet":"max-snippet:-1","max-image-preview":"max-image-preview:large","max-video-preview":"max-video-preview:-1"},"canonical":"https:\/\/mediterra.group\/mediterra-community-gathering-held-in-our-kyrenia-office-on-june-14th\/","og_locale":"tr_TR","og_type":"article","og_title":"Mediterra Topluluk Bulu\u015fmas\u0131 14 Haziran'da Girne Ofisimizde Ger\u00e7ekle\u015fti - Mediterra Group","og_description":"Mediterra Toplulu\u011fu yeni d\u00fczenli toplant\u0131 serisinin ilk etkinli\u011fini 14 Haziran Cuma g\u00fcn\u00fc Girne ofisimizin g\u00fczel bah\u00e7esinde ger\u00e7ekle\u015ftirdi. Bu s\u0131cak, enerjik ve b\u00fcy\u00fcleyici ortamdaki bulu\u015fmam\u0131za K\u0131br\u0131s&#8217;tan \u00e7ok say\u0131da kat\u0131l\u0131mc\u0131 i\u015ftirak etti. Y\u00f6netim Kurulu Ba\u015fkan\u0131m\u0131z Eylem \u015eakir ve Mediterra ekibinin \u00fcyeleri, yerli ve yabanc\u0131 yat\u0131r\u0131mc\u0131lar\u0131n Kuzey K\u0131br\u0131s ve emlak piyasas\u0131n\u0131n sundu\u011fu f\u0131rsatlar hakk\u0131ndaki sorular\u0131n\u0131 titizlikle yan\u0131tlad\u0131lar. Bundan [&hellip;]","og_url":"https:\/\/mediterra.group\/mediterra-community-gathering-held-in-our-kyrenia-office-on-june-14th\/","og_site_name":"Mediterra Group","article_published_time":"2025-06-18T10:34:15+00:00","og_image":[{"width":416,"height":234,"url":"https:\/\/mediterra.group\/wp-content\/uploads\/2025\/06\/events-kapak17217356821617l4yj2.webp","type":"image\/webp"}],"author":"prfj","twitter_card":"summary_large_image","twitter_misc":{"Yazan:":"prfj","Tahmini okuma s\u00fcresi":"1 dakika"},"schema":{"@context":"https:\/\/schema.org","@graph":[{"@type":"Article","@id":"https:\/\/mediterra.group\/mediterra-community-gathering-held-in-our-kyrenia-office-on-june-14th\/#article","isPartOf":{"@id":"https:\/\/mediterra.group\/mediterra-community-gathering-held-in-our-kyrenia-office-on-june-14th\/"},"author":{"name":"prfj","@id":"https:\/\/mediterra.group\/ar\/#\/schema\/person\/7db86f2bc7783cf0f27705320203bffb"},"headline":"Mediterra Topluluk Bulu\u015fmas\u0131 14 Haziran&#8217;da Girne Ofisimizde Ger\u00e7ekle\u015fti","datePublished":"2025-06-18T10:34:15+00:00","mainEntityOfPage":{"@id":"https:\/\/mediterra.group\/mediterra-community-gathering-held-in-our-kyrenia-office-on-june-14th\/"},"wordCount":139,"commentCount":0,"image":{"@id":"https:\/\/mediterra.group\/mediterra-community-gathering-held-in-our-kyrenia-office-on-june-14th\/#primaryimage"},"thumbnailUrl":"https:\/\/mediterra.group\/wp-content\/uploads\/2025\/06\/events-kapak17217356821617l4yj2.webp","articleSection":["ETK\u0130NL\u0130KLER"],"inLanguage":"tr","potentialAction":[{"@type":"CommentAction","name":"Comment","target":["https:\/\/mediterra.group\/mediterra-community-gathering-held-in-our-kyrenia-office-on-june-14th\/#respond"]}]},{"@type":"WebPage","@id":"https:\/\/mediterra.group\/mediterra-community-gathering-held-in-our-kyrenia-office-on-june-14th\/","url":"https:\/\/mediterra.group\/mediterra-community-gathering-held-in-our-kyrenia-office-on-june-14th\/","name":"Mediterra Topluluk Bulu\u015fmas\u0131 14 Haziran'da Girne Ofisimizde Ger\u00e7ekle\u015fti - Mediterra Group","isPartOf":{"@id":"https:\/\/mediterra.group\/ar\/#website"},"primaryImageOfPage":{"@id":"https:\/\/mediterra.group\/mediterra-community-gathering-held-in-our-kyrenia-office-on-june-14th\/#primaryimage"},"image":{"@id":"https:\/\/mediterra.group\/mediterra-community-gathering-held-in-our-kyrenia-office-on-june-14th\/#primaryimage"},"thumbnailUrl":"https:\/\/mediterra.group\/wp-content\/uploads\/2025\/06\/events-kapak17217356821617l4yj2.webp","datePublished":"2025-06-18T10:34:15+00:00","author":{"@id":"https:\/\/mediterra.group\/ar\/#\/schema\/person\/7db86f2bc7783cf0f27705320203bffb"},"breadcrumb":{"@id":"https:\/\/mediterra.group\/mediterra-community-gathering-held-in-our-kyrenia-office-on-june-14th\/#breadcrumb"},"inLanguage":"tr","potentialAction":[{"@type":"ReadAction","target":["https:\/\/mediterra.group\/mediterra-community-gathering-held-in-our-kyrenia-office-on-june-14th\/"]}]},{"@type":"ImageObject","inLanguage":"tr","@id":"https:\/\/mediterra.group\/mediterra-community-gathering-held-in-our-kyrenia-office-on-june-14th\/#primaryimage","url":"https:\/\/mediterra.group\/wp-content\/uploads\/2025\/06\/events-kapak17217356821617l4yj2.webp","contentUrl":"https:\/\/mediterra.group\/wp-content\/uploads\/2025\/06\/events-kapak17217356821617l4yj2.webp","width":416,"height":234},{"@type":"BreadcrumbList","@id":"https:\/\/mediterra.group\/mediterra-community-gathering-held-in-our-kyrenia-office-on-june-14th\/#breadcrumb","itemListElement":[{"@type":"ListItem","position":1,"name":"Home","item":"https:\/\/mediterra.group\/tr\/"},{"@type":"ListItem","position":2,"name":"Mediterra Topluluk Bulu\u015fmas\u0131 14 Haziran&#8217;da Girne Ofisimizde Ger\u00e7ekle\u015fti"}]},{"@type":"WebSite","@id":"https:\/\/mediterra.group\/ar\/#website","url":"https:\/\/mediterra.group\/ar\/","name":"Mediterra Group","description":"","potentialAction":[{"@type":"SearchAction","target":{"@type":"EntryPoint","urlTemplate":"https:\/\/mediterra.group\/ar\/?s={search_term_string}"},"query-input":{"@type":"PropertyValueSpecification","valueRequired":true,"valueName":"search_term_string"}}],"inLanguage":"tr"},{"@type":"Person","@id":"https:\/\/mediterra.group\/ar\/#\/schema\/person\/7db86f2bc7783cf0f27705320203bffb","name":"prfj","image":{"@type":"ImageObject","inLanguage":"tr","@id":"https:\/\/secure.gravatar.com\/avatar\/efc76156b22a6391dfe826fa01e611bcd5dacefe7489936136b7f4d5eb1c0fb4?s=96&d=mm&r=g","url":"https:\/\/secure.gravatar.com\/avatar\/efc76156b22a6391dfe826fa01e611bcd5dacefe7489936136b7f4d5eb1c0fb4?s=96&d=mm&r=g","contentUrl":"https:\/\/secure.gravatar.com\/avatar\/efc76156b22a6391dfe826fa01e611bcd5dacefe7489936136b7f4d5eb1c0fb4?s=96&d=mm&r=g","caption":"prfj"},"sameAs":["https:\/\/mediterra.group"],"url":"https:\/\/mediterra.group\/tr\/author\/prfj\/"}]}},"_links":{"self":[{"href":"https:\/\/mediterra.group\/tr\/wp-json\/wp\/v2\/posts\/33162","targetHints":{"allow":["GET"]}}],"collection":[{"href":"https:\/\/mediterra.group\/tr\/wp-json\/wp\/v2\/posts"}],"about":[{"href":"https:\/\/mediterra.group\/tr\/wp-json\/wp\/v2\/types\/post"}],"author":[{"embeddable":true,"href":"https:\/\/mediterra.group\/tr\/wp-json\/wp\/v2\/users\/1"}],"replies":[{"embeddable":true,"href":"https:\/\/mediterra.group\/tr\/wp-json\/wp\/v2\/comments?post=33162"}],"version-history":[{"count":0,"href":"https:\/\/mediterra.group\/tr\/wp-json\/wp\/v2\/posts\/33162\/revisions"}],"wp:featuredmedia":[{"embeddable":true,"href":"https:\/\/mediterra.group\/tr\/wp-json\/wp\/v2\/media\/24143"}],"wp:attachment":[{"href":"https:\/\/mediterra.group\/tr\/wp-json\/wp\/v2\/media?parent=33162"}],"wp:term":[{"taxonomy":"category","embeddable":true,"href":"https:\/\/mediterra.group\/tr\/wp-json\/wp\/v2\/categories?post=33162"},{"taxonomy":"post_tag","embeddable":true,"href":"https:\/\/mediterra.group\/tr\/wp-json\/wp\/v2\/tags?post=33162"}],"curies":[{"name":"wp","href":"https:\/\/api.w.org\/{rel}","templated":true}]}}