{"id":33161,"date":"2025-06-18T10:33:28","date_gmt":"2025-06-18T10:33:28","guid":{"rendered":"https:\/\/mediterra.group\/kuzey-kibrista-yatirimin-gelecegi-etkinligi-25-haziranda-berlinde-gerceklesti\/"},"modified":"2025-06-18T10:33:28","modified_gmt":"2025-06-18T10:33:28","slug":"kuzey-kibrista-yatirimin-gelecegi-etkinligi-25-haziranda-berlinde-gerceklesti","status":"publish","type":"post","link":"https:\/\/mediterra.group\/tr\/kuzey-kibrista-yatirimin-gelecegi-etkinligi-25-haziranda-berlinde-gerceklesti\/","title":{"rendered":"Kuzey K\u0131br\u0131s&#8217;ta Yat\u0131r\u0131m\u0131n Gelece\u011fi Etkinli\u011fi 25 Haziran&#8217;da Berlin&#8217;de Ger\u00e7ekle\u015fti"},"content":{"rendered":"<p>Mediterra Group&#8217;un Avrupa&#8217;daki al\u0131c\u0131larla bir araya geldi\u011fi &#8220;Kuzey K\u0131br\u0131s&#8217;ta Yat\u0131r\u0131m\u0131n Gelece\u011fi&#8221; etkinli\u011fi. Etkinlik 25 Haziran&#8217;da Berlin&#8217;deki Titanic Chaussee Hotel&#8217;de ger\u00e7ekle\u015fti. Ba\u015fkan\u0131m\u0131z Eylem \u015eakir ve ekip arkada\u015flar\u0131m\u0131z, Kuzey K\u0131br\u0131s&#8217;ta ya\u015faman\u0131n ve yat\u0131r\u0131m yapman\u0131n avantajlar\u0131n\u0131, bu e\u015fsiz Akdeniz adas\u0131n\u0131n sundu\u011fu gayrimenkul f\u0131rsatlar\u0131n\u0131, m\u00fclk sat\u0131n alma ve banka hesab\u0131 a\u00e7ma gibi temel s\u00fcre\u00e7lerdeki yasal prosed\u00fcrleri ve di\u011fer \u00e7e\u015fitli konular\u0131 anlatt\u0131. Canl\u0131 ve hareketli bir atmosferde ger\u00e7ekle\u015fen etkinli\u011fe Kuzey K\u0131br\u0131s&#8217;taki gayrimenkul portf\u00f6y\u00fcm\u00fcze ilgi g\u00f6steren \u00e7ok say\u0131da Avrupal\u0131 yat\u0131r\u0131mc\u0131 kat\u0131ld\u0131.   <\/p>\n<div id='gallery-1' class='gallery galleryid-33161 gallery-columns-4 gallery-size-thumbnail'><figure class='gallery-item'>\n\t\t\t<div class='gallery-icon landscape'>\n\t\t\t\t<a href='https:\/\/mediterra.group\/wp-content\/uploads\/2025\/06\/6.webp'><img decoding=\"async\" width=\"150\" height=\"100\" src=\"https:\/\/mediterra.group\/wp-content\/uploads\/2025\/06\/6.webp\" class=\"attachment-thumbnail size-thumbnail\" alt=\"\" srcset=\"https:\/\/mediterra.group\/wp-content\/uploads\/2025\/06\/6.webp 1280w, https:\/\/mediterra.group\/wp-content\/uploads\/2025\/06\/6-1170x785.webp 1170w\" sizes=\"(max-width: 150px) 100vw, 150px\" \/><\/a>\n\t\t\t<\/div><\/figure><figure class='gallery-item'>\n\t\t\t<div class='gallery-icon landscape'>\n\t\t\t\t<a href='https:\/\/mediterra.group\/wp-content\/uploads\/2025\/06\/7.webp'><img decoding=\"async\" width=\"150\" height=\"100\" src=\"https:\/\/mediterra.group\/wp-content\/uploads\/2025\/06\/7.webp\" class=\"attachment-thumbnail size-thumbnail\" alt=\"\" srcset=\"https:\/\/mediterra.group\/wp-content\/uploads\/2025\/06\/7.webp 1280w, https:\/\/mediterra.group\/wp-content\/uploads\/2025\/06\/7-1170x785.webp 1170w\" sizes=\"(max-width: 150px) 100vw, 150px\" \/><\/a>\n\t\t\t<\/div><\/figure><figure class='gallery-item'>\n\t\t\t<div class='gallery-icon landscape'>\n\t\t\t\t<a href='https:\/\/mediterra.group\/wp-content\/uploads\/2025\/06\/11.webp'><img decoding=\"async\" width=\"150\" height=\"100\" src=\"https:\/\/mediterra.group\/wp-content\/uploads\/2025\/06\/11.webp\" class=\"attachment-thumbnail size-thumbnail\" alt=\"\" srcset=\"https:\/\/mediterra.group\/wp-content\/uploads\/2025\/06\/11.webp 1280w, https:\/\/mediterra.group\/wp-content\/uploads\/2025\/06\/11-1170x785.webp 1170w\" sizes=\"(max-width: 150px) 100vw, 150px\" \/><\/a>\n\t\t\t<\/div><\/figure><figure class='gallery-item'>\n\t\t\t<div class='gallery-icon landscape'>\n\t\t\t\t<a href='https:\/\/mediterra.group\/wp-content\/uploads\/2025\/06\/12.webp'><img loading=\"lazy\" decoding=\"async\" width=\"150\" height=\"100\" src=\"https:\/\/mediterra.group\/wp-content\/uploads\/2025\/06\/12.webp\" class=\"attachment-thumbnail size-thumbnail\" alt=\"\" srcset=\"https:\/\/mediterra.group\/wp-content\/uploads\/2025\/06\/12.webp 1280w, https:\/\/mediterra.group\/wp-content\/uploads\/2025\/06\/12-1170x785.webp 1170w\" sizes=\"(max-width: 150px) 100vw, 150px\" \/><\/a>\n\t\t\t<\/div><\/figure><figure class='gallery-item'>\n\t\t\t<div class='gallery-icon landscape'>\n\t\t\t\t<a href='https:\/\/mediterra.group\/wp-content\/uploads\/2025\/06\/1-1.webp'><img loading=\"lazy\" decoding=\"async\" width=\"150\" height=\"100\" src=\"https:\/\/mediterra.group\/wp-content\/uploads\/2025\/06\/1-1.webp\" class=\"attachment-thumbnail size-thumbnail\" alt=\"\" srcset=\"https:\/\/mediterra.group\/wp-content\/uploads\/2025\/06\/1-1.webp 1280w, https:\/\/mediterra.group\/wp-content\/uploads\/2025\/06\/1-1-1170x785.webp 1170w\" sizes=\"(max-width: 150px) 100vw, 150px\" \/><\/a>\n\t\t\t<\/div><\/figure><figure class='gallery-item'>\n\t\t\t<div class='gallery-icon landscape'>\n\t\t\t\t<a href='https:\/\/mediterra.group\/wp-content\/uploads\/2025\/06\/2-1.webp'><img loading=\"lazy\" decoding=\"async\" width=\"150\" height=\"100\" src=\"https:\/\/mediterra.group\/wp-content\/uploads\/2025\/06\/2-1.webp\" class=\"attachment-thumbnail size-thumbnail\" alt=\"\" srcset=\"https:\/\/mediterra.group\/wp-content\/uploads\/2025\/06\/2-1.webp 1280w, https:\/\/mediterra.group\/wp-content\/uploads\/2025\/06\/2-1-1170x785.webp 1170w\" sizes=\"(max-width: 150px) 100vw, 150px\" \/><\/a>\n\t\t\t<\/div><\/figure><figure class='gallery-item'>\n\t\t\t<div class='gallery-icon landscape'>\n\t\t\t\t<a href='https:\/\/mediterra.group\/wp-content\/uploads\/2025\/06\/3-1.webp'><img loading=\"lazy\" decoding=\"async\" width=\"150\" height=\"100\" src=\"https:\/\/mediterra.group\/wp-content\/uploads\/2025\/06\/3-1.webp\" class=\"attachment-thumbnail size-thumbnail\" alt=\"\" srcset=\"https:\/\/mediterra.group\/wp-content\/uploads\/2025\/06\/3-1.webp 1280w, https:\/\/mediterra.group\/wp-content\/uploads\/2025\/06\/3-1-1170x785.webp 1170w\" sizes=\"(max-width: 150px) 100vw, 150px\" \/><\/a>\n\t\t\t<\/div><\/figure><figure class='gallery-item'>\n\t\t\t<div class='gallery-icon landscape'>\n\t\t\t\t<a href='https:\/\/mediterra.group\/wp-content\/uploads\/2025\/06\/8.webp'><img loading=\"lazy\" decoding=\"async\" width=\"150\" height=\"100\" src=\"https:\/\/mediterra.group\/wp-content\/uploads\/2025\/06\/8.webp\" class=\"attachment-thumbnail size-thumbnail\" alt=\"\" srcset=\"https:\/\/mediterra.group\/wp-content\/uploads\/2025\/06\/8.webp 1280w, https:\/\/mediterra.group\/wp-content\/uploads\/2025\/06\/8-1170x785.webp 1170w\" sizes=\"(max-width: 150px) 100vw, 150px\" \/><\/a>\n\t\t\t<\/div><\/figure><figure class='gallery-item'>\n\t\t\t<div class='gallery-icon landscape'>\n\t\t\t\t<a href='https:\/\/mediterra.group\/wp-content\/uploads\/2025\/06\/4-1.webp'><img loading=\"lazy\" decoding=\"async\" width=\"150\" height=\"100\" src=\"https:\/\/mediterra.group\/wp-content\/uploads\/2025\/06\/4-1.webp\" class=\"attachment-thumbnail size-thumbnail\" alt=\"\" srcset=\"https:\/\/mediterra.group\/wp-content\/uploads\/2025\/06\/4-1.webp 1280w, https:\/\/mediterra.group\/wp-content\/uploads\/2025\/06\/4-1-1170x785.webp 1170w\" sizes=\"(max-width: 150px) 100vw, 150px\" \/><\/a>\n\t\t\t<\/div><\/figure><figure class='gallery-item'>\n\t\t\t<div class='gallery-icon landscape'>\n\t\t\t\t<a href='https:\/\/mediterra.group\/wp-content\/uploads\/2025\/06\/9.webp'><img loading=\"lazy\" decoding=\"async\" width=\"150\" height=\"100\" src=\"https:\/\/mediterra.group\/wp-content\/uploads\/2025\/06\/9.webp\" class=\"attachment-thumbnail size-thumbnail\" alt=\"\" srcset=\"https:\/\/mediterra.group\/wp-content\/uploads\/2025\/06\/9.webp 1280w, https:\/\/mediterra.group\/wp-content\/uploads\/2025\/06\/9-1170x785.webp 1170w\" sizes=\"(max-width: 150px) 100vw, 150px\" \/><\/a>\n\t\t\t<\/div><\/figure><figure class='gallery-item'>\n\t\t\t<div class='gallery-icon landscape'>\n\t\t\t\t<a href='https:\/\/mediterra.group\/wp-content\/uploads\/2025\/06\/13.webp'><img loading=\"lazy\" decoding=\"async\" width=\"150\" height=\"100\" src=\"https:\/\/mediterra.group\/wp-content\/uploads\/2025\/06\/13.webp\" class=\"attachment-thumbnail size-thumbnail\" alt=\"\" srcset=\"https:\/\/mediterra.group\/wp-content\/uploads\/2025\/06\/13.webp 1280w, https:\/\/mediterra.group\/wp-content\/uploads\/2025\/06\/13-1170x785.webp 1170w\" sizes=\"(max-width: 150px) 100vw, 150px\" \/><\/a>\n\t\t\t<\/div><\/figure><figure class='gallery-item'>\n\t\t\t<div class='gallery-icon landscape'>\n\t\t\t\t<a href='https:\/\/mediterra.group\/wp-content\/uploads\/2025\/06\/14.webp'><img loading=\"lazy\" decoding=\"async\" width=\"150\" height=\"100\" src=\"https:\/\/mediterra.group\/wp-content\/uploads\/2025\/06\/14.webp\" class=\"attachment-thumbnail size-thumbnail\" alt=\"\" srcset=\"https:\/\/mediterra.group\/wp-content\/uploads\/2025\/06\/14.webp 1280w, https:\/\/mediterra.group\/wp-content\/uploads\/2025\/06\/14-1170x785.webp 1170w\" sizes=\"(max-width: 150px) 100vw, 150px\" \/><\/a>\n\t\t\t<\/div><\/figure><figure class='gallery-item'>\n\t\t\t<div class='gallery-icon landscape'>\n\t\t\t\t<a href='https:\/\/mediterra.group\/wp-content\/uploads\/2025\/06\/5.webp'><img loading=\"lazy\" decoding=\"async\" width=\"150\" height=\"100\" src=\"https:\/\/mediterra.group\/wp-content\/uploads\/2025\/06\/5.webp\" class=\"attachment-thumbnail size-thumbnail\" alt=\"\" srcset=\"https:\/\/mediterra.group\/wp-content\/uploads\/2025\/06\/5.webp 1280w, https:\/\/mediterra.group\/wp-content\/uploads\/2025\/06\/5-1170x785.webp 1170w\" sizes=\"(max-width: 150px) 100vw, 150px\" \/><\/a>\n\t\t\t<\/div><\/figure><figure class='gallery-item'>\n\t\t\t<div class='gallery-icon landscape'>\n\t\t\t\t<a href='https:\/\/mediterra.group\/wp-content\/uploads\/2025\/06\/10.webp'><img loading=\"lazy\" decoding=\"async\" width=\"150\" height=\"100\" src=\"https:\/\/mediterra.group\/wp-content\/uploads\/2025\/06\/10.webp\" class=\"attachment-thumbnail size-thumbnail\" alt=\"\" srcset=\"https:\/\/mediterra.group\/wp-content\/uploads\/2025\/06\/10.webp 1280w, https:\/\/mediterra.group\/wp-content\/uploads\/2025\/06\/10-1170x785.webp 1170w\" sizes=\"(max-width: 150px) 100vw, 150px\" \/><\/a>\n\t\t\t<\/div><\/figure>\n\t\t<\/div>\n\n","protected":false},"excerpt":{"rendered":"<p>Mediterra Group&#8217;un Avrupa&#8217;daki al\u0131c\u0131larla bir araya geldi\u011fi &#8220;Kuzey K\u0131br\u0131s&#8217;ta Yat\u0131r\u0131m\u0131n Gelece\u011fi&#8221; etkinli\u011fi. Etkinlik 25 Haziran&#8217;da Berlin&#8217;deki Titanic Chaussee Hotel&#8217;de ger\u00e7ekle\u015fti. Ba\u015fkan\u0131m\u0131z Eylem \u015eakir ve ekip arkada\u015flar\u0131m\u0131z, Kuzey K\u0131br\u0131s&#8217;ta ya\u015faman\u0131n ve yat\u0131r\u0131m yapman\u0131n avantajlar\u0131n\u0131, bu e\u015fsiz Akdeniz adas\u0131n\u0131n sundu\u011fu gayrimenkul f\u0131rsatlar\u0131n\u0131, m\u00fclk sat\u0131n alma ve banka hesab\u0131 a\u00e7ma gibi temel s\u00fcre\u00e7lerdeki yasal prosed\u00fcrleri ve di\u011fer \u00e7e\u015fitli [&hellip;]<\/p>\n","protected":false},"author":1,"featured_media":24063,"comment_status":"open","ping_status":"open","sticky":false,"template":"","format":"standard","meta":{"_acf_changed":false,"footnotes":""},"categories":[256],"tags":[],"class_list":["post-33161","post","type-post","status-publish","format-standard","has-post-thumbnail","hentry","category-etkinlikler"],"acf":[],"yoast_head":"<!-- This site is optimized with the Yoast SEO plugin v27.5 - https:\/\/yoast.com\/product\/yoast-seo-wordpress\/ -->\n<title>Kuzey K\u0131br\u0131s&#039;ta Yat\u0131r\u0131m\u0131n Gelece\u011fi Etkinli\u011fi 25 Haziran&#039;da Berlin&#039;de Ger\u00e7ekle\u015fti - Mediterra Group<\/title>\n<meta name=\"robots\" content=\"index, follow, max-snippet:-1, max-image-preview:large, max-video-preview:-1\" \/>\n<link rel=\"canonical\" href=\"https:\/\/mediterra.group\/the-future-of-investment-in-northern-cyprus-event-occurred-on-june-25th-in-berlin\/\" \/>\n<meta property=\"og:locale\" content=\"tr_TR\" \/>\n<meta property=\"og:type\" content=\"article\" \/>\n<meta property=\"og:title\" content=\"Kuzey K\u0131br\u0131s&#039;ta Yat\u0131r\u0131m\u0131n Gelece\u011fi Etkinli\u011fi 25 Haziran&#039;da Berlin&#039;de Ger\u00e7ekle\u015fti - Mediterra Group\" \/>\n<meta property=\"og:description\" content=\"Mediterra Group&#8217;un Avrupa&#8217;daki al\u0131c\u0131larla bir araya geldi\u011fi &#8220;Kuzey K\u0131br\u0131s&#8217;ta Yat\u0131r\u0131m\u0131n Gelece\u011fi&#8221; etkinli\u011fi. Etkinlik 25 Haziran&#8217;da Berlin&#8217;deki Titanic Chaussee Hotel&#8217;de ger\u00e7ekle\u015fti. Ba\u015fkan\u0131m\u0131z Eylem \u015eakir ve ekip arkada\u015flar\u0131m\u0131z, Kuzey K\u0131br\u0131s&#8217;ta ya\u015faman\u0131n ve yat\u0131r\u0131m yapman\u0131n avantajlar\u0131n\u0131, bu e\u015fsiz Akdeniz adas\u0131n\u0131n sundu\u011fu gayrimenkul f\u0131rsatlar\u0131n\u0131, m\u00fclk sat\u0131n alma ve banka hesab\u0131 a\u00e7ma gibi temel s\u00fcre\u00e7lerdeki yasal prosed\u00fcrleri ve di\u011fer \u00e7e\u015fitli [&hellip;]\" \/>\n<meta property=\"og:url\" content=\"https:\/\/mediterra.group\/the-future-of-investment-in-northern-cyprus-event-occurred-on-june-25th-in-berlin\/\" \/>\n<meta property=\"og:site_name\" content=\"Mediterra Group\" \/>\n<meta property=\"article:published_time\" content=\"2025-06-18T10:33:28+00:00\" \/>\n<meta property=\"og:image\" content=\"https:\/\/mediterra.group\/wp-content\/uploads\/2025\/06\/416-23417201840231321tp8Yl.jpg\" \/>\n\t<meta property=\"og:image:width\" content=\"416\" \/>\n\t<meta property=\"og:image:height\" content=\"234\" \/>\n\t<meta property=\"og:image:type\" content=\"image\/jpeg\" \/>\n<meta name=\"author\" content=\"prfj\" \/>\n<meta name=\"twitter:card\" content=\"summary_large_image\" \/>\n<meta name=\"twitter:label1\" content=\"Yazan:\" \/>\n\t<meta name=\"twitter:data1\" content=\"prfj\" \/>\n\t<meta name=\"twitter:label2\" content=\"Tahmini okuma s\u00fcresi\" \/>\n\t<meta name=\"twitter:data2\" content=\"1 dakika\" \/>\n<script type=\"application\/ld+json\" class=\"yoast-schema-graph\">{\"@context\":\"https:\\\/\\\/schema.org\",\"@graph\":[{\"@type\":\"Article\",\"@id\":\"https:\\\/\\\/mediterra.group\\\/the-future-of-investment-in-northern-cyprus-event-occurred-on-june-25th-in-berlin\\\/#article\",\"isPartOf\":{\"@id\":\"https:\\\/\\\/mediterra.group\\\/the-future-of-investment-in-northern-cyprus-event-occurred-on-june-25th-in-berlin\\\/\"},\"author\":{\"name\":\"prfj\",\"@id\":\"https:\\\/\\\/mediterra.group\\\/ar\\\/#\\\/schema\\\/person\\\/7db86f2bc7783cf0f27705320203bffb\"},\"headline\":\"Kuzey K\u0131br\u0131s&#8217;ta Yat\u0131r\u0131m\u0131n Gelece\u011fi Etkinli\u011fi 25 Haziran&#8217;da Berlin&#8217;de Ger\u00e7ekle\u015fti\",\"datePublished\":\"2025-06-18T10:33:28+00:00\",\"mainEntityOfPage\":{\"@id\":\"https:\\\/\\\/mediterra.group\\\/the-future-of-investment-in-northern-cyprus-event-occurred-on-june-25th-in-berlin\\\/\"},\"wordCount\":160,\"commentCount\":0,\"image\":{\"@id\":\"https:\\\/\\\/mediterra.group\\\/the-future-of-investment-in-northern-cyprus-event-occurred-on-june-25th-in-berlin\\\/#primaryimage\"},\"thumbnailUrl\":\"https:\\\/\\\/mediterra.group\\\/wp-content\\\/uploads\\\/2025\\\/06\\\/416-23417201840231321tp8Yl.jpg\",\"articleSection\":[\"ETK\u0130NL\u0130KLER\"],\"inLanguage\":\"tr\",\"potentialAction\":[{\"@type\":\"CommentAction\",\"name\":\"Comment\",\"target\":[\"https:\\\/\\\/mediterra.group\\\/the-future-of-investment-in-northern-cyprus-event-occurred-on-june-25th-in-berlin\\\/#respond\"]}]},{\"@type\":\"WebPage\",\"@id\":\"https:\\\/\\\/mediterra.group\\\/the-future-of-investment-in-northern-cyprus-event-occurred-on-june-25th-in-berlin\\\/\",\"url\":\"https:\\\/\\\/mediterra.group\\\/the-future-of-investment-in-northern-cyprus-event-occurred-on-june-25th-in-berlin\\\/\",\"name\":\"Kuzey K\u0131br\u0131s'ta Yat\u0131r\u0131m\u0131n Gelece\u011fi Etkinli\u011fi 25 Haziran'da Berlin'de Ger\u00e7ekle\u015fti - Mediterra Group\",\"isPartOf\":{\"@id\":\"https:\\\/\\\/mediterra.group\\\/ar\\\/#website\"},\"primaryImageOfPage\":{\"@id\":\"https:\\\/\\\/mediterra.group\\\/the-future-of-investment-in-northern-cyprus-event-occurred-on-june-25th-in-berlin\\\/#primaryimage\"},\"image\":{\"@id\":\"https:\\\/\\\/mediterra.group\\\/the-future-of-investment-in-northern-cyprus-event-occurred-on-june-25th-in-berlin\\\/#primaryimage\"},\"thumbnailUrl\":\"https:\\\/\\\/mediterra.group\\\/wp-content\\\/uploads\\\/2025\\\/06\\\/416-23417201840231321tp8Yl.jpg\",\"datePublished\":\"2025-06-18T10:33:28+00:00\",\"author\":{\"@id\":\"https:\\\/\\\/mediterra.group\\\/ar\\\/#\\\/schema\\\/person\\\/7db86f2bc7783cf0f27705320203bffb\"},\"breadcrumb\":{\"@id\":\"https:\\\/\\\/mediterra.group\\\/the-future-of-investment-in-northern-cyprus-event-occurred-on-june-25th-in-berlin\\\/#breadcrumb\"},\"inLanguage\":\"tr\",\"potentialAction\":[{\"@type\":\"ReadAction\",\"target\":[\"https:\\\/\\\/mediterra.group\\\/the-future-of-investment-in-northern-cyprus-event-occurred-on-june-25th-in-berlin\\\/\"]}]},{\"@type\":\"ImageObject\",\"inLanguage\":\"tr\",\"@id\":\"https:\\\/\\\/mediterra.group\\\/the-future-of-investment-in-northern-cyprus-event-occurred-on-june-25th-in-berlin\\\/#primaryimage\",\"url\":\"https:\\\/\\\/mediterra.group\\\/wp-content\\\/uploads\\\/2025\\\/06\\\/416-23417201840231321tp8Yl.jpg\",\"contentUrl\":\"https:\\\/\\\/mediterra.group\\\/wp-content\\\/uploads\\\/2025\\\/06\\\/416-23417201840231321tp8Yl.jpg\",\"width\":416,\"height\":234},{\"@type\":\"BreadcrumbList\",\"@id\":\"https:\\\/\\\/mediterra.group\\\/the-future-of-investment-in-northern-cyprus-event-occurred-on-june-25th-in-berlin\\\/#breadcrumb\",\"itemListElement\":[{\"@type\":\"ListItem\",\"position\":1,\"name\":\"Home\",\"item\":\"https:\\\/\\\/mediterra.group\\\/tr\\\/\"},{\"@type\":\"ListItem\",\"position\":2,\"name\":\"Kuzey K\u0131br\u0131s&#8217;ta Yat\u0131r\u0131m\u0131n Gelece\u011fi Etkinli\u011fi 25 Haziran&#8217;da Berlin&#8217;de Ger\u00e7ekle\u015fti\"}]},{\"@type\":\"WebSite\",\"@id\":\"https:\\\/\\\/mediterra.group\\\/ar\\\/#website\",\"url\":\"https:\\\/\\\/mediterra.group\\\/ar\\\/\",\"name\":\"Mediterra Group\",\"description\":\"\",\"potentialAction\":[{\"@type\":\"SearchAction\",\"target\":{\"@type\":\"EntryPoint\",\"urlTemplate\":\"https:\\\/\\\/mediterra.group\\\/ar\\\/?s={search_term_string}\"},\"query-input\":{\"@type\":\"PropertyValueSpecification\",\"valueRequired\":true,\"valueName\":\"search_term_string\"}}],\"inLanguage\":\"tr\"},{\"@type\":\"Person\",\"@id\":\"https:\\\/\\\/mediterra.group\\\/ar\\\/#\\\/schema\\\/person\\\/7db86f2bc7783cf0f27705320203bffb\",\"name\":\"prfj\",\"image\":{\"@type\":\"ImageObject\",\"inLanguage\":\"tr\",\"@id\":\"https:\\\/\\\/secure.gravatar.com\\\/avatar\\\/efc76156b22a6391dfe826fa01e611bcd5dacefe7489936136b7f4d5eb1c0fb4?s=96&d=mm&r=g\",\"url\":\"https:\\\/\\\/secure.gravatar.com\\\/avatar\\\/efc76156b22a6391dfe826fa01e611bcd5dacefe7489936136b7f4d5eb1c0fb4?s=96&d=mm&r=g\",\"contentUrl\":\"https:\\\/\\\/secure.gravatar.com\\\/avatar\\\/efc76156b22a6391dfe826fa01e611bcd5dacefe7489936136b7f4d5eb1c0fb4?s=96&d=mm&r=g\",\"caption\":\"prfj\"},\"sameAs\":[\"https:\\\/\\\/mediterra.group\"],\"url\":\"https:\\\/\\\/mediterra.group\\\/tr\\\/author\\\/prfj\\\/\"}]}<\/script>\n<!-- \/ Yoast SEO plugin. -->","yoast_head_json":{"title":"Kuzey K\u0131br\u0131s'ta Yat\u0131r\u0131m\u0131n Gelece\u011fi Etkinli\u011fi 25 Haziran'da Berlin'de Ger\u00e7ekle\u015fti - Mediterra Group","robots":{"index":"index","follow":"follow","max-snippet":"max-snippet:-1","max-image-preview":"max-image-preview:large","max-video-preview":"max-video-preview:-1"},"canonical":"https:\/\/mediterra.group\/the-future-of-investment-in-northern-cyprus-event-occurred-on-june-25th-in-berlin\/","og_locale":"tr_TR","og_type":"article","og_title":"Kuzey K\u0131br\u0131s'ta Yat\u0131r\u0131m\u0131n Gelece\u011fi Etkinli\u011fi 25 Haziran'da Berlin'de Ger\u00e7ekle\u015fti - Mediterra Group","og_description":"Mediterra Group&#8217;un Avrupa&#8217;daki al\u0131c\u0131larla bir araya geldi\u011fi &#8220;Kuzey K\u0131br\u0131s&#8217;ta Yat\u0131r\u0131m\u0131n Gelece\u011fi&#8221; etkinli\u011fi. Etkinlik 25 Haziran&#8217;da Berlin&#8217;deki Titanic Chaussee Hotel&#8217;de ger\u00e7ekle\u015fti. Ba\u015fkan\u0131m\u0131z Eylem \u015eakir ve ekip arkada\u015flar\u0131m\u0131z, Kuzey K\u0131br\u0131s&#8217;ta ya\u015faman\u0131n ve yat\u0131r\u0131m yapman\u0131n avantajlar\u0131n\u0131, bu e\u015fsiz Akdeniz adas\u0131n\u0131n sundu\u011fu gayrimenkul f\u0131rsatlar\u0131n\u0131, m\u00fclk sat\u0131n alma ve banka hesab\u0131 a\u00e7ma gibi temel s\u00fcre\u00e7lerdeki yasal prosed\u00fcrleri ve di\u011fer \u00e7e\u015fitli [&hellip;]","og_url":"https:\/\/mediterra.group\/the-future-of-investment-in-northern-cyprus-event-occurred-on-june-25th-in-berlin\/","og_site_name":"Mediterra Group","article_published_time":"2025-06-18T10:33:28+00:00","og_image":[{"width":416,"height":234,"url":"https:\/\/mediterra.group\/wp-content\/uploads\/2025\/06\/416-23417201840231321tp8Yl.jpg","type":"image\/jpeg"}],"author":"prfj","twitter_card":"summary_large_image","twitter_misc":{"Yazan:":"prfj","Tahmini okuma s\u00fcresi":"1 dakika"},"schema":{"@context":"https:\/\/schema.org","@graph":[{"@type":"Article","@id":"https:\/\/mediterra.group\/the-future-of-investment-in-northern-cyprus-event-occurred-on-june-25th-in-berlin\/#article","isPartOf":{"@id":"https:\/\/mediterra.group\/the-future-of-investment-in-northern-cyprus-event-occurred-on-june-25th-in-berlin\/"},"author":{"name":"prfj","@id":"https:\/\/mediterra.group\/ar\/#\/schema\/person\/7db86f2bc7783cf0f27705320203bffb"},"headline":"Kuzey K\u0131br\u0131s&#8217;ta Yat\u0131r\u0131m\u0131n Gelece\u011fi Etkinli\u011fi 25 Haziran&#8217;da Berlin&#8217;de Ger\u00e7ekle\u015fti","datePublished":"2025-06-18T10:33:28+00:00","mainEntityOfPage":{"@id":"https:\/\/mediterra.group\/the-future-of-investment-in-northern-cyprus-event-occurred-on-june-25th-in-berlin\/"},"wordCount":160,"commentCount":0,"image":{"@id":"https:\/\/mediterra.group\/the-future-of-investment-in-northern-cyprus-event-occurred-on-june-25th-in-berlin\/#primaryimage"},"thumbnailUrl":"https:\/\/mediterra.group\/wp-content\/uploads\/2025\/06\/416-23417201840231321tp8Yl.jpg","articleSection":["ETK\u0130NL\u0130KLER"],"inLanguage":"tr","potentialAction":[{"@type":"CommentAction","name":"Comment","target":["https:\/\/mediterra.group\/the-future-of-investment-in-northern-cyprus-event-occurred-on-june-25th-in-berlin\/#respond"]}]},{"@type":"WebPage","@id":"https:\/\/mediterra.group\/the-future-of-investment-in-northern-cyprus-event-occurred-on-june-25th-in-berlin\/","url":"https:\/\/mediterra.group\/the-future-of-investment-in-northern-cyprus-event-occurred-on-june-25th-in-berlin\/","name":"Kuzey K\u0131br\u0131s'ta Yat\u0131r\u0131m\u0131n Gelece\u011fi Etkinli\u011fi 25 Haziran'da Berlin'de Ger\u00e7ekle\u015fti - Mediterra Group","isPartOf":{"@id":"https:\/\/mediterra.group\/ar\/#website"},"primaryImageOfPage":{"@id":"https:\/\/mediterra.group\/the-future-of-investment-in-northern-cyprus-event-occurred-on-june-25th-in-berlin\/#primaryimage"},"image":{"@id":"https:\/\/mediterra.group\/the-future-of-investment-in-northern-cyprus-event-occurred-on-june-25th-in-berlin\/#primaryimage"},"thumbnailUrl":"https:\/\/mediterra.group\/wp-content\/uploads\/2025\/06\/416-23417201840231321tp8Yl.jpg","datePublished":"2025-06-18T10:33:28+00:00","author":{"@id":"https:\/\/mediterra.group\/ar\/#\/schema\/person\/7db86f2bc7783cf0f27705320203bffb"},"breadcrumb":{"@id":"https:\/\/mediterra.group\/the-future-of-investment-in-northern-cyprus-event-occurred-on-june-25th-in-berlin\/#breadcrumb"},"inLanguage":"tr","potentialAction":[{"@type":"ReadAction","target":["https:\/\/mediterra.group\/the-future-of-investment-in-northern-cyprus-event-occurred-on-june-25th-in-berlin\/"]}]},{"@type":"ImageObject","inLanguage":"tr","@id":"https:\/\/mediterra.group\/the-future-of-investment-in-northern-cyprus-event-occurred-on-june-25th-in-berlin\/#primaryimage","url":"https:\/\/mediterra.group\/wp-content\/uploads\/2025\/06\/416-23417201840231321tp8Yl.jpg","contentUrl":"https:\/\/mediterra.group\/wp-content\/uploads\/2025\/06\/416-23417201840231321tp8Yl.jpg","width":416,"height":234},{"@type":"BreadcrumbList","@id":"https:\/\/mediterra.group\/the-future-of-investment-in-northern-cyprus-event-occurred-on-june-25th-in-berlin\/#breadcrumb","itemListElement":[{"@type":"ListItem","position":1,"name":"Home","item":"https:\/\/mediterra.group\/tr\/"},{"@type":"ListItem","position":2,"name":"Kuzey K\u0131br\u0131s&#8217;ta Yat\u0131r\u0131m\u0131n Gelece\u011fi Etkinli\u011fi 25 Haziran&#8217;da Berlin&#8217;de Ger\u00e7ekle\u015fti"}]},{"@type":"WebSite","@id":"https:\/\/mediterra.group\/ar\/#website","url":"https:\/\/mediterra.group\/ar\/","name":"Mediterra Group","description":"","potentialAction":[{"@type":"SearchAction","target":{"@type":"EntryPoint","urlTemplate":"https:\/\/mediterra.group\/ar\/?s={search_term_string}"},"query-input":{"@type":"PropertyValueSpecification","valueRequired":true,"valueName":"search_term_string"}}],"inLanguage":"tr"},{"@type":"Person","@id":"https:\/\/mediterra.group\/ar\/#\/schema\/person\/7db86f2bc7783cf0f27705320203bffb","name":"prfj","image":{"@type":"ImageObject","inLanguage":"tr","@id":"https:\/\/secure.gravatar.com\/avatar\/efc76156b22a6391dfe826fa01e611bcd5dacefe7489936136b7f4d5eb1c0fb4?s=96&d=mm&r=g","url":"https:\/\/secure.gravatar.com\/avatar\/efc76156b22a6391dfe826fa01e611bcd5dacefe7489936136b7f4d5eb1c0fb4?s=96&d=mm&r=g","contentUrl":"https:\/\/secure.gravatar.com\/avatar\/efc76156b22a6391dfe826fa01e611bcd5dacefe7489936136b7f4d5eb1c0fb4?s=96&d=mm&r=g","caption":"prfj"},"sameAs":["https:\/\/mediterra.group"],"url":"https:\/\/mediterra.group\/tr\/author\/prfj\/"}]}},"_links":{"self":[{"href":"https:\/\/mediterra.group\/tr\/wp-json\/wp\/v2\/posts\/33161","targetHints":{"allow":["GET"]}}],"collection":[{"href":"https:\/\/mediterra.group\/tr\/wp-json\/wp\/v2\/posts"}],"about":[{"href":"https:\/\/mediterra.group\/tr\/wp-json\/wp\/v2\/types\/post"}],"author":[{"embeddable":true,"href":"https:\/\/mediterra.group\/tr\/wp-json\/wp\/v2\/users\/1"}],"replies":[{"embeddable":true,"href":"https:\/\/mediterra.group\/tr\/wp-json\/wp\/v2\/comments?post=33161"}],"version-history":[{"count":0,"href":"https:\/\/mediterra.group\/tr\/wp-json\/wp\/v2\/posts\/33161\/revisions"}],"wp:featuredmedia":[{"embeddable":true,"href":"https:\/\/mediterra.group\/tr\/wp-json\/wp\/v2\/media\/24063"}],"wp:attachment":[{"href":"https:\/\/mediterra.group\/tr\/wp-json\/wp\/v2\/media?parent=33161"}],"wp:term":[{"taxonomy":"category","embeddable":true,"href":"https:\/\/mediterra.group\/tr\/wp-json\/wp\/v2\/categories?post=33161"},{"taxonomy":"post_tag","embeddable":true,"href":"https:\/\/mediterra.group\/tr\/wp-json\/wp\/v2\/tags?post=33161"}],"curies":[{"name":"wp","href":"https:\/\/api.w.org\/{rel}","templated":true}]}}