{"id":33150,"date":"2025-07-10T12:13:41","date_gmt":"2025-07-10T12:13:41","guid":{"rendered":"https:\/\/mediterra.group\/rehberlik-ve-kktcde-vasiyetname-hazirlama-ve-kktcde-veraset\/"},"modified":"2025-07-10T12:13:41","modified_gmt":"2025-07-10T12:13:41","slug":"rehberlik-ve-kktcde-vasiyetname-hazirlama-ve-kktcde-veraset","status":"publish","type":"post","link":"https:\/\/mediterra.group\/tr\/rehberlik-ve-kktcde-vasiyetname-hazirlama-ve-kktcde-veraset\/","title":{"rendered":"Rehberlik ve KKTC&#8217;de Vasiyetname Haz\u0131rlama ve KKTC&#8217;de Veraset"},"content":{"rendered":"<p><span style=\"font-weight: 400;\">Hayatta ileriyi planlamak size her zaman fayda sa\u011flar, eski bir deyi\u015fin de belirtti\u011fi gibi &#8220;Plan yapm\u0131yorsan\u0131z, ba\u015far\u0131s\u0131z olmay\u0131 planl\u0131yorsunuzdur&#8221;. Miras hukuku ve d\u00fczenlemeleri her \u00fclkede farkl\u0131l\u0131k g\u00f6stermektedir. Kuzey K\u0131br\u0131s&#8217;ta kal\u0131c\u0131 veya ge\u00e7ici olarak ya\u015fayan bir\u00e7ok ki\u015fi m\u00fclk sahibidir, ancak miras prosed\u00fcrleri hakk\u0131nda bilgi eksikli\u011fi vard\u0131r. Kuzey K\u0131br\u0131s&#8217;ta miras kurallar\u0131 ve d\u00fczenlemeleri esas olarak &#8220;Vasiyetnameler ve Veraset Yasas\u0131 1959 &#8220;a dayanmaktad\u0131r. Do\u011fru prosed\u00fcr izlendi\u011fi s\u00fcrece Kuzey K\u0131br\u0131s&#8217;ta Vasiyetname haz\u0131rlamak \u00e7ok zor de\u011fildir. Bir\u00e7ok ki\u015fi basit bir el yaz\u0131s\u0131 Vasiyetnamenin ge\u00e7erli ve yeterli oldu\u011funa inanmaktad\u0131r, ancak durum b\u00f6yle de\u011fildir. Gerekli prosed\u00fcr izlenmezse vasiyet\u00e7inin Vasiyeti ge\u00e7ersiz say\u0131lacakt\u0131r. Bu istenmeyen bir sonu\u00e7tur \u00e7\u00fcnk\u00fc ki\u015fi yasal m\u00fclk\u00fcn\u00fc tercih etti\u011fi bir lehtara farkl\u0131 bir \u015fekilde b\u0131rakmak istemi\u015f olabilir.         <\/span><\/p>\n<p><span style=\"font-weight: 400;\">Kuzey K\u0131br\u0131s&#8217;ta neden bir Vasiyetname haz\u0131rlamam gerekiyor?  <\/span><\/p>\n<p><span style=\"font-weight: 400;\">KKTC&#8217;de ge\u00e7ici veya kal\u0131c\u0131 olarak ya\u015fayan bir\u00e7ok ki\u015fi bir m\u00fclke, bir arabaya veya bir banka hesab\u0131na sahiptir, ancak yayg\u0131n bir yanl\u0131\u015f anla\u015f\u0131lma vard\u0131r ve bu ki\u015filer vefat ettikten sonra sahip olduklar\u0131 her \u015feyin e\u015flerine miras kalaca\u011f\u0131n\u0131 d\u00fc\u015f\u00fcnmektedirler. Ancak, Kuzey K\u0131br\u0131s&#8217;\u0131n &#8220;1959 Vasiyet ve Veraset Yasas\u0131 &#8220;na g\u00f6re, bir ki\u015fi e\u015fini ve \u00e7ocuklar\u0131n\u0131 b\u0131rakarak \u00f6ld\u00fc\u011f\u00fcnde, e\u015f m\u00fclk\u00fcn sadece 1\/6&#8217;s\u0131n\u0131 alacak ve geri kalan\u0131 \u00e7ocuklara veya torunlara ge\u00e7ecektir. \u00c7ocuk ya da torun olmamas\u0131 durumunda ise e\u015f miras\u0131n \u00bd&#8217;sini alacak ve geri kalan\u0131 \u00f6lenin karde\u015flerine, ebeveynlerine ya da 6. dereceye kadar kuzenlerine ge\u00e7ecektir. Ya\u015fayan \u00e7ocuk, karde\u015f, anne-baba veya ye\u011fen yoksa, e\u015f miras\u0131n \u00be&#8217;\u00fcn\u00fc alacak ve geri kalan\u0131 6. dereceye kadar akrabalara ge\u00e7ecektir. KKTC yasalar\u0131na g\u00f6re e\u015fler, vasiyetsizlik durumunda, bo\u015fanma davas\u0131nda alacaklar\u0131ndan daha az\u0131n\u0131 al\u0131rlar. Bu, hayat\u0131n\u0131n uzun y\u0131llar\u0131n\u0131 e\u015fiyle payla\u015fm\u0131\u015f olan bir e\u015f i\u00e7in \u00e7ok zor bir durumdur. Ayr\u0131ca evli olmayan \u00e7iftler, e\u015flerinin miras\u0131ndan herhangi bir yasal hak talep etme hakk\u0131na sahip de\u011fildir. Bu kural, babalar\u0131n\u0131n miras\u0131nda hi\u00e7bir hakk\u0131 olmayan evli olmayan ebeveynlerden do\u011fan \u00e7ocuklar i\u00e7in de ge\u00e7erlidir. Buna ek olarak, Medeni Birliktelik Kuzey K\u0131br\u0131s&#8217;ta tan\u0131nmamaktad\u0131r ve e\u015f Kuzey K\u0131br\u0131s yasalar\u0131 uyar\u0131nca yasal hak talep edemeyecektir.          <\/span><\/p>\n<p><span style=\"font-weight: 400;\">Kendi \u00fclkemde bir Vasiyetname yapm\u0131\u015f olsam bile Kuzey K\u0131br\u0131s&#8217;ta bir Vasiyetname yapmam gerekir mi?  <\/span><\/p>\n<p><span style=\"font-weight: 400;\">\u00c7o\u011fu ki\u015fi, kendi \u00fclkelerinde bir Vasiyetname yapt\u0131ktan sonra bunun Kuzey K\u0131br\u0131s&#8217;ta da ge\u00e7erli olaca\u011f\u0131na inanmaktad\u0131r. Vasiyetname, yap\u0131ld\u0131\u011f\u0131 \u00fclkede ge\u00e7erli olabilir, ancak Kuzey K\u0131br\u0131s&#8217;taki yarg\u0131 yetkisi gerekliliklerini kar\u015f\u0131lamayabilir. Ba\u015fka bir \u00fclkede Vasiyetname yapt\u0131ktan sonra, o \u00fclkede bulunan avukatlar KKTC hukuku hakk\u0131nda yeterli bilgiye sahip olmayacak ve size do\u011fru bilgi veremeyeceklerdir. Baz\u0131 durumlarda, Birle\u015fik Krall\u0131k gibi \u00fclkelerde, insanlar t\u00fcm mal varl\u0131klar\u0131n\u0131 Vasiyetname ile akrabas\u0131 olmayan bir ki\u015fiye devredebilirken, KKTC&#8217;de b\u00f6yle bir durum s\u00f6z konusu de\u011fildir. Kuzey K\u0131br\u0131s&#8217;ta sahip oldu\u011funuz herhangi bir mal varl\u0131\u011f\u0131 alt\u0131nc\u0131 dereceye kadar bir akraban\u0131za b\u0131rak\u0131labilir. Baz\u0131 durumlarda yurtd\u0131\u015f\u0131nda yap\u0131lan vasiyet ge\u00e7erli olabilir, ancak veraset s\u00fcreci daha karma\u015f\u0131k olabilir. Veraset Kay\u0131t Memuru vasiyetnameyi kan\u0131tlamak i\u00e7in vasiyetnameyi tasdik eden bir tan\u0131\u011f\u0131n yeminli ifade imzalamas\u0131n\u0131 istemek gibi ek ko\u015fullar talep edebilir. M\u00fcteveffan\u0131n ailesi, profesyonel avukat de\u011filse tan\u0131klara ula\u015fmakta zorluk \u00e7ekebilir veya tan\u0131k vasiyet sahibinden \u00f6nce vefat etmi\u015f olabilir. Mal varl\u0131\u011f\u0131n\u0131z ve m\u00fclk\u00fcn\u00fcz i\u00e7in Kuzey K\u0131br\u0131s&#8217;ta bir Vasiyetname haz\u0131rlamak daha uygun maliyetli ve garantilidir.          <\/span><\/p>\n<p><span style=\"font-weight: 400;\">Kuzey K\u0131br\u0131s&#8217;ta Vasiyetname haz\u0131rlamak i\u00e7in neye ihtiyac\u0131m var? Vasiyetname Kuzey K\u0131br\u0131s&#8217;taki d\u00fczenlemelere g\u00f6re haz\u0131rland\u0131ktan sonra, bir sicil memuru taraf\u0131ndan mahkemede tescil edilmesi gerekir. Kay\u0131t i\u015flemi s\u0131ras\u0131nda vasiyet\u00e7i iki tan\u0131kla birlikte haz\u0131r bulunmal\u0131d\u0131r. Vasiyeti okuduklar\u0131n\u0131 teyit etmek i\u00e7in her sayfay\u0131 imzalamalar\u0131 gerekir. Ayr\u0131ca kay\u0131t s\u0131ras\u0131nda \u00f6denmesi gereken bir damga \u00fccreti vard\u0131r; bu miktar Vasiyetnamenin uzunlu\u011funa ba\u011fl\u0131d\u0131r. Son olarak kay\u0131t memuru Vasiyetnameyi damgalar ve onaylar ve vasiyet\u00e7i \u00f6lene kadar g\u00fcvence alt\u0131na al\u0131r.       <\/span><\/p>\n","protected":false},"excerpt":{"rendered":"<p>Hayatta ileriyi planlamak size her zaman fayda sa\u011flar, eski bir deyi\u015fin de belirtti\u011fi gibi &#8220;Plan yapm\u0131yorsan\u0131z, ba\u015far\u0131s\u0131z olmay\u0131 planl\u0131yorsunuzdur&#8221;. Miras hukuku ve d\u00fczenlemeleri her \u00fclkede farkl\u0131l\u0131k g\u00f6stermektedir. Kuzey K\u0131br\u0131s&#8217;ta kal\u0131c\u0131 veya ge\u00e7ici olarak ya\u015fayan bir\u00e7ok ki\u015fi m\u00fclk sahibidir, ancak miras prosed\u00fcrleri hakk\u0131nda bilgi eksikli\u011fi vard\u0131r. Kuzey K\u0131br\u0131s&#8217;ta miras kurallar\u0131 ve d\u00fczenlemeleri esas olarak &#8220;Vasiyetnameler ve [&hellip;]<\/p>\n","protected":false},"author":1,"featured_media":31887,"comment_status":"open","ping_status":"open","sticky":false,"template":"","format":"standard","meta":{"_acf_changed":false,"footnotes":""},"categories":[248],"tags":[],"class_list":["post-33150","post","type-post","status-publish","format-standard","has-post-thumbnail","hentry","category-vergi-ve-yasal"],"acf":[],"yoast_head":"<!-- This site is optimized with the Yoast SEO plugin v27.5 - https:\/\/yoast.com\/product\/yoast-seo-wordpress\/ -->\n<title>Rehberlik ve KKTC&#039;de Vasiyetname Haz\u0131rlama ve KKTC&#039;de Veraset - Mediterra Group<\/title>\n<meta name=\"robots\" content=\"index, follow, max-snippet:-1, max-image-preview:large, max-video-preview:-1\" \/>\n<link rel=\"canonical\" href=\"https:\/\/mediterra.group\/guidance-and-making-a-will-in-the-trnc-and-probate-in-the-trnc\/\" \/>\n<meta property=\"og:locale\" content=\"tr_TR\" \/>\n<meta property=\"og:type\" content=\"article\" \/>\n<meta property=\"og:title\" content=\"Rehberlik ve KKTC&#039;de Vasiyetname Haz\u0131rlama ve KKTC&#039;de Veraset - Mediterra Group\" \/>\n<meta property=\"og:description\" content=\"Hayatta ileriyi planlamak size her zaman fayda sa\u011flar, eski bir deyi\u015fin de belirtti\u011fi gibi &#8220;Plan yapm\u0131yorsan\u0131z, ba\u015far\u0131s\u0131z olmay\u0131 planl\u0131yorsunuzdur&#8221;. Miras hukuku ve d\u00fczenlemeleri her \u00fclkede farkl\u0131l\u0131k g\u00f6stermektedir. Kuzey K\u0131br\u0131s&#8217;ta kal\u0131c\u0131 veya ge\u00e7ici olarak ya\u015fayan bir\u00e7ok ki\u015fi m\u00fclk sahibidir, ancak miras prosed\u00fcrleri hakk\u0131nda bilgi eksikli\u011fi vard\u0131r. Kuzey K\u0131br\u0131s&#8217;ta miras kurallar\u0131 ve d\u00fczenlemeleri esas olarak &#8220;Vasiyetnameler ve [&hellip;]\" \/>\n<meta property=\"og:url\" content=\"https:\/\/mediterra.group\/guidance-and-making-a-will-in-the-trnc-and-probate-in-the-trnc\/\" \/>\n<meta property=\"og:site_name\" content=\"Mediterra Group\" \/>\n<meta property=\"article:published_time\" content=\"2025-07-10T12:13:41+00:00\" \/>\n<meta property=\"og:image\" content=\"https:\/\/mediterra.group\/wp-content\/uploads\/2025\/07\/7-6.jpg\" \/>\n\t<meta property=\"og:image:width\" content=\"1250\" \/>\n\t<meta property=\"og:image:height\" content=\"833\" \/>\n\t<meta property=\"og:image:type\" content=\"image\/jpeg\" \/>\n<meta name=\"author\" content=\"prfj\" \/>\n<meta name=\"twitter:card\" content=\"summary_large_image\" \/>\n<meta name=\"twitter:label1\" content=\"Yazan:\" \/>\n\t<meta name=\"twitter:data1\" content=\"prfj\" \/>\n\t<meta name=\"twitter:label2\" content=\"Tahmini okuma s\u00fcresi\" \/>\n\t<meta name=\"twitter:data2\" content=\"4 dakika\" \/>\n<script type=\"application\/ld+json\" class=\"yoast-schema-graph\">{\"@context\":\"https:\\\/\\\/schema.org\",\"@graph\":[{\"@type\":\"Article\",\"@id\":\"https:\\\/\\\/mediterra.group\\\/guidance-and-making-a-will-in-the-trnc-and-probate-in-the-trnc\\\/#article\",\"isPartOf\":{\"@id\":\"https:\\\/\\\/mediterra.group\\\/guidance-and-making-a-will-in-the-trnc-and-probate-in-the-trnc\\\/\"},\"author\":{\"name\":\"prfj\",\"@id\":\"https:\\\/\\\/mediterra.group\\\/ar\\\/#\\\/schema\\\/person\\\/7db86f2bc7783cf0f27705320203bffb\"},\"headline\":\"Rehberlik ve KKTC&#8217;de Vasiyetname Haz\u0131rlama ve KKTC&#8217;de Veraset\",\"datePublished\":\"2025-07-10T12:13:41+00:00\",\"mainEntityOfPage\":{\"@id\":\"https:\\\/\\\/mediterra.group\\\/guidance-and-making-a-will-in-the-trnc-and-probate-in-the-trnc\\\/\"},\"wordCount\":784,\"commentCount\":0,\"image\":{\"@id\":\"https:\\\/\\\/mediterra.group\\\/guidance-and-making-a-will-in-the-trnc-and-probate-in-the-trnc\\\/#primaryimage\"},\"thumbnailUrl\":\"https:\\\/\\\/mediterra.group\\\/wp-content\\\/uploads\\\/2025\\\/07\\\/7-6.jpg\",\"articleSection\":[\"VERG\u0130 VE YASAL\"],\"inLanguage\":\"tr\",\"potentialAction\":[{\"@type\":\"CommentAction\",\"name\":\"Comment\",\"target\":[\"https:\\\/\\\/mediterra.group\\\/guidance-and-making-a-will-in-the-trnc-and-probate-in-the-trnc\\\/#respond\"]}]},{\"@type\":\"WebPage\",\"@id\":\"https:\\\/\\\/mediterra.group\\\/guidance-and-making-a-will-in-the-trnc-and-probate-in-the-trnc\\\/\",\"url\":\"https:\\\/\\\/mediterra.group\\\/guidance-and-making-a-will-in-the-trnc-and-probate-in-the-trnc\\\/\",\"name\":\"Rehberlik ve KKTC'de Vasiyetname Haz\u0131rlama ve KKTC'de Veraset - Mediterra Group\",\"isPartOf\":{\"@id\":\"https:\\\/\\\/mediterra.group\\\/ar\\\/#website\"},\"primaryImageOfPage\":{\"@id\":\"https:\\\/\\\/mediterra.group\\\/guidance-and-making-a-will-in-the-trnc-and-probate-in-the-trnc\\\/#primaryimage\"},\"image\":{\"@id\":\"https:\\\/\\\/mediterra.group\\\/guidance-and-making-a-will-in-the-trnc-and-probate-in-the-trnc\\\/#primaryimage\"},\"thumbnailUrl\":\"https:\\\/\\\/mediterra.group\\\/wp-content\\\/uploads\\\/2025\\\/07\\\/7-6.jpg\",\"datePublished\":\"2025-07-10T12:13:41+00:00\",\"author\":{\"@id\":\"https:\\\/\\\/mediterra.group\\\/ar\\\/#\\\/schema\\\/person\\\/7db86f2bc7783cf0f27705320203bffb\"},\"breadcrumb\":{\"@id\":\"https:\\\/\\\/mediterra.group\\\/guidance-and-making-a-will-in-the-trnc-and-probate-in-the-trnc\\\/#breadcrumb\"},\"inLanguage\":\"tr\",\"potentialAction\":[{\"@type\":\"ReadAction\",\"target\":[\"https:\\\/\\\/mediterra.group\\\/guidance-and-making-a-will-in-the-trnc-and-probate-in-the-trnc\\\/\"]}]},{\"@type\":\"ImageObject\",\"inLanguage\":\"tr\",\"@id\":\"https:\\\/\\\/mediterra.group\\\/guidance-and-making-a-will-in-the-trnc-and-probate-in-the-trnc\\\/#primaryimage\",\"url\":\"https:\\\/\\\/mediterra.group\\\/wp-content\\\/uploads\\\/2025\\\/07\\\/7-6.jpg\",\"contentUrl\":\"https:\\\/\\\/mediterra.group\\\/wp-content\\\/uploads\\\/2025\\\/07\\\/7-6.jpg\",\"width\":1250,\"height\":833},{\"@type\":\"BreadcrumbList\",\"@id\":\"https:\\\/\\\/mediterra.group\\\/guidance-and-making-a-will-in-the-trnc-and-probate-in-the-trnc\\\/#breadcrumb\",\"itemListElement\":[{\"@type\":\"ListItem\",\"position\":1,\"name\":\"Home\",\"item\":\"https:\\\/\\\/mediterra.group\\\/tr\\\/\"},{\"@type\":\"ListItem\",\"position\":2,\"name\":\"Rehberlik ve KKTC&#8217;de Vasiyetname Haz\u0131rlama ve KKTC&#8217;de Veraset\"}]},{\"@type\":\"WebSite\",\"@id\":\"https:\\\/\\\/mediterra.group\\\/ar\\\/#website\",\"url\":\"https:\\\/\\\/mediterra.group\\\/ar\\\/\",\"name\":\"Mediterra Group\",\"description\":\"\",\"potentialAction\":[{\"@type\":\"SearchAction\",\"target\":{\"@type\":\"EntryPoint\",\"urlTemplate\":\"https:\\\/\\\/mediterra.group\\\/ar\\\/?s={search_term_string}\"},\"query-input\":{\"@type\":\"PropertyValueSpecification\",\"valueRequired\":true,\"valueName\":\"search_term_string\"}}],\"inLanguage\":\"tr\"},{\"@type\":\"Person\",\"@id\":\"https:\\\/\\\/mediterra.group\\\/ar\\\/#\\\/schema\\\/person\\\/7db86f2bc7783cf0f27705320203bffb\",\"name\":\"prfj\",\"image\":{\"@type\":\"ImageObject\",\"inLanguage\":\"tr\",\"@id\":\"https:\\\/\\\/secure.gravatar.com\\\/avatar\\\/efc76156b22a6391dfe826fa01e611bcd5dacefe7489936136b7f4d5eb1c0fb4?s=96&d=mm&r=g\",\"url\":\"https:\\\/\\\/secure.gravatar.com\\\/avatar\\\/efc76156b22a6391dfe826fa01e611bcd5dacefe7489936136b7f4d5eb1c0fb4?s=96&d=mm&r=g\",\"contentUrl\":\"https:\\\/\\\/secure.gravatar.com\\\/avatar\\\/efc76156b22a6391dfe826fa01e611bcd5dacefe7489936136b7f4d5eb1c0fb4?s=96&d=mm&r=g\",\"caption\":\"prfj\"},\"sameAs\":[\"https:\\\/\\\/mediterra.group\"],\"url\":\"https:\\\/\\\/mediterra.group\\\/tr\\\/author\\\/prfj\\\/\"}]}<\/script>\n<!-- \/ Yoast SEO plugin. -->","yoast_head_json":{"title":"Rehberlik ve KKTC'de Vasiyetname Haz\u0131rlama ve KKTC'de Veraset - Mediterra Group","robots":{"index":"index","follow":"follow","max-snippet":"max-snippet:-1","max-image-preview":"max-image-preview:large","max-video-preview":"max-video-preview:-1"},"canonical":"https:\/\/mediterra.group\/guidance-and-making-a-will-in-the-trnc-and-probate-in-the-trnc\/","og_locale":"tr_TR","og_type":"article","og_title":"Rehberlik ve KKTC'de Vasiyetname Haz\u0131rlama ve KKTC'de Veraset - Mediterra Group","og_description":"Hayatta ileriyi planlamak size her zaman fayda sa\u011flar, eski bir deyi\u015fin de belirtti\u011fi gibi &#8220;Plan yapm\u0131yorsan\u0131z, ba\u015far\u0131s\u0131z olmay\u0131 planl\u0131yorsunuzdur&#8221;. Miras hukuku ve d\u00fczenlemeleri her \u00fclkede farkl\u0131l\u0131k g\u00f6stermektedir. Kuzey K\u0131br\u0131s&#8217;ta kal\u0131c\u0131 veya ge\u00e7ici olarak ya\u015fayan bir\u00e7ok ki\u015fi m\u00fclk sahibidir, ancak miras prosed\u00fcrleri hakk\u0131nda bilgi eksikli\u011fi vard\u0131r. Kuzey K\u0131br\u0131s&#8217;ta miras kurallar\u0131 ve d\u00fczenlemeleri esas olarak &#8220;Vasiyetnameler ve [&hellip;]","og_url":"https:\/\/mediterra.group\/guidance-and-making-a-will-in-the-trnc-and-probate-in-the-trnc\/","og_site_name":"Mediterra Group","article_published_time":"2025-07-10T12:13:41+00:00","og_image":[{"width":1250,"height":833,"url":"https:\/\/mediterra.group\/wp-content\/uploads\/2025\/07\/7-6.jpg","type":"image\/jpeg"}],"author":"prfj","twitter_card":"summary_large_image","twitter_misc":{"Yazan:":"prfj","Tahmini okuma s\u00fcresi":"4 dakika"},"schema":{"@context":"https:\/\/schema.org","@graph":[{"@type":"Article","@id":"https:\/\/mediterra.group\/guidance-and-making-a-will-in-the-trnc-and-probate-in-the-trnc\/#article","isPartOf":{"@id":"https:\/\/mediterra.group\/guidance-and-making-a-will-in-the-trnc-and-probate-in-the-trnc\/"},"author":{"name":"prfj","@id":"https:\/\/mediterra.group\/ar\/#\/schema\/person\/7db86f2bc7783cf0f27705320203bffb"},"headline":"Rehberlik ve KKTC&#8217;de Vasiyetname Haz\u0131rlama ve KKTC&#8217;de Veraset","datePublished":"2025-07-10T12:13:41+00:00","mainEntityOfPage":{"@id":"https:\/\/mediterra.group\/guidance-and-making-a-will-in-the-trnc-and-probate-in-the-trnc\/"},"wordCount":784,"commentCount":0,"image":{"@id":"https:\/\/mediterra.group\/guidance-and-making-a-will-in-the-trnc-and-probate-in-the-trnc\/#primaryimage"},"thumbnailUrl":"https:\/\/mediterra.group\/wp-content\/uploads\/2025\/07\/7-6.jpg","articleSection":["VERG\u0130 VE YASAL"],"inLanguage":"tr","potentialAction":[{"@type":"CommentAction","name":"Comment","target":["https:\/\/mediterra.group\/guidance-and-making-a-will-in-the-trnc-and-probate-in-the-trnc\/#respond"]}]},{"@type":"WebPage","@id":"https:\/\/mediterra.group\/guidance-and-making-a-will-in-the-trnc-and-probate-in-the-trnc\/","url":"https:\/\/mediterra.group\/guidance-and-making-a-will-in-the-trnc-and-probate-in-the-trnc\/","name":"Rehberlik ve KKTC'de Vasiyetname Haz\u0131rlama ve KKTC'de Veraset - Mediterra Group","isPartOf":{"@id":"https:\/\/mediterra.group\/ar\/#website"},"primaryImageOfPage":{"@id":"https:\/\/mediterra.group\/guidance-and-making-a-will-in-the-trnc-and-probate-in-the-trnc\/#primaryimage"},"image":{"@id":"https:\/\/mediterra.group\/guidance-and-making-a-will-in-the-trnc-and-probate-in-the-trnc\/#primaryimage"},"thumbnailUrl":"https:\/\/mediterra.group\/wp-content\/uploads\/2025\/07\/7-6.jpg","datePublished":"2025-07-10T12:13:41+00:00","author":{"@id":"https:\/\/mediterra.group\/ar\/#\/schema\/person\/7db86f2bc7783cf0f27705320203bffb"},"breadcrumb":{"@id":"https:\/\/mediterra.group\/guidance-and-making-a-will-in-the-trnc-and-probate-in-the-trnc\/#breadcrumb"},"inLanguage":"tr","potentialAction":[{"@type":"ReadAction","target":["https:\/\/mediterra.group\/guidance-and-making-a-will-in-the-trnc-and-probate-in-the-trnc\/"]}]},{"@type":"ImageObject","inLanguage":"tr","@id":"https:\/\/mediterra.group\/guidance-and-making-a-will-in-the-trnc-and-probate-in-the-trnc\/#primaryimage","url":"https:\/\/mediterra.group\/wp-content\/uploads\/2025\/07\/7-6.jpg","contentUrl":"https:\/\/mediterra.group\/wp-content\/uploads\/2025\/07\/7-6.jpg","width":1250,"height":833},{"@type":"BreadcrumbList","@id":"https:\/\/mediterra.group\/guidance-and-making-a-will-in-the-trnc-and-probate-in-the-trnc\/#breadcrumb","itemListElement":[{"@type":"ListItem","position":1,"name":"Home","item":"https:\/\/mediterra.group\/tr\/"},{"@type":"ListItem","position":2,"name":"Rehberlik ve KKTC&#8217;de Vasiyetname Haz\u0131rlama ve KKTC&#8217;de Veraset"}]},{"@type":"WebSite","@id":"https:\/\/mediterra.group\/ar\/#website","url":"https:\/\/mediterra.group\/ar\/","name":"Mediterra Group","description":"","potentialAction":[{"@type":"SearchAction","target":{"@type":"EntryPoint","urlTemplate":"https:\/\/mediterra.group\/ar\/?s={search_term_string}"},"query-input":{"@type":"PropertyValueSpecification","valueRequired":true,"valueName":"search_term_string"}}],"inLanguage":"tr"},{"@type":"Person","@id":"https:\/\/mediterra.group\/ar\/#\/schema\/person\/7db86f2bc7783cf0f27705320203bffb","name":"prfj","image":{"@type":"ImageObject","inLanguage":"tr","@id":"https:\/\/secure.gravatar.com\/avatar\/efc76156b22a6391dfe826fa01e611bcd5dacefe7489936136b7f4d5eb1c0fb4?s=96&d=mm&r=g","url":"https:\/\/secure.gravatar.com\/avatar\/efc76156b22a6391dfe826fa01e611bcd5dacefe7489936136b7f4d5eb1c0fb4?s=96&d=mm&r=g","contentUrl":"https:\/\/secure.gravatar.com\/avatar\/efc76156b22a6391dfe826fa01e611bcd5dacefe7489936136b7f4d5eb1c0fb4?s=96&d=mm&r=g","caption":"prfj"},"sameAs":["https:\/\/mediterra.group"],"url":"https:\/\/mediterra.group\/tr\/author\/prfj\/"}]}},"_links":{"self":[{"href":"https:\/\/mediterra.group\/tr\/wp-json\/wp\/v2\/posts\/33150","targetHints":{"allow":["GET"]}}],"collection":[{"href":"https:\/\/mediterra.group\/tr\/wp-json\/wp\/v2\/posts"}],"about":[{"href":"https:\/\/mediterra.group\/tr\/wp-json\/wp\/v2\/types\/post"}],"author":[{"embeddable":true,"href":"https:\/\/mediterra.group\/tr\/wp-json\/wp\/v2\/users\/1"}],"replies":[{"embeddable":true,"href":"https:\/\/mediterra.group\/tr\/wp-json\/wp\/v2\/comments?post=33150"}],"version-history":[{"count":0,"href":"https:\/\/mediterra.group\/tr\/wp-json\/wp\/v2\/posts\/33150\/revisions"}],"wp:featuredmedia":[{"embeddable":true,"href":"https:\/\/mediterra.group\/tr\/wp-json\/wp\/v2\/media\/31887"}],"wp:attachment":[{"href":"https:\/\/mediterra.group\/tr\/wp-json\/wp\/v2\/media?parent=33150"}],"wp:term":[{"taxonomy":"category","embeddable":true,"href":"https:\/\/mediterra.group\/tr\/wp-json\/wp\/v2\/categories?post=33150"},{"taxonomy":"post_tag","embeddable":true,"href":"https:\/\/mediterra.group\/tr\/wp-json\/wp\/v2\/tags?post=33150"}],"curies":[{"name":"wp","href":"https:\/\/api.w.org\/{rel}","templated":true}]}}