{"id":33140,"date":"2025-07-10T12:12:22","date_gmt":"2025-07-10T12:12:22","guid":{"rendered":"https:\/\/mediterra.group\/tapu-devri-sirasinda-odenecek-harc-ve-vergilere-iliskin-kilavuz\/"},"modified":"2025-07-10T12:12:22","modified_gmt":"2025-07-10T12:12:22","slug":"tapu-devri-sirasinda-odenecek-harc-ve-vergilere-iliskin-kilavuz","status":"publish","type":"post","link":"https:\/\/mediterra.group\/tr\/tapu-devri-sirasinda-odenecek-harc-ve-vergilere-iliskin-kilavuz\/","title":{"rendered":"Tapu Devri S\u0131ras\u0131nda \u00d6denecek Har\u00e7 ve Vergilere \u0130li\u015fkin K\u0131lavuz"},"content":{"rendered":"<p><span style=\"font-weight: 400;\">Herhangi bir m\u00fclk sat\u0131\u015f i\u015fleminde 3 ana vergi vard\u0131r (m\u00fclk hediyeleri i\u00e7in farkl\u0131 vergiler ge\u00e7erlidir). Bu vergiler \u015funlard\u0131r:   <\/span><\/p>\n<p><span style=\"font-weight: 400;\">&#8211; Tapu Sicil M\u00fcd\u00fcrl\u00fc\u011f\u00fc&#8217;ne \u00f6denmesi gereken devir \u00fccreti  <\/span><\/p>\n<p><span style=\"font-weight: 400;\">&#8211; Vergi Dairesine \u00f6denmesi gereken sermaye kazanc\u0131 vergisi  <\/span><\/p>\n<p><span style=\"font-weight: 400;\">&#8211; Sat\u0131c\u0131ya \u00f6denecek KDV  <\/span><\/p>\n<p><span style=\"font-weight: 400;\">Sermaye Kazan\u00e7lar\u0131 genellikle sat\u0131c\u0131 taraf\u0131ndan \u00f6denir ve devir \u00fccreti genellikle al\u0131c\u0131 taraf\u0131ndan \u00f6denir (ancak bu Sat\u0131\u015f S\u00f6zle\u015fmesinde taraflarca de\u011fi\u015ftirilebilir). Ancak KDV, taraflar aras\u0131nda kararla\u015ft\u0131r\u0131lan Sat\u0131\u015f S\u00f6zle\u015fmesi \u015fartlar\u0131na tabidir (yani sat\u0131\u015f fiyat\u0131n\u0131n KDV&#8217;yi i\u00e7erip i\u00e7ermedi\u011fi).   <\/span><\/p>\n<p><span style=\"font-weight: 400;\">Al\u0131nan vergi miktar\u0131, sat\u0131c\u0131n\u0131n &#8216;profesyonel sat\u0131c\u0131&#8217; olup olmamas\u0131na (yani i\u015flemin ticari nitelikte veya k\u00e2r ama\u00e7l\u0131 olup olmamas\u0131na) ba\u011fl\u0131d\u0131r. A\u015fa\u011f\u0131daki tablo buna g\u00f6re al\u0131nan y\u00fczdeleri g\u00f6stermektedir. Her \u00fc\u00e7 vergi t\u00fcr\u00fc i\u00e7in de y\u00fczdeler, m\u00fclkiyet devrinin ger\u00e7ekle\u015fmesinden hemen \u00f6nce yap\u0131lan m\u00fclk\u00fcn de\u011ferlendirilmi\u015f de\u011ferinin y\u00fczdeleridir. De\u011ferleme, m\u00fclk\u00fc de\u011ferleme tarihinde i\u00e7inde bulundu\u011fu durumda de\u011ferlendirir, yani m\u00fclk \u00fczerinde yeni bir in\u015faat varsa, bu m\u00fclk\u00fcn de\u011ferinin de\u011ferlendirilmesine dahil edilecektir.     <\/span><\/p>\n","protected":false},"excerpt":{"rendered":"<p>Herhangi bir m\u00fclk sat\u0131\u015f i\u015fleminde 3 ana vergi vard\u0131r (m\u00fclk hediyeleri i\u00e7in farkl\u0131 vergiler ge\u00e7erlidir). Bu vergiler \u015funlard\u0131r: &#8211; Tapu Sicil M\u00fcd\u00fcrl\u00fc\u011f\u00fc&#8217;ne \u00f6denmesi gereken devir \u00fccreti &#8211; Vergi Dairesine \u00f6denmesi gereken sermaye kazanc\u0131 vergisi &#8211; Sat\u0131c\u0131ya \u00f6denecek KDV Sermaye Kazan\u00e7lar\u0131 genellikle sat\u0131c\u0131 taraf\u0131ndan \u00f6denir ve devir \u00fccreti genellikle al\u0131c\u0131 taraf\u0131ndan \u00f6denir (ancak bu Sat\u0131\u015f S\u00f6zle\u015fmesinde [&hellip;]<\/p>\n","protected":false},"author":1,"featured_media":31897,"comment_status":"open","ping_status":"open","sticky":false,"template":"","format":"standard","meta":{"_acf_changed":false,"footnotes":""},"categories":[248],"tags":[],"class_list":["post-33140","post","type-post","status-publish","format-standard","has-post-thumbnail","hentry","category-vergi-ve-yasal"],"acf":[],"yoast_head":"<!-- This site is optimized with the Yoast SEO plugin v27.5 - https:\/\/yoast.com\/product\/yoast-seo-wordpress\/ -->\n<title>Tapu Devri S\u0131ras\u0131nda \u00d6denecek Har\u00e7 ve Vergilere \u0130li\u015fkin K\u0131lavuz - Mediterra Group<\/title>\n<meta name=\"robots\" content=\"index, follow, max-snippet:-1, max-image-preview:large, max-video-preview:-1\" \/>\n<link rel=\"canonical\" href=\"https:\/\/mediterra.group\/tr\/tapu-devri-sirasinda-odenecek-harc-ve-vergilere-iliskin-kilavuz\/\" \/>\n<meta property=\"og:locale\" content=\"tr_TR\" \/>\n<meta property=\"og:type\" content=\"article\" \/>\n<meta property=\"og:title\" content=\"Tapu Devri S\u0131ras\u0131nda \u00d6denecek Har\u00e7 ve Vergilere \u0130li\u015fkin K\u0131lavuz - Mediterra Group\" \/>\n<meta property=\"og:description\" content=\"Herhangi bir m\u00fclk sat\u0131\u015f i\u015fleminde 3 ana vergi vard\u0131r (m\u00fclk hediyeleri i\u00e7in farkl\u0131 vergiler ge\u00e7erlidir). Bu vergiler \u015funlard\u0131r: &#8211; Tapu Sicil M\u00fcd\u00fcrl\u00fc\u011f\u00fc&#8217;ne \u00f6denmesi gereken devir \u00fccreti &#8211; Vergi Dairesine \u00f6denmesi gereken sermaye kazanc\u0131 vergisi &#8211; Sat\u0131c\u0131ya \u00f6denecek KDV Sermaye Kazan\u00e7lar\u0131 genellikle sat\u0131c\u0131 taraf\u0131ndan \u00f6denir ve devir \u00fccreti genellikle al\u0131c\u0131 taraf\u0131ndan \u00f6denir (ancak bu Sat\u0131\u015f S\u00f6zle\u015fmesinde [&hellip;]\" \/>\n<meta property=\"og:url\" content=\"https:\/\/mediterra.group\/tr\/tapu-devri-sirasinda-odenecek-harc-ve-vergilere-iliskin-kilavuz\/\" \/>\n<meta property=\"og:site_name\" content=\"Mediterra Group\" \/>\n<meta property=\"article:published_time\" content=\"2025-07-10T12:12:22+00:00\" \/>\n<meta property=\"og:image\" content=\"https:\/\/mediterra.group\/wp-content\/uploads\/2025\/07\/9-6.jpg\" \/>\n\t<meta property=\"og:image:width\" content=\"1250\" \/>\n\t<meta property=\"og:image:height\" content=\"833\" \/>\n\t<meta property=\"og:image:type\" content=\"image\/jpeg\" \/>\n<meta name=\"author\" content=\"prfj\" \/>\n<meta name=\"twitter:card\" content=\"summary_large_image\" \/>\n<meta name=\"twitter:label1\" content=\"Yazan:\" \/>\n\t<meta name=\"twitter:data1\" content=\"prfj\" \/>\n\t<meta name=\"twitter:label2\" content=\"Tahmini okuma s\u00fcresi\" \/>\n\t<meta name=\"twitter:data2\" content=\"1 dakika\" \/>\n<script type=\"application\/ld+json\" class=\"yoast-schema-graph\">{\"@context\":\"https:\\\/\\\/schema.org\",\"@graph\":[{\"@type\":\"Article\",\"@id\":\"https:\\\/\\\/mediterra.group\\\/tr\\\/tapu-devri-sirasinda-odenecek-harc-ve-vergilere-iliskin-kilavuz\\\/#article\",\"isPartOf\":{\"@id\":\"https:\\\/\\\/mediterra.group\\\/tr\\\/tapu-devri-sirasinda-odenecek-harc-ve-vergilere-iliskin-kilavuz\\\/\"},\"author\":{\"name\":\"prfj\",\"@id\":\"https:\\\/\\\/mediterra.group\\\/ar\\\/#\\\/schema\\\/person\\\/7db86f2bc7783cf0f27705320203bffb\"},\"headline\":\"Tapu Devri S\u0131ras\u0131nda \u00d6denecek Har\u00e7 ve Vergilere \u0130li\u015fkin K\u0131lavuz\",\"datePublished\":\"2025-07-10T12:12:22+00:00\",\"mainEntityOfPage\":{\"@id\":\"https:\\\/\\\/mediterra.group\\\/tr\\\/tapu-devri-sirasinda-odenecek-harc-ve-vergilere-iliskin-kilavuz\\\/\"},\"wordCount\":223,\"commentCount\":0,\"image\":{\"@id\":\"https:\\\/\\\/mediterra.group\\\/tr\\\/tapu-devri-sirasinda-odenecek-harc-ve-vergilere-iliskin-kilavuz\\\/#primaryimage\"},\"thumbnailUrl\":\"https:\\\/\\\/mediterra.group\\\/wp-content\\\/uploads\\\/2025\\\/07\\\/9-6.jpg\",\"articleSection\":[\"VERG\u0130 VE YASAL\"],\"inLanguage\":\"tr\",\"potentialAction\":[{\"@type\":\"CommentAction\",\"name\":\"Comment\",\"target\":[\"https:\\\/\\\/mediterra.group\\\/tr\\\/tapu-devri-sirasinda-odenecek-harc-ve-vergilere-iliskin-kilavuz\\\/#respond\"]}]},{\"@type\":\"WebPage\",\"@id\":\"https:\\\/\\\/mediterra.group\\\/tr\\\/tapu-devri-sirasinda-odenecek-harc-ve-vergilere-iliskin-kilavuz\\\/\",\"url\":\"https:\\\/\\\/mediterra.group\\\/tr\\\/tapu-devri-sirasinda-odenecek-harc-ve-vergilere-iliskin-kilavuz\\\/\",\"name\":\"Tapu Devri S\u0131ras\u0131nda \u00d6denecek Har\u00e7 ve Vergilere \u0130li\u015fkin K\u0131lavuz - Mediterra Group\",\"isPartOf\":{\"@id\":\"https:\\\/\\\/mediterra.group\\\/ar\\\/#website\"},\"primaryImageOfPage\":{\"@id\":\"https:\\\/\\\/mediterra.group\\\/tr\\\/tapu-devri-sirasinda-odenecek-harc-ve-vergilere-iliskin-kilavuz\\\/#primaryimage\"},\"image\":{\"@id\":\"https:\\\/\\\/mediterra.group\\\/tr\\\/tapu-devri-sirasinda-odenecek-harc-ve-vergilere-iliskin-kilavuz\\\/#primaryimage\"},\"thumbnailUrl\":\"https:\\\/\\\/mediterra.group\\\/wp-content\\\/uploads\\\/2025\\\/07\\\/9-6.jpg\",\"datePublished\":\"2025-07-10T12:12:22+00:00\",\"author\":{\"@id\":\"https:\\\/\\\/mediterra.group\\\/ar\\\/#\\\/schema\\\/person\\\/7db86f2bc7783cf0f27705320203bffb\"},\"breadcrumb\":{\"@id\":\"https:\\\/\\\/mediterra.group\\\/tr\\\/tapu-devri-sirasinda-odenecek-harc-ve-vergilere-iliskin-kilavuz\\\/#breadcrumb\"},\"inLanguage\":\"tr\",\"potentialAction\":[{\"@type\":\"ReadAction\",\"target\":[\"https:\\\/\\\/mediterra.group\\\/tr\\\/tapu-devri-sirasinda-odenecek-harc-ve-vergilere-iliskin-kilavuz\\\/\"]}]},{\"@type\":\"ImageObject\",\"inLanguage\":\"tr\",\"@id\":\"https:\\\/\\\/mediterra.group\\\/tr\\\/tapu-devri-sirasinda-odenecek-harc-ve-vergilere-iliskin-kilavuz\\\/#primaryimage\",\"url\":\"https:\\\/\\\/mediterra.group\\\/wp-content\\\/uploads\\\/2025\\\/07\\\/9-6.jpg\",\"contentUrl\":\"https:\\\/\\\/mediterra.group\\\/wp-content\\\/uploads\\\/2025\\\/07\\\/9-6.jpg\",\"width\":1250,\"height\":833},{\"@type\":\"BreadcrumbList\",\"@id\":\"https:\\\/\\\/mediterra.group\\\/tr\\\/tapu-devri-sirasinda-odenecek-harc-ve-vergilere-iliskin-kilavuz\\\/#breadcrumb\",\"itemListElement\":[{\"@type\":\"ListItem\",\"position\":1,\"name\":\"Home\",\"item\":\"https:\\\/\\\/mediterra.group\\\/tr\\\/\"},{\"@type\":\"ListItem\",\"position\":2,\"name\":\"Tapu Devri S\u0131ras\u0131nda \u00d6denecek Har\u00e7 ve Vergilere \u0130li\u015fkin K\u0131lavuz\"}]},{\"@type\":\"WebSite\",\"@id\":\"https:\\\/\\\/mediterra.group\\\/ar\\\/#website\",\"url\":\"https:\\\/\\\/mediterra.group\\\/ar\\\/\",\"name\":\"Mediterra Group\",\"description\":\"\",\"potentialAction\":[{\"@type\":\"SearchAction\",\"target\":{\"@type\":\"EntryPoint\",\"urlTemplate\":\"https:\\\/\\\/mediterra.group\\\/ar\\\/?s={search_term_string}\"},\"query-input\":{\"@type\":\"PropertyValueSpecification\",\"valueRequired\":true,\"valueName\":\"search_term_string\"}}],\"inLanguage\":\"tr\"},{\"@type\":\"Person\",\"@id\":\"https:\\\/\\\/mediterra.group\\\/ar\\\/#\\\/schema\\\/person\\\/7db86f2bc7783cf0f27705320203bffb\",\"name\":\"prfj\",\"image\":{\"@type\":\"ImageObject\",\"inLanguage\":\"tr\",\"@id\":\"https:\\\/\\\/secure.gravatar.com\\\/avatar\\\/efc76156b22a6391dfe826fa01e611bcd5dacefe7489936136b7f4d5eb1c0fb4?s=96&d=mm&r=g\",\"url\":\"https:\\\/\\\/secure.gravatar.com\\\/avatar\\\/efc76156b22a6391dfe826fa01e611bcd5dacefe7489936136b7f4d5eb1c0fb4?s=96&d=mm&r=g\",\"contentUrl\":\"https:\\\/\\\/secure.gravatar.com\\\/avatar\\\/efc76156b22a6391dfe826fa01e611bcd5dacefe7489936136b7f4d5eb1c0fb4?s=96&d=mm&r=g\",\"caption\":\"prfj\"},\"sameAs\":[\"https:\\\/\\\/mediterra.group\"],\"url\":\"https:\\\/\\\/mediterra.group\\\/tr\\\/author\\\/prfj\\\/\"}]}<\/script>\n<!-- \/ Yoast SEO plugin. -->","yoast_head_json":{"title":"Tapu Devri S\u0131ras\u0131nda \u00d6denecek Har\u00e7 ve Vergilere \u0130li\u015fkin K\u0131lavuz - Mediterra Group","robots":{"index":"index","follow":"follow","max-snippet":"max-snippet:-1","max-image-preview":"max-image-preview:large","max-video-preview":"max-video-preview:-1"},"canonical":"https:\/\/mediterra.group\/tr\/tapu-devri-sirasinda-odenecek-harc-ve-vergilere-iliskin-kilavuz\/","og_locale":"tr_TR","og_type":"article","og_title":"Tapu Devri S\u0131ras\u0131nda \u00d6denecek Har\u00e7 ve Vergilere \u0130li\u015fkin K\u0131lavuz - Mediterra Group","og_description":"Herhangi bir m\u00fclk sat\u0131\u015f i\u015fleminde 3 ana vergi vard\u0131r (m\u00fclk hediyeleri i\u00e7in farkl\u0131 vergiler ge\u00e7erlidir). Bu vergiler \u015funlard\u0131r: &#8211; Tapu Sicil M\u00fcd\u00fcrl\u00fc\u011f\u00fc&#8217;ne \u00f6denmesi gereken devir \u00fccreti &#8211; Vergi Dairesine \u00f6denmesi gereken sermaye kazanc\u0131 vergisi &#8211; Sat\u0131c\u0131ya \u00f6denecek KDV Sermaye Kazan\u00e7lar\u0131 genellikle sat\u0131c\u0131 taraf\u0131ndan \u00f6denir ve devir \u00fccreti genellikle al\u0131c\u0131 taraf\u0131ndan \u00f6denir (ancak bu Sat\u0131\u015f S\u00f6zle\u015fmesinde [&hellip;]","og_url":"https:\/\/mediterra.group\/tr\/tapu-devri-sirasinda-odenecek-harc-ve-vergilere-iliskin-kilavuz\/","og_site_name":"Mediterra Group","article_published_time":"2025-07-10T12:12:22+00:00","og_image":[{"width":1250,"height":833,"url":"https:\/\/mediterra.group\/wp-content\/uploads\/2025\/07\/9-6.jpg","type":"image\/jpeg"}],"author":"prfj","twitter_card":"summary_large_image","twitter_misc":{"Yazan:":"prfj","Tahmini okuma s\u00fcresi":"1 dakika"},"schema":{"@context":"https:\/\/schema.org","@graph":[{"@type":"Article","@id":"https:\/\/mediterra.group\/tr\/tapu-devri-sirasinda-odenecek-harc-ve-vergilere-iliskin-kilavuz\/#article","isPartOf":{"@id":"https:\/\/mediterra.group\/tr\/tapu-devri-sirasinda-odenecek-harc-ve-vergilere-iliskin-kilavuz\/"},"author":{"name":"prfj","@id":"https:\/\/mediterra.group\/ar\/#\/schema\/person\/7db86f2bc7783cf0f27705320203bffb"},"headline":"Tapu Devri S\u0131ras\u0131nda \u00d6denecek Har\u00e7 ve Vergilere \u0130li\u015fkin K\u0131lavuz","datePublished":"2025-07-10T12:12:22+00:00","mainEntityOfPage":{"@id":"https:\/\/mediterra.group\/tr\/tapu-devri-sirasinda-odenecek-harc-ve-vergilere-iliskin-kilavuz\/"},"wordCount":223,"commentCount":0,"image":{"@id":"https:\/\/mediterra.group\/tr\/tapu-devri-sirasinda-odenecek-harc-ve-vergilere-iliskin-kilavuz\/#primaryimage"},"thumbnailUrl":"https:\/\/mediterra.group\/wp-content\/uploads\/2025\/07\/9-6.jpg","articleSection":["VERG\u0130 VE YASAL"],"inLanguage":"tr","potentialAction":[{"@type":"CommentAction","name":"Comment","target":["https:\/\/mediterra.group\/tr\/tapu-devri-sirasinda-odenecek-harc-ve-vergilere-iliskin-kilavuz\/#respond"]}]},{"@type":"WebPage","@id":"https:\/\/mediterra.group\/tr\/tapu-devri-sirasinda-odenecek-harc-ve-vergilere-iliskin-kilavuz\/","url":"https:\/\/mediterra.group\/tr\/tapu-devri-sirasinda-odenecek-harc-ve-vergilere-iliskin-kilavuz\/","name":"Tapu Devri S\u0131ras\u0131nda \u00d6denecek Har\u00e7 ve Vergilere \u0130li\u015fkin K\u0131lavuz - Mediterra Group","isPartOf":{"@id":"https:\/\/mediterra.group\/ar\/#website"},"primaryImageOfPage":{"@id":"https:\/\/mediterra.group\/tr\/tapu-devri-sirasinda-odenecek-harc-ve-vergilere-iliskin-kilavuz\/#primaryimage"},"image":{"@id":"https:\/\/mediterra.group\/tr\/tapu-devri-sirasinda-odenecek-harc-ve-vergilere-iliskin-kilavuz\/#primaryimage"},"thumbnailUrl":"https:\/\/mediterra.group\/wp-content\/uploads\/2025\/07\/9-6.jpg","datePublished":"2025-07-10T12:12:22+00:00","author":{"@id":"https:\/\/mediterra.group\/ar\/#\/schema\/person\/7db86f2bc7783cf0f27705320203bffb"},"breadcrumb":{"@id":"https:\/\/mediterra.group\/tr\/tapu-devri-sirasinda-odenecek-harc-ve-vergilere-iliskin-kilavuz\/#breadcrumb"},"inLanguage":"tr","potentialAction":[{"@type":"ReadAction","target":["https:\/\/mediterra.group\/tr\/tapu-devri-sirasinda-odenecek-harc-ve-vergilere-iliskin-kilavuz\/"]}]},{"@type":"ImageObject","inLanguage":"tr","@id":"https:\/\/mediterra.group\/tr\/tapu-devri-sirasinda-odenecek-harc-ve-vergilere-iliskin-kilavuz\/#primaryimage","url":"https:\/\/mediterra.group\/wp-content\/uploads\/2025\/07\/9-6.jpg","contentUrl":"https:\/\/mediterra.group\/wp-content\/uploads\/2025\/07\/9-6.jpg","width":1250,"height":833},{"@type":"BreadcrumbList","@id":"https:\/\/mediterra.group\/tr\/tapu-devri-sirasinda-odenecek-harc-ve-vergilere-iliskin-kilavuz\/#breadcrumb","itemListElement":[{"@type":"ListItem","position":1,"name":"Home","item":"https:\/\/mediterra.group\/tr\/"},{"@type":"ListItem","position":2,"name":"Tapu Devri S\u0131ras\u0131nda \u00d6denecek Har\u00e7 ve Vergilere \u0130li\u015fkin K\u0131lavuz"}]},{"@type":"WebSite","@id":"https:\/\/mediterra.group\/ar\/#website","url":"https:\/\/mediterra.group\/ar\/","name":"Mediterra Group","description":"","potentialAction":[{"@type":"SearchAction","target":{"@type":"EntryPoint","urlTemplate":"https:\/\/mediterra.group\/ar\/?s={search_term_string}"},"query-input":{"@type":"PropertyValueSpecification","valueRequired":true,"valueName":"search_term_string"}}],"inLanguage":"tr"},{"@type":"Person","@id":"https:\/\/mediterra.group\/ar\/#\/schema\/person\/7db86f2bc7783cf0f27705320203bffb","name":"prfj","image":{"@type":"ImageObject","inLanguage":"tr","@id":"https:\/\/secure.gravatar.com\/avatar\/efc76156b22a6391dfe826fa01e611bcd5dacefe7489936136b7f4d5eb1c0fb4?s=96&d=mm&r=g","url":"https:\/\/secure.gravatar.com\/avatar\/efc76156b22a6391dfe826fa01e611bcd5dacefe7489936136b7f4d5eb1c0fb4?s=96&d=mm&r=g","contentUrl":"https:\/\/secure.gravatar.com\/avatar\/efc76156b22a6391dfe826fa01e611bcd5dacefe7489936136b7f4d5eb1c0fb4?s=96&d=mm&r=g","caption":"prfj"},"sameAs":["https:\/\/mediterra.group"],"url":"https:\/\/mediterra.group\/tr\/author\/prfj\/"}]}},"_links":{"self":[{"href":"https:\/\/mediterra.group\/tr\/wp-json\/wp\/v2\/posts\/33140","targetHints":{"allow":["GET"]}}],"collection":[{"href":"https:\/\/mediterra.group\/tr\/wp-json\/wp\/v2\/posts"}],"about":[{"href":"https:\/\/mediterra.group\/tr\/wp-json\/wp\/v2\/types\/post"}],"author":[{"embeddable":true,"href":"https:\/\/mediterra.group\/tr\/wp-json\/wp\/v2\/users\/1"}],"replies":[{"embeddable":true,"href":"https:\/\/mediterra.group\/tr\/wp-json\/wp\/v2\/comments?post=33140"}],"version-history":[{"count":0,"href":"https:\/\/mediterra.group\/tr\/wp-json\/wp\/v2\/posts\/33140\/revisions"}],"wp:featuredmedia":[{"embeddable":true,"href":"https:\/\/mediterra.group\/tr\/wp-json\/wp\/v2\/media\/31897"}],"wp:attachment":[{"href":"https:\/\/mediterra.group\/tr\/wp-json\/wp\/v2\/media?parent=33140"}],"wp:term":[{"taxonomy":"category","embeddable":true,"href":"https:\/\/mediterra.group\/tr\/wp-json\/wp\/v2\/categories?post=33140"},{"taxonomy":"post_tag","embeddable":true,"href":"https:\/\/mediterra.group\/tr\/wp-json\/wp\/v2\/tags?post=33140"}],"curies":[{"name":"wp","href":"https:\/\/api.w.org\/{rel}","templated":true}]}}