{"id":33120,"date":"2025-06-18T10:48:29","date_gmt":"2025-06-18T10:48:29","guid":{"rendered":"https:\/\/mediterra.group\/hollanda-fuari-emigratiebeursdeydik\/"},"modified":"2025-06-18T10:48:29","modified_gmt":"2025-06-18T10:48:29","slug":"hollanda-fuari-emigratiebeursdeydik","status":"publish","type":"post","link":"https:\/\/mediterra.group\/tr\/hollanda-fuari-emigratiebeursdeydik\/","title":{"rendered":"Hollanda Fuar\u0131: Emigratiebeurs&#8217;deydik!"},"content":{"rendered":"<p>Mediterra Proje Y\u00f6netimi ekibi Hollanda&#8217;n\u0131n Utrecht kentinde d\u00fczenlenen prestijli Emigration Expo&#8217;ya kat\u0131ld\u0131. Etkinlikteki stand\u0131m\u0131z\u0131 ziyaret edenlere kapsaml\u0131 hizmetlerimizi sunma ve Kuzey K\u0131br\u0131s&#8217;\u0131n faydalar\u0131n\u0131 payla\u015fma f\u0131rsat\u0131 bulduk. <\/p>\n<p>Farkl\u0131 k\u00fclt\u00fcrlerin ve geleneklerin var oldu\u011fu bir d\u00fcnyada, Kuzey K\u0131br\u0131s&#8217;\u0131 Hollanda&#8217;ya ilk tan\u0131tan \u00fclke olman\u0131n mutlulu\u011funu ya\u015f\u0131yoruz.<\/p>\n<p>Hollanda&#8217;da yeni projelerimizi pazara sunmaya ba\u015flaman\u0131n heyecan\u0131n\u0131 ya\u015f\u0131yoruz<\/p>\n<div id='gallery-1' class='gallery galleryid-33120 gallery-columns-3 gallery-size-thumbnail'><figure class='gallery-item'>\n\t\t\t<div class='gallery-icon portrait'>\n\t\t\t\t<a href='https:\/\/mediterra.group\/wp-content\/uploads\/2025\/06\/5-NETHERLANDS-EXPO-WE-WERE-AT-THE-EMIGRATIEBEURS.webp'><img decoding=\"async\" width=\"113\" height=\"150\" src=\"https:\/\/mediterra.group\/wp-content\/uploads\/2025\/06\/5-NETHERLANDS-EXPO-WE-WERE-AT-THE-EMIGRATIEBEURS.webp\" class=\"attachment-thumbnail size-thumbnail\" alt=\"\" \/><\/a>\n\t\t\t<\/div><\/figure><figure class='gallery-item'>\n\t\t\t<div class='gallery-icon portrait'>\n\t\t\t\t<a href='https:\/\/mediterra.group\/wp-content\/uploads\/2025\/06\/4-NETHERLANDS-EXPO-WE-WERE-AT-THE-EMIGRATIEBEURS.webp'><img decoding=\"async\" width=\"113\" height=\"150\" src=\"https:\/\/mediterra.group\/wp-content\/uploads\/2025\/06\/4-NETHERLANDS-EXPO-WE-WERE-AT-THE-EMIGRATIEBEURS.webp\" class=\"attachment-thumbnail size-thumbnail\" alt=\"\" \/><\/a>\n\t\t\t<\/div><\/figure><figure class='gallery-item'>\n\t\t\t<div class='gallery-icon portrait'>\n\t\t\t\t<a href='https:\/\/mediterra.group\/wp-content\/uploads\/2025\/06\/3-NETHERLANDS-EXPO-WE-WERE-AT-THE-EMIGRATIEBEURS.webp'><img decoding=\"async\" width=\"113\" height=\"150\" src=\"https:\/\/mediterra.group\/wp-content\/uploads\/2025\/06\/3-NETHERLANDS-EXPO-WE-WERE-AT-THE-EMIGRATIEBEURS.webp\" class=\"attachment-thumbnail size-thumbnail\" alt=\"\" \/><\/a>\n\t\t\t<\/div><\/figure><figure class='gallery-item'>\n\t\t\t<div class='gallery-icon portrait'>\n\t\t\t\t<a href='https:\/\/mediterra.group\/wp-content\/uploads\/2025\/06\/2-NETHERLANDS-EXPO-WE-WERE-AT-THE-EMIGRATIEBEURS.webp'><img loading=\"lazy\" decoding=\"async\" width=\"113\" height=\"150\" src=\"https:\/\/mediterra.group\/wp-content\/uploads\/2025\/06\/2-NETHERLANDS-EXPO-WE-WERE-AT-THE-EMIGRATIEBEURS.webp\" class=\"attachment-thumbnail size-thumbnail\" alt=\"\" \/><\/a>\n\t\t\t<\/div><\/figure><figure class='gallery-item'>\n\t\t\t<div class='gallery-icon portrait'>\n\t\t\t\t<a href='https:\/\/mediterra.group\/wp-content\/uploads\/2025\/06\/1-NETHERLANDS-EXPO-WE-WERE-AT-THE-EMIGRATIEBEURS.webp'><img loading=\"lazy\" decoding=\"async\" width=\"113\" height=\"150\" src=\"https:\/\/mediterra.group\/wp-content\/uploads\/2025\/06\/1-NETHERLANDS-EXPO-WE-WERE-AT-THE-EMIGRATIEBEURS.webp\" class=\"attachment-thumbnail size-thumbnail\" alt=\"\" \/><\/a>\n\t\t\t<\/div><\/figure>\n\t\t<\/div>\n\n","protected":false},"excerpt":{"rendered":"<p>Mediterra Proje Y\u00f6netimi ekibi Hollanda&#8217;n\u0131n Utrecht kentinde d\u00fczenlenen prestijli Emigration Expo&#8217;ya kat\u0131ld\u0131. Etkinlikteki stand\u0131m\u0131z\u0131 ziyaret edenlere kapsaml\u0131 hizmetlerimizi sunma ve Kuzey K\u0131br\u0131s&#8217;\u0131n faydalar\u0131n\u0131 payla\u015fma f\u0131rsat\u0131 bulduk. Farkl\u0131 k\u00fclt\u00fcrlerin ve geleneklerin var oldu\u011fu bir d\u00fcnyada, Kuzey K\u0131br\u0131s&#8217;\u0131 Hollanda&#8217;ya ilk tan\u0131tan \u00fclke olman\u0131n mutlulu\u011funu ya\u015f\u0131yoruz. Hollanda&#8217;da yeni projelerimizi pazara sunmaya ba\u015flaman\u0131n heyecan\u0131n\u0131 ya\u015f\u0131yoruz<\/p>\n","protected":false},"author":1,"featured_media":23308,"comment_status":"open","ping_status":"open","sticky":false,"template":"","format":"standard","meta":{"_acf_changed":false,"footnotes":""},"categories":[256],"tags":[],"class_list":["post-33120","post","type-post","status-publish","format-standard","has-post-thumbnail","hentry","category-etkinlikler"],"acf":[],"yoast_head":"<!-- This site is optimized with the Yoast SEO plugin v27.5 - https:\/\/yoast.com\/product\/yoast-seo-wordpress\/ -->\n<title>Hollanda Fuar\u0131: Emigratiebeurs&#039;deydik! - Mediterra Group<\/title>\n<meta name=\"robots\" content=\"index, follow, max-snippet:-1, max-image-preview:large, max-video-preview:-1\" \/>\n<link rel=\"canonical\" href=\"https:\/\/mediterra.group\/netherlands-expo-we-were-at-the-emigratiebeurs\/\" \/>\n<meta property=\"og:locale\" content=\"tr_TR\" \/>\n<meta property=\"og:type\" content=\"article\" \/>\n<meta property=\"og:title\" content=\"Hollanda Fuar\u0131: Emigratiebeurs&#039;deydik! - Mediterra Group\" \/>\n<meta property=\"og:description\" content=\"Mediterra Proje Y\u00f6netimi ekibi Hollanda&#8217;n\u0131n Utrecht kentinde d\u00fczenlenen prestijli Emigration Expo&#8217;ya kat\u0131ld\u0131. Etkinlikteki stand\u0131m\u0131z\u0131 ziyaret edenlere kapsaml\u0131 hizmetlerimizi sunma ve Kuzey K\u0131br\u0131s&#8217;\u0131n faydalar\u0131n\u0131 payla\u015fma f\u0131rsat\u0131 bulduk. Farkl\u0131 k\u00fclt\u00fcrlerin ve geleneklerin var oldu\u011fu bir d\u00fcnyada, Kuzey K\u0131br\u0131s&#8217;\u0131 Hollanda&#8217;ya ilk tan\u0131tan \u00fclke olman\u0131n mutlulu\u011funu ya\u015f\u0131yoruz. Hollanda&#8217;da yeni projelerimizi pazara sunmaya ba\u015flaman\u0131n heyecan\u0131n\u0131 ya\u015f\u0131yoruz\" \/>\n<meta property=\"og:url\" content=\"https:\/\/mediterra.group\/netherlands-expo-we-were-at-the-emigratiebeurs\/\" \/>\n<meta property=\"og:site_name\" content=\"Mediterra Group\" \/>\n<meta property=\"article:published_time\" content=\"2025-06-18T10:48:29+00:00\" \/>\n<meta property=\"og:image\" content=\"https:\/\/mediterra.group\/wp-content\/uploads\/2016\/03\/023.jpg\" \/>\n\t<meta property=\"og:image:width\" content=\"1170\" \/>\n\t<meta property=\"og:image:height\" content=\"877\" \/>\n\t<meta property=\"og:image:type\" content=\"image\/jpeg\" \/>\n<meta name=\"author\" content=\"prfj\" \/>\n<meta name=\"twitter:card\" content=\"summary_large_image\" \/>\n<meta name=\"twitter:label1\" content=\"Yazan:\" \/>\n\t<meta name=\"twitter:data1\" content=\"prfj\" \/>\n<script type=\"application\/ld+json\" class=\"yoast-schema-graph\">{\"@context\":\"https:\\\/\\\/schema.org\",\"@graph\":[{\"@type\":\"Article\",\"@id\":\"https:\\\/\\\/mediterra.group\\\/netherlands-expo-we-were-at-the-emigratiebeurs\\\/#article\",\"isPartOf\":{\"@id\":\"https:\\\/\\\/mediterra.group\\\/netherlands-expo-we-were-at-the-emigratiebeurs\\\/\"},\"author\":{\"name\":\"prfj\",\"@id\":\"https:\\\/\\\/mediterra.group\\\/ar\\\/#\\\/schema\\\/person\\\/7db86f2bc7783cf0f27705320203bffb\"},\"headline\":\"Hollanda Fuar\u0131: Emigratiebeurs&#8217;deydik!\",\"datePublished\":\"2025-06-18T10:48:29+00:00\",\"mainEntityOfPage\":{\"@id\":\"https:\\\/\\\/mediterra.group\\\/netherlands-expo-we-were-at-the-emigratiebeurs\\\/\"},\"wordCount\":89,\"commentCount\":0,\"image\":{\"@id\":\"https:\\\/\\\/mediterra.group\\\/netherlands-expo-we-were-at-the-emigratiebeurs\\\/#primaryimage\"},\"thumbnailUrl\":\"https:\\\/\\\/mediterra.group\\\/wp-content\\\/uploads\\\/2016\\\/03\\\/023.jpg\",\"articleSection\":[\"ETK\u0130NL\u0130KLER\"],\"inLanguage\":\"tr\",\"potentialAction\":[{\"@type\":\"CommentAction\",\"name\":\"Comment\",\"target\":[\"https:\\\/\\\/mediterra.group\\\/netherlands-expo-we-were-at-the-emigratiebeurs\\\/#respond\"]}]},{\"@type\":\"WebPage\",\"@id\":\"https:\\\/\\\/mediterra.group\\\/netherlands-expo-we-were-at-the-emigratiebeurs\\\/\",\"url\":\"https:\\\/\\\/mediterra.group\\\/netherlands-expo-we-were-at-the-emigratiebeurs\\\/\",\"name\":\"Hollanda Fuar\u0131: Emigratiebeurs'deydik! - Mediterra Group\",\"isPartOf\":{\"@id\":\"https:\\\/\\\/mediterra.group\\\/ar\\\/#website\"},\"primaryImageOfPage\":{\"@id\":\"https:\\\/\\\/mediterra.group\\\/netherlands-expo-we-were-at-the-emigratiebeurs\\\/#primaryimage\"},\"image\":{\"@id\":\"https:\\\/\\\/mediterra.group\\\/netherlands-expo-we-were-at-the-emigratiebeurs\\\/#primaryimage\"},\"thumbnailUrl\":\"https:\\\/\\\/mediterra.group\\\/wp-content\\\/uploads\\\/2016\\\/03\\\/023.jpg\",\"datePublished\":\"2025-06-18T10:48:29+00:00\",\"author\":{\"@id\":\"https:\\\/\\\/mediterra.group\\\/ar\\\/#\\\/schema\\\/person\\\/7db86f2bc7783cf0f27705320203bffb\"},\"breadcrumb\":{\"@id\":\"https:\\\/\\\/mediterra.group\\\/netherlands-expo-we-were-at-the-emigratiebeurs\\\/#breadcrumb\"},\"inLanguage\":\"tr\",\"potentialAction\":[{\"@type\":\"ReadAction\",\"target\":[\"https:\\\/\\\/mediterra.group\\\/netherlands-expo-we-were-at-the-emigratiebeurs\\\/\"]}]},{\"@type\":\"ImageObject\",\"inLanguage\":\"tr\",\"@id\":\"https:\\\/\\\/mediterra.group\\\/netherlands-expo-we-were-at-the-emigratiebeurs\\\/#primaryimage\",\"url\":\"https:\\\/\\\/mediterra.group\\\/wp-content\\\/uploads\\\/2016\\\/03\\\/023.jpg\",\"contentUrl\":\"https:\\\/\\\/mediterra.group\\\/wp-content\\\/uploads\\\/2016\\\/03\\\/023.jpg\",\"width\":1170,\"height\":877},{\"@type\":\"BreadcrumbList\",\"@id\":\"https:\\\/\\\/mediterra.group\\\/netherlands-expo-we-were-at-the-emigratiebeurs\\\/#breadcrumb\",\"itemListElement\":[{\"@type\":\"ListItem\",\"position\":1,\"name\":\"Home\",\"item\":\"https:\\\/\\\/mediterra.group\\\/tr\\\/\"},{\"@type\":\"ListItem\",\"position\":2,\"name\":\"Hollanda Fuar\u0131: Emigratiebeurs&#8217;deydik!\"}]},{\"@type\":\"WebSite\",\"@id\":\"https:\\\/\\\/mediterra.group\\\/ar\\\/#website\",\"url\":\"https:\\\/\\\/mediterra.group\\\/ar\\\/\",\"name\":\"Mediterra Group\",\"description\":\"\",\"potentialAction\":[{\"@type\":\"SearchAction\",\"target\":{\"@type\":\"EntryPoint\",\"urlTemplate\":\"https:\\\/\\\/mediterra.group\\\/ar\\\/?s={search_term_string}\"},\"query-input\":{\"@type\":\"PropertyValueSpecification\",\"valueRequired\":true,\"valueName\":\"search_term_string\"}}],\"inLanguage\":\"tr\"},{\"@type\":\"Person\",\"@id\":\"https:\\\/\\\/mediterra.group\\\/ar\\\/#\\\/schema\\\/person\\\/7db86f2bc7783cf0f27705320203bffb\",\"name\":\"prfj\",\"image\":{\"@type\":\"ImageObject\",\"inLanguage\":\"tr\",\"@id\":\"https:\\\/\\\/secure.gravatar.com\\\/avatar\\\/efc76156b22a6391dfe826fa01e611bcd5dacefe7489936136b7f4d5eb1c0fb4?s=96&d=mm&r=g\",\"url\":\"https:\\\/\\\/secure.gravatar.com\\\/avatar\\\/efc76156b22a6391dfe826fa01e611bcd5dacefe7489936136b7f4d5eb1c0fb4?s=96&d=mm&r=g\",\"contentUrl\":\"https:\\\/\\\/secure.gravatar.com\\\/avatar\\\/efc76156b22a6391dfe826fa01e611bcd5dacefe7489936136b7f4d5eb1c0fb4?s=96&d=mm&r=g\",\"caption\":\"prfj\"},\"sameAs\":[\"https:\\\/\\\/mediterra.group\"],\"url\":\"https:\\\/\\\/mediterra.group\\\/tr\\\/author\\\/prfj\\\/\"}]}<\/script>\n<!-- \/ Yoast SEO plugin. -->","yoast_head_json":{"title":"Hollanda Fuar\u0131: Emigratiebeurs'deydik! - Mediterra Group","robots":{"index":"index","follow":"follow","max-snippet":"max-snippet:-1","max-image-preview":"max-image-preview:large","max-video-preview":"max-video-preview:-1"},"canonical":"https:\/\/mediterra.group\/netherlands-expo-we-were-at-the-emigratiebeurs\/","og_locale":"tr_TR","og_type":"article","og_title":"Hollanda Fuar\u0131: Emigratiebeurs'deydik! - Mediterra Group","og_description":"Mediterra Proje Y\u00f6netimi ekibi Hollanda&#8217;n\u0131n Utrecht kentinde d\u00fczenlenen prestijli Emigration Expo&#8217;ya kat\u0131ld\u0131. Etkinlikteki stand\u0131m\u0131z\u0131 ziyaret edenlere kapsaml\u0131 hizmetlerimizi sunma ve Kuzey K\u0131br\u0131s&#8217;\u0131n faydalar\u0131n\u0131 payla\u015fma f\u0131rsat\u0131 bulduk. Farkl\u0131 k\u00fclt\u00fcrlerin ve geleneklerin var oldu\u011fu bir d\u00fcnyada, Kuzey K\u0131br\u0131s&#8217;\u0131 Hollanda&#8217;ya ilk tan\u0131tan \u00fclke olman\u0131n mutlulu\u011funu ya\u015f\u0131yoruz. Hollanda&#8217;da yeni projelerimizi pazara sunmaya ba\u015flaman\u0131n heyecan\u0131n\u0131 ya\u015f\u0131yoruz","og_url":"https:\/\/mediterra.group\/netherlands-expo-we-were-at-the-emigratiebeurs\/","og_site_name":"Mediterra Group","article_published_time":"2025-06-18T10:48:29+00:00","og_image":[{"width":1170,"height":877,"url":"https:\/\/mediterra.group\/wp-content\/uploads\/2016\/03\/023.jpg","type":"image\/jpeg"}],"author":"prfj","twitter_card":"summary_large_image","twitter_misc":{"Yazan:":"prfj"},"schema":{"@context":"https:\/\/schema.org","@graph":[{"@type":"Article","@id":"https:\/\/mediterra.group\/netherlands-expo-we-were-at-the-emigratiebeurs\/#article","isPartOf":{"@id":"https:\/\/mediterra.group\/netherlands-expo-we-were-at-the-emigratiebeurs\/"},"author":{"name":"prfj","@id":"https:\/\/mediterra.group\/ar\/#\/schema\/person\/7db86f2bc7783cf0f27705320203bffb"},"headline":"Hollanda Fuar\u0131: Emigratiebeurs&#8217;deydik!","datePublished":"2025-06-18T10:48:29+00:00","mainEntityOfPage":{"@id":"https:\/\/mediterra.group\/netherlands-expo-we-were-at-the-emigratiebeurs\/"},"wordCount":89,"commentCount":0,"image":{"@id":"https:\/\/mediterra.group\/netherlands-expo-we-were-at-the-emigratiebeurs\/#primaryimage"},"thumbnailUrl":"https:\/\/mediterra.group\/wp-content\/uploads\/2016\/03\/023.jpg","articleSection":["ETK\u0130NL\u0130KLER"],"inLanguage":"tr","potentialAction":[{"@type":"CommentAction","name":"Comment","target":["https:\/\/mediterra.group\/netherlands-expo-we-were-at-the-emigratiebeurs\/#respond"]}]},{"@type":"WebPage","@id":"https:\/\/mediterra.group\/netherlands-expo-we-were-at-the-emigratiebeurs\/","url":"https:\/\/mediterra.group\/netherlands-expo-we-were-at-the-emigratiebeurs\/","name":"Hollanda Fuar\u0131: Emigratiebeurs'deydik! - Mediterra Group","isPartOf":{"@id":"https:\/\/mediterra.group\/ar\/#website"},"primaryImageOfPage":{"@id":"https:\/\/mediterra.group\/netherlands-expo-we-were-at-the-emigratiebeurs\/#primaryimage"},"image":{"@id":"https:\/\/mediterra.group\/netherlands-expo-we-were-at-the-emigratiebeurs\/#primaryimage"},"thumbnailUrl":"https:\/\/mediterra.group\/wp-content\/uploads\/2016\/03\/023.jpg","datePublished":"2025-06-18T10:48:29+00:00","author":{"@id":"https:\/\/mediterra.group\/ar\/#\/schema\/person\/7db86f2bc7783cf0f27705320203bffb"},"breadcrumb":{"@id":"https:\/\/mediterra.group\/netherlands-expo-we-were-at-the-emigratiebeurs\/#breadcrumb"},"inLanguage":"tr","potentialAction":[{"@type":"ReadAction","target":["https:\/\/mediterra.group\/netherlands-expo-we-were-at-the-emigratiebeurs\/"]}]},{"@type":"ImageObject","inLanguage":"tr","@id":"https:\/\/mediterra.group\/netherlands-expo-we-were-at-the-emigratiebeurs\/#primaryimage","url":"https:\/\/mediterra.group\/wp-content\/uploads\/2016\/03\/023.jpg","contentUrl":"https:\/\/mediterra.group\/wp-content\/uploads\/2016\/03\/023.jpg","width":1170,"height":877},{"@type":"BreadcrumbList","@id":"https:\/\/mediterra.group\/netherlands-expo-we-were-at-the-emigratiebeurs\/#breadcrumb","itemListElement":[{"@type":"ListItem","position":1,"name":"Home","item":"https:\/\/mediterra.group\/tr\/"},{"@type":"ListItem","position":2,"name":"Hollanda Fuar\u0131: Emigratiebeurs&#8217;deydik!"}]},{"@type":"WebSite","@id":"https:\/\/mediterra.group\/ar\/#website","url":"https:\/\/mediterra.group\/ar\/","name":"Mediterra Group","description":"","potentialAction":[{"@type":"SearchAction","target":{"@type":"EntryPoint","urlTemplate":"https:\/\/mediterra.group\/ar\/?s={search_term_string}"},"query-input":{"@type":"PropertyValueSpecification","valueRequired":true,"valueName":"search_term_string"}}],"inLanguage":"tr"},{"@type":"Person","@id":"https:\/\/mediterra.group\/ar\/#\/schema\/person\/7db86f2bc7783cf0f27705320203bffb","name":"prfj","image":{"@type":"ImageObject","inLanguage":"tr","@id":"https:\/\/secure.gravatar.com\/avatar\/efc76156b22a6391dfe826fa01e611bcd5dacefe7489936136b7f4d5eb1c0fb4?s=96&d=mm&r=g","url":"https:\/\/secure.gravatar.com\/avatar\/efc76156b22a6391dfe826fa01e611bcd5dacefe7489936136b7f4d5eb1c0fb4?s=96&d=mm&r=g","contentUrl":"https:\/\/secure.gravatar.com\/avatar\/efc76156b22a6391dfe826fa01e611bcd5dacefe7489936136b7f4d5eb1c0fb4?s=96&d=mm&r=g","caption":"prfj"},"sameAs":["https:\/\/mediterra.group"],"url":"https:\/\/mediterra.group\/tr\/author\/prfj\/"}]}},"_links":{"self":[{"href":"https:\/\/mediterra.group\/tr\/wp-json\/wp\/v2\/posts\/33120","targetHints":{"allow":["GET"]}}],"collection":[{"href":"https:\/\/mediterra.group\/tr\/wp-json\/wp\/v2\/posts"}],"about":[{"href":"https:\/\/mediterra.group\/tr\/wp-json\/wp\/v2\/types\/post"}],"author":[{"embeddable":true,"href":"https:\/\/mediterra.group\/tr\/wp-json\/wp\/v2\/users\/1"}],"replies":[{"embeddable":true,"href":"https:\/\/mediterra.group\/tr\/wp-json\/wp\/v2\/comments?post=33120"}],"version-history":[{"count":0,"href":"https:\/\/mediterra.group\/tr\/wp-json\/wp\/v2\/posts\/33120\/revisions"}],"wp:featuredmedia":[{"embeddable":true,"href":"https:\/\/mediterra.group\/tr\/wp-json\/wp\/v2\/media\/23308"}],"wp:attachment":[{"href":"https:\/\/mediterra.group\/tr\/wp-json\/wp\/v2\/media?parent=33120"}],"wp:term":[{"taxonomy":"category","embeddable":true,"href":"https:\/\/mediterra.group\/tr\/wp-json\/wp\/v2\/categories?post=33120"},{"taxonomy":"post_tag","embeddable":true,"href":"https:\/\/mediterra.group\/tr\/wp-json\/wp\/v2\/tags?post=33120"}],"curies":[{"name":"wp","href":"https:\/\/api.w.org\/{rel}","templated":true}]}}