{"id":33102,"date":"2025-07-10T12:46:31","date_gmt":"2025-07-10T12:46:31","guid":{"rendered":"https:\/\/mediterra.group\/kuzey-kibris-cumhuriyetinde-vergilendirme\/"},"modified":"2025-07-10T12:46:31","modified_gmt":"2025-07-10T12:46:31","slug":"kuzey-kibris-cumhuriyetinde-vergilendirme","status":"publish","type":"post","link":"https:\/\/mediterra.group\/tr\/kuzey-kibris-cumhuriyetinde-vergilendirme\/","title":{"rendered":"Kuzey K\u0131br\u0131s Cumhuriyeti&#8217;nde Vergilendirme"},"content":{"rendered":"<h4><span style=\"font-weight: 400;\">1) <\/span><b>KKTC&#8217;de yabanc\u0131lar taraf\u0131ndan gayrimenkul al\u0131m\u0131na ili\u015fkin temel vergiler<\/b><span style=\"font-weight: 400;\"> <\/span><\/h4>\n<p><span style=\"font-weight: 400;\">Damga vergisi &#8211; sat\u0131\u015f s\u00f6zle\u015fmesi Vergi Dairesine kaydedilirken \u00f6denen vergidir. Sat\u0131\u015f s\u00f6zle\u015fmesinin imzaland\u0131\u011f\u0131 tarihten itibaren 21 g\u00fcn i\u00e7inde vergi \u00f6denmeli ve s\u00f6zle\u015fme tescil edilmelidir. \u00dccret, sat\u0131\u015f s\u00f6zle\u015fmesinde belirtilen sat\u0131\u015f fiyat\u0131 \u00fczerinden %0,5&#8217;tir.  <\/span><\/p>\n<p><span style=\"font-weight: 400;\">6 Kay\u0131t Vergisi &#8211; Tapu ve Vergi Dairesi taraf\u0131ndan yap\u0131lan de\u011ferlendirmeye g\u00f6re \u00f6denecek tutar. Har\u00e7, sat\u0131\u015f s\u00f6zle\u015fmesinde belirtilen sat\u0131\u015f fiyat\u0131 \u00fczerinden hesaplan\u0131r.   <\/span><\/p>\n<p><span style=\"font-weight: 400;\">KDV- Sat\u0131c\u0131ya \u00f6denecek tutar, sat\u0131\u015f s\u00f6zle\u015fmesinde belirtilen sat\u0131n al\u0131nan m\u00fclk\u00fcn de\u011ferinin %5&#8217;idir.  <\/span><\/p>\n<p><span style=\"font-weight: 400;\">Trafo \u00fccreti (TRAFO)- miktar sat\u0131n al\u0131nan nesneye ba\u011fl\u0131d\u0131r. Elektrik ve su ileti\u015fiminin sa\u011flanmas\u0131n\u0131 i\u00e7erir.   <\/span><\/p>\n<p><span style=\"font-weight: 400;\">Y\u0131ll\u0131k emlak vergisi &#8211; M\u00fclk\u00fcn kapal\u0131 alan\u0131n\u0131n 1 metrekaresi ba\u015f\u0131na 1,25 T\u00fcrk Liras\u0131 oran\u0131 esas al\u0131narak hesaplan\u0131r. Belediyeye \u00f6denmesi gerekmektedir.  <\/span><\/p>\n<h4><span style=\"font-weight: 400;\">2) <b>Tapu Devri S\u0131ras\u0131nda \u00d6denecek Har\u00e7 ve Vergiler<\/b><\/span><span style=\"font-weight: 400;\"> <\/span><\/h4>\n<p><span style=\"font-weight: 400;\">Herhangi bir m\u00fclk sat\u0131\u015f i\u015fleminde 3 ana vergi s\u00f6z konusudur (m\u00fclk hediyeleri i\u00e7in farkl\u0131 vergiler ge\u00e7erlidir). Bu vergiler \u015funlard\u0131r:   <\/span><span style=\"font-weight: 400;\"><br \/>\n<\/span><span style=\"font-weight: 400;\">&#8211; Tapu Sicil M\u00fcd\u00fcrl\u00fc\u011f\u00fc&#8217;ne \u00f6denmesi gereken devir \u00fccreti  <\/span><span style=\"font-weight: 400;\"><br \/>\n<\/span><span style=\"font-weight: 400;\">&#8211; Vergi Dairesine \u00f6denmesi gereken sermaye kazanc\u0131 vergisi  <\/span><span style=\"font-weight: 400;\"><br \/>\n<\/span><span style=\"font-weight: 400;\">&#8211; Sat\u0131c\u0131ya \u00f6denecek KDV  <\/span><\/p>\n<p><span style=\"font-weight: 400;\">Sermaye Kazan\u00e7lar\u0131 genellikle sat\u0131c\u0131 taraf\u0131ndan \u00f6denir ve devir \u00fccreti genellikle al\u0131c\u0131 taraf\u0131ndan \u00f6denir (ancak bu Sat\u0131\u015f S\u00f6zle\u015fmesinde taraflarca de\u011fi\u015ftirilebilir). Ancak KDV, taraflar aras\u0131nda kararla\u015ft\u0131r\u0131lan Sat\u0131\u015f S\u00f6zle\u015fmesi \u015fartlar\u0131na tabidir (yani sat\u0131\u015f fiyat\u0131n\u0131n KDV&#8217;yi i\u00e7erip i\u00e7ermedi\u011fi).   <\/span><\/p>\n<h4><span style=\"font-weight: 400;\">3) <b>Veraset Vergisi<\/b> <\/span><\/h4>\n<p><span style=\"font-weight: 400;\">Veraset vergisini belirlemek i\u00e7in karma\u015f\u0131k bir hesaplama yap\u0131lmal\u0131d\u0131r. Her vaka kendi de\u011ferine g\u00f6re de\u011ferlendirilmelidir.   <\/span><\/p>\n<p><span style=\"font-weight: 400;\">Veraset vergisinden muaf ta\u015f\u0131n\u0131r veya ta\u015f\u0131nmaz mallar:  <\/span><\/p>\n<ol>\n<li><span style=\"font-weight: 400;\">a) Tr\u00f6ste devredilen m\u00fclkler ve bu m\u00fclklere ba\u011fl\u0131 gelirler.  <\/span><\/li>\n<li><span style=\"font-weight: 400;\">b) Banka mevduatlar\u0131 (tasarruf veya cari hesaplar) yaln\u0131zca her birinin ayr\u0131 ayr\u0131 para \u00e7ekme yetkisine sahip oldu\u011fu ortak hesaplarda.  <\/span><\/li>\n<li><span style=\"font-weight: 400;\">c) Miras kalacaksa maa\u015flar, \u00fccretler  <\/span><\/li>\n<li><span style=\"font-weight: 400;\">d) M\u00fccevher gibi \u00f6zel mallar  <\/span><\/li>\n<\/ol>\n<p><span style=\"font-weight: 400;\">Arazi ve bina de\u011ferlemeleri Tapu Sicil M\u00fcd\u00fcrl\u00fc\u011f\u00fc&#8217;nden al\u0131n\u0131r Banka Kredileri, alacakl\u0131lar ve di\u011fer y\u00fck\u00fcml\u00fcl\u00fckler resmi kan\u0131tlarla kan\u0131tland\u0131\u011f\u0131 takdirde varl\u0131klardan d\u00fc\u015f\u00fclebilir  <\/span><\/p>\n<p><span style=\"font-weight: 400;\">Vergi, net varl\u0131klar (varl\u0131klar eksi kan\u0131tlanm\u0131\u015f y\u00fck\u00fcml\u00fcl\u00fckler) \u00fczerinden %1&#8217;dir  <\/span><\/p>\n","protected":false},"excerpt":{"rendered":"<p>1) KKTC&#8217;de yabanc\u0131lar taraf\u0131ndan gayrimenkul al\u0131m\u0131na ili\u015fkin temel vergiler Damga vergisi &#8211; sat\u0131\u015f s\u00f6zle\u015fmesi Vergi Dairesine kaydedilirken \u00f6denen vergidir. Sat\u0131\u015f s\u00f6zle\u015fmesinin imzaland\u0131\u011f\u0131 tarihten itibaren 21 g\u00fcn i\u00e7inde vergi \u00f6denmeli ve s\u00f6zle\u015fme tescil edilmelidir. \u00dccret, sat\u0131\u015f s\u00f6zle\u015fmesinde belirtilen sat\u0131\u015f fiyat\u0131 \u00fczerinden %0,5&#8217;tir. 6 Kay\u0131t Vergisi &#8211; Tapu ve Vergi Dairesi taraf\u0131ndan yap\u0131lan de\u011ferlendirmeye g\u00f6re \u00f6denecek tutar. [&hellip;]<\/p>\n","protected":false},"author":1,"featured_media":31862,"comment_status":"open","ping_status":"open","sticky":false,"template":"","format":"standard","meta":{"_acf_changed":false,"footnotes":""},"categories":[248],"tags":[],"class_list":["post-33102","post","type-post","status-publish","format-standard","has-post-thumbnail","hentry","category-vergi-ve-yasal"],"acf":[],"yoast_head":"<!-- This site is optimized with the Yoast SEO plugin v27.5 - https:\/\/yoast.com\/product\/yoast-seo-wordpress\/ -->\n<title>Kuzey K\u0131br\u0131s Cumhuriyeti&#039;nde Vergilendirme - Mediterra Group<\/title>\n<meta name=\"robots\" content=\"index, follow, max-snippet:-1, max-image-preview:large, max-video-preview:-1\" \/>\n<link rel=\"canonical\" href=\"https:\/\/mediterra.group\/taxation-in-the-republic-of-northen-cyprus\/\" \/>\n<meta property=\"og:locale\" content=\"tr_TR\" \/>\n<meta property=\"og:type\" content=\"article\" \/>\n<meta property=\"og:title\" content=\"Kuzey K\u0131br\u0131s Cumhuriyeti&#039;nde Vergilendirme - Mediterra Group\" \/>\n<meta property=\"og:description\" content=\"1) KKTC&#8217;de yabanc\u0131lar taraf\u0131ndan gayrimenkul al\u0131m\u0131na ili\u015fkin temel vergiler Damga vergisi &#8211; sat\u0131\u015f s\u00f6zle\u015fmesi Vergi Dairesine kaydedilirken \u00f6denen vergidir. Sat\u0131\u015f s\u00f6zle\u015fmesinin imzaland\u0131\u011f\u0131 tarihten itibaren 21 g\u00fcn i\u00e7inde vergi \u00f6denmeli ve s\u00f6zle\u015fme tescil edilmelidir. \u00dccret, sat\u0131\u015f s\u00f6zle\u015fmesinde belirtilen sat\u0131\u015f fiyat\u0131 \u00fczerinden %0,5&#8217;tir. 6 Kay\u0131t Vergisi &#8211; Tapu ve Vergi Dairesi taraf\u0131ndan yap\u0131lan de\u011ferlendirmeye g\u00f6re \u00f6denecek tutar. [&hellip;]\" \/>\n<meta property=\"og:url\" content=\"https:\/\/mediterra.group\/taxation-in-the-republic-of-northen-cyprus\/\" \/>\n<meta property=\"og:site_name\" content=\"Mediterra Group\" \/>\n<meta property=\"article:published_time\" content=\"2025-07-10T12:46:31+00:00\" \/>\n<meta property=\"og:image\" content=\"https:\/\/mediterra.group\/wp-content\/uploads\/2025\/07\/2-10.jpg\" \/>\n\t<meta property=\"og:image:width\" content=\"1250\" \/>\n\t<meta property=\"og:image:height\" content=\"834\" \/>\n\t<meta property=\"og:image:type\" content=\"image\/jpeg\" \/>\n<meta name=\"author\" content=\"prfj\" \/>\n<meta name=\"twitter:card\" content=\"summary_large_image\" \/>\n<meta name=\"twitter:label1\" content=\"Yazan:\" \/>\n\t<meta name=\"twitter:data1\" content=\"prfj\" \/>\n\t<meta name=\"twitter:label2\" content=\"Tahmini okuma s\u00fcresi\" \/>\n\t<meta name=\"twitter:data2\" content=\"2 dakika\" \/>\n<script type=\"application\/ld+json\" class=\"yoast-schema-graph\">{\"@context\":\"https:\\\/\\\/schema.org\",\"@graph\":[{\"@type\":\"Article\",\"@id\":\"https:\\\/\\\/mediterra.group\\\/taxation-in-the-republic-of-northen-cyprus\\\/#article\",\"isPartOf\":{\"@id\":\"https:\\\/\\\/mediterra.group\\\/taxation-in-the-republic-of-northen-cyprus\\\/\"},\"author\":{\"name\":\"prfj\",\"@id\":\"https:\\\/\\\/mediterra.group\\\/ar\\\/#\\\/schema\\\/person\\\/7db86f2bc7783cf0f27705320203bffb\"},\"headline\":\"Kuzey K\u0131br\u0131s Cumhuriyeti&#8217;nde Vergilendirme\",\"datePublished\":\"2025-07-10T12:46:31+00:00\",\"mainEntityOfPage\":{\"@id\":\"https:\\\/\\\/mediterra.group\\\/taxation-in-the-republic-of-northen-cyprus\\\/\"},\"wordCount\":411,\"commentCount\":0,\"image\":{\"@id\":\"https:\\\/\\\/mediterra.group\\\/taxation-in-the-republic-of-northen-cyprus\\\/#primaryimage\"},\"thumbnailUrl\":\"https:\\\/\\\/mediterra.group\\\/wp-content\\\/uploads\\\/2025\\\/07\\\/2-10.jpg\",\"articleSection\":[\"VERG\u0130 VE YASAL\"],\"inLanguage\":\"tr\",\"potentialAction\":[{\"@type\":\"CommentAction\",\"name\":\"Comment\",\"target\":[\"https:\\\/\\\/mediterra.group\\\/taxation-in-the-republic-of-northen-cyprus\\\/#respond\"]}]},{\"@type\":\"WebPage\",\"@id\":\"https:\\\/\\\/mediterra.group\\\/taxation-in-the-republic-of-northen-cyprus\\\/\",\"url\":\"https:\\\/\\\/mediterra.group\\\/taxation-in-the-republic-of-northen-cyprus\\\/\",\"name\":\"Kuzey K\u0131br\u0131s Cumhuriyeti'nde Vergilendirme - Mediterra Group\",\"isPartOf\":{\"@id\":\"https:\\\/\\\/mediterra.group\\\/ar\\\/#website\"},\"primaryImageOfPage\":{\"@id\":\"https:\\\/\\\/mediterra.group\\\/taxation-in-the-republic-of-northen-cyprus\\\/#primaryimage\"},\"image\":{\"@id\":\"https:\\\/\\\/mediterra.group\\\/taxation-in-the-republic-of-northen-cyprus\\\/#primaryimage\"},\"thumbnailUrl\":\"https:\\\/\\\/mediterra.group\\\/wp-content\\\/uploads\\\/2025\\\/07\\\/2-10.jpg\",\"datePublished\":\"2025-07-10T12:46:31+00:00\",\"author\":{\"@id\":\"https:\\\/\\\/mediterra.group\\\/ar\\\/#\\\/schema\\\/person\\\/7db86f2bc7783cf0f27705320203bffb\"},\"breadcrumb\":{\"@id\":\"https:\\\/\\\/mediterra.group\\\/taxation-in-the-republic-of-northen-cyprus\\\/#breadcrumb\"},\"inLanguage\":\"tr\",\"potentialAction\":[{\"@type\":\"ReadAction\",\"target\":[\"https:\\\/\\\/mediterra.group\\\/taxation-in-the-republic-of-northen-cyprus\\\/\"]}]},{\"@type\":\"ImageObject\",\"inLanguage\":\"tr\",\"@id\":\"https:\\\/\\\/mediterra.group\\\/taxation-in-the-republic-of-northen-cyprus\\\/#primaryimage\",\"url\":\"https:\\\/\\\/mediterra.group\\\/wp-content\\\/uploads\\\/2025\\\/07\\\/2-10.jpg\",\"contentUrl\":\"https:\\\/\\\/mediterra.group\\\/wp-content\\\/uploads\\\/2025\\\/07\\\/2-10.jpg\",\"width\":1250,\"height\":834},{\"@type\":\"BreadcrumbList\",\"@id\":\"https:\\\/\\\/mediterra.group\\\/taxation-in-the-republic-of-northen-cyprus\\\/#breadcrumb\",\"itemListElement\":[{\"@type\":\"ListItem\",\"position\":1,\"name\":\"Home\",\"item\":\"https:\\\/\\\/mediterra.group\\\/tr\\\/\"},{\"@type\":\"ListItem\",\"position\":2,\"name\":\"Kuzey K\u0131br\u0131s Cumhuriyeti&#8217;nde Vergilendirme\"}]},{\"@type\":\"WebSite\",\"@id\":\"https:\\\/\\\/mediterra.group\\\/ar\\\/#website\",\"url\":\"https:\\\/\\\/mediterra.group\\\/ar\\\/\",\"name\":\"Mediterra Group\",\"description\":\"\",\"potentialAction\":[{\"@type\":\"SearchAction\",\"target\":{\"@type\":\"EntryPoint\",\"urlTemplate\":\"https:\\\/\\\/mediterra.group\\\/ar\\\/?s={search_term_string}\"},\"query-input\":{\"@type\":\"PropertyValueSpecification\",\"valueRequired\":true,\"valueName\":\"search_term_string\"}}],\"inLanguage\":\"tr\"},{\"@type\":\"Person\",\"@id\":\"https:\\\/\\\/mediterra.group\\\/ar\\\/#\\\/schema\\\/person\\\/7db86f2bc7783cf0f27705320203bffb\",\"name\":\"prfj\",\"image\":{\"@type\":\"ImageObject\",\"inLanguage\":\"tr\",\"@id\":\"https:\\\/\\\/secure.gravatar.com\\\/avatar\\\/efc76156b22a6391dfe826fa01e611bcd5dacefe7489936136b7f4d5eb1c0fb4?s=96&d=mm&r=g\",\"url\":\"https:\\\/\\\/secure.gravatar.com\\\/avatar\\\/efc76156b22a6391dfe826fa01e611bcd5dacefe7489936136b7f4d5eb1c0fb4?s=96&d=mm&r=g\",\"contentUrl\":\"https:\\\/\\\/secure.gravatar.com\\\/avatar\\\/efc76156b22a6391dfe826fa01e611bcd5dacefe7489936136b7f4d5eb1c0fb4?s=96&d=mm&r=g\",\"caption\":\"prfj\"},\"sameAs\":[\"https:\\\/\\\/mediterra.group\"],\"url\":\"https:\\\/\\\/mediterra.group\\\/tr\\\/author\\\/prfj\\\/\"}]}<\/script>\n<!-- \/ Yoast SEO plugin. -->","yoast_head_json":{"title":"Kuzey K\u0131br\u0131s Cumhuriyeti'nde Vergilendirme - Mediterra Group","robots":{"index":"index","follow":"follow","max-snippet":"max-snippet:-1","max-image-preview":"max-image-preview:large","max-video-preview":"max-video-preview:-1"},"canonical":"https:\/\/mediterra.group\/taxation-in-the-republic-of-northen-cyprus\/","og_locale":"tr_TR","og_type":"article","og_title":"Kuzey K\u0131br\u0131s Cumhuriyeti'nde Vergilendirme - Mediterra Group","og_description":"1) KKTC&#8217;de yabanc\u0131lar taraf\u0131ndan gayrimenkul al\u0131m\u0131na ili\u015fkin temel vergiler Damga vergisi &#8211; sat\u0131\u015f s\u00f6zle\u015fmesi Vergi Dairesine kaydedilirken \u00f6denen vergidir. Sat\u0131\u015f s\u00f6zle\u015fmesinin imzaland\u0131\u011f\u0131 tarihten itibaren 21 g\u00fcn i\u00e7inde vergi \u00f6denmeli ve s\u00f6zle\u015fme tescil edilmelidir. \u00dccret, sat\u0131\u015f s\u00f6zle\u015fmesinde belirtilen sat\u0131\u015f fiyat\u0131 \u00fczerinden %0,5&#8217;tir. 6 Kay\u0131t Vergisi &#8211; Tapu ve Vergi Dairesi taraf\u0131ndan yap\u0131lan de\u011ferlendirmeye g\u00f6re \u00f6denecek tutar. [&hellip;]","og_url":"https:\/\/mediterra.group\/taxation-in-the-republic-of-northen-cyprus\/","og_site_name":"Mediterra Group","article_published_time":"2025-07-10T12:46:31+00:00","og_image":[{"width":1250,"height":834,"url":"https:\/\/mediterra.group\/wp-content\/uploads\/2025\/07\/2-10.jpg","type":"image\/jpeg"}],"author":"prfj","twitter_card":"summary_large_image","twitter_misc":{"Yazan:":"prfj","Tahmini okuma s\u00fcresi":"2 dakika"},"schema":{"@context":"https:\/\/schema.org","@graph":[{"@type":"Article","@id":"https:\/\/mediterra.group\/taxation-in-the-republic-of-northen-cyprus\/#article","isPartOf":{"@id":"https:\/\/mediterra.group\/taxation-in-the-republic-of-northen-cyprus\/"},"author":{"name":"prfj","@id":"https:\/\/mediterra.group\/ar\/#\/schema\/person\/7db86f2bc7783cf0f27705320203bffb"},"headline":"Kuzey K\u0131br\u0131s Cumhuriyeti&#8217;nde Vergilendirme","datePublished":"2025-07-10T12:46:31+00:00","mainEntityOfPage":{"@id":"https:\/\/mediterra.group\/taxation-in-the-republic-of-northen-cyprus\/"},"wordCount":411,"commentCount":0,"image":{"@id":"https:\/\/mediterra.group\/taxation-in-the-republic-of-northen-cyprus\/#primaryimage"},"thumbnailUrl":"https:\/\/mediterra.group\/wp-content\/uploads\/2025\/07\/2-10.jpg","articleSection":["VERG\u0130 VE YASAL"],"inLanguage":"tr","potentialAction":[{"@type":"CommentAction","name":"Comment","target":["https:\/\/mediterra.group\/taxation-in-the-republic-of-northen-cyprus\/#respond"]}]},{"@type":"WebPage","@id":"https:\/\/mediterra.group\/taxation-in-the-republic-of-northen-cyprus\/","url":"https:\/\/mediterra.group\/taxation-in-the-republic-of-northen-cyprus\/","name":"Kuzey K\u0131br\u0131s Cumhuriyeti'nde Vergilendirme - Mediterra Group","isPartOf":{"@id":"https:\/\/mediterra.group\/ar\/#website"},"primaryImageOfPage":{"@id":"https:\/\/mediterra.group\/taxation-in-the-republic-of-northen-cyprus\/#primaryimage"},"image":{"@id":"https:\/\/mediterra.group\/taxation-in-the-republic-of-northen-cyprus\/#primaryimage"},"thumbnailUrl":"https:\/\/mediterra.group\/wp-content\/uploads\/2025\/07\/2-10.jpg","datePublished":"2025-07-10T12:46:31+00:00","author":{"@id":"https:\/\/mediterra.group\/ar\/#\/schema\/person\/7db86f2bc7783cf0f27705320203bffb"},"breadcrumb":{"@id":"https:\/\/mediterra.group\/taxation-in-the-republic-of-northen-cyprus\/#breadcrumb"},"inLanguage":"tr","potentialAction":[{"@type":"ReadAction","target":["https:\/\/mediterra.group\/taxation-in-the-republic-of-northen-cyprus\/"]}]},{"@type":"ImageObject","inLanguage":"tr","@id":"https:\/\/mediterra.group\/taxation-in-the-republic-of-northen-cyprus\/#primaryimage","url":"https:\/\/mediterra.group\/wp-content\/uploads\/2025\/07\/2-10.jpg","contentUrl":"https:\/\/mediterra.group\/wp-content\/uploads\/2025\/07\/2-10.jpg","width":1250,"height":834},{"@type":"BreadcrumbList","@id":"https:\/\/mediterra.group\/taxation-in-the-republic-of-northen-cyprus\/#breadcrumb","itemListElement":[{"@type":"ListItem","position":1,"name":"Home","item":"https:\/\/mediterra.group\/tr\/"},{"@type":"ListItem","position":2,"name":"Kuzey K\u0131br\u0131s Cumhuriyeti&#8217;nde Vergilendirme"}]},{"@type":"WebSite","@id":"https:\/\/mediterra.group\/ar\/#website","url":"https:\/\/mediterra.group\/ar\/","name":"Mediterra Group","description":"","potentialAction":[{"@type":"SearchAction","target":{"@type":"EntryPoint","urlTemplate":"https:\/\/mediterra.group\/ar\/?s={search_term_string}"},"query-input":{"@type":"PropertyValueSpecification","valueRequired":true,"valueName":"search_term_string"}}],"inLanguage":"tr"},{"@type":"Person","@id":"https:\/\/mediterra.group\/ar\/#\/schema\/person\/7db86f2bc7783cf0f27705320203bffb","name":"prfj","image":{"@type":"ImageObject","inLanguage":"tr","@id":"https:\/\/secure.gravatar.com\/avatar\/efc76156b22a6391dfe826fa01e611bcd5dacefe7489936136b7f4d5eb1c0fb4?s=96&d=mm&r=g","url":"https:\/\/secure.gravatar.com\/avatar\/efc76156b22a6391dfe826fa01e611bcd5dacefe7489936136b7f4d5eb1c0fb4?s=96&d=mm&r=g","contentUrl":"https:\/\/secure.gravatar.com\/avatar\/efc76156b22a6391dfe826fa01e611bcd5dacefe7489936136b7f4d5eb1c0fb4?s=96&d=mm&r=g","caption":"prfj"},"sameAs":["https:\/\/mediterra.group"],"url":"https:\/\/mediterra.group\/tr\/author\/prfj\/"}]}},"_links":{"self":[{"href":"https:\/\/mediterra.group\/tr\/wp-json\/wp\/v2\/posts\/33102","targetHints":{"allow":["GET"]}}],"collection":[{"href":"https:\/\/mediterra.group\/tr\/wp-json\/wp\/v2\/posts"}],"about":[{"href":"https:\/\/mediterra.group\/tr\/wp-json\/wp\/v2\/types\/post"}],"author":[{"embeddable":true,"href":"https:\/\/mediterra.group\/tr\/wp-json\/wp\/v2\/users\/1"}],"replies":[{"embeddable":true,"href":"https:\/\/mediterra.group\/tr\/wp-json\/wp\/v2\/comments?post=33102"}],"version-history":[{"count":0,"href":"https:\/\/mediterra.group\/tr\/wp-json\/wp\/v2\/posts\/33102\/revisions"}],"wp:featuredmedia":[{"embeddable":true,"href":"https:\/\/mediterra.group\/tr\/wp-json\/wp\/v2\/media\/31862"}],"wp:attachment":[{"href":"https:\/\/mediterra.group\/tr\/wp-json\/wp\/v2\/media?parent=33102"}],"wp:term":[{"taxonomy":"category","embeddable":true,"href":"https:\/\/mediterra.group\/tr\/wp-json\/wp\/v2\/categories?post=33102"},{"taxonomy":"post_tag","embeddable":true,"href":"https:\/\/mediterra.group\/tr\/wp-json\/wp\/v2\/tags?post=33102"}],"curies":[{"name":"wp","href":"https:\/\/api.w.org\/{rel}","templated":true}]}}