{"id":33074,"date":"2025-07-10T13:49:51","date_gmt":"2025-07-10T13:49:51","guid":{"rendered":"https:\/\/mediterra.group\/akdeniz-kiyisinda-yasama-sanati-sahil-kenarinda-yasamak-icin-5-neden\/"},"modified":"2025-07-10T13:49:51","modified_gmt":"2025-07-10T13:49:51","slug":"akdeniz-kiyisinda-yasama-sanati-sahil-kenarinda-yasamak-icin-5-neden","status":"publish","type":"post","link":"https:\/\/mediterra.group\/tr\/akdeniz-kiyisinda-yasama-sanati-sahil-kenarinda-yasamak-icin-5-neden\/","title":{"rendered":"Akdeniz K\u0131y\u0131s\u0131nda Ya\u015fama Sanat\u0131 Sahil Kenar\u0131nda Ya\u015famak \u0130\u00e7in 5 Neden"},"content":{"rendered":"<p><img decoding=\"async\" class=\"w-100 mb-3\" src=\"https:\/\/www.mediterrapm.com\/public\/media\/uploads\/editor\/blog\/blog\/the-art-of-living\/The-Art-of-Living-.webp\" alt=\"\"><\/p>\n<p>Akdeniz uzun zamand\u0131r zarafet, dinginlik ve zamans\u0131z g\u00fczellik ile e\u015fanlaml\u0131d\u0131r. Bir evden daha fazlas\u0131n\u0131 arayanlar i\u00e7in deniz kenar\u0131nda ya\u015famak, \u00e7evreyle ilgili oldu\u011fu kadar besledi\u011fi deneyimlerle de ilgili olan benzersiz bir ya\u015fam tarz\u0131 sunar. \u0130\u015fte deniz k\u0131y\u0131s\u0131nda bir konutun sadece ya\u015fanacak bir yer de\u011fil, bir ya\u015fam bi\u00e7imi olmas\u0131n\u0131n be\u015f nedeni.  <\/p>\n<p><strong>Huzura a\u00e7\u0131lan bir kap\u0131:<\/strong><\/p>\n<p>Dalgalar\u0131n sesi, gelgitlerin ritmi ve denizin s\u00fcrekli de\u011fi\u015fen renkleri sakin ve huzurlu bir ortam yarat\u0131r. Akdeniz k\u0131y\u0131s\u0131nda ya\u015famak, do\u011fan\u0131n rahatlat\u0131c\u0131 unsurlar\u0131n\u0131 her g\u00fcn kucaklaman\u0131za olanak tan\u0131r. Sahil kenar\u0131, stresin eriyip gitti\u011fi bir s\u0131\u011f\u0131nak sunar ve ki\u015fi, di\u011fer pek az yerin sunabilece\u011fi \u015fekilde i\u00e7 huzuruyla yeniden ba\u011flant\u0131 kurabilir.  <\/p>\n<p><strong>Bir Prestij Miras\u0131:<\/strong><\/p>\n<p>Akdeniz k\u0131y\u0131 \u015feridi uzun zamand\u0131r l\u00fcks\u00fcn ve ayr\u0131cal\u0131\u011f\u0131n sembol\u00fc olmu\u015ftur. Antik Yunan filozoflar\u0131ndan \u00e7a\u011fda\u015f d\u00fcnya liderlerine kadar, en iyiyi arayanlar evlerini in\u015fa etmek i\u00e7in bu b\u00f6lgeyi se\u00e7mi\u015flerdir. D\u00fcnyan\u0131n bu sayg\u0131n b\u00f6lgesinde denize s\u0131f\u0131r bir <a href=\"https:\/\/www.mediterrarealestates.com\/en\/mediterranean-lifestyle\/your-guide-to-buying-a-beachfront-home-in-north-cyprus\" target=\"_blank\" rel=\"noopener\">m\u00fclke<\/a> sahip olmak sadece fiziksel alanla ilgili de\u011fildir; zarafet, incelik ve sofistike zengin bir miras\u0131n par\u00e7as\u0131 olmakla ilgilidir.  <\/p>\n<p><strong>Kesintisiz Do\u011fal G\u00fczellik Manzaralar\u0131:<\/strong><\/p>\n<p>Akdeniz&#8217;in kesintisiz manzaralar\u0131 nefes kesici olmaktan ba\u015fka bir \u015fey de\u011fildir. Denizle bulu\u015fan yemye\u015fil tepelerden g\u00fcn bat\u0131m\u0131ndaki \u0131\u015f\u0131lt\u0131l\u0131 ufka kadar, denize s\u0131f\u0131r bir ev do\u011fan\u0131n ihti\u015fam\u0131yla s\u00fcrekli bir ba\u011flant\u0131 sunar. Her pencere bir \u015faheseri \u00e7er\u00e7eveler ve her an Akdeniz k\u0131y\u0131lar\u0131n\u0131n ola\u011fan\u00fcst\u00fc g\u00fczelli\u011fine hayranl\u0131k duyma f\u0131rsat\u0131 sunar.  <\/p>\n<p><strong>Elementlerle Ba\u011flant\u0131l\u0131 Bir Ya\u015fam:<\/strong><\/p>\n<p>Deniz kenar\u0131nda ya\u015famak, manzaran\u0131n tad\u0131n\u0131 \u00e7\u0131karmaktan daha fazlas\u0131 anlam\u0131na gelir. Akdeniz iklimi \u0131l\u0131man k\u0131\u015flar\u0131 ve s\u0131cak, g\u00fcne\u015fli yazlar\u0131 ile bilinir ve k\u0131skan\u0131lacak bir a\u00e7\u0131k hava ya\u015fam tarz\u0131 sa\u011flar. \u0130ster sahilde bir sabah y\u00fcr\u00fcy\u00fc\u015f\u00fcn\u00fcn tad\u0131n\u0131 \u00e7\u0131kar\u0131n, ister y\u0131ld\u0131zlar\u0131n alt\u0131nda \u015f\u0131k ak\u015fam yemeklerine ev sahipli\u011fi yap\u0131n, sahil kenar\u0131nda ya\u015fam do\u011fal d\u00fcnyayla kesintisiz bir ba\u011flant\u0131 sunar.  <\/p>\n<p><strong>Ki\u015fisel Ba\u015far\u0131n\u0131n Sembol\u00fc:<\/strong><\/p>\n<p>Sahil kenar\u0131nda ya\u015famay\u0131 se\u00e7mek, bir\u00e7ok y\u00f6nden ki\u015fisel ba\u015far\u0131n\u0131n bir yans\u0131mas\u0131d\u0131r. Buras\u0131 ki\u015finin zaman, mekan ve deneyim l\u00fcks\u00fcn\u00fcn tad\u0131n\u0131 \u00e7\u0131karabilece\u011fi bir yerdir. Akdeniz&#8217;de ikamet etmek, en y\u00fcksek beklentilere hitap eden bir ya\u015fam tarz\u0131n\u0131 benimsemektir &#8211; incelik, sofistike ve ayr\u0131cal\u0131kla tan\u0131mlanan bir ya\u015fam tarz\u0131.  <\/p>\n<p>Akdeniz&#8217;de sofistike ve zarif bir ya\u015fam tarz\u0131yla tan\u0131\u015fmaya haz\u0131r m\u0131s\u0131n\u0131z? Mediterra Group, Kuzey K\u0131br\u0131s&#8217;ta l\u00fcks ya\u015fam yolculu\u011funuzda nihai orta\u011f\u0131n\u0131zd\u0131r. Bizi +90 533 832 02 22 numaral\u0131 telefondan aray\u0131n veya info@mediterra.group adresine mail at\u0131n ve K\u0131br\u0131s, adadaki ya\u015fam ve bilmeniz gereken t\u00fcm detaylar hakk\u0131nda size rehberlik etmemize izin verin.  <\/p>\n","protected":false},"excerpt":{"rendered":"<p>Akdeniz uzun zamand\u0131r zarafet, dinginlik ve zamans\u0131z g\u00fczellik ile e\u015fanlaml\u0131d\u0131r. Bir evden daha fazlas\u0131n\u0131 arayanlar i\u00e7in deniz kenar\u0131nda ya\u015famak, \u00e7evreyle ilgili oldu\u011fu kadar besledi\u011fi deneyimlerle de ilgili olan benzersiz bir ya\u015fam tarz\u0131 sunar. \u0130\u015fte deniz k\u0131y\u0131s\u0131nda bir konutun sadece ya\u015fanacak bir yer de\u011fil, bir ya\u015fam bi\u00e7imi olmas\u0131n\u0131n be\u015f nedeni. Huzura a\u00e7\u0131lan bir kap\u0131: Dalgalar\u0131n sesi, [&hellip;]<\/p>\n","protected":false},"author":1,"featured_media":31172,"comment_status":"open","ping_status":"open","sticky":false,"template":"","format":"standard","meta":{"_acf_changed":false,"footnotes":""},"categories":[205,245],"tags":[],"class_list":["post-33074","post","type-post","status-publish","format-standard","has-post-thumbnail","hentry","category-gayrimenkul","category-yasam-tarzi"],"acf":[],"yoast_head":"<!-- This site is optimized with the Yoast SEO plugin v27.5 - https:\/\/yoast.com\/product\/yoast-seo-wordpress\/ -->\n<title>Akdeniz K\u0131y\u0131s\u0131nda Ya\u015fama Sanat\u0131 Sahil Kenar\u0131nda Ya\u015famak \u0130\u00e7in 5 Neden - Mediterra Group<\/title>\n<meta name=\"robots\" content=\"index, follow, max-snippet:-1, max-image-preview:large, max-video-preview:-1\" \/>\n<link rel=\"canonical\" href=\"https:\/\/mediterra.group\/the-art-of-living-by-the-mediterranean-5-reasons-to-live-at-beachfront\/\" \/>\n<meta property=\"og:locale\" content=\"tr_TR\" \/>\n<meta property=\"og:type\" content=\"article\" \/>\n<meta property=\"og:title\" content=\"Akdeniz K\u0131y\u0131s\u0131nda Ya\u015fama Sanat\u0131 Sahil Kenar\u0131nda Ya\u015famak \u0130\u00e7in 5 Neden - Mediterra Group\" \/>\n<meta property=\"og:description\" content=\"Akdeniz uzun zamand\u0131r zarafet, dinginlik ve zamans\u0131z g\u00fczellik ile e\u015fanlaml\u0131d\u0131r. Bir evden daha fazlas\u0131n\u0131 arayanlar i\u00e7in deniz kenar\u0131nda ya\u015famak, \u00e7evreyle ilgili oldu\u011fu kadar besledi\u011fi deneyimlerle de ilgili olan benzersiz bir ya\u015fam tarz\u0131 sunar. \u0130\u015fte deniz k\u0131y\u0131s\u0131nda bir konutun sadece ya\u015fanacak bir yer de\u011fil, bir ya\u015fam bi\u00e7imi olmas\u0131n\u0131n be\u015f nedeni. Huzura a\u00e7\u0131lan bir kap\u0131: Dalgalar\u0131n sesi, [&hellip;]\" \/>\n<meta property=\"og:url\" content=\"https:\/\/mediterra.group\/the-art-of-living-by-the-mediterranean-5-reasons-to-live-at-beachfront\/\" \/>\n<meta property=\"og:site_name\" content=\"Mediterra Group\" \/>\n<meta property=\"article:published_time\" content=\"2025-07-10T13:49:51+00:00\" \/>\n<meta property=\"og:image\" content=\"https:\/\/mediterra.group\/wp-content\/uploads\/2025\/07\/the-art-of-living-kapak-result17442755956831PWAYP.webp\" \/>\n\t<meta property=\"og:image:width\" content=\"1408\" \/>\n\t<meta property=\"og:image:height\" content=\"768\" \/>\n\t<meta property=\"og:image:type\" content=\"image\/webp\" \/>\n<meta name=\"author\" content=\"prfj\" \/>\n<meta name=\"twitter:card\" content=\"summary_large_image\" \/>\n<meta name=\"twitter:label1\" content=\"Yazan:\" \/>\n\t<meta name=\"twitter:data1\" content=\"prfj\" \/>\n\t<meta name=\"twitter:label2\" content=\"Tahmini okuma s\u00fcresi\" \/>\n\t<meta name=\"twitter:data2\" content=\"3 dakika\" \/>\n<script type=\"application\/ld+json\" class=\"yoast-schema-graph\">{\"@context\":\"https:\\\/\\\/schema.org\",\"@graph\":[{\"@type\":\"Article\",\"@id\":\"https:\\\/\\\/mediterra.group\\\/the-art-of-living-by-the-mediterranean-5-reasons-to-live-at-beachfront\\\/#article\",\"isPartOf\":{\"@id\":\"https:\\\/\\\/mediterra.group\\\/the-art-of-living-by-the-mediterranean-5-reasons-to-live-at-beachfront\\\/\"},\"author\":{\"name\":\"prfj\",\"@id\":\"https:\\\/\\\/mediterra.group\\\/ar\\\/#\\\/schema\\\/person\\\/7db86f2bc7783cf0f27705320203bffb\"},\"headline\":\"Akdeniz K\u0131y\u0131s\u0131nda Ya\u015fama Sanat\u0131 Sahil Kenar\u0131nda Ya\u015famak \u0130\u00e7in 5 Neden\",\"datePublished\":\"2025-07-10T13:49:51+00:00\",\"mainEntityOfPage\":{\"@id\":\"https:\\\/\\\/mediterra.group\\\/the-art-of-living-by-the-mediterranean-5-reasons-to-live-at-beachfront\\\/\"},\"wordCount\":556,\"commentCount\":0,\"image\":{\"@id\":\"https:\\\/\\\/mediterra.group\\\/the-art-of-living-by-the-mediterranean-5-reasons-to-live-at-beachfront\\\/#primaryimage\"},\"thumbnailUrl\":\"https:\\\/\\\/mediterra.group\\\/wp-content\\\/uploads\\\/2025\\\/07\\\/the-art-of-living-kapak-result17442755956831PWAYP.webp\",\"articleSection\":[\"GAYR\u0130MENKUL\",\"YA\u015eAM TARZI\"],\"inLanguage\":\"tr\",\"potentialAction\":[{\"@type\":\"CommentAction\",\"name\":\"Comment\",\"target\":[\"https:\\\/\\\/mediterra.group\\\/the-art-of-living-by-the-mediterranean-5-reasons-to-live-at-beachfront\\\/#respond\"]}]},{\"@type\":\"WebPage\",\"@id\":\"https:\\\/\\\/mediterra.group\\\/the-art-of-living-by-the-mediterranean-5-reasons-to-live-at-beachfront\\\/\",\"url\":\"https:\\\/\\\/mediterra.group\\\/the-art-of-living-by-the-mediterranean-5-reasons-to-live-at-beachfront\\\/\",\"name\":\"Akdeniz K\u0131y\u0131s\u0131nda Ya\u015fama Sanat\u0131 Sahil Kenar\u0131nda Ya\u015famak \u0130\u00e7in 5 Neden - Mediterra Group\",\"isPartOf\":{\"@id\":\"https:\\\/\\\/mediterra.group\\\/ar\\\/#website\"},\"primaryImageOfPage\":{\"@id\":\"https:\\\/\\\/mediterra.group\\\/the-art-of-living-by-the-mediterranean-5-reasons-to-live-at-beachfront\\\/#primaryimage\"},\"image\":{\"@id\":\"https:\\\/\\\/mediterra.group\\\/the-art-of-living-by-the-mediterranean-5-reasons-to-live-at-beachfront\\\/#primaryimage\"},\"thumbnailUrl\":\"https:\\\/\\\/mediterra.group\\\/wp-content\\\/uploads\\\/2025\\\/07\\\/the-art-of-living-kapak-result17442755956831PWAYP.webp\",\"datePublished\":\"2025-07-10T13:49:51+00:00\",\"author\":{\"@id\":\"https:\\\/\\\/mediterra.group\\\/ar\\\/#\\\/schema\\\/person\\\/7db86f2bc7783cf0f27705320203bffb\"},\"breadcrumb\":{\"@id\":\"https:\\\/\\\/mediterra.group\\\/the-art-of-living-by-the-mediterranean-5-reasons-to-live-at-beachfront\\\/#breadcrumb\"},\"inLanguage\":\"tr\",\"potentialAction\":[{\"@type\":\"ReadAction\",\"target\":[\"https:\\\/\\\/mediterra.group\\\/the-art-of-living-by-the-mediterranean-5-reasons-to-live-at-beachfront\\\/\"]}]},{\"@type\":\"ImageObject\",\"inLanguage\":\"tr\",\"@id\":\"https:\\\/\\\/mediterra.group\\\/the-art-of-living-by-the-mediterranean-5-reasons-to-live-at-beachfront\\\/#primaryimage\",\"url\":\"https:\\\/\\\/mediterra.group\\\/wp-content\\\/uploads\\\/2025\\\/07\\\/the-art-of-living-kapak-result17442755956831PWAYP.webp\",\"contentUrl\":\"https:\\\/\\\/mediterra.group\\\/wp-content\\\/uploads\\\/2025\\\/07\\\/the-art-of-living-kapak-result17442755956831PWAYP.webp\",\"width\":1408,\"height\":768},{\"@type\":\"BreadcrumbList\",\"@id\":\"https:\\\/\\\/mediterra.group\\\/the-art-of-living-by-the-mediterranean-5-reasons-to-live-at-beachfront\\\/#breadcrumb\",\"itemListElement\":[{\"@type\":\"ListItem\",\"position\":1,\"name\":\"Home\",\"item\":\"https:\\\/\\\/mediterra.group\\\/tr\\\/\"},{\"@type\":\"ListItem\",\"position\":2,\"name\":\"Akdeniz K\u0131y\u0131s\u0131nda Ya\u015fama Sanat\u0131 Sahil Kenar\u0131nda Ya\u015famak \u0130\u00e7in 5 Neden\"}]},{\"@type\":\"WebSite\",\"@id\":\"https:\\\/\\\/mediterra.group\\\/ar\\\/#website\",\"url\":\"https:\\\/\\\/mediterra.group\\\/ar\\\/\",\"name\":\"Mediterra Group\",\"description\":\"\",\"potentialAction\":[{\"@type\":\"SearchAction\",\"target\":{\"@type\":\"EntryPoint\",\"urlTemplate\":\"https:\\\/\\\/mediterra.group\\\/ar\\\/?s={search_term_string}\"},\"query-input\":{\"@type\":\"PropertyValueSpecification\",\"valueRequired\":true,\"valueName\":\"search_term_string\"}}],\"inLanguage\":\"tr\"},{\"@type\":\"Person\",\"@id\":\"https:\\\/\\\/mediterra.group\\\/ar\\\/#\\\/schema\\\/person\\\/7db86f2bc7783cf0f27705320203bffb\",\"name\":\"prfj\",\"image\":{\"@type\":\"ImageObject\",\"inLanguage\":\"tr\",\"@id\":\"https:\\\/\\\/secure.gravatar.com\\\/avatar\\\/efc76156b22a6391dfe826fa01e611bcd5dacefe7489936136b7f4d5eb1c0fb4?s=96&d=mm&r=g\",\"url\":\"https:\\\/\\\/secure.gravatar.com\\\/avatar\\\/efc76156b22a6391dfe826fa01e611bcd5dacefe7489936136b7f4d5eb1c0fb4?s=96&d=mm&r=g\",\"contentUrl\":\"https:\\\/\\\/secure.gravatar.com\\\/avatar\\\/efc76156b22a6391dfe826fa01e611bcd5dacefe7489936136b7f4d5eb1c0fb4?s=96&d=mm&r=g\",\"caption\":\"prfj\"},\"sameAs\":[\"https:\\\/\\\/mediterra.group\"],\"url\":\"https:\\\/\\\/mediterra.group\\\/tr\\\/author\\\/prfj\\\/\"}]}<\/script>\n<!-- \/ Yoast SEO plugin. -->","yoast_head_json":{"title":"Akdeniz K\u0131y\u0131s\u0131nda Ya\u015fama Sanat\u0131 Sahil Kenar\u0131nda Ya\u015famak \u0130\u00e7in 5 Neden - Mediterra Group","robots":{"index":"index","follow":"follow","max-snippet":"max-snippet:-1","max-image-preview":"max-image-preview:large","max-video-preview":"max-video-preview:-1"},"canonical":"https:\/\/mediterra.group\/the-art-of-living-by-the-mediterranean-5-reasons-to-live-at-beachfront\/","og_locale":"tr_TR","og_type":"article","og_title":"Akdeniz K\u0131y\u0131s\u0131nda Ya\u015fama Sanat\u0131 Sahil Kenar\u0131nda Ya\u015famak \u0130\u00e7in 5 Neden - Mediterra Group","og_description":"Akdeniz uzun zamand\u0131r zarafet, dinginlik ve zamans\u0131z g\u00fczellik ile e\u015fanlaml\u0131d\u0131r. Bir evden daha fazlas\u0131n\u0131 arayanlar i\u00e7in deniz kenar\u0131nda ya\u015famak, \u00e7evreyle ilgili oldu\u011fu kadar besledi\u011fi deneyimlerle de ilgili olan benzersiz bir ya\u015fam tarz\u0131 sunar. \u0130\u015fte deniz k\u0131y\u0131s\u0131nda bir konutun sadece ya\u015fanacak bir yer de\u011fil, bir ya\u015fam bi\u00e7imi olmas\u0131n\u0131n be\u015f nedeni. Huzura a\u00e7\u0131lan bir kap\u0131: Dalgalar\u0131n sesi, [&hellip;]","og_url":"https:\/\/mediterra.group\/the-art-of-living-by-the-mediterranean-5-reasons-to-live-at-beachfront\/","og_site_name":"Mediterra Group","article_published_time":"2025-07-10T13:49:51+00:00","og_image":[{"width":1408,"height":768,"url":"https:\/\/mediterra.group\/wp-content\/uploads\/2025\/07\/the-art-of-living-kapak-result17442755956831PWAYP.webp","type":"image\/webp"}],"author":"prfj","twitter_card":"summary_large_image","twitter_misc":{"Yazan:":"prfj","Tahmini okuma s\u00fcresi":"3 dakika"},"schema":{"@context":"https:\/\/schema.org","@graph":[{"@type":"Article","@id":"https:\/\/mediterra.group\/the-art-of-living-by-the-mediterranean-5-reasons-to-live-at-beachfront\/#article","isPartOf":{"@id":"https:\/\/mediterra.group\/the-art-of-living-by-the-mediterranean-5-reasons-to-live-at-beachfront\/"},"author":{"name":"prfj","@id":"https:\/\/mediterra.group\/ar\/#\/schema\/person\/7db86f2bc7783cf0f27705320203bffb"},"headline":"Akdeniz K\u0131y\u0131s\u0131nda Ya\u015fama Sanat\u0131 Sahil Kenar\u0131nda Ya\u015famak \u0130\u00e7in 5 Neden","datePublished":"2025-07-10T13:49:51+00:00","mainEntityOfPage":{"@id":"https:\/\/mediterra.group\/the-art-of-living-by-the-mediterranean-5-reasons-to-live-at-beachfront\/"},"wordCount":556,"commentCount":0,"image":{"@id":"https:\/\/mediterra.group\/the-art-of-living-by-the-mediterranean-5-reasons-to-live-at-beachfront\/#primaryimage"},"thumbnailUrl":"https:\/\/mediterra.group\/wp-content\/uploads\/2025\/07\/the-art-of-living-kapak-result17442755956831PWAYP.webp","articleSection":["GAYR\u0130MENKUL","YA\u015eAM TARZI"],"inLanguage":"tr","potentialAction":[{"@type":"CommentAction","name":"Comment","target":["https:\/\/mediterra.group\/the-art-of-living-by-the-mediterranean-5-reasons-to-live-at-beachfront\/#respond"]}]},{"@type":"WebPage","@id":"https:\/\/mediterra.group\/the-art-of-living-by-the-mediterranean-5-reasons-to-live-at-beachfront\/","url":"https:\/\/mediterra.group\/the-art-of-living-by-the-mediterranean-5-reasons-to-live-at-beachfront\/","name":"Akdeniz K\u0131y\u0131s\u0131nda Ya\u015fama Sanat\u0131 Sahil Kenar\u0131nda Ya\u015famak \u0130\u00e7in 5 Neden - Mediterra Group","isPartOf":{"@id":"https:\/\/mediterra.group\/ar\/#website"},"primaryImageOfPage":{"@id":"https:\/\/mediterra.group\/the-art-of-living-by-the-mediterranean-5-reasons-to-live-at-beachfront\/#primaryimage"},"image":{"@id":"https:\/\/mediterra.group\/the-art-of-living-by-the-mediterranean-5-reasons-to-live-at-beachfront\/#primaryimage"},"thumbnailUrl":"https:\/\/mediterra.group\/wp-content\/uploads\/2025\/07\/the-art-of-living-kapak-result17442755956831PWAYP.webp","datePublished":"2025-07-10T13:49:51+00:00","author":{"@id":"https:\/\/mediterra.group\/ar\/#\/schema\/person\/7db86f2bc7783cf0f27705320203bffb"},"breadcrumb":{"@id":"https:\/\/mediterra.group\/the-art-of-living-by-the-mediterranean-5-reasons-to-live-at-beachfront\/#breadcrumb"},"inLanguage":"tr","potentialAction":[{"@type":"ReadAction","target":["https:\/\/mediterra.group\/the-art-of-living-by-the-mediterranean-5-reasons-to-live-at-beachfront\/"]}]},{"@type":"ImageObject","inLanguage":"tr","@id":"https:\/\/mediterra.group\/the-art-of-living-by-the-mediterranean-5-reasons-to-live-at-beachfront\/#primaryimage","url":"https:\/\/mediterra.group\/wp-content\/uploads\/2025\/07\/the-art-of-living-kapak-result17442755956831PWAYP.webp","contentUrl":"https:\/\/mediterra.group\/wp-content\/uploads\/2025\/07\/the-art-of-living-kapak-result17442755956831PWAYP.webp","width":1408,"height":768},{"@type":"BreadcrumbList","@id":"https:\/\/mediterra.group\/the-art-of-living-by-the-mediterranean-5-reasons-to-live-at-beachfront\/#breadcrumb","itemListElement":[{"@type":"ListItem","position":1,"name":"Home","item":"https:\/\/mediterra.group\/tr\/"},{"@type":"ListItem","position":2,"name":"Akdeniz K\u0131y\u0131s\u0131nda Ya\u015fama Sanat\u0131 Sahil Kenar\u0131nda Ya\u015famak \u0130\u00e7in 5 Neden"}]},{"@type":"WebSite","@id":"https:\/\/mediterra.group\/ar\/#website","url":"https:\/\/mediterra.group\/ar\/","name":"Mediterra Group","description":"","potentialAction":[{"@type":"SearchAction","target":{"@type":"EntryPoint","urlTemplate":"https:\/\/mediterra.group\/ar\/?s={search_term_string}"},"query-input":{"@type":"PropertyValueSpecification","valueRequired":true,"valueName":"search_term_string"}}],"inLanguage":"tr"},{"@type":"Person","@id":"https:\/\/mediterra.group\/ar\/#\/schema\/person\/7db86f2bc7783cf0f27705320203bffb","name":"prfj","image":{"@type":"ImageObject","inLanguage":"tr","@id":"https:\/\/secure.gravatar.com\/avatar\/efc76156b22a6391dfe826fa01e611bcd5dacefe7489936136b7f4d5eb1c0fb4?s=96&d=mm&r=g","url":"https:\/\/secure.gravatar.com\/avatar\/efc76156b22a6391dfe826fa01e611bcd5dacefe7489936136b7f4d5eb1c0fb4?s=96&d=mm&r=g","contentUrl":"https:\/\/secure.gravatar.com\/avatar\/efc76156b22a6391dfe826fa01e611bcd5dacefe7489936136b7f4d5eb1c0fb4?s=96&d=mm&r=g","caption":"prfj"},"sameAs":["https:\/\/mediterra.group"],"url":"https:\/\/mediterra.group\/tr\/author\/prfj\/"}]}},"_links":{"self":[{"href":"https:\/\/mediterra.group\/tr\/wp-json\/wp\/v2\/posts\/33074","targetHints":{"allow":["GET"]}}],"collection":[{"href":"https:\/\/mediterra.group\/tr\/wp-json\/wp\/v2\/posts"}],"about":[{"href":"https:\/\/mediterra.group\/tr\/wp-json\/wp\/v2\/types\/post"}],"author":[{"embeddable":true,"href":"https:\/\/mediterra.group\/tr\/wp-json\/wp\/v2\/users\/1"}],"replies":[{"embeddable":true,"href":"https:\/\/mediterra.group\/tr\/wp-json\/wp\/v2\/comments?post=33074"}],"version-history":[{"count":0,"href":"https:\/\/mediterra.group\/tr\/wp-json\/wp\/v2\/posts\/33074\/revisions"}],"wp:featuredmedia":[{"embeddable":true,"href":"https:\/\/mediterra.group\/tr\/wp-json\/wp\/v2\/media\/31172"}],"wp:attachment":[{"href":"https:\/\/mediterra.group\/tr\/wp-json\/wp\/v2\/media?parent=33074"}],"wp:term":[{"taxonomy":"category","embeddable":true,"href":"https:\/\/mediterra.group\/tr\/wp-json\/wp\/v2\/categories?post=33074"},{"taxonomy":"post_tag","embeddable":true,"href":"https:\/\/mediterra.group\/tr\/wp-json\/wp\/v2\/tags?post=33074"}],"curies":[{"name":"wp","href":"https:\/\/api.w.org\/{rel}","templated":true}]}}