{"id":33065,"date":"2025-07-10T13:46:50","date_gmt":"2025-07-10T13:46:50","guid":{"rendered":"https:\/\/mediterra.group\/kuzey-kibrista-akdenizin-butunsel-yasam-tarzina-ulasin\/"},"modified":"2025-07-10T13:46:50","modified_gmt":"2025-07-10T13:46:50","slug":"kuzey-kibrista-akdenizin-butunsel-yasam-tarzina-ulasin","status":"publish","type":"post","link":"https:\/\/mediterra.group\/tr\/kuzey-kibrista-akdenizin-butunsel-yasam-tarzina-ulasin\/","title":{"rendered":"Kuzey K\u0131br\u0131s&#8217;ta Akdeniz&#8217;in B\u00fct\u00fcnsel Ya\u015fam Tarz\u0131na Ula\u015f\u0131n"},"content":{"rendered":"<p><img decoding=\"async\" class=\"w-100 mb-3\" src=\"https:\/\/www.mediterrapm.com\/public\/media\/uploads\/editor\/blog\/blog\/Achieve-the-Holistic-Lifestyle\/pm_ic_gorsel_result.webp\" alt=\"\"><\/p>\n<p>Akdeniz uzun zamand\u0131r zaman\u0131n yava\u015flad\u0131\u011f\u0131, do\u011fan\u0131n mimariyle kucakla\u015ft\u0131\u011f\u0131 ve her an\u0131n g\u00fczellik ve uyum i\u00e7in derin bir takdirle a\u015f\u0131land\u0131\u011f\u0131 iyi ya\u015fanm\u0131\u015f bir hayatla e\u015fanlaml\u0131 olmu\u015ftur. Bu g\u00fcne\u015fli b\u00f6lgenin gizli bir m\u00fccevheri olan Kuzey K\u0131br\u0131s, sa\u011fl\u0131k, k\u00fclt\u00fcr ve rafine e\u011flenceyi ba\u015fka pek az yerin yapabilece\u011fi \u015fekilde harmanlayan <a href=\"https:\/\/www.mediterrapm.com\/blog\/a-guide-to-living-the-mediterranean-lifestyle\">b\u00fct\u00fcnsel Akdeniz ya\u015fam tarz\u0131n\u0131<\/a> kucaklamak i\u00e7in e\u015fsiz bir f\u0131rsat sunuyor. <\/p>\n<p><strong>Do\u011fa ile Uyum \u0130\u00e7inde Bir Ya\u015fam:<\/strong><\/p>\n<p>Akdeniz ya\u015fam\u0131n\u0131n kalbinde do\u011fa ile kesintisiz bir ba\u011f vard\u0131r. Kuzey K\u0131br\u0131s, sadece nefes kesici manzaralar de\u011fil, ayn\u0131 zamanda saf bir huzur ortam\u0131 sa\u011flayan el de\u011fmemi\u015f plajlar, ini\u015fli \u00e7\u0131k\u0131\u015fl\u0131 zeytinlikler ve engebeli da\u011flarla kutsanm\u0131\u015ft\u0131r. Burada evler \u00e7evreleriyle uyum i\u00e7inde var olacak \u015fekilde tasarlanm\u0131\u015ft\u0131r &#8211; deniz esintisini kar\u015f\u0131layan geni\u015f terasl\u0131 beyaz badanal\u0131 villalar, mis kokulu narenciye a\u011fa\u00e7lar\u0131yla bezenmi\u015f avlular ve ufka kar\u0131\u015fan sonsuzluk havuzlar\u0131.  <\/p>\n<p>Esteti\u011fin \u00f6tesinde do\u011fa, g\u00fcnl\u00fck ya\u015famda i\u015flevsel bir rol oynamaktad\u0131r. Yerel olarak tedarik edilen organik \u00fcr\u00fcnler, enfes bir mutfak gelene\u011finin temelini olu\u015fturmaktad\u0131r. Taze s\u0131k\u0131lm\u0131\u015f zeytinya\u011f\u0131ndan g\u00fcne\u015fte olgunla\u015fm\u0131\u015f incir ve narlara kadar adan\u0131n c\u00f6mertli\u011fi, her \u00f6\u011f\u00fcn\u00fcn sa\u011fl\u0131k ve canl\u0131l\u0131\u011f\u0131n bir kutlamas\u0131 olmas\u0131n\u0131 sa\u011flar.  <\/p>\n<p><strong>Bir Esenlik ve Denge K\u00fclt\u00fcr\u00fc:<\/strong><\/p>\n<p>Akdeniz&#8217;in iyi ya\u015fam felsefesi, fiziksel d\u00fcnyan\u0131n \u00f6tesine ge\u00e7erek daha derin, daha ruhani bir alana uzan\u0131r. Kuzey K\u0131br\u0131s&#8217;ta sa\u011fl\u0131kl\u0131 ya\u015fam bir l\u00fcks de\u011fil, bir ya\u015fam bi\u00e7imidir. Geleneksel hamamlar eski bir ar\u0131nma rit\u00fceli sunarken, yoga ve meditasyon inzivalar\u0131 Karpaz Yar\u0131madas\u0131&#8217;n\u0131n dingin manzaralar\u0131nda yer almaktad\u0131r. Adan\u0131n yava\u015f tempolu ya\u015fam tarz\u0131, fark\u0131ndal\u0131\u011f\u0131 te\u015fvik ederek ki\u015finin modern varolu\u015fun tela\u015f\u0131ndan uzakla\u015fmas\u0131na ve sadelik i\u00e7inde dengeyi bulmas\u0131na olanak tan\u0131r.   <\/p>\n<p>Dahas\u0131, sosyal etkile\u015fimler g\u00fcnl\u00fck ya\u015fam\u0131n dokusuna i\u015flenmi\u015ftir. \u0130ster g\u00fcne\u015fin ayd\u0131nlatt\u0131\u011f\u0131 bir avluda ister g\u00fcn bat\u0131m\u0131nda deniz kenar\u0131nda olsun, Akdeniz&#8217;in bir araya gelme bi\u00e7imi anlaml\u0131 sohbetlere, enfes yemeklere ve \u015fimdiki an\u0131n ortak takdirine \u00f6ncelik verir. <\/p>\n<p><strong>Mimari Zarafet ve Rafine Konfor:<\/strong><\/p>\n<p>B\u00fct\u00fcnsel bir ya\u015fam tarz\u0131, ki\u015finin ya\u015fam alan\u0131na da yans\u0131r. Kuzey K\u0131br\u0131s&#8217;\u0131n mimari miras\u0131, Osmanl\u0131 avlular\u0131, Venedik ta\u015f i\u015f\u00e7ili\u011fi ve \u00e7a\u011fda\u015f minimalizmi harmanlayan y\u00fczy\u0131llar\u0131n Akdeniz etkisinden kaynaklanmaktad\u0131r. B\u00fcy\u00fck kemerler, elle boyanm\u0131\u015f \u00e7iniler ve g\u00f6lgeli pergolalar sadece tasar\u0131m unsurlar\u0131 de\u011fildir; konfor ve sofistikeli\u011fi te\u015fvik eden zamans\u0131z bir esteti\u011fi temsil ederler.  <\/p>\n<p>\u0130ster \u00f6zel bir sahil m\u00fclk\u00fcnde ister titizlikle restore edilmi\u015f tarihi bir evde ikamet ediyor olun, i\u00e7 mekanlar do\u011fal malzemelerin, \u00f6zenle se\u00e7ilmi\u015f mobilyalar\u0131n ve sanatsal detaylar\u0131n zahmetsiz bir zarafet ortam\u0131 yaratt\u0131\u011f\u0131 Akdeniz zarafetinin ethosunu yans\u0131tmaktad\u0131r.<\/p>\n<p><strong>Nihai Akdeniz Deneyimi:<\/strong><\/p>\n<p>Akdeniz&#8217;in b\u00fct\u00fcnsel ya\u015fam tarz\u0131na ula\u015fmak, bir denge, g\u00fczellik ve esenlik felsefesini benimsemektir. Bozulmam\u0131\u015f manzaralar\u0131, zengin k\u00fclt\u00fcrel miras\u0131 ve rafine ya\u015fam tarz\u0131yla Kuzey K\u0131br\u0131s, bu y\u00fcksek varolu\u015f i\u00e7in m\u00fckemmel bir ortam sunmaktad\u0131r. Burada l\u00fcks a\u015f\u0131r\u0131l\u0131kla de\u011fil, deneyim zenginli\u011fiyle ilgilidir &#8211; dalgalar\u0131n sesiyle uyanmak, en iyi yerel lezzetleri tatmak ve derin bir ama\u00e7 ve huzur duygusuyla hayat\u0131n i\u00e7inde ilerlemekle ilgilidir.  <\/p>\n<p>Akdeniz&#8217;de sofistike ve zarif bir ya\u015fam tarz\u0131yla tan\u0131\u015fmaya haz\u0131r m\u0131s\u0131n\u0131z? Mediterra Group, Kuzey K\u0131br\u0131s&#8217;ta l\u00fcks ya\u015fam yolculu\u011funuzda nihai orta\u011f\u0131n\u0131zd\u0131r. Bizi +90 533 832 02 22 numaral\u0131 telefondan aray\u0131n veya info@mediterra.group adresine mail at\u0131n ve K\u0131br\u0131s, adadaki ya\u015fam ve bilmeniz gereken t\u00fcm detaylar hakk\u0131nda size rehberlik etmemize izin verin.  <\/p>\n","protected":false},"excerpt":{"rendered":"<p>Akdeniz uzun zamand\u0131r zaman\u0131n yava\u015flad\u0131\u011f\u0131, do\u011fan\u0131n mimariyle kucakla\u015ft\u0131\u011f\u0131 ve her an\u0131n g\u00fczellik ve uyum i\u00e7in derin bir takdirle a\u015f\u0131land\u0131\u011f\u0131 iyi ya\u015fanm\u0131\u015f bir hayatla e\u015fanlaml\u0131 olmu\u015ftur. Bu g\u00fcne\u015fli b\u00f6lgenin gizli bir m\u00fccevheri olan Kuzey K\u0131br\u0131s, sa\u011fl\u0131k, k\u00fclt\u00fcr ve rafine e\u011flenceyi ba\u015fka pek az yerin yapabilece\u011fi \u015fekilde harmanlayan b\u00fct\u00fcnsel Akdeniz ya\u015fam tarz\u0131n\u0131 kucaklamak i\u00e7in e\u015fsiz bir f\u0131rsat [&hellip;]<\/p>\n","protected":false},"author":1,"featured_media":31162,"comment_status":"open","ping_status":"open","sticky":false,"template":"","format":"standard","meta":{"_acf_changed":false,"footnotes":""},"categories":[245],"tags":[],"class_list":["post-33065","post","type-post","status-publish","format-standard","has-post-thumbnail","hentry","category-yasam-tarzi"],"acf":[],"yoast_head":"<!-- This site is optimized with the Yoast SEO plugin v27.5 - https:\/\/yoast.com\/product\/yoast-seo-wordpress\/ -->\n<title>Kuzey K\u0131br\u0131s&#039;ta Akdeniz&#039;in B\u00fct\u00fcnsel Ya\u015fam Tarz\u0131na Ula\u015f\u0131n - Mediterra Group<\/title>\n<meta name=\"robots\" content=\"index, follow, max-snippet:-1, max-image-preview:large, max-video-preview:-1\" \/>\n<link rel=\"canonical\" href=\"https:\/\/mediterra.group\/tr\/kuzey-kibrista-akdenizin-butunsel-yasam-tarzina-ulasin\/\" \/>\n<meta property=\"og:locale\" content=\"tr_TR\" \/>\n<meta property=\"og:type\" content=\"article\" \/>\n<meta property=\"og:title\" content=\"Kuzey K\u0131br\u0131s&#039;ta Akdeniz&#039;in B\u00fct\u00fcnsel Ya\u015fam Tarz\u0131na Ula\u015f\u0131n - Mediterra Group\" \/>\n<meta property=\"og:description\" content=\"Akdeniz uzun zamand\u0131r zaman\u0131n yava\u015flad\u0131\u011f\u0131, do\u011fan\u0131n mimariyle kucakla\u015ft\u0131\u011f\u0131 ve her an\u0131n g\u00fczellik ve uyum i\u00e7in derin bir takdirle a\u015f\u0131land\u0131\u011f\u0131 iyi ya\u015fanm\u0131\u015f bir hayatla e\u015fanlaml\u0131 olmu\u015ftur. Bu g\u00fcne\u015fli b\u00f6lgenin gizli bir m\u00fccevheri olan Kuzey K\u0131br\u0131s, sa\u011fl\u0131k, k\u00fclt\u00fcr ve rafine e\u011flenceyi ba\u015fka pek az yerin yapabilece\u011fi \u015fekilde harmanlayan b\u00fct\u00fcnsel Akdeniz ya\u015fam tarz\u0131n\u0131 kucaklamak i\u00e7in e\u015fsiz bir f\u0131rsat [&hellip;]\" \/>\n<meta property=\"og:url\" content=\"https:\/\/mediterra.group\/tr\/kuzey-kibrista-akdenizin-butunsel-yasam-tarzina-ulasin\/\" \/>\n<meta property=\"og:site_name\" content=\"Mediterra Group\" \/>\n<meta property=\"article:published_time\" content=\"2025-07-10T13:46:50+00:00\" \/>\n<meta property=\"og:image\" content=\"https:\/\/mediterra.group\/wp-content\/uploads\/2025\/07\/pm-kapak-goorsel-result174427757158466tQsC.webp\" \/>\n\t<meta property=\"og:image:width\" content=\"626\" \/>\n\t<meta property=\"og:image:height\" content=\"479\" \/>\n\t<meta property=\"og:image:type\" content=\"image\/webp\" \/>\n<meta name=\"author\" content=\"prfj\" \/>\n<meta name=\"twitter:card\" content=\"summary_large_image\" \/>\n<meta name=\"twitter:label1\" content=\"Yazan:\" \/>\n\t<meta name=\"twitter:data1\" content=\"prfj\" \/>\n\t<meta name=\"twitter:label2\" content=\"Tahmini okuma s\u00fcresi\" \/>\n\t<meta name=\"twitter:data2\" content=\"3 dakika\" \/>\n<script type=\"application\/ld+json\" class=\"yoast-schema-graph\">{\"@context\":\"https:\\\/\\\/schema.org\",\"@graph\":[{\"@type\":\"Article\",\"@id\":\"https:\\\/\\\/mediterra.group\\\/tr\\\/kuzey-kibrista-akdenizin-butunsel-yasam-tarzina-ulasin\\\/#article\",\"isPartOf\":{\"@id\":\"https:\\\/\\\/mediterra.group\\\/tr\\\/kuzey-kibrista-akdenizin-butunsel-yasam-tarzina-ulasin\\\/\"},\"author\":{\"name\":\"prfj\",\"@id\":\"https:\\\/\\\/mediterra.group\\\/ar\\\/#\\\/schema\\\/person\\\/7db86f2bc7783cf0f27705320203bffb\"},\"headline\":\"Kuzey K\u0131br\u0131s&#8217;ta Akdeniz&#8217;in B\u00fct\u00fcnsel Ya\u015fam Tarz\u0131na Ula\u015f\u0131n\",\"datePublished\":\"2025-07-10T13:46:50+00:00\",\"mainEntityOfPage\":{\"@id\":\"https:\\\/\\\/mediterra.group\\\/tr\\\/kuzey-kibrista-akdenizin-butunsel-yasam-tarzina-ulasin\\\/\"},\"wordCount\":698,\"commentCount\":0,\"image\":{\"@id\":\"https:\\\/\\\/mediterra.group\\\/tr\\\/kuzey-kibrista-akdenizin-butunsel-yasam-tarzina-ulasin\\\/#primaryimage\"},\"thumbnailUrl\":\"https:\\\/\\\/mediterra.group\\\/wp-content\\\/uploads\\\/2025\\\/07\\\/pm-kapak-goorsel-result174427757158466tQsC.webp\",\"articleSection\":[\"YA\u015eAM TARZI\"],\"inLanguage\":\"tr\",\"potentialAction\":[{\"@type\":\"CommentAction\",\"name\":\"Comment\",\"target\":[\"https:\\\/\\\/mediterra.group\\\/tr\\\/kuzey-kibrista-akdenizin-butunsel-yasam-tarzina-ulasin\\\/#respond\"]}]},{\"@type\":\"WebPage\",\"@id\":\"https:\\\/\\\/mediterra.group\\\/tr\\\/kuzey-kibrista-akdenizin-butunsel-yasam-tarzina-ulasin\\\/\",\"url\":\"https:\\\/\\\/mediterra.group\\\/tr\\\/kuzey-kibrista-akdenizin-butunsel-yasam-tarzina-ulasin\\\/\",\"name\":\"Kuzey K\u0131br\u0131s'ta Akdeniz'in B\u00fct\u00fcnsel Ya\u015fam Tarz\u0131na Ula\u015f\u0131n - Mediterra Group\",\"isPartOf\":{\"@id\":\"https:\\\/\\\/mediterra.group\\\/ar\\\/#website\"},\"primaryImageOfPage\":{\"@id\":\"https:\\\/\\\/mediterra.group\\\/tr\\\/kuzey-kibrista-akdenizin-butunsel-yasam-tarzina-ulasin\\\/#primaryimage\"},\"image\":{\"@id\":\"https:\\\/\\\/mediterra.group\\\/tr\\\/kuzey-kibrista-akdenizin-butunsel-yasam-tarzina-ulasin\\\/#primaryimage\"},\"thumbnailUrl\":\"https:\\\/\\\/mediterra.group\\\/wp-content\\\/uploads\\\/2025\\\/07\\\/pm-kapak-goorsel-result174427757158466tQsC.webp\",\"datePublished\":\"2025-07-10T13:46:50+00:00\",\"author\":{\"@id\":\"https:\\\/\\\/mediterra.group\\\/ar\\\/#\\\/schema\\\/person\\\/7db86f2bc7783cf0f27705320203bffb\"},\"breadcrumb\":{\"@id\":\"https:\\\/\\\/mediterra.group\\\/tr\\\/kuzey-kibrista-akdenizin-butunsel-yasam-tarzina-ulasin\\\/#breadcrumb\"},\"inLanguage\":\"tr\",\"potentialAction\":[{\"@type\":\"ReadAction\",\"target\":[\"https:\\\/\\\/mediterra.group\\\/tr\\\/kuzey-kibrista-akdenizin-butunsel-yasam-tarzina-ulasin\\\/\"]}]},{\"@type\":\"ImageObject\",\"inLanguage\":\"tr\",\"@id\":\"https:\\\/\\\/mediterra.group\\\/tr\\\/kuzey-kibrista-akdenizin-butunsel-yasam-tarzina-ulasin\\\/#primaryimage\",\"url\":\"https:\\\/\\\/mediterra.group\\\/wp-content\\\/uploads\\\/2025\\\/07\\\/pm-kapak-goorsel-result174427757158466tQsC.webp\",\"contentUrl\":\"https:\\\/\\\/mediterra.group\\\/wp-content\\\/uploads\\\/2025\\\/07\\\/pm-kapak-goorsel-result174427757158466tQsC.webp\",\"width\":626,\"height\":479},{\"@type\":\"BreadcrumbList\",\"@id\":\"https:\\\/\\\/mediterra.group\\\/tr\\\/kuzey-kibrista-akdenizin-butunsel-yasam-tarzina-ulasin\\\/#breadcrumb\",\"itemListElement\":[{\"@type\":\"ListItem\",\"position\":1,\"name\":\"Home\",\"item\":\"https:\\\/\\\/mediterra.group\\\/tr\\\/\"},{\"@type\":\"ListItem\",\"position\":2,\"name\":\"Kuzey K\u0131br\u0131s&#8217;ta Akdeniz&#8217;in B\u00fct\u00fcnsel Ya\u015fam Tarz\u0131na Ula\u015f\u0131n\"}]},{\"@type\":\"WebSite\",\"@id\":\"https:\\\/\\\/mediterra.group\\\/ar\\\/#website\",\"url\":\"https:\\\/\\\/mediterra.group\\\/ar\\\/\",\"name\":\"Mediterra Group\",\"description\":\"\",\"potentialAction\":[{\"@type\":\"SearchAction\",\"target\":{\"@type\":\"EntryPoint\",\"urlTemplate\":\"https:\\\/\\\/mediterra.group\\\/ar\\\/?s={search_term_string}\"},\"query-input\":{\"@type\":\"PropertyValueSpecification\",\"valueRequired\":true,\"valueName\":\"search_term_string\"}}],\"inLanguage\":\"tr\"},{\"@type\":\"Person\",\"@id\":\"https:\\\/\\\/mediterra.group\\\/ar\\\/#\\\/schema\\\/person\\\/7db86f2bc7783cf0f27705320203bffb\",\"name\":\"prfj\",\"image\":{\"@type\":\"ImageObject\",\"inLanguage\":\"tr\",\"@id\":\"https:\\\/\\\/secure.gravatar.com\\\/avatar\\\/efc76156b22a6391dfe826fa01e611bcd5dacefe7489936136b7f4d5eb1c0fb4?s=96&d=mm&r=g\",\"url\":\"https:\\\/\\\/secure.gravatar.com\\\/avatar\\\/efc76156b22a6391dfe826fa01e611bcd5dacefe7489936136b7f4d5eb1c0fb4?s=96&d=mm&r=g\",\"contentUrl\":\"https:\\\/\\\/secure.gravatar.com\\\/avatar\\\/efc76156b22a6391dfe826fa01e611bcd5dacefe7489936136b7f4d5eb1c0fb4?s=96&d=mm&r=g\",\"caption\":\"prfj\"},\"sameAs\":[\"https:\\\/\\\/mediterra.group\"],\"url\":\"https:\\\/\\\/mediterra.group\\\/tr\\\/author\\\/prfj\\\/\"}]}<\/script>\n<!-- \/ Yoast SEO plugin. -->","yoast_head_json":{"title":"Kuzey K\u0131br\u0131s'ta Akdeniz'in B\u00fct\u00fcnsel Ya\u015fam Tarz\u0131na Ula\u015f\u0131n - Mediterra Group","robots":{"index":"index","follow":"follow","max-snippet":"max-snippet:-1","max-image-preview":"max-image-preview:large","max-video-preview":"max-video-preview:-1"},"canonical":"https:\/\/mediterra.group\/tr\/kuzey-kibrista-akdenizin-butunsel-yasam-tarzina-ulasin\/","og_locale":"tr_TR","og_type":"article","og_title":"Kuzey K\u0131br\u0131s'ta Akdeniz'in B\u00fct\u00fcnsel Ya\u015fam Tarz\u0131na Ula\u015f\u0131n - Mediterra Group","og_description":"Akdeniz uzun zamand\u0131r zaman\u0131n yava\u015flad\u0131\u011f\u0131, do\u011fan\u0131n mimariyle kucakla\u015ft\u0131\u011f\u0131 ve her an\u0131n g\u00fczellik ve uyum i\u00e7in derin bir takdirle a\u015f\u0131land\u0131\u011f\u0131 iyi ya\u015fanm\u0131\u015f bir hayatla e\u015fanlaml\u0131 olmu\u015ftur. Bu g\u00fcne\u015fli b\u00f6lgenin gizli bir m\u00fccevheri olan Kuzey K\u0131br\u0131s, sa\u011fl\u0131k, k\u00fclt\u00fcr ve rafine e\u011flenceyi ba\u015fka pek az yerin yapabilece\u011fi \u015fekilde harmanlayan b\u00fct\u00fcnsel Akdeniz ya\u015fam tarz\u0131n\u0131 kucaklamak i\u00e7in e\u015fsiz bir f\u0131rsat [&hellip;]","og_url":"https:\/\/mediterra.group\/tr\/kuzey-kibrista-akdenizin-butunsel-yasam-tarzina-ulasin\/","og_site_name":"Mediterra Group","article_published_time":"2025-07-10T13:46:50+00:00","og_image":[{"width":626,"height":479,"url":"https:\/\/mediterra.group\/wp-content\/uploads\/2025\/07\/pm-kapak-goorsel-result174427757158466tQsC.webp","type":"image\/webp"}],"author":"prfj","twitter_card":"summary_large_image","twitter_misc":{"Yazan:":"prfj","Tahmini okuma s\u00fcresi":"3 dakika"},"schema":{"@context":"https:\/\/schema.org","@graph":[{"@type":"Article","@id":"https:\/\/mediterra.group\/tr\/kuzey-kibrista-akdenizin-butunsel-yasam-tarzina-ulasin\/#article","isPartOf":{"@id":"https:\/\/mediterra.group\/tr\/kuzey-kibrista-akdenizin-butunsel-yasam-tarzina-ulasin\/"},"author":{"name":"prfj","@id":"https:\/\/mediterra.group\/ar\/#\/schema\/person\/7db86f2bc7783cf0f27705320203bffb"},"headline":"Kuzey K\u0131br\u0131s&#8217;ta Akdeniz&#8217;in B\u00fct\u00fcnsel Ya\u015fam Tarz\u0131na Ula\u015f\u0131n","datePublished":"2025-07-10T13:46:50+00:00","mainEntityOfPage":{"@id":"https:\/\/mediterra.group\/tr\/kuzey-kibrista-akdenizin-butunsel-yasam-tarzina-ulasin\/"},"wordCount":698,"commentCount":0,"image":{"@id":"https:\/\/mediterra.group\/tr\/kuzey-kibrista-akdenizin-butunsel-yasam-tarzina-ulasin\/#primaryimage"},"thumbnailUrl":"https:\/\/mediterra.group\/wp-content\/uploads\/2025\/07\/pm-kapak-goorsel-result174427757158466tQsC.webp","articleSection":["YA\u015eAM TARZI"],"inLanguage":"tr","potentialAction":[{"@type":"CommentAction","name":"Comment","target":["https:\/\/mediterra.group\/tr\/kuzey-kibrista-akdenizin-butunsel-yasam-tarzina-ulasin\/#respond"]}]},{"@type":"WebPage","@id":"https:\/\/mediterra.group\/tr\/kuzey-kibrista-akdenizin-butunsel-yasam-tarzina-ulasin\/","url":"https:\/\/mediterra.group\/tr\/kuzey-kibrista-akdenizin-butunsel-yasam-tarzina-ulasin\/","name":"Kuzey K\u0131br\u0131s'ta Akdeniz'in B\u00fct\u00fcnsel Ya\u015fam Tarz\u0131na Ula\u015f\u0131n - Mediterra Group","isPartOf":{"@id":"https:\/\/mediterra.group\/ar\/#website"},"primaryImageOfPage":{"@id":"https:\/\/mediterra.group\/tr\/kuzey-kibrista-akdenizin-butunsel-yasam-tarzina-ulasin\/#primaryimage"},"image":{"@id":"https:\/\/mediterra.group\/tr\/kuzey-kibrista-akdenizin-butunsel-yasam-tarzina-ulasin\/#primaryimage"},"thumbnailUrl":"https:\/\/mediterra.group\/wp-content\/uploads\/2025\/07\/pm-kapak-goorsel-result174427757158466tQsC.webp","datePublished":"2025-07-10T13:46:50+00:00","author":{"@id":"https:\/\/mediterra.group\/ar\/#\/schema\/person\/7db86f2bc7783cf0f27705320203bffb"},"breadcrumb":{"@id":"https:\/\/mediterra.group\/tr\/kuzey-kibrista-akdenizin-butunsel-yasam-tarzina-ulasin\/#breadcrumb"},"inLanguage":"tr","potentialAction":[{"@type":"ReadAction","target":["https:\/\/mediterra.group\/tr\/kuzey-kibrista-akdenizin-butunsel-yasam-tarzina-ulasin\/"]}]},{"@type":"ImageObject","inLanguage":"tr","@id":"https:\/\/mediterra.group\/tr\/kuzey-kibrista-akdenizin-butunsel-yasam-tarzina-ulasin\/#primaryimage","url":"https:\/\/mediterra.group\/wp-content\/uploads\/2025\/07\/pm-kapak-goorsel-result174427757158466tQsC.webp","contentUrl":"https:\/\/mediterra.group\/wp-content\/uploads\/2025\/07\/pm-kapak-goorsel-result174427757158466tQsC.webp","width":626,"height":479},{"@type":"BreadcrumbList","@id":"https:\/\/mediterra.group\/tr\/kuzey-kibrista-akdenizin-butunsel-yasam-tarzina-ulasin\/#breadcrumb","itemListElement":[{"@type":"ListItem","position":1,"name":"Home","item":"https:\/\/mediterra.group\/tr\/"},{"@type":"ListItem","position":2,"name":"Kuzey K\u0131br\u0131s&#8217;ta Akdeniz&#8217;in B\u00fct\u00fcnsel Ya\u015fam Tarz\u0131na Ula\u015f\u0131n"}]},{"@type":"WebSite","@id":"https:\/\/mediterra.group\/ar\/#website","url":"https:\/\/mediterra.group\/ar\/","name":"Mediterra Group","description":"","potentialAction":[{"@type":"SearchAction","target":{"@type":"EntryPoint","urlTemplate":"https:\/\/mediterra.group\/ar\/?s={search_term_string}"},"query-input":{"@type":"PropertyValueSpecification","valueRequired":true,"valueName":"search_term_string"}}],"inLanguage":"tr"},{"@type":"Person","@id":"https:\/\/mediterra.group\/ar\/#\/schema\/person\/7db86f2bc7783cf0f27705320203bffb","name":"prfj","image":{"@type":"ImageObject","inLanguage":"tr","@id":"https:\/\/secure.gravatar.com\/avatar\/efc76156b22a6391dfe826fa01e611bcd5dacefe7489936136b7f4d5eb1c0fb4?s=96&d=mm&r=g","url":"https:\/\/secure.gravatar.com\/avatar\/efc76156b22a6391dfe826fa01e611bcd5dacefe7489936136b7f4d5eb1c0fb4?s=96&d=mm&r=g","contentUrl":"https:\/\/secure.gravatar.com\/avatar\/efc76156b22a6391dfe826fa01e611bcd5dacefe7489936136b7f4d5eb1c0fb4?s=96&d=mm&r=g","caption":"prfj"},"sameAs":["https:\/\/mediterra.group"],"url":"https:\/\/mediterra.group\/tr\/author\/prfj\/"}]}},"_links":{"self":[{"href":"https:\/\/mediterra.group\/tr\/wp-json\/wp\/v2\/posts\/33065","targetHints":{"allow":["GET"]}}],"collection":[{"href":"https:\/\/mediterra.group\/tr\/wp-json\/wp\/v2\/posts"}],"about":[{"href":"https:\/\/mediterra.group\/tr\/wp-json\/wp\/v2\/types\/post"}],"author":[{"embeddable":true,"href":"https:\/\/mediterra.group\/tr\/wp-json\/wp\/v2\/users\/1"}],"replies":[{"embeddable":true,"href":"https:\/\/mediterra.group\/tr\/wp-json\/wp\/v2\/comments?post=33065"}],"version-history":[{"count":0,"href":"https:\/\/mediterra.group\/tr\/wp-json\/wp\/v2\/posts\/33065\/revisions"}],"wp:featuredmedia":[{"embeddable":true,"href":"https:\/\/mediterra.group\/tr\/wp-json\/wp\/v2\/media\/31162"}],"wp:attachment":[{"href":"https:\/\/mediterra.group\/tr\/wp-json\/wp\/v2\/media?parent=33065"}],"wp:term":[{"taxonomy":"category","embeddable":true,"href":"https:\/\/mediterra.group\/tr\/wp-json\/wp\/v2\/categories?post=33065"},{"taxonomy":"post_tag","embeddable":true,"href":"https:\/\/mediterra.group\/tr\/wp-json\/wp\/v2\/tags?post=33065"}],"curies":[{"name":"wp","href":"https:\/\/api.w.org\/{rel}","templated":true}]}}