{"id":33064,"date":"2025-07-10T13:48:36","date_gmt":"2025-07-10T13:48:36","guid":{"rendered":"https:\/\/mediterra.group\/kuzey-kibrista-denize-sifir-dairelerin-kiralama-potansiyeli\/"},"modified":"2025-07-10T13:48:36","modified_gmt":"2025-07-10T13:48:36","slug":"kuzey-kibrista-denize-sifir-dairelerin-kiralama-potansiyeli","status":"publish","type":"post","link":"https:\/\/mediterra.group\/tr\/kuzey-kibrista-denize-sifir-dairelerin-kiralama-potansiyeli\/","title":{"rendered":"Kuzey K\u0131br\u0131s&#8217;ta Denize S\u0131f\u0131r Dairelerin Kiralama Potansiyeli"},"content":{"rendered":"<p><img decoding=\"async\" class=\"w-100 mb-3\" src=\"https:\/\/www.mediterrapm.com\/public\/media\/uploads\/editor\/blog\/blog\/The-Rental-Potential-of-North-Cyprus\/pm_ic_gorsel_result.webp\" alt=\"\"><\/p>\n<p><strong>Neden Kuzey K\u0131br\u0131s<\/strong><\/p>\n<p>K\u0131br\u0131s, her ge\u00e7en g\u00fcn artan say\u0131da turisti ve y\u0131l\u0131n bir b\u00f6l\u00fcm\u00fcnde ya da kal\u0131c\u0131 olarak yerle\u015fmek isteyenleri a\u011f\u0131rl\u0131yor. Avrupa, Asya ve Afrika olmak \u00fczere \u00fc\u00e7 k\u0131tan\u0131n kesi\u015fme noktas\u0131nda yer alan ada, zengin tarih, k\u00fclt\u00fcr ve etkilerin bu b\u00fcy\u00fcleyici kar\u0131\u015f\u0131m\u0131n\u0131 yans\u0131tmaktad\u0131r. K\u0131br\u0131s binlerce y\u0131ld\u0131r ticaret i\u00e7in \u00f6nemli bir merkez olmu\u015f, \u00e7e\u015fitli b\u00f6lgelerden, k\u00fclt\u00fcrel ve sosyal ge\u00e7mi\u015flerden gelen insanlar\u0131 ticaret i\u00e7in bir araya getirmi\u015ftir.  <\/p>\n<p>Peki K\u0131br\u0131s&#8217;\u0131 bug\u00fcn bu kadar cazip k\u0131lan nedir? Ve neden giderek daha fazla insan \u00f6zellikle Kuzey K\u0131br\u0131s&#8217;a ta\u015f\u0131n\u0131yor? <\/p>\n<p>Y\u0131lda 330 g\u00fcnden fazla g\u00fcne\u015f \u0131\u015f\u0131\u011f\u0131 ve ho\u015f Akdeniz iklimi ile K\u0131br\u0131s, t\u00fcm y\u0131l boyunca kalmak i\u00e7in ideal bir yerdir. Il\u0131man ge\u00e7en k\u0131\u015flar boyunca ada ye\u015file b\u00fcr\u00fcn\u00fcr ve meyve bah\u00e7eleri tam hasat halindedir, bu da buray\u0131 so\u011fuk ve tats\u0131z kuzey k\u0131\u015flar\u0131ndan m\u00fckemmel bir ka\u00e7\u0131\u015f noktas\u0131 haline getirir. \u00c7ok \u00e7e\u015fitli meyve ve sebzeler, do\u011fa parkurlar\u0131 ve Kuzey K\u0131br\u0131s genelinde s\u00fcrekli geni\u015fleyen kamu ve \u00f6zel spor tesisleri, sa\u011fl\u0131kl\u0131 bir ya\u015fam tarz\u0131 ve daha fazla i\u015f-ya\u015fam dengesi i\u00e7in harika bir temel sunmaktad\u0131r.  <\/p>\n<p>Ayn\u0131 zamanda, ya\u015fam maliyeti Bat\u0131 Avrupa \u00fclkelerindekinin sadece bir k\u0131sm\u0131 iken, ekonomik halsizlik, siyasi \u00e7alkant\u0131 ve h\u0131zl\u0131 bir sosyal \u00e7\u00f6k\u00fc\u015f, giderek artan say\u0131da varl\u0131kl\u0131 birey ve aileyi ikamet etmek i\u00e7in alternatif yerler aramaya y\u00f6neltmektedir. Buna kar\u015f\u0131l\u0131k Kuzey K\u0131br\u0131s bir siyasi istikrar cenneti, su\u00e7 neredeyse yok denecek kadar az ve yine de \u00e7o\u011fu yerden arabayla bir saat i\u00e7inde Avrupa Birli\u011fi&#8217;ne geri d\u00f6n\u00fclebiliyor. <\/p>\n<p><strong>Kim ta\u015f\u0131n\u0131yor?<\/strong><\/p>\n<p>Bu kolay eri\u015fim, sa\u011fl\u0131kl\u0131 ve rahat ya\u015fam tarz\u0131 ve nispeten d\u00fc\u015f\u00fck ya\u015fam maliyeti, sadece Avrupa&#8217;dan ve b\u00f6lgeden gelen turistler i\u00e7in bir cazibe merkezi olmakla kalm\u0131yor, ayn\u0131 zamanda giderek daha fazla insan\u0131 y\u0131l\u0131n bir b\u00f6l\u00fcm\u00fcnde veya kal\u0131c\u0131 olarak Kuzey K\u0131br\u0131s&#8217;a ta\u015f\u0131nmaya te\u015fvik ediyor.<\/p>\n<p>\u00d6zellikle k\u0131\u015flar\u0131 sert, uzun ve so\u011fuk ge\u00e7en \u00fclkelerde ya\u015fayanlar, k\u0131\u015f mevsiminde Kuzey K\u0131br\u0131s&#8217;a \u00e7ekilirken, yaz\u0131n da d\u00f6necekleri bir evleri oluyor. Ancak h\u0131zla artan say\u0131da Avrupal\u0131, servetlerini korumak, cazip vergi avantajlar\u0131 ve bir emeklilik destinasyonu olarak cazibesi nedeniyle ta\u015f\u0131n\u0131yor. <\/p>\n<p>Bu nedenle, h\u0131zla b\u00fcy\u00fcyen bu pazara yat\u0131r\u0131m yapmak i\u00e7in zamanlaman\u0131n do\u011fru oldu\u011funa karar veren \u00e7e\u015fitli \u00fclkelerden m\u00fclk al\u0131c\u0131lar\u0131n\u0131n ak\u0131n\u0131na tan\u0131k oluyoruz. Bir\u00e7o\u011fu \u00f6ncelikle kendi kullan\u0131mlar\u0131 i\u00e7in bir ev sat\u0131n almak istese de, yat\u0131r\u0131m cazibesi g\u00f6z ard\u0131 edilemez. <\/p>\n<p><strong>Uzun s\u00fcreli ve k\u0131sa s\u00fcreli kiralamalar<\/strong><\/p>\n<p>Bir yandan, ya\u015fam tarz\u0131 yat\u0131r\u0131mc\u0131lar\u0131, evlerini tatil veya daha uzun s\u00fcreli konaklamalar i\u00e7in kullanmak istedikleri ve bu d\u00f6nemlerde otellerde kalmak istemedikleri i\u00e7in Kuzey K\u0131br\u0131s m\u00fclkleri sat\u0131n almaktad\u0131r. Bununla birlikte, bu m\u00fclk sahipleri tatil konutlar\u0131n\u0131 kullanmad\u0131klar\u0131nda, m\u00fclklerinin bak\u0131m\u0131 i\u00e7in hala maliyetler ortaya \u00e7\u0131kmaktad\u0131r. Bu nedenle, yat\u0131r\u0131mlar\u0131ndan cazip getiriler elde ederken i\u015fletme maliyetlerini kar\u015f\u0131lamak i\u00e7in yokluklar\u0131 s\u0131ras\u0131nda Kuzey K\u0131br\u0131s m\u00fclklerini kiralamay\u0131 tercih ediyorlar.  <\/p>\n<p>\u00c7o\u011fu tatil k\u00f6y\u00fc projesi bir t\u00fcr kiralama hizmeti sunar ve m\u00fclk sahipleri i\u00e7in el de\u011fmeden y\u00f6netim sa\u011flayan \u015firketler de vard\u0131r. Tek yapman\u0131z gereken anahtarlar\u0131 teslim etmek ve rezervasyonlar\u0131n ve paran\u0131n gelmesini beklemektir. Rezervasyonlu geceler, ortalama g\u00fcnl\u00fck fiyat (ADR) ve pazarlama, temizlik ve y\u00f6netim \u00fccretleri dahil olmak \u00fczere i\u015fletme giderleri ve bu kesintilerden sonra net geliriniz gibi kiralamalar\u0131n\u0131z\u0131n temel performans g\u00f6stergelerini g\u00f6stermek i\u00e7in d\u00fczenli beyanlar sa\u011flan\u0131r.  <\/p>\n<p>\u00d6te yandan, bir\u00e7ok yat\u0131r\u0131mc\u0131 kendi kullan\u0131m\u0131n\u0131 d\u00fc\u015f\u00fcnmeden m\u00fclk sat\u0131n almaktad\u0131r. Bu yat\u0131r\u0131m ama\u00e7l\u0131 m\u00fclkler daha sonra, \u00f6rne\u011fin Kuzey K\u0131br\u0131s&#8217;a ta\u015f\u0131nan ve kendi m\u00fclklerini sat\u0131n almayan gurbet\u00e7ilere veya emeklilere uzun vadeli olarak kiralanabilir. Uzun vadeli kiralamalar\u0131n cazibesi, tatil ama\u00e7l\u0131 kiralamalar\u0131n mevsimselli\u011finin aksine gelirin her ay sabit olmas\u0131d\u0131r. T\u00fcm i\u015fletme giderleri kirac\u0131 taraf\u0131ndan kar\u015f\u0131lan\u0131r ve kiralar genellikle \u0130ngiliz Sterlini olarak \u00f6denir.   <\/p>\n<p>\u00d6zellikle Girne ve Gazima\u011fusa gibi \u015fehirlerde \u00e7e\u015fitli \u00f6zel \u00fcniversitelerde okuyan \u00e7ok say\u0131da uluslararas\u0131 \u00f6\u011frenci bulunmaktad\u0131r. Bu \u00f6\u011frenciler iyi finanse edilen ve g\u00fcvenilir kirac\u0131lard\u0131r ve hen\u00fcz arz\u0131n yetersiz oldu\u011fu bir pazarda kaliteli konaklama i\u00e7in rekabet etmektedirler. Bu durum, kiraya veren yat\u0131r\u0131mc\u0131lar i\u00e7in kira getirilerini \u00f6ng\u00f6r\u00fclebilir gelecekte de y\u00fcksek tutacakt\u0131r.  <\/p>\n<p>Ancak genellikle, sa\u011flam ve profesyonel kiralama y\u00f6netimi hizmetleriyle, tatil ama\u00e7l\u0131 kiralamalar\u0131n getirisi uzun vadeli kiralamalardan \u00e7ok daha y\u00fcksektir. \u00d6zellikle de K\u0131br\u0131s&#8217;\u0131n Kuzey sahilinde Girne, Esentepe ve Tatl\u0131su aras\u0131nda kalan tatil beldelerinde, her yerde bulunan kumarhaneler d\u0131\u015f\u0131nda otel altyap\u0131s\u0131 bulunmad\u0131\u011f\u0131ndan. <\/p>\n<p><strong>\u00d6rnek olarak \u0130skele<\/strong><\/p>\n<p>Kiral\u0131k tatil evi potansiyeli i\u00e7in iyi bir g\u00f6sterge, son on y\u0131lda geli\u015fmekte olan nispeten yeni bir turizm pazar\u0131 olan \u0130skele&#8217;dir. Bug\u00fcn, \u00e7e\u015fitli orta \u00f6l\u00e7ekli, \u00fcst d\u00fczey ve l\u00fcks kompleksler tatil ama\u00e7l\u0131 kiralama hizmeti sunmaktad\u0131r. Bunlar\u0131n en iyileri, birim sahipleri i\u00e7in y\u0131ll\u0131k ortalama %60-75 doluluk oran\u0131 ve st\u00fcdyodan iki yatak odal\u0131 dairelere kadar birimin b\u00fcy\u00fckl\u00fc\u011f\u00fcne ve faaliyet g\u00f6sterdikleri pazar segmentine ba\u011fl\u0131 olarak gecelik 45 ila 150 GBP aras\u0131nda cazip ADR&#8217;lerle olduk\u00e7a ba\u015far\u0131l\u0131 operasyonlar y\u00fcr\u00fctmektedir. Bu, t\u00fcm i\u015fletme giderleri d\u00fc\u015f\u00fcld\u00fckten sonra sat\u0131n alma fiyat\u0131na g\u00f6re %6-12 aras\u0131nda y\u0131ll\u0131k kira getirisi sa\u011flayabilir. Kuzey K\u0131br\u0131s m\u00fclk sahiplerinin tatil evlerini de istedikleri zaman kullanabilecekleri d\u00fc\u015f\u00fcn\u00fcld\u00fc\u011f\u00fcnde de\u011ferli bir yat\u0131r\u0131m.    <\/p>\n<p><strong>Girne&#8217;den Tatl\u0131su&#8217;ya kadar kuzey sahili<\/strong><\/p>\n<p>Girne ve Tatl\u0131su aras\u0131ndaki kuzey sahili, Kuzey K\u0131br\u0131s&#8217;ta gelecek vaat eden bir sonraki tatil beldesidir. Esentepe ve Tatl\u0131su, T\u00fcrk anakaras\u0131na kadar uzanan etkileyici bir k\u0131y\u0131 \u015feridi, \u00e7ok say\u0131da g\u00fczel \u00f6zel koy ve y\u00fczme havuzlar\u0131, spa ve hamam, spor tesisleri ve \u00e7ocuk oyun alanlar\u0131, restoranlar ve \u00e7ok daha fazlas\u0131 dahil olmak \u00fczere tipik olarak m\u00fckemmel ortak olanaklara sahip sahil tesisi projeleri sunmaktad\u0131r. <\/p>\n<p>Burada da, g\u00fcneydeki da\u011f silsilesi, \u00e7evredeki ormanlar\u0131n ye\u015filli\u011fi ve masmavi ile turkuaz mavisi denizi birle\u015ftiren do\u011fal g\u00fczelli\u011fin yan\u0131 s\u0131ra b\u00f6lgede olmak isteyen artan say\u0131da turist ve uzun s\u00fcreli misafirleri kar\u015f\u0131layacak otel eksikli\u011fi g\u00f6z \u00f6n\u00fcne al\u0131nd\u0131\u011f\u0131nda kiralama potansiyeli m\u00fckemmeldir. Esentepe \u00e7evresinde be\u015f y\u0131ld\u0131zl\u0131 tesislere sahip tatil k\u00f6y\u00fc projelerinde 1 yatak odal\u0131 konutlar i\u00e7in g\u00fcnl\u00fck kira fiyatlar\u0131 60-80 GBP, 2 yatak odal\u0131 konutlar i\u00e7in 120-180 GBP ve 3 yatak odal\u0131 konutlar i\u00e7in 200-500 GBP aras\u0131nda de\u011fi\u015fmektedir. <\/p>\n<p>Tatl\u0131su&#8217;da turizm altyap\u0131s\u0131n\u0131n eksikli\u011fi nedeniyle fiyatlar hala biraz daha d\u00fc\u015f\u00fckt\u00fcr, ancak b\u00f6lge Esentepe&#8217;den sonra h\u0131zla bir sonraki tatil beldesi haline geldi\u011finden, bu durum gelecek i\u00e7in muazzam bir art\u0131\u015f potansiyeli sunmaktad\u0131r. Kuzey K\u0131br\u0131s&#8217;a do\u011frudan u\u00e7u\u015flar\u0131n artmas\u0131yla birlikte Tatl\u0131su, Ercan Uluslararas\u0131 Havaalan\u0131&#8217;na sadece 40 dakika uzakl\u0131kta oldu\u011fu i\u00e7in daha fazla turist ak\u0131n\u0131ndan yararlanmak i\u00e7in iyi bir konuma sahiptir.<br \/>\nTatil s\u0131ras\u0131nda bir tatil k\u00f6y\u00fc dairesinde veya villada kalman\u0131n cazibesi \u00e7ok a\u00e7\u0131kt\u0131r. Bu m\u00fclkler daha ki\u015fisel bir atmosfer sunar ve konuklar geleneksel otellerin sa\u011flad\u0131\u011f\u0131 hizmet veya olanaklardan hi\u00e7birini ka\u00e7\u0131rmazken kendilerini evlerinde hissedebilirler. Ayn\u0131 \u015fekilde, bir yat\u0131r\u0131mc\u0131 olarak ki\u015fi her iki d\u00fcnyan\u0131n da en iyisine sahip olabilir; tatil s\u0131ras\u0131nda tatil k\u00f6y\u00fcn\u00fc kullanabilir ya da kiraya verip di\u011fer misafirlerden gelir elde edebilir.   <\/p>\n<p>Yine de, \u015feytan ayr\u0131nt\u0131da gizlidir ve her tatil k\u00f6y\u00fc projesi, Kuzey K\u0131br\u0131s&#8217;\u0131n kesinlikle sundu\u011fu yat\u0131r\u0131m potansiyelini ortaya \u00e7\u0131karmak i\u00e7in m\u00fckemmel getiri ve harika tesisler vaadini tutmayacakt\u0131r. Bu nedenle emlak yat\u0131r\u0131m\u0131 konusunda bir uzmana dan\u0131\u015fman\u0131z tavsiye edilir. Mediterra Group, \u00e7ok \u00e7e\u015fitli daire ve villa portf\u00f6y\u00fc ile Kuzey K\u0131br\u0131s&#8217;taki nihai orta\u011f\u0131n\u0131zd\u0131r. <strong>Bizi <a href=\"tel:+90%20533%20832%2002%2022\">+90 533 832 02 22 <\/a>numaral\u0131 telefondan aray\u0131n veya <a href=\"mailto:info@mediterra.group\">info@mediterra.group <\/a> adresine e-posta g\u00f6nderin<\/strong> ve K\u0131br\u0131s, emlak piyasas\u0131 ve bilmeniz gereken t\u00fcm ayr\u0131nt\u0131lar hakk\u0131nda size rehberlik etmemize izin verin.  <\/p>\n","protected":false},"excerpt":{"rendered":"<p>Neden Kuzey K\u0131br\u0131s K\u0131br\u0131s, her ge\u00e7en g\u00fcn artan say\u0131da turisti ve y\u0131l\u0131n bir b\u00f6l\u00fcm\u00fcnde ya da kal\u0131c\u0131 olarak yerle\u015fmek isteyenleri a\u011f\u0131rl\u0131yor. Avrupa, Asya ve Afrika olmak \u00fczere \u00fc\u00e7 k\u0131tan\u0131n kesi\u015fme noktas\u0131nda yer alan ada, zengin tarih, k\u00fclt\u00fcr ve etkilerin bu b\u00fcy\u00fcleyici kar\u0131\u015f\u0131m\u0131n\u0131 yans\u0131tmaktad\u0131r. K\u0131br\u0131s binlerce y\u0131ld\u0131r ticaret i\u00e7in \u00f6nemli bir merkez olmu\u015f, \u00e7e\u015fitli b\u00f6lgelerden, k\u00fclt\u00fcrel [&hellip;]<\/p>\n","protected":false},"author":1,"featured_media":31167,"comment_status":"open","ping_status":"open","sticky":false,"template":"","format":"standard","meta":{"_acf_changed":false,"footnotes":""},"categories":[242],"tags":[],"class_list":["post-33064","post","type-post","status-publish","format-standard","has-post-thumbnail","hentry","category-blog-tr"],"acf":[],"yoast_head":"<!-- This site is optimized with the Yoast SEO plugin v27.5 - https:\/\/yoast.com\/product\/yoast-seo-wordpress\/ -->\n<title>Kuzey K\u0131br\u0131s&#039;ta Denize S\u0131f\u0131r Dairelerin Kiralama Potansiyeli - Mediterra Group<\/title>\n<meta name=\"robots\" content=\"index, follow, max-snippet:-1, max-image-preview:large, max-video-preview:-1\" \/>\n<link rel=\"canonical\" href=\"https:\/\/mediterra.group\/the-rental-potential-of-north-cyprus-seafront-apartments\/\" \/>\n<meta property=\"og:locale\" content=\"tr_TR\" \/>\n<meta property=\"og:type\" content=\"article\" \/>\n<meta property=\"og:title\" content=\"Kuzey K\u0131br\u0131s&#039;ta Denize S\u0131f\u0131r Dairelerin Kiralama Potansiyeli - Mediterra Group\" \/>\n<meta property=\"og:description\" content=\"Neden Kuzey K\u0131br\u0131s K\u0131br\u0131s, her ge\u00e7en g\u00fcn artan say\u0131da turisti ve y\u0131l\u0131n bir b\u00f6l\u00fcm\u00fcnde ya da kal\u0131c\u0131 olarak yerle\u015fmek isteyenleri a\u011f\u0131rl\u0131yor. Avrupa, Asya ve Afrika olmak \u00fczere \u00fc\u00e7 k\u0131tan\u0131n kesi\u015fme noktas\u0131nda yer alan ada, zengin tarih, k\u00fclt\u00fcr ve etkilerin bu b\u00fcy\u00fcleyici kar\u0131\u015f\u0131m\u0131n\u0131 yans\u0131tmaktad\u0131r. K\u0131br\u0131s binlerce y\u0131ld\u0131r ticaret i\u00e7in \u00f6nemli bir merkez olmu\u015f, \u00e7e\u015fitli b\u00f6lgelerden, k\u00fclt\u00fcrel [&hellip;]\" \/>\n<meta property=\"og:url\" content=\"https:\/\/mediterra.group\/the-rental-potential-of-north-cyprus-seafront-apartments\/\" \/>\n<meta property=\"og:site_name\" content=\"Mediterra Group\" \/>\n<meta property=\"article:published_time\" content=\"2025-07-10T13:48:36+00:00\" \/>\n<meta property=\"og:image\" content=\"https:\/\/mediterra.group\/wp-content\/uploads\/2025\/07\/pm-kapak-gorsel-result17442766238331g9mgc.webp\" \/>\n\t<meta property=\"og:image:width\" content=\"626\" \/>\n\t<meta property=\"og:image:height\" content=\"470\" \/>\n\t<meta property=\"og:image:type\" content=\"image\/webp\" \/>\n<meta name=\"author\" content=\"prfj\" \/>\n<meta name=\"twitter:card\" content=\"summary_large_image\" \/>\n<meta name=\"twitter:label1\" content=\"Yazan:\" \/>\n\t<meta name=\"twitter:data1\" content=\"prfj\" \/>\n\t<meta name=\"twitter:label2\" content=\"Tahmini okuma s\u00fcresi\" \/>\n\t<meta name=\"twitter:data2\" content=\"8 dakika\" \/>\n<script type=\"application\/ld+json\" class=\"yoast-schema-graph\">{\"@context\":\"https:\\\/\\\/schema.org\",\"@graph\":[{\"@type\":\"Article\",\"@id\":\"https:\\\/\\\/mediterra.group\\\/the-rental-potential-of-north-cyprus-seafront-apartments\\\/#article\",\"isPartOf\":{\"@id\":\"https:\\\/\\\/mediterra.group\\\/the-rental-potential-of-north-cyprus-seafront-apartments\\\/\"},\"author\":{\"name\":\"prfj\",\"@id\":\"https:\\\/\\\/mediterra.group\\\/ar\\\/#\\\/schema\\\/person\\\/7db86f2bc7783cf0f27705320203bffb\"},\"headline\":\"Kuzey K\u0131br\u0131s&#8217;ta Denize S\u0131f\u0131r Dairelerin Kiralama Potansiyeli\",\"datePublished\":\"2025-07-10T13:48:36+00:00\",\"mainEntityOfPage\":{\"@id\":\"https:\\\/\\\/mediterra.group\\\/the-rental-potential-of-north-cyprus-seafront-apartments\\\/\"},\"wordCount\":1527,\"commentCount\":0,\"image\":{\"@id\":\"https:\\\/\\\/mediterra.group\\\/the-rental-potential-of-north-cyprus-seafront-apartments\\\/#primaryimage\"},\"thumbnailUrl\":\"https:\\\/\\\/mediterra.group\\\/wp-content\\\/uploads\\\/2025\\\/07\\\/pm-kapak-gorsel-result17442766238331g9mgc.webp\",\"articleSection\":[\"BLOG\"],\"inLanguage\":\"tr\",\"potentialAction\":[{\"@type\":\"CommentAction\",\"name\":\"Comment\",\"target\":[\"https:\\\/\\\/mediterra.group\\\/the-rental-potential-of-north-cyprus-seafront-apartments\\\/#respond\"]}]},{\"@type\":\"WebPage\",\"@id\":\"https:\\\/\\\/mediterra.group\\\/the-rental-potential-of-north-cyprus-seafront-apartments\\\/\",\"url\":\"https:\\\/\\\/mediterra.group\\\/the-rental-potential-of-north-cyprus-seafront-apartments\\\/\",\"name\":\"Kuzey K\u0131br\u0131s'ta Denize S\u0131f\u0131r Dairelerin Kiralama Potansiyeli - Mediterra Group\",\"isPartOf\":{\"@id\":\"https:\\\/\\\/mediterra.group\\\/ar\\\/#website\"},\"primaryImageOfPage\":{\"@id\":\"https:\\\/\\\/mediterra.group\\\/the-rental-potential-of-north-cyprus-seafront-apartments\\\/#primaryimage\"},\"image\":{\"@id\":\"https:\\\/\\\/mediterra.group\\\/the-rental-potential-of-north-cyprus-seafront-apartments\\\/#primaryimage\"},\"thumbnailUrl\":\"https:\\\/\\\/mediterra.group\\\/wp-content\\\/uploads\\\/2025\\\/07\\\/pm-kapak-gorsel-result17442766238331g9mgc.webp\",\"datePublished\":\"2025-07-10T13:48:36+00:00\",\"author\":{\"@id\":\"https:\\\/\\\/mediterra.group\\\/ar\\\/#\\\/schema\\\/person\\\/7db86f2bc7783cf0f27705320203bffb\"},\"breadcrumb\":{\"@id\":\"https:\\\/\\\/mediterra.group\\\/the-rental-potential-of-north-cyprus-seafront-apartments\\\/#breadcrumb\"},\"inLanguage\":\"tr\",\"potentialAction\":[{\"@type\":\"ReadAction\",\"target\":[\"https:\\\/\\\/mediterra.group\\\/the-rental-potential-of-north-cyprus-seafront-apartments\\\/\"]}]},{\"@type\":\"ImageObject\",\"inLanguage\":\"tr\",\"@id\":\"https:\\\/\\\/mediterra.group\\\/the-rental-potential-of-north-cyprus-seafront-apartments\\\/#primaryimage\",\"url\":\"https:\\\/\\\/mediterra.group\\\/wp-content\\\/uploads\\\/2025\\\/07\\\/pm-kapak-gorsel-result17442766238331g9mgc.webp\",\"contentUrl\":\"https:\\\/\\\/mediterra.group\\\/wp-content\\\/uploads\\\/2025\\\/07\\\/pm-kapak-gorsel-result17442766238331g9mgc.webp\",\"width\":626,\"height\":470},{\"@type\":\"BreadcrumbList\",\"@id\":\"https:\\\/\\\/mediterra.group\\\/the-rental-potential-of-north-cyprus-seafront-apartments\\\/#breadcrumb\",\"itemListElement\":[{\"@type\":\"ListItem\",\"position\":1,\"name\":\"Home\",\"item\":\"https:\\\/\\\/mediterra.group\\\/tr\\\/\"},{\"@type\":\"ListItem\",\"position\":2,\"name\":\"Kuzey K\u0131br\u0131s&#8217;ta Denize S\u0131f\u0131r Dairelerin Kiralama Potansiyeli\"}]},{\"@type\":\"WebSite\",\"@id\":\"https:\\\/\\\/mediterra.group\\\/ar\\\/#website\",\"url\":\"https:\\\/\\\/mediterra.group\\\/ar\\\/\",\"name\":\"Mediterra Group\",\"description\":\"\",\"potentialAction\":[{\"@type\":\"SearchAction\",\"target\":{\"@type\":\"EntryPoint\",\"urlTemplate\":\"https:\\\/\\\/mediterra.group\\\/ar\\\/?s={search_term_string}\"},\"query-input\":{\"@type\":\"PropertyValueSpecification\",\"valueRequired\":true,\"valueName\":\"search_term_string\"}}],\"inLanguage\":\"tr\"},{\"@type\":\"Person\",\"@id\":\"https:\\\/\\\/mediterra.group\\\/ar\\\/#\\\/schema\\\/person\\\/7db86f2bc7783cf0f27705320203bffb\",\"name\":\"prfj\",\"image\":{\"@type\":\"ImageObject\",\"inLanguage\":\"tr\",\"@id\":\"https:\\\/\\\/secure.gravatar.com\\\/avatar\\\/efc76156b22a6391dfe826fa01e611bcd5dacefe7489936136b7f4d5eb1c0fb4?s=96&d=mm&r=g\",\"url\":\"https:\\\/\\\/secure.gravatar.com\\\/avatar\\\/efc76156b22a6391dfe826fa01e611bcd5dacefe7489936136b7f4d5eb1c0fb4?s=96&d=mm&r=g\",\"contentUrl\":\"https:\\\/\\\/secure.gravatar.com\\\/avatar\\\/efc76156b22a6391dfe826fa01e611bcd5dacefe7489936136b7f4d5eb1c0fb4?s=96&d=mm&r=g\",\"caption\":\"prfj\"},\"sameAs\":[\"https:\\\/\\\/mediterra.group\"],\"url\":\"https:\\\/\\\/mediterra.group\\\/tr\\\/author\\\/prfj\\\/\"}]}<\/script>\n<!-- \/ Yoast SEO plugin. -->","yoast_head_json":{"title":"Kuzey K\u0131br\u0131s'ta Denize S\u0131f\u0131r Dairelerin Kiralama Potansiyeli - Mediterra Group","robots":{"index":"index","follow":"follow","max-snippet":"max-snippet:-1","max-image-preview":"max-image-preview:large","max-video-preview":"max-video-preview:-1"},"canonical":"https:\/\/mediterra.group\/the-rental-potential-of-north-cyprus-seafront-apartments\/","og_locale":"tr_TR","og_type":"article","og_title":"Kuzey K\u0131br\u0131s'ta Denize S\u0131f\u0131r Dairelerin Kiralama Potansiyeli - Mediterra Group","og_description":"Neden Kuzey K\u0131br\u0131s K\u0131br\u0131s, her ge\u00e7en g\u00fcn artan say\u0131da turisti ve y\u0131l\u0131n bir b\u00f6l\u00fcm\u00fcnde ya da kal\u0131c\u0131 olarak yerle\u015fmek isteyenleri a\u011f\u0131rl\u0131yor. Avrupa, Asya ve Afrika olmak \u00fczere \u00fc\u00e7 k\u0131tan\u0131n kesi\u015fme noktas\u0131nda yer alan ada, zengin tarih, k\u00fclt\u00fcr ve etkilerin bu b\u00fcy\u00fcleyici kar\u0131\u015f\u0131m\u0131n\u0131 yans\u0131tmaktad\u0131r. K\u0131br\u0131s binlerce y\u0131ld\u0131r ticaret i\u00e7in \u00f6nemli bir merkez olmu\u015f, \u00e7e\u015fitli b\u00f6lgelerden, k\u00fclt\u00fcrel [&hellip;]","og_url":"https:\/\/mediterra.group\/the-rental-potential-of-north-cyprus-seafront-apartments\/","og_site_name":"Mediterra Group","article_published_time":"2025-07-10T13:48:36+00:00","og_image":[{"width":626,"height":470,"url":"https:\/\/mediterra.group\/wp-content\/uploads\/2025\/07\/pm-kapak-gorsel-result17442766238331g9mgc.webp","type":"image\/webp"}],"author":"prfj","twitter_card":"summary_large_image","twitter_misc":{"Yazan:":"prfj","Tahmini okuma s\u00fcresi":"8 dakika"},"schema":{"@context":"https:\/\/schema.org","@graph":[{"@type":"Article","@id":"https:\/\/mediterra.group\/the-rental-potential-of-north-cyprus-seafront-apartments\/#article","isPartOf":{"@id":"https:\/\/mediterra.group\/the-rental-potential-of-north-cyprus-seafront-apartments\/"},"author":{"name":"prfj","@id":"https:\/\/mediterra.group\/ar\/#\/schema\/person\/7db86f2bc7783cf0f27705320203bffb"},"headline":"Kuzey K\u0131br\u0131s&#8217;ta Denize S\u0131f\u0131r Dairelerin Kiralama Potansiyeli","datePublished":"2025-07-10T13:48:36+00:00","mainEntityOfPage":{"@id":"https:\/\/mediterra.group\/the-rental-potential-of-north-cyprus-seafront-apartments\/"},"wordCount":1527,"commentCount":0,"image":{"@id":"https:\/\/mediterra.group\/the-rental-potential-of-north-cyprus-seafront-apartments\/#primaryimage"},"thumbnailUrl":"https:\/\/mediterra.group\/wp-content\/uploads\/2025\/07\/pm-kapak-gorsel-result17442766238331g9mgc.webp","articleSection":["BLOG"],"inLanguage":"tr","potentialAction":[{"@type":"CommentAction","name":"Comment","target":["https:\/\/mediterra.group\/the-rental-potential-of-north-cyprus-seafront-apartments\/#respond"]}]},{"@type":"WebPage","@id":"https:\/\/mediterra.group\/the-rental-potential-of-north-cyprus-seafront-apartments\/","url":"https:\/\/mediterra.group\/the-rental-potential-of-north-cyprus-seafront-apartments\/","name":"Kuzey K\u0131br\u0131s'ta Denize S\u0131f\u0131r Dairelerin Kiralama Potansiyeli - Mediterra Group","isPartOf":{"@id":"https:\/\/mediterra.group\/ar\/#website"},"primaryImageOfPage":{"@id":"https:\/\/mediterra.group\/the-rental-potential-of-north-cyprus-seafront-apartments\/#primaryimage"},"image":{"@id":"https:\/\/mediterra.group\/the-rental-potential-of-north-cyprus-seafront-apartments\/#primaryimage"},"thumbnailUrl":"https:\/\/mediterra.group\/wp-content\/uploads\/2025\/07\/pm-kapak-gorsel-result17442766238331g9mgc.webp","datePublished":"2025-07-10T13:48:36+00:00","author":{"@id":"https:\/\/mediterra.group\/ar\/#\/schema\/person\/7db86f2bc7783cf0f27705320203bffb"},"breadcrumb":{"@id":"https:\/\/mediterra.group\/the-rental-potential-of-north-cyprus-seafront-apartments\/#breadcrumb"},"inLanguage":"tr","potentialAction":[{"@type":"ReadAction","target":["https:\/\/mediterra.group\/the-rental-potential-of-north-cyprus-seafront-apartments\/"]}]},{"@type":"ImageObject","inLanguage":"tr","@id":"https:\/\/mediterra.group\/the-rental-potential-of-north-cyprus-seafront-apartments\/#primaryimage","url":"https:\/\/mediterra.group\/wp-content\/uploads\/2025\/07\/pm-kapak-gorsel-result17442766238331g9mgc.webp","contentUrl":"https:\/\/mediterra.group\/wp-content\/uploads\/2025\/07\/pm-kapak-gorsel-result17442766238331g9mgc.webp","width":626,"height":470},{"@type":"BreadcrumbList","@id":"https:\/\/mediterra.group\/the-rental-potential-of-north-cyprus-seafront-apartments\/#breadcrumb","itemListElement":[{"@type":"ListItem","position":1,"name":"Home","item":"https:\/\/mediterra.group\/tr\/"},{"@type":"ListItem","position":2,"name":"Kuzey K\u0131br\u0131s&#8217;ta Denize S\u0131f\u0131r Dairelerin Kiralama Potansiyeli"}]},{"@type":"WebSite","@id":"https:\/\/mediterra.group\/ar\/#website","url":"https:\/\/mediterra.group\/ar\/","name":"Mediterra Group","description":"","potentialAction":[{"@type":"SearchAction","target":{"@type":"EntryPoint","urlTemplate":"https:\/\/mediterra.group\/ar\/?s={search_term_string}"},"query-input":{"@type":"PropertyValueSpecification","valueRequired":true,"valueName":"search_term_string"}}],"inLanguage":"tr"},{"@type":"Person","@id":"https:\/\/mediterra.group\/ar\/#\/schema\/person\/7db86f2bc7783cf0f27705320203bffb","name":"prfj","image":{"@type":"ImageObject","inLanguage":"tr","@id":"https:\/\/secure.gravatar.com\/avatar\/efc76156b22a6391dfe826fa01e611bcd5dacefe7489936136b7f4d5eb1c0fb4?s=96&d=mm&r=g","url":"https:\/\/secure.gravatar.com\/avatar\/efc76156b22a6391dfe826fa01e611bcd5dacefe7489936136b7f4d5eb1c0fb4?s=96&d=mm&r=g","contentUrl":"https:\/\/secure.gravatar.com\/avatar\/efc76156b22a6391dfe826fa01e611bcd5dacefe7489936136b7f4d5eb1c0fb4?s=96&d=mm&r=g","caption":"prfj"},"sameAs":["https:\/\/mediterra.group"],"url":"https:\/\/mediterra.group\/tr\/author\/prfj\/"}]}},"_links":{"self":[{"href":"https:\/\/mediterra.group\/tr\/wp-json\/wp\/v2\/posts\/33064","targetHints":{"allow":["GET"]}}],"collection":[{"href":"https:\/\/mediterra.group\/tr\/wp-json\/wp\/v2\/posts"}],"about":[{"href":"https:\/\/mediterra.group\/tr\/wp-json\/wp\/v2\/types\/post"}],"author":[{"embeddable":true,"href":"https:\/\/mediterra.group\/tr\/wp-json\/wp\/v2\/users\/1"}],"replies":[{"embeddable":true,"href":"https:\/\/mediterra.group\/tr\/wp-json\/wp\/v2\/comments?post=33064"}],"version-history":[{"count":0,"href":"https:\/\/mediterra.group\/tr\/wp-json\/wp\/v2\/posts\/33064\/revisions"}],"wp:featuredmedia":[{"embeddable":true,"href":"https:\/\/mediterra.group\/tr\/wp-json\/wp\/v2\/media\/31167"}],"wp:attachment":[{"href":"https:\/\/mediterra.group\/tr\/wp-json\/wp\/v2\/media?parent=33064"}],"wp:term":[{"taxonomy":"category","embeddable":true,"href":"https:\/\/mediterra.group\/tr\/wp-json\/wp\/v2\/categories?post=33064"},{"taxonomy":"post_tag","embeddable":true,"href":"https:\/\/mediterra.group\/tr\/wp-json\/wp\/v2\/tags?post=33064"}],"curies":[{"name":"wp","href":"https:\/\/api.w.org\/{rel}","templated":true}]}}