{"id":33041,"date":"2025-07-10T13:51:44","date_gmt":"2025-07-10T13:51:44","guid":{"rendered":"https:\/\/mediterra.group\/mulk-alicilari-icin-kuzey-kibris-neden-mayorkayi-one-cikariyor\/"},"modified":"2025-07-10T13:51:44","modified_gmt":"2025-07-10T13:51:44","slug":"mulk-alicilari-icin-kuzey-kibris-neden-mayorkayi-one-cikariyor","status":"publish","type":"post","link":"https:\/\/mediterra.group\/tr\/mulk-alicilari-icin-kuzey-kibris-neden-mayorkayi-one-cikariyor\/","title":{"rendered":"M\u00fclk Al\u0131c\u0131lar\u0131 \u0130\u00e7in Kuzey K\u0131br\u0131s Neden Mayorka&#8217;y\u0131 \u00d6ne \u00c7\u0131kar\u0131yor?"},"content":{"rendered":"<p><img decoding=\"async\" class=\"w-100 mb-3\" src=\"https:\/\/www.mediterrapm.com\/public\/media\/uploads\/editor\/blog\/blog\/Majorca_ic_gorsel_result.webp\" alt=\"\"><\/p>\n<p>M\u00fckemmel bir Akdeniz s\u0131\u011f\u0131na\u011f\u0131 hayal edildi\u011finde akla genellikle Mayorka gelir. Ancak, Kuzey K\u0131br\u0131s&#8217;\u0131n rakipsiz cazibesini hi\u00e7 d\u00fc\u015f\u00fcnd\u00fcn\u00fcz m\u00fc? Bu gizli hazine, do\u011fal g\u00fczellikler, <a href=\"https:\/\/www.mediterrarealestates.com\/en\/mediterranean-lifestyle\/the-opportunity-awaits-in-north-cyprus\" target=\"_blank\" rel=\"noopener\">yat\u0131r\u0131m f\u0131rsatlar\u0131<\/a> ve eri\u015filebilirli\u011fin m\u00fckemmel bir kar\u0131\u015f\u0131m\u0131n\u0131 sunarak, se\u00e7ici emlak al\u0131c\u0131lar\u0131 i\u00e7in ideal bir se\u00e7imdir. Gelin Kuzey K\u0131br\u0131s&#8217;\u0131n neden di\u011ferlerinin \u00fczerinde durdu\u011funu ke\u015ffedelim.   <\/p>\n<h2>Sahil Kenar\u0131nda Ya\u015fam Yeniden Tan\u0131mland\u0131<\/h2>\n<p>Mayorka&#8217;da denize s\u0131f\u0131r m\u00fclkler, kat\u0131 imar yasalar\u0131 ve y\u00fcksek talep nedeniyle nadir bulunan bir l\u00fckst\u00fcr. Deniz kenar\u0131nda bir ev sahibi olmak \u00e7o\u011fu ki\u015fi i\u00e7in ula\u015f\u0131lamaz bir hayal olarak kal\u0131r. Buna kar\u015f\u0131n Kuzey K\u0131br\u0131s, \u00e7ok say\u0131da \u00e7arp\u0131c\u0131 ve uygun fiyatl\u0131 sahil m\u00fclk\u00fcne kap\u0131 a\u00e7maktad\u0131r  <\/p>\n<p>Villan\u0131zdan turkuaz renkli Akdeniz manzaras\u0131na uyand\u0131\u011f\u0131n\u0131z\u0131 veya modern dairenizden do\u011frudan kumlu bir plaja ad\u0131m att\u0131\u011f\u0131n\u0131z\u0131 hayal edin-Kuzey K\u0131br\u0131s bu hayali ger\u00e7e\u011fe d\u00f6n\u00fc\u015ft\u00fcr\u00fcyor. El de\u011fmemi\u015f k\u0131y\u0131 \u015feridi ve kristal berrakl\u0131\u011f\u0131ndaki sular\u0131yla ada, Mayorka&#8217;n\u0131n art\u0131k sunamad\u0131\u011f\u0131 sakin, kalabal\u0131ktan uzak bir cennet dilimi sunuyor. <\/p>\n<h2>Do\u011fal Bir Akdeniz Cenneti<\/h2>\n<p>Mayorka&#8217;n\u0131n cazibesi yads\u0131namaz olsa da, a\u015f\u0131r\u0131 kalk\u0131nma ve kitle turizmi nedeniyle cazibesi g\u00f6lgelenmi\u015ftir. Kuzey K\u0131br\u0131s ise bozulmam\u0131\u015f son Akdeniz m\u00fccevherlerinden biri olarak \u00f6zg\u00fcnl\u00fc\u011f\u00fcn\u00fc korumaktad\u0131r. Adan\u0131n yemye\u015fil manzaralar\u0131, el de\u011fmemi\u015f plajlar\u0131 ve tarihi kasabalar\u0131, kalbi yakalayan zamans\u0131z bir g\u00fczellik yarat\u0131r.  <\/p>\n<p>Do\u011fa severler ve huzur arayanlar i\u00e7in Kuzey K\u0131br\u0131s, do\u011fal ihti\u015famla i\u00e7 i\u00e7e bir ya\u015fam tarz\u0131n\u0131 deneyimlemek i\u00e7in nadir bir f\u0131rsat sunuyor. Burada, di\u011fer Akdeniz destinasyonlar\u0131n\u0131 yeniden \u015fekillendiren ticari bask\u0131lardan etkilenmeyen bir dinginlik h\u00fck\u00fcm s\u00fcrmektedir. <\/p>\n<h2>Bir Yat\u0131r\u0131mc\u0131n\u0131n R\u00fcyas\u0131 Ger\u00e7ek Oldu<\/h2>\n<p>Kuzey K\u0131br\u0131s sadece bir ya\u015fam tarz\u0131 destinasyonu de\u011fil, ayn\u0131 zamanda emlak yat\u0131r\u0131mc\u0131lar\u0131 i\u00e7in de ola\u011fan\u00fcst\u00fc bir f\u0131rsatt\u0131r. \u0130\u015fte nedeni: <\/p>\n<p>&#8211; <strong>Uygun<\/strong> Fiyatl\u0131 <strong>L\u00fcks :<\/strong><br \/>\nKuzey K\u0131br\u0131s&#8217;taki emlak fiyatlar\u0131 Mayorka&#8217;ya k\u0131yasla olduk\u00e7a rekabet\u00e7idir ve paran\u0131z\u0131n kar\u015f\u0131l\u0131\u011f\u0131n\u0131 benzersiz bir \u015fekilde verir. \u0130ster bir tatil evi ister uzun vadeli bir yat\u0131r\u0131m arzulay\u0131n, ada her iki a\u00e7\u0131dan da hizmet vermektedir. <\/p>\n<p>&#8211; <strong>Etkileyici Kira Getirileri :<\/strong><br \/>\nTuristler aras\u0131nda artan pop\u00fclaritesi ile Kuzey K\u0131br\u0131s, kira geliri i\u00e7in m\u00fckemmel bir potansiyel sunmaktad\u0131r. \u00d6zellikle k\u0131y\u0131 m\u00fclkleri, y\u0131l boyunca tatil ama\u00e7l\u0131 kiralama i\u00e7in y\u00fcksek talep g\u00f6rmektedir. <\/p>\n<p>&#8211; <strong>\u00dcst\u00fcn<\/strong> yat\u0131r\u0131m getirisi <strong>:<\/strong><br \/>\nUygun fiyat\u0131 ve artan cazibesi sayesinde Kuzey K\u0131br\u0131s, genellikle Mayorka&#8217;y\u0131 a\u015fan bir yat\u0131r\u0131m getirisi sunmaktad\u0131r. Bu gizli m\u00fccevherin bilinirli\u011fi artt\u0131k\u00e7a, emlak de\u011ferleri \u00f6nemli \u00f6l\u00e7\u00fcde de\u011fer kazanmaya haz\u0131rlan\u0131yor. <\/p>\n<p>&#8211; <strong>Elveri\u015fli Vergi Avantajlar\u0131:<\/strong><br \/>\nKuzey K\u0131br\u0131s, di\u011fer bir\u00e7ok Akdeniz destinasyonundan daha d\u00fc\u015f\u00fck kurumlar ve emlak vergileri ile vergi dostu bir ortama sahiptir ve bu da anlay\u0131\u015fl\u0131 yat\u0131r\u0131mc\u0131lar i\u00e7in cazibesini art\u0131rmaktad\u0131r.<\/p>\n<p>&#8211; <strong>Karl\u0131 Yat\u0131r\u0131m F\u0131rsat\u0131 :<\/strong><br \/>\nKuzey K\u0131br\u0131s, sonsuza dek s\u00fcrmeyecek uygun fiyatlarla birinci s\u0131n\u0131f bir gayrimenkul yat\u0131r\u0131m f\u0131rsat\u0131 sunuyor. Talep artt\u0131k\u00e7a, emlak de\u011ferleri de y\u00fckselecektir. \u015eimdi piyasa y\u00fckselmeden \u00f6nce yat\u0131r\u0131m yapman\u0131n tam zaman\u0131.  <\/p>\n<h2>Akdeniz Mutlulu\u011funa A\u00e7\u0131lan Kap\u0131n\u0131z<\/h2>\n<p>\u0130ster deneyimli bir yat\u0131r\u0131mc\u0131 ister deniz kenar\u0131nda sakin bir ya\u015fam arayan bir hayalperest olun, Kuzey K\u0131br\u0131s ger\u00e7ekten \u00f6zel bir \u015fey sunuyor. Uygun fiyat, do\u011fal g\u00fczellik ve yat\u0131r\u0131m potansiyelinin benzersiz kombinasyonu, onu Mayorka ve di\u011fer Akdeniz s\u0131cak noktalar\u0131ndan ay\u0131rmaktad\u0131r. <\/p>\n<p>\u015eimdi bu geli\u015fmekte olan cennette yerinizi alman\u0131n tam zaman\u0131. B\u0131rak\u0131n Mediterra Group sizi hayalinizdeki m\u00fclke y\u00f6nlendirsin ve Kuzey K\u0131br\u0131s&#8217;\u0131n e\u015fsiz cazibesini kucaklaman\u0131za yard\u0131mc\u0131 olsun. Akdeniz cennetiniz sizi bekliyor &#8211; ilk ad\u0131m\u0131 bug\u00fcn at\u0131n.  <\/p>\n","protected":false},"excerpt":{"rendered":"<p>M\u00fckemmel bir Akdeniz s\u0131\u011f\u0131na\u011f\u0131 hayal edildi\u011finde akla genellikle Mayorka gelir. Ancak, Kuzey K\u0131br\u0131s&#8217;\u0131n rakipsiz cazibesini hi\u00e7 d\u00fc\u015f\u00fcnd\u00fcn\u00fcz m\u00fc? Bu gizli hazine, do\u011fal g\u00fczellikler, yat\u0131r\u0131m f\u0131rsatlar\u0131 ve eri\u015filebilirli\u011fin m\u00fckemmel bir kar\u0131\u015f\u0131m\u0131n\u0131 sunarak, se\u00e7ici emlak al\u0131c\u0131lar\u0131 i\u00e7in ideal bir se\u00e7imdir. Gelin Kuzey K\u0131br\u0131s&#8217;\u0131n neden di\u011ferlerinin \u00fczerinde durdu\u011funu ke\u015ffedelim. Sahil Kenar\u0131nda Ya\u015fam Yeniden Tan\u0131mland\u0131 Mayorka&#8217;da denize s\u0131f\u0131r m\u00fclkler, [&hellip;]<\/p>\n","protected":false},"author":1,"featured_media":31182,"comment_status":"open","ping_status":"open","sticky":false,"template":"","format":"standard","meta":{"_acf_changed":false,"footnotes":""},"categories":[242],"tags":[],"class_list":["post-33041","post","type-post","status-publish","format-standard","has-post-thumbnail","hentry","category-blog-tr"],"acf":[],"yoast_head":"<!-- This site is optimized with the Yoast SEO plugin v27.5 - https:\/\/yoast.com\/product\/yoast-seo-wordpress\/ -->\n<title>M\u00fclk Al\u0131c\u0131lar\u0131 \u0130\u00e7in Kuzey K\u0131br\u0131s Neden Mayorka&#039;y\u0131 \u00d6ne \u00c7\u0131kar\u0131yor? - Mediterra Group<\/title>\n<meta name=\"robots\" content=\"index, follow, max-snippet:-1, max-image-preview:large, max-video-preview:-1\" \/>\n<link rel=\"canonical\" href=\"https:\/\/mediterra.group\/why-north-cyprus-outshines-majorca-for-property-buyers\/\" \/>\n<meta property=\"og:locale\" content=\"tr_TR\" \/>\n<meta property=\"og:type\" content=\"article\" \/>\n<meta property=\"og:title\" content=\"M\u00fclk Al\u0131c\u0131lar\u0131 \u0130\u00e7in Kuzey K\u0131br\u0131s Neden Mayorka&#039;y\u0131 \u00d6ne \u00c7\u0131kar\u0131yor? - Mediterra Group\" \/>\n<meta property=\"og:description\" content=\"M\u00fckemmel bir Akdeniz s\u0131\u011f\u0131na\u011f\u0131 hayal edildi\u011finde akla genellikle Mayorka gelir. Ancak, Kuzey K\u0131br\u0131s&#8217;\u0131n rakipsiz cazibesini hi\u00e7 d\u00fc\u015f\u00fcnd\u00fcn\u00fcz m\u00fc? Bu gizli hazine, do\u011fal g\u00fczellikler, yat\u0131r\u0131m f\u0131rsatlar\u0131 ve eri\u015filebilirli\u011fin m\u00fckemmel bir kar\u0131\u015f\u0131m\u0131n\u0131 sunarak, se\u00e7ici emlak al\u0131c\u0131lar\u0131 i\u00e7in ideal bir se\u00e7imdir. Gelin Kuzey K\u0131br\u0131s&#8217;\u0131n neden di\u011ferlerinin \u00fczerinde durdu\u011funu ke\u015ffedelim. Sahil Kenar\u0131nda Ya\u015fam Yeniden Tan\u0131mland\u0131 Mayorka&#8217;da denize s\u0131f\u0131r m\u00fclkler, [&hellip;]\" \/>\n<meta property=\"og:url\" content=\"https:\/\/mediterra.group\/why-north-cyprus-outshines-majorca-for-property-buyers\/\" \/>\n<meta property=\"og:site_name\" content=\"Mediterra Group\" \/>\n<meta property=\"article:published_time\" content=\"2025-07-10T13:51:44+00:00\" \/>\n<meta property=\"og:image\" content=\"https:\/\/mediterra.group\/wp-content\/uploads\/2025\/07\/majorca-kapak-gorseli-result174135726997682ISC1.webp\" \/>\n\t<meta property=\"og:image:width\" content=\"626\" \/>\n\t<meta property=\"og:image:height\" content=\"470\" \/>\n\t<meta property=\"og:image:type\" content=\"image\/webp\" \/>\n<meta name=\"author\" content=\"prfj\" \/>\n<meta name=\"twitter:card\" content=\"summary_large_image\" \/>\n<meta name=\"twitter:label1\" content=\"Yazan:\" \/>\n\t<meta name=\"twitter:data1\" content=\"prfj\" \/>\n\t<meta name=\"twitter:label2\" content=\"Tahmini okuma s\u00fcresi\" \/>\n\t<meta name=\"twitter:data2\" content=\"4 dakika\" \/>\n<script type=\"application\/ld+json\" class=\"yoast-schema-graph\">{\"@context\":\"https:\\\/\\\/schema.org\",\"@graph\":[{\"@type\":\"Article\",\"@id\":\"https:\\\/\\\/mediterra.group\\\/why-north-cyprus-outshines-majorca-for-property-buyers\\\/#article\",\"isPartOf\":{\"@id\":\"https:\\\/\\\/mediterra.group\\\/why-north-cyprus-outshines-majorca-for-property-buyers\\\/\"},\"author\":{\"name\":\"prfj\",\"@id\":\"https:\\\/\\\/mediterra.group\\\/ar\\\/#\\\/schema\\\/person\\\/7db86f2bc7783cf0f27705320203bffb\"},\"headline\":\"M\u00fclk Al\u0131c\u0131lar\u0131 \u0130\u00e7in Kuzey K\u0131br\u0131s Neden Mayorka&#8217;y\u0131 \u00d6ne \u00c7\u0131kar\u0131yor?\",\"datePublished\":\"2025-07-10T13:51:44+00:00\",\"mainEntityOfPage\":{\"@id\":\"https:\\\/\\\/mediterra.group\\\/why-north-cyprus-outshines-majorca-for-property-buyers\\\/\"},\"wordCount\":736,\"commentCount\":0,\"image\":{\"@id\":\"https:\\\/\\\/mediterra.group\\\/why-north-cyprus-outshines-majorca-for-property-buyers\\\/#primaryimage\"},\"thumbnailUrl\":\"https:\\\/\\\/mediterra.group\\\/wp-content\\\/uploads\\\/2025\\\/07\\\/majorca-kapak-gorseli-result174135726997682ISC1.webp\",\"articleSection\":[\"BLOG\"],\"inLanguage\":\"tr\",\"potentialAction\":[{\"@type\":\"CommentAction\",\"name\":\"Comment\",\"target\":[\"https:\\\/\\\/mediterra.group\\\/why-north-cyprus-outshines-majorca-for-property-buyers\\\/#respond\"]}]},{\"@type\":\"WebPage\",\"@id\":\"https:\\\/\\\/mediterra.group\\\/why-north-cyprus-outshines-majorca-for-property-buyers\\\/\",\"url\":\"https:\\\/\\\/mediterra.group\\\/why-north-cyprus-outshines-majorca-for-property-buyers\\\/\",\"name\":\"M\u00fclk Al\u0131c\u0131lar\u0131 \u0130\u00e7in Kuzey K\u0131br\u0131s Neden Mayorka'y\u0131 \u00d6ne \u00c7\u0131kar\u0131yor? - Mediterra Group\",\"isPartOf\":{\"@id\":\"https:\\\/\\\/mediterra.group\\\/ar\\\/#website\"},\"primaryImageOfPage\":{\"@id\":\"https:\\\/\\\/mediterra.group\\\/why-north-cyprus-outshines-majorca-for-property-buyers\\\/#primaryimage\"},\"image\":{\"@id\":\"https:\\\/\\\/mediterra.group\\\/why-north-cyprus-outshines-majorca-for-property-buyers\\\/#primaryimage\"},\"thumbnailUrl\":\"https:\\\/\\\/mediterra.group\\\/wp-content\\\/uploads\\\/2025\\\/07\\\/majorca-kapak-gorseli-result174135726997682ISC1.webp\",\"datePublished\":\"2025-07-10T13:51:44+00:00\",\"author\":{\"@id\":\"https:\\\/\\\/mediterra.group\\\/ar\\\/#\\\/schema\\\/person\\\/7db86f2bc7783cf0f27705320203bffb\"},\"breadcrumb\":{\"@id\":\"https:\\\/\\\/mediterra.group\\\/why-north-cyprus-outshines-majorca-for-property-buyers\\\/#breadcrumb\"},\"inLanguage\":\"tr\",\"potentialAction\":[{\"@type\":\"ReadAction\",\"target\":[\"https:\\\/\\\/mediterra.group\\\/why-north-cyprus-outshines-majorca-for-property-buyers\\\/\"]}]},{\"@type\":\"ImageObject\",\"inLanguage\":\"tr\",\"@id\":\"https:\\\/\\\/mediterra.group\\\/why-north-cyprus-outshines-majorca-for-property-buyers\\\/#primaryimage\",\"url\":\"https:\\\/\\\/mediterra.group\\\/wp-content\\\/uploads\\\/2025\\\/07\\\/majorca-kapak-gorseli-result174135726997682ISC1.webp\",\"contentUrl\":\"https:\\\/\\\/mediterra.group\\\/wp-content\\\/uploads\\\/2025\\\/07\\\/majorca-kapak-gorseli-result174135726997682ISC1.webp\",\"width\":626,\"height\":470},{\"@type\":\"BreadcrumbList\",\"@id\":\"https:\\\/\\\/mediterra.group\\\/why-north-cyprus-outshines-majorca-for-property-buyers\\\/#breadcrumb\",\"itemListElement\":[{\"@type\":\"ListItem\",\"position\":1,\"name\":\"Home\",\"item\":\"https:\\\/\\\/mediterra.group\\\/tr\\\/\"},{\"@type\":\"ListItem\",\"position\":2,\"name\":\"M\u00fclk Al\u0131c\u0131lar\u0131 \u0130\u00e7in Kuzey K\u0131br\u0131s Neden Mayorka&#8217;y\u0131 \u00d6ne \u00c7\u0131kar\u0131yor?\"}]},{\"@type\":\"WebSite\",\"@id\":\"https:\\\/\\\/mediterra.group\\\/ar\\\/#website\",\"url\":\"https:\\\/\\\/mediterra.group\\\/ar\\\/\",\"name\":\"Mediterra Group\",\"description\":\"\",\"potentialAction\":[{\"@type\":\"SearchAction\",\"target\":{\"@type\":\"EntryPoint\",\"urlTemplate\":\"https:\\\/\\\/mediterra.group\\\/ar\\\/?s={search_term_string}\"},\"query-input\":{\"@type\":\"PropertyValueSpecification\",\"valueRequired\":true,\"valueName\":\"search_term_string\"}}],\"inLanguage\":\"tr\"},{\"@type\":\"Person\",\"@id\":\"https:\\\/\\\/mediterra.group\\\/ar\\\/#\\\/schema\\\/person\\\/7db86f2bc7783cf0f27705320203bffb\",\"name\":\"prfj\",\"image\":{\"@type\":\"ImageObject\",\"inLanguage\":\"tr\",\"@id\":\"https:\\\/\\\/secure.gravatar.com\\\/avatar\\\/efc76156b22a6391dfe826fa01e611bcd5dacefe7489936136b7f4d5eb1c0fb4?s=96&d=mm&r=g\",\"url\":\"https:\\\/\\\/secure.gravatar.com\\\/avatar\\\/efc76156b22a6391dfe826fa01e611bcd5dacefe7489936136b7f4d5eb1c0fb4?s=96&d=mm&r=g\",\"contentUrl\":\"https:\\\/\\\/secure.gravatar.com\\\/avatar\\\/efc76156b22a6391dfe826fa01e611bcd5dacefe7489936136b7f4d5eb1c0fb4?s=96&d=mm&r=g\",\"caption\":\"prfj\"},\"sameAs\":[\"https:\\\/\\\/mediterra.group\"],\"url\":\"https:\\\/\\\/mediterra.group\\\/tr\\\/author\\\/prfj\\\/\"}]}<\/script>\n<!-- \/ Yoast SEO plugin. -->","yoast_head_json":{"title":"M\u00fclk Al\u0131c\u0131lar\u0131 \u0130\u00e7in Kuzey K\u0131br\u0131s Neden Mayorka'y\u0131 \u00d6ne \u00c7\u0131kar\u0131yor? - Mediterra Group","robots":{"index":"index","follow":"follow","max-snippet":"max-snippet:-1","max-image-preview":"max-image-preview:large","max-video-preview":"max-video-preview:-1"},"canonical":"https:\/\/mediterra.group\/why-north-cyprus-outshines-majorca-for-property-buyers\/","og_locale":"tr_TR","og_type":"article","og_title":"M\u00fclk Al\u0131c\u0131lar\u0131 \u0130\u00e7in Kuzey K\u0131br\u0131s Neden Mayorka'y\u0131 \u00d6ne \u00c7\u0131kar\u0131yor? - Mediterra Group","og_description":"M\u00fckemmel bir Akdeniz s\u0131\u011f\u0131na\u011f\u0131 hayal edildi\u011finde akla genellikle Mayorka gelir. Ancak, Kuzey K\u0131br\u0131s&#8217;\u0131n rakipsiz cazibesini hi\u00e7 d\u00fc\u015f\u00fcnd\u00fcn\u00fcz m\u00fc? Bu gizli hazine, do\u011fal g\u00fczellikler, yat\u0131r\u0131m f\u0131rsatlar\u0131 ve eri\u015filebilirli\u011fin m\u00fckemmel bir kar\u0131\u015f\u0131m\u0131n\u0131 sunarak, se\u00e7ici emlak al\u0131c\u0131lar\u0131 i\u00e7in ideal bir se\u00e7imdir. Gelin Kuzey K\u0131br\u0131s&#8217;\u0131n neden di\u011ferlerinin \u00fczerinde durdu\u011funu ke\u015ffedelim. Sahil Kenar\u0131nda Ya\u015fam Yeniden Tan\u0131mland\u0131 Mayorka&#8217;da denize s\u0131f\u0131r m\u00fclkler, [&hellip;]","og_url":"https:\/\/mediterra.group\/why-north-cyprus-outshines-majorca-for-property-buyers\/","og_site_name":"Mediterra Group","article_published_time":"2025-07-10T13:51:44+00:00","og_image":[{"width":626,"height":470,"url":"https:\/\/mediterra.group\/wp-content\/uploads\/2025\/07\/majorca-kapak-gorseli-result174135726997682ISC1.webp","type":"image\/webp"}],"author":"prfj","twitter_card":"summary_large_image","twitter_misc":{"Yazan:":"prfj","Tahmini okuma s\u00fcresi":"4 dakika"},"schema":{"@context":"https:\/\/schema.org","@graph":[{"@type":"Article","@id":"https:\/\/mediterra.group\/why-north-cyprus-outshines-majorca-for-property-buyers\/#article","isPartOf":{"@id":"https:\/\/mediterra.group\/why-north-cyprus-outshines-majorca-for-property-buyers\/"},"author":{"name":"prfj","@id":"https:\/\/mediterra.group\/ar\/#\/schema\/person\/7db86f2bc7783cf0f27705320203bffb"},"headline":"M\u00fclk Al\u0131c\u0131lar\u0131 \u0130\u00e7in Kuzey K\u0131br\u0131s Neden Mayorka&#8217;y\u0131 \u00d6ne \u00c7\u0131kar\u0131yor?","datePublished":"2025-07-10T13:51:44+00:00","mainEntityOfPage":{"@id":"https:\/\/mediterra.group\/why-north-cyprus-outshines-majorca-for-property-buyers\/"},"wordCount":736,"commentCount":0,"image":{"@id":"https:\/\/mediterra.group\/why-north-cyprus-outshines-majorca-for-property-buyers\/#primaryimage"},"thumbnailUrl":"https:\/\/mediterra.group\/wp-content\/uploads\/2025\/07\/majorca-kapak-gorseli-result174135726997682ISC1.webp","articleSection":["BLOG"],"inLanguage":"tr","potentialAction":[{"@type":"CommentAction","name":"Comment","target":["https:\/\/mediterra.group\/why-north-cyprus-outshines-majorca-for-property-buyers\/#respond"]}]},{"@type":"WebPage","@id":"https:\/\/mediterra.group\/why-north-cyprus-outshines-majorca-for-property-buyers\/","url":"https:\/\/mediterra.group\/why-north-cyprus-outshines-majorca-for-property-buyers\/","name":"M\u00fclk Al\u0131c\u0131lar\u0131 \u0130\u00e7in Kuzey K\u0131br\u0131s Neden Mayorka'y\u0131 \u00d6ne \u00c7\u0131kar\u0131yor? - Mediterra Group","isPartOf":{"@id":"https:\/\/mediterra.group\/ar\/#website"},"primaryImageOfPage":{"@id":"https:\/\/mediterra.group\/why-north-cyprus-outshines-majorca-for-property-buyers\/#primaryimage"},"image":{"@id":"https:\/\/mediterra.group\/why-north-cyprus-outshines-majorca-for-property-buyers\/#primaryimage"},"thumbnailUrl":"https:\/\/mediterra.group\/wp-content\/uploads\/2025\/07\/majorca-kapak-gorseli-result174135726997682ISC1.webp","datePublished":"2025-07-10T13:51:44+00:00","author":{"@id":"https:\/\/mediterra.group\/ar\/#\/schema\/person\/7db86f2bc7783cf0f27705320203bffb"},"breadcrumb":{"@id":"https:\/\/mediterra.group\/why-north-cyprus-outshines-majorca-for-property-buyers\/#breadcrumb"},"inLanguage":"tr","potentialAction":[{"@type":"ReadAction","target":["https:\/\/mediterra.group\/why-north-cyprus-outshines-majorca-for-property-buyers\/"]}]},{"@type":"ImageObject","inLanguage":"tr","@id":"https:\/\/mediterra.group\/why-north-cyprus-outshines-majorca-for-property-buyers\/#primaryimage","url":"https:\/\/mediterra.group\/wp-content\/uploads\/2025\/07\/majorca-kapak-gorseli-result174135726997682ISC1.webp","contentUrl":"https:\/\/mediterra.group\/wp-content\/uploads\/2025\/07\/majorca-kapak-gorseli-result174135726997682ISC1.webp","width":626,"height":470},{"@type":"BreadcrumbList","@id":"https:\/\/mediterra.group\/why-north-cyprus-outshines-majorca-for-property-buyers\/#breadcrumb","itemListElement":[{"@type":"ListItem","position":1,"name":"Home","item":"https:\/\/mediterra.group\/tr\/"},{"@type":"ListItem","position":2,"name":"M\u00fclk Al\u0131c\u0131lar\u0131 \u0130\u00e7in Kuzey K\u0131br\u0131s Neden Mayorka&#8217;y\u0131 \u00d6ne \u00c7\u0131kar\u0131yor?"}]},{"@type":"WebSite","@id":"https:\/\/mediterra.group\/ar\/#website","url":"https:\/\/mediterra.group\/ar\/","name":"Mediterra Group","description":"","potentialAction":[{"@type":"SearchAction","target":{"@type":"EntryPoint","urlTemplate":"https:\/\/mediterra.group\/ar\/?s={search_term_string}"},"query-input":{"@type":"PropertyValueSpecification","valueRequired":true,"valueName":"search_term_string"}}],"inLanguage":"tr"},{"@type":"Person","@id":"https:\/\/mediterra.group\/ar\/#\/schema\/person\/7db86f2bc7783cf0f27705320203bffb","name":"prfj","image":{"@type":"ImageObject","inLanguage":"tr","@id":"https:\/\/secure.gravatar.com\/avatar\/efc76156b22a6391dfe826fa01e611bcd5dacefe7489936136b7f4d5eb1c0fb4?s=96&d=mm&r=g","url":"https:\/\/secure.gravatar.com\/avatar\/efc76156b22a6391dfe826fa01e611bcd5dacefe7489936136b7f4d5eb1c0fb4?s=96&d=mm&r=g","contentUrl":"https:\/\/secure.gravatar.com\/avatar\/efc76156b22a6391dfe826fa01e611bcd5dacefe7489936136b7f4d5eb1c0fb4?s=96&d=mm&r=g","caption":"prfj"},"sameAs":["https:\/\/mediterra.group"],"url":"https:\/\/mediterra.group\/tr\/author\/prfj\/"}]}},"_links":{"self":[{"href":"https:\/\/mediterra.group\/tr\/wp-json\/wp\/v2\/posts\/33041","targetHints":{"allow":["GET"]}}],"collection":[{"href":"https:\/\/mediterra.group\/tr\/wp-json\/wp\/v2\/posts"}],"about":[{"href":"https:\/\/mediterra.group\/tr\/wp-json\/wp\/v2\/types\/post"}],"author":[{"embeddable":true,"href":"https:\/\/mediterra.group\/tr\/wp-json\/wp\/v2\/users\/1"}],"replies":[{"embeddable":true,"href":"https:\/\/mediterra.group\/tr\/wp-json\/wp\/v2\/comments?post=33041"}],"version-history":[{"count":0,"href":"https:\/\/mediterra.group\/tr\/wp-json\/wp\/v2\/posts\/33041\/revisions"}],"wp:featuredmedia":[{"embeddable":true,"href":"https:\/\/mediterra.group\/tr\/wp-json\/wp\/v2\/media\/31182"}],"wp:attachment":[{"href":"https:\/\/mediterra.group\/tr\/wp-json\/wp\/v2\/media?parent=33041"}],"wp:term":[{"taxonomy":"category","embeddable":true,"href":"https:\/\/mediterra.group\/tr\/wp-json\/wp\/v2\/categories?post=33041"},{"taxonomy":"post_tag","embeddable":true,"href":"https:\/\/mediterra.group\/tr\/wp-json\/wp\/v2\/tags?post=33041"}],"curies":[{"name":"wp","href":"https:\/\/api.w.org\/{rel}","templated":true}]}}