{"id":33020,"date":"2025-07-10T14:00:30","date_gmt":"2025-07-10T14:00:30","guid":{"rendered":"https:\/\/mediterra.group\/kibrista-gayrimenkule-yatirim-yapmak-mantikli-mi\/"},"modified":"2025-07-10T14:00:30","modified_gmt":"2025-07-10T14:00:30","slug":"kibrista-gayrimenkule-yatirim-yapmak-mantikli-mi","status":"publish","type":"post","link":"https:\/\/mediterra.group\/tr\/kibrista-gayrimenkule-yatirim-yapmak-mantikli-mi\/","title":{"rendered":"K\u0131br\u0131s&#8217;ta Gayrimenkule Yat\u0131r\u0131m Yapmak Mant\u0131kl\u0131 m\u0131?"},"content":{"rendered":"<div class=\"container-fluid p-0\">\n<div class=\"row\">\n<div class=\"col-12 col-lg-10\">\n<div class=\"boxes\">\n<div class=\"box-up\">\n<div class=\"event-box\"><img decoding=\"async\" class=\"w-100 mb-3\" src=\"https:\/\/www.mediterrapm.com\/public\/media\/uploads\/editor\/blog\/blog\/6-december-2024-articles\/yatirim-ic-gorsel.webp\" alt=\"\">K\u0131br\u0131s, tarihi ve k\u00fclt\u00fcrel zenginlikleri, do\u011fal g\u00fczellikleri ve s\u0131cak insanlar\u0131yla her zaman bir cazibe merkezi olmu\u015ftur. &#8220;Akdeniz&#8217;in incisi&#8221; olarak bilinen bu g\u00fczel ada, son zamanlarda gayrimenkul yat\u0131r\u0131mlar\u0131 i\u00e7in de dikkat \u00e7ekici hale geldi. K\u0131br\u0131s&#8217;ta ev sat\u0131n almak i\u00e7in pek \u00e7ok neden var. Her \u015feyden \u00f6nce K\u0131br\u0131s&#8217;\u0131n stratejik konumu onu Avrupa, Asya ve Afrika&#8217;n\u0131n kesi\u015fme noktas\u0131nda konumland\u0131rmakta ve hem ticaret hem de ula\u015f\u0131m a\u00e7\u0131s\u0131ndan \u00f6nemli avantajlar sunmaktad\u0131r.   <\/p>\n<p>Akdeniz iklimi ile y\u0131l boyunca g\u00fcne\u015fli havas\u0131 ile a\u00e7\u0131k hava etkinlikleri i\u00e7in m\u00fckemmel bir ortam sa\u011flamaktad\u0131r. Ayr\u0131ca K\u0131br\u0131s son y\u0131llarda \u00f6nemli bir ekonomik d\u00f6n\u00fc\u015f\u00fcm ge\u00e7irmi\u015ftir ve emlak sekt\u00f6r\u00fc hem yerli hem de yabanc\u0131 yat\u0131r\u0131mc\u0131lar i\u00e7in bir\u00e7ok f\u0131rsat sunmaktad\u0131r. Devlet te\u015fvikleri ve deste\u011fi de yat\u0131r\u0131mc\u0131lar\u0131 cezbetmektedir. K\u0131br\u0131s&#8217;\u0131n zengin tarihi ve k\u00fclt\u00fcrel miras\u0131, antik kal\u0131nt\u0131lardan geleneksel k\u00f6ylere kadar bir\u00e7ok g\u00fczellik sunmaktad\u0131r. K\u00fclt\u00fcrel festivaller ve yerel etkinlikler adan\u0131n canl\u0131 sosyal ya\u015fam\u0131n\u0131n ayr\u0131lmaz bir par\u00e7as\u0131 haline gelmi\u015ftir. T\u00fcm bu unsurlar K\u0131br\u0131s&#8217;\u0131 y\u00fcksek kaliteli, g\u00fcvenli ve misafirperver bir ya\u015fam destinasyonu haline getirmektedir. Bu nedenle K\u0131br\u0131s&#8217;ta ev sat\u0131n almak hem ya\u015fam alan\u0131 hem de yat\u0131r\u0131m f\u0131rsat\u0131 arayanlar i\u00e7in cazip bir se\u00e7enek olarak \u00f6ne \u00e7\u0131kmaktad\u0131r.      <\/p>\n<p>Peki, K\u0131br\u0131s&#8217;ta gayrimenkule yat\u0131r\u0131m yapmak mant\u0131kl\u0131 m\u0131? Gelin daha yak\u0131ndan bakal\u0131m. <\/p>\n<h2>K\u0131br\u0131s&#8217;\u0131n Sundu\u011fu F\u0131rsatlar<\/h2>\n<p>K\u0131br\u0131s, stratejik konumu sayesinde hem Avrupa hem de Orta Do\u011fu pazarlar\u0131na kolay eri\u015fim sa\u011flamaktad\u0131r. Bu da uluslararas\u0131 yat\u0131r\u0131mc\u0131lar i\u00e7in \u00f6nemli bir avantajd\u0131r. K\u0131br\u0131s, yabanc\u0131 yat\u0131r\u0131mc\u0131lara \u00e7e\u015fitli te\u015fvikler sunarak adan\u0131n ekonomik b\u00fcy\u00fcmesine katk\u0131da bulunmaktad\u0131r. \u00d6rne\u011fin, son y\u0131llarda yabanc\u0131lar\u0131n m\u00fclk edinmesi i\u00e7in basitle\u015ftirilmi\u015f yasal s\u00fcre\u00e7ler K\u0131br\u0131s&#8217;\u0131 cazip k\u0131lan fakt\u00f6rlerden biridir.   <\/p>\n<p>Sonu\u00e7 olarak, b\u00f6lgedeki emlak piyasas\u0131 olduk\u00e7a dinamik hale gelmi\u015ftir. Yeni konut projeleri, l\u00fcks tatil k\u00f6yleri ve ticari m\u00fclkler potansiyel yat\u0131r\u0131mc\u0131lar i\u00e7in geni\u015f bir se\u00e7enek yelpazesi sunmaktad\u0131r. \u00d6zellikle yaz aylar\u0131nda adada turizm sezonunun artmas\u0131yla birlikte emlak fiyatlar\u0131 h\u0131zla y\u00fckselmektedir. Ba\u015fka bir deyi\u015fle, \u015fimdi K\u0131br\u0131s&#8217;ta yat\u0131r\u0131m yapman\u0131n tam zaman\u0131!   <\/p>\n<h2>Ekonomik Geli\u015fmeler<\/h2>\n<p>Son y\u0131llarda K\u0131br\u0131s \u00f6nemli bir ekonomik d\u00f6n\u00fc\u015f\u00fcm ge\u00e7irmi\u015ftir. Gayrimenkul sekt\u00f6r\u00fcndeki geli\u015fmeler yerel halk\u0131n ya\u015fam standartlar\u0131n\u0131 y\u00fckseltmi\u015f ve yabanc\u0131 yat\u0131r\u0131mc\u0131lar i\u00e7in yeni f\u0131rsatlar sunmu\u015ftur. \u00d6zellikle turizm ve in\u015faat sekt\u00f6rlerindeki canl\u0131l\u0131kla birlikte adan\u0131n ekonomik b\u00fcy\u00fcme h\u0131z\u0131 artm\u0131\u015ft\u0131r.  <\/p>\n<p>K\u0131br\u0131s h\u00fck\u00fcmeti yat\u0131r\u0131mc\u0131lar\u0131 \u00e7ekmek i\u00e7in bir\u00e7ok te\u015fvik ve destek program\u0131 geli\u015ftirmi\u015ftir. \u00d6rne\u011fin, belirli bir miktar\u0131n \u00fczerinde emlak yat\u0131r\u0131m\u0131 yapan yabanc\u0131lar K\u0131br\u0131s vatanda\u015fl\u0131\u011f\u0131na ba\u015fvurma hakk\u0131na sahiptir. Bu durum \u00f6zellikle yat\u0131r\u0131mc\u0131lar i\u00e7in g\u00fc\u00e7l\u00fc bir cazibe yarat\u0131yor. B\u00f6ylece sadece m\u00fclk sahibi olmakla kalm\u0131yor, ayn\u0131 zamanda K\u0131br\u0131s vatanda\u015fl\u0131\u011f\u0131n\u0131n sundu\u011fu avantajlardan da faydalan\u0131yorsunuz.   <\/p>\n<h2>Ya\u015fam Kalitesi ve K\u00fclt\u00fcrel Zenginlik<\/h2>\n<p>K\u0131br\u0131s sadece bir yat\u0131r\u0131m destinasyonu de\u011fil, ayn\u0131 zamanda y\u00fcksek ya\u015fam kalitesine sahip bir yerdir. Akdeniz ikliminin sa\u011flad\u0131\u011f\u0131 \u0131l\u0131k yazlar ve \u0131l\u0131man k\u0131\u015flar buray\u0131 ya\u015famak i\u00e7in ideal k\u0131lmaktad\u0131r. Temiz plajlar\u0131, ye\u015fil do\u011fas\u0131 ve s\u0131cakkanl\u0131 insanlar\u0131yla K\u0131br\u0131s&#8217;\u0131n do\u011fal g\u00fczelli\u011fi y\u00fcksek bir ya\u015fam standard\u0131 sunmaktad\u0131r. Ayr\u0131ca K\u0131br\u0131s&#8217;\u0131n zengin k\u00fclt\u00fcrel dokusu, geleneksel festivalleri ve lezzetli mutfa\u011f\u0131 da dikkat \u00e7ekicidir. Adan\u0131n yerel mutfa\u011f\u0131 taze Akdeniz sebzeleri ve deniz \u00fcr\u00fcnlerini harmanl\u0131yor. \u00d6zellikle meze k\u00fclt\u00fcr\u00fc sosyal ya\u015fam\u0131n \u00f6nemli bir par\u00e7as\u0131d\u0131r. Aile veya arkada\u015flarla yenen yemekler K\u0131br\u0131s&#8217;\u0131n s\u0131cak insanlar\u0131yla etkile\u015fimi daha da derinle\u015ftirir. Yat\u0131r\u0131m yapt\u0131\u011f\u0131n\u0131z m\u00fclk sadece finansal getiri de\u011fil, hayat\u0131n\u0131za de\u011fer katacak an\u0131lar da sunabilir.       <\/p>\n<h2>K\u0131br\u0131s&#8217;ta Gayrimenkul Yat\u0131r\u0131m\u0131 Yaparken Dikkat Edilmesi Gerekenler<\/h2>\n<p>K\u0131br\u0131s&#8217;ta gayrimenkul yat\u0131r\u0131m\u0131 yaparken g\u00f6z \u00f6n\u00fcnde bulundurulmas\u0131 gereken bir\u00e7ok ayr\u0131nt\u0131 vard\u0131r. \u00d6ncelikle yat\u0131r\u0131m yapmay\u0131 planlad\u0131\u011f\u0131n\u0131z b\u00f6lgeyi iyice analiz etmelisiniz. \u00d6rne\u011fin, yaz aylar\u0131nda y\u00fcksek talep g\u00f6ren turistik b\u00f6lgeler yat\u0131r\u0131m i\u00e7in daha karl\u0131 olabilir. Girne, Lefko\u015fa ve Gazima\u011fusa gibi b\u00f6lgeler hem yerli hem de yabanc\u0131 yat\u0131r\u0131mc\u0131lar taraf\u0131ndan s\u0131kl\u0131kla tercih edilmektedir.   <\/p>\n<p>Yasal s\u00fcre\u00e7ler dikkat edilmesi gereken bir di\u011fer \u00f6nemli husustur. K\u0131br\u0131s&#8217;ta m\u00fclk edinmek i\u00e7in baz\u0131 yasal prosed\u00fcrler vard\u0131r. Do\u011fru m\u00fclk\u00fc se\u00e7mek kadar bu s\u00fcre\u00e7leri do\u011fru bir \u015fekilde y\u00f6netmek de \u00f6nemlidir.  <\/p>\n<h2>Uzman Deste\u011finin \u00d6nemi<\/h2>\n<p>K\u0131br\u0131s&#8217;ta gayrimenkul yat\u0131r\u0131m\u0131 yaparken uzman yard\u0131m\u0131 almak \u00e7ok \u00f6nemlidir. Uzmanlar yerel pazar dinamikleri, yasal s\u00fcre\u00e7ler ve do\u011fru m\u00fclk se\u00e7imi konusunda size rehberlik edebilir. Uzman dan\u0131\u015fmanlar\u0131m\u0131zla ileti\u015fime ge\u00e7in ve ihtiya\u00e7lar\u0131n\u0131za uygun en iyi yat\u0131r\u0131m f\u0131rsatlar\u0131n\u0131 ke\u015ffedin.  <\/p>\n<p>Dan\u0131\u015fmanlar\u0131m\u0131z piyasa e\u011filimlerini, fiyatlar\u0131 ve potansiyel getirileri de\u011ferlendirmenize yard\u0131mc\u0131 olur. Ayr\u0131ca adan\u0131n sundu\u011fu f\u0131rsatlar\u0131 daha iyi anlaman\u0131za yard\u0131mc\u0131 olurlar. Bu \u015fekilde yat\u0131r\u0131m karar\u0131n\u0131z\u0131 sa\u011flam temellere dayand\u0131rabilirsiniz.  <\/p>\n<p>K\u0131br\u0131s sadece g\u00fczel bir tatil beldesi de\u011fil, ayn\u0131 zamanda karl\u0131 bir yat\u0131r\u0131m alan\u0131d\u0131r. G\u00fcne\u015fli plajlar\u0131, tarihi yerleri ve zengin k\u00fclt\u00fcr\u00fcyle bu ada, hem ya\u015famak i\u00e7in bir yer arayanlar hem de yat\u0131r\u0131mc\u0131lar i\u00e7in cazip bir se\u00e7enek sunuyor. K\u0131br\u0131s&#8217;ta gayrimenkul yat\u0131r\u0131m\u0131 yapmay\u0131 d\u00fc\u015f\u00fcn\u00fcyorsan\u0131z, do\u011fru zaman \u015fimdi!  <\/p>\n<p>Unutmay\u0131n, uzman dan\u0131\u015fmanlar\u0131m\u0131z size yat\u0131r\u0131m s\u00fcrecinizi kolayla\u015ft\u0131racak de\u011ferli bilgiler sa\u011flayacakt\u0131r. K\u0131br\u0131s&#8217;ta size uygun f\u0131rsatlar\u0131 ke\u015ffetmek i\u00e7in hemen harekete ge\u00e7in. Yeni bir hayat \u00e7ok uzakta de\u011fil!  <\/p>\n<\/div>\n<\/div>\n<\/div>\n<\/div>\n<\/div>\n<\/div>\n","protected":false},"excerpt":{"rendered":"<p>K\u0131br\u0131s, tarihi ve k\u00fclt\u00fcrel zenginlikleri, do\u011fal g\u00fczellikleri ve s\u0131cak insanlar\u0131yla her zaman bir cazibe merkezi olmu\u015ftur. &#8220;Akdeniz&#8217;in incisi&#8221; olarak bilinen bu g\u00fczel ada, son zamanlarda gayrimenkul yat\u0131r\u0131mlar\u0131 i\u00e7in de dikkat \u00e7ekici hale geldi. K\u0131br\u0131s&#8217;ta ev sat\u0131n almak i\u00e7in pek \u00e7ok neden var. Her \u015feyden \u00f6nce K\u0131br\u0131s&#8217;\u0131n stratejik konumu onu Avrupa, Asya ve Afrika&#8217;n\u0131n kesi\u015fme noktas\u0131nda [&hellip;]<\/p>\n","protected":false},"author":1,"featured_media":31217,"comment_status":"open","ping_status":"open","sticky":false,"template":"","format":"standard","meta":{"_acf_changed":false,"footnotes":""},"categories":[242],"tags":[],"class_list":["post-33020","post","type-post","status-publish","format-standard","has-post-thumbnail","hentry","category-blog-tr"],"acf":[],"yoast_head":"<!-- This site is optimized with the Yoast SEO plugin v27.5 - https:\/\/yoast.com\/product\/yoast-seo-wordpress\/ -->\n<title>K\u0131br\u0131s&#039;ta Gayrimenkule Yat\u0131r\u0131m Yapmak Mant\u0131kl\u0131 m\u0131? - Mediterra Group<\/title>\n<meta name=\"robots\" content=\"index, follow, max-snippet:-1, max-image-preview:large, max-video-preview:-1\" \/>\n<link rel=\"canonical\" href=\"https:\/\/mediterra.group\/is-it-rational-to-invest-in-real-estate-in-cyprus\/\" \/>\n<meta property=\"og:locale\" content=\"tr_TR\" \/>\n<meta property=\"og:type\" content=\"article\" \/>\n<meta property=\"og:title\" content=\"K\u0131br\u0131s&#039;ta Gayrimenkule Yat\u0131r\u0131m Yapmak Mant\u0131kl\u0131 m\u0131? - Mediterra Group\" \/>\n<meta property=\"og:description\" content=\"K\u0131br\u0131s, tarihi ve k\u00fclt\u00fcrel zenginlikleri, do\u011fal g\u00fczellikleri ve s\u0131cak insanlar\u0131yla her zaman bir cazibe merkezi olmu\u015ftur. &#8220;Akdeniz&#8217;in incisi&#8221; olarak bilinen bu g\u00fczel ada, son zamanlarda gayrimenkul yat\u0131r\u0131mlar\u0131 i\u00e7in de dikkat \u00e7ekici hale geldi. K\u0131br\u0131s&#8217;ta ev sat\u0131n almak i\u00e7in pek \u00e7ok neden var. Her \u015feyden \u00f6nce K\u0131br\u0131s&#8217;\u0131n stratejik konumu onu Avrupa, Asya ve Afrika&#8217;n\u0131n kesi\u015fme noktas\u0131nda [&hellip;]\" \/>\n<meta property=\"og:url\" content=\"https:\/\/mediterra.group\/is-it-rational-to-invest-in-real-estate-in-cyprus\/\" \/>\n<meta property=\"og:site_name\" content=\"Mediterra Group\" \/>\n<meta property=\"article:published_time\" content=\"2025-07-10T14:00:30+00:00\" \/>\n<meta property=\"og:image\" content=\"https:\/\/mediterra.group\/wp-content\/uploads\/2025\/07\/is-it-rational-to-invest-in-real-estate-in-cyprus17343318467684IsAsR.webp\" \/>\n\t<meta property=\"og:image:width\" content=\"626\" \/>\n\t<meta property=\"og:image:height\" content=\"470\" \/>\n\t<meta property=\"og:image:type\" content=\"image\/webp\" \/>\n<meta name=\"author\" content=\"prfj\" \/>\n<meta name=\"twitter:card\" content=\"summary_large_image\" \/>\n<meta name=\"twitter:label1\" content=\"Yazan:\" \/>\n\t<meta name=\"twitter:data1\" content=\"prfj\" \/>\n\t<meta name=\"twitter:label2\" content=\"Tahmini okuma s\u00fcresi\" \/>\n\t<meta name=\"twitter:data2\" content=\"6 dakika\" \/>\n<script type=\"application\/ld+json\" class=\"yoast-schema-graph\">{\"@context\":\"https:\\\/\\\/schema.org\",\"@graph\":[{\"@type\":\"Article\",\"@id\":\"https:\\\/\\\/mediterra.group\\\/is-it-rational-to-invest-in-real-estate-in-cyprus\\\/#article\",\"isPartOf\":{\"@id\":\"https:\\\/\\\/mediterra.group\\\/is-it-rational-to-invest-in-real-estate-in-cyprus\\\/\"},\"author\":{\"name\":\"prfj\",\"@id\":\"https:\\\/\\\/mediterra.group\\\/ar\\\/#\\\/schema\\\/person\\\/7db86f2bc7783cf0f27705320203bffb\"},\"headline\":\"K\u0131br\u0131s&#8217;ta Gayrimenkule Yat\u0131r\u0131m Yapmak Mant\u0131kl\u0131 m\u0131?\",\"datePublished\":\"2025-07-10T14:00:30+00:00\",\"mainEntityOfPage\":{\"@id\":\"https:\\\/\\\/mediterra.group\\\/is-it-rational-to-invest-in-real-estate-in-cyprus\\\/\"},\"wordCount\":1152,\"commentCount\":0,\"image\":{\"@id\":\"https:\\\/\\\/mediterra.group\\\/is-it-rational-to-invest-in-real-estate-in-cyprus\\\/#primaryimage\"},\"thumbnailUrl\":\"https:\\\/\\\/mediterra.group\\\/wp-content\\\/uploads\\\/2025\\\/07\\\/is-it-rational-to-invest-in-real-estate-in-cyprus17343318467684IsAsR.webp\",\"articleSection\":[\"BLOG\"],\"inLanguage\":\"tr\",\"potentialAction\":[{\"@type\":\"CommentAction\",\"name\":\"Comment\",\"target\":[\"https:\\\/\\\/mediterra.group\\\/is-it-rational-to-invest-in-real-estate-in-cyprus\\\/#respond\"]}]},{\"@type\":\"WebPage\",\"@id\":\"https:\\\/\\\/mediterra.group\\\/is-it-rational-to-invest-in-real-estate-in-cyprus\\\/\",\"url\":\"https:\\\/\\\/mediterra.group\\\/is-it-rational-to-invest-in-real-estate-in-cyprus\\\/\",\"name\":\"K\u0131br\u0131s'ta Gayrimenkule Yat\u0131r\u0131m Yapmak Mant\u0131kl\u0131 m\u0131? - Mediterra Group\",\"isPartOf\":{\"@id\":\"https:\\\/\\\/mediterra.group\\\/ar\\\/#website\"},\"primaryImageOfPage\":{\"@id\":\"https:\\\/\\\/mediterra.group\\\/is-it-rational-to-invest-in-real-estate-in-cyprus\\\/#primaryimage\"},\"image\":{\"@id\":\"https:\\\/\\\/mediterra.group\\\/is-it-rational-to-invest-in-real-estate-in-cyprus\\\/#primaryimage\"},\"thumbnailUrl\":\"https:\\\/\\\/mediterra.group\\\/wp-content\\\/uploads\\\/2025\\\/07\\\/is-it-rational-to-invest-in-real-estate-in-cyprus17343318467684IsAsR.webp\",\"datePublished\":\"2025-07-10T14:00:30+00:00\",\"author\":{\"@id\":\"https:\\\/\\\/mediterra.group\\\/ar\\\/#\\\/schema\\\/person\\\/7db86f2bc7783cf0f27705320203bffb\"},\"breadcrumb\":{\"@id\":\"https:\\\/\\\/mediterra.group\\\/is-it-rational-to-invest-in-real-estate-in-cyprus\\\/#breadcrumb\"},\"inLanguage\":\"tr\",\"potentialAction\":[{\"@type\":\"ReadAction\",\"target\":[\"https:\\\/\\\/mediterra.group\\\/is-it-rational-to-invest-in-real-estate-in-cyprus\\\/\"]}]},{\"@type\":\"ImageObject\",\"inLanguage\":\"tr\",\"@id\":\"https:\\\/\\\/mediterra.group\\\/is-it-rational-to-invest-in-real-estate-in-cyprus\\\/#primaryimage\",\"url\":\"https:\\\/\\\/mediterra.group\\\/wp-content\\\/uploads\\\/2025\\\/07\\\/is-it-rational-to-invest-in-real-estate-in-cyprus17343318467684IsAsR.webp\",\"contentUrl\":\"https:\\\/\\\/mediterra.group\\\/wp-content\\\/uploads\\\/2025\\\/07\\\/is-it-rational-to-invest-in-real-estate-in-cyprus17343318467684IsAsR.webp\",\"width\":626,\"height\":470},{\"@type\":\"BreadcrumbList\",\"@id\":\"https:\\\/\\\/mediterra.group\\\/is-it-rational-to-invest-in-real-estate-in-cyprus\\\/#breadcrumb\",\"itemListElement\":[{\"@type\":\"ListItem\",\"position\":1,\"name\":\"Home\",\"item\":\"https:\\\/\\\/mediterra.group\\\/tr\\\/\"},{\"@type\":\"ListItem\",\"position\":2,\"name\":\"K\u0131br\u0131s&#8217;ta Gayrimenkule Yat\u0131r\u0131m Yapmak Mant\u0131kl\u0131 m\u0131?\"}]},{\"@type\":\"WebSite\",\"@id\":\"https:\\\/\\\/mediterra.group\\\/ar\\\/#website\",\"url\":\"https:\\\/\\\/mediterra.group\\\/ar\\\/\",\"name\":\"Mediterra Group\",\"description\":\"\",\"potentialAction\":[{\"@type\":\"SearchAction\",\"target\":{\"@type\":\"EntryPoint\",\"urlTemplate\":\"https:\\\/\\\/mediterra.group\\\/ar\\\/?s={search_term_string}\"},\"query-input\":{\"@type\":\"PropertyValueSpecification\",\"valueRequired\":true,\"valueName\":\"search_term_string\"}}],\"inLanguage\":\"tr\"},{\"@type\":\"Person\",\"@id\":\"https:\\\/\\\/mediterra.group\\\/ar\\\/#\\\/schema\\\/person\\\/7db86f2bc7783cf0f27705320203bffb\",\"name\":\"prfj\",\"image\":{\"@type\":\"ImageObject\",\"inLanguage\":\"tr\",\"@id\":\"https:\\\/\\\/secure.gravatar.com\\\/avatar\\\/efc76156b22a6391dfe826fa01e611bcd5dacefe7489936136b7f4d5eb1c0fb4?s=96&d=mm&r=g\",\"url\":\"https:\\\/\\\/secure.gravatar.com\\\/avatar\\\/efc76156b22a6391dfe826fa01e611bcd5dacefe7489936136b7f4d5eb1c0fb4?s=96&d=mm&r=g\",\"contentUrl\":\"https:\\\/\\\/secure.gravatar.com\\\/avatar\\\/efc76156b22a6391dfe826fa01e611bcd5dacefe7489936136b7f4d5eb1c0fb4?s=96&d=mm&r=g\",\"caption\":\"prfj\"},\"sameAs\":[\"https:\\\/\\\/mediterra.group\"],\"url\":\"https:\\\/\\\/mediterra.group\\\/tr\\\/author\\\/prfj\\\/\"}]}<\/script>\n<!-- \/ Yoast SEO plugin. -->","yoast_head_json":{"title":"K\u0131br\u0131s'ta Gayrimenkule Yat\u0131r\u0131m Yapmak Mant\u0131kl\u0131 m\u0131? - Mediterra Group","robots":{"index":"index","follow":"follow","max-snippet":"max-snippet:-1","max-image-preview":"max-image-preview:large","max-video-preview":"max-video-preview:-1"},"canonical":"https:\/\/mediterra.group\/is-it-rational-to-invest-in-real-estate-in-cyprus\/","og_locale":"tr_TR","og_type":"article","og_title":"K\u0131br\u0131s'ta Gayrimenkule Yat\u0131r\u0131m Yapmak Mant\u0131kl\u0131 m\u0131? - Mediterra Group","og_description":"K\u0131br\u0131s, tarihi ve k\u00fclt\u00fcrel zenginlikleri, do\u011fal g\u00fczellikleri ve s\u0131cak insanlar\u0131yla her zaman bir cazibe merkezi olmu\u015ftur. &#8220;Akdeniz&#8217;in incisi&#8221; olarak bilinen bu g\u00fczel ada, son zamanlarda gayrimenkul yat\u0131r\u0131mlar\u0131 i\u00e7in de dikkat \u00e7ekici hale geldi. K\u0131br\u0131s&#8217;ta ev sat\u0131n almak i\u00e7in pek \u00e7ok neden var. Her \u015feyden \u00f6nce K\u0131br\u0131s&#8217;\u0131n stratejik konumu onu Avrupa, Asya ve Afrika&#8217;n\u0131n kesi\u015fme noktas\u0131nda [&hellip;]","og_url":"https:\/\/mediterra.group\/is-it-rational-to-invest-in-real-estate-in-cyprus\/","og_site_name":"Mediterra Group","article_published_time":"2025-07-10T14:00:30+00:00","og_image":[{"width":626,"height":470,"url":"https:\/\/mediterra.group\/wp-content\/uploads\/2025\/07\/is-it-rational-to-invest-in-real-estate-in-cyprus17343318467684IsAsR.webp","type":"image\/webp"}],"author":"prfj","twitter_card":"summary_large_image","twitter_misc":{"Yazan:":"prfj","Tahmini okuma s\u00fcresi":"6 dakika"},"schema":{"@context":"https:\/\/schema.org","@graph":[{"@type":"Article","@id":"https:\/\/mediterra.group\/is-it-rational-to-invest-in-real-estate-in-cyprus\/#article","isPartOf":{"@id":"https:\/\/mediterra.group\/is-it-rational-to-invest-in-real-estate-in-cyprus\/"},"author":{"name":"prfj","@id":"https:\/\/mediterra.group\/ar\/#\/schema\/person\/7db86f2bc7783cf0f27705320203bffb"},"headline":"K\u0131br\u0131s&#8217;ta Gayrimenkule Yat\u0131r\u0131m Yapmak Mant\u0131kl\u0131 m\u0131?","datePublished":"2025-07-10T14:00:30+00:00","mainEntityOfPage":{"@id":"https:\/\/mediterra.group\/is-it-rational-to-invest-in-real-estate-in-cyprus\/"},"wordCount":1152,"commentCount":0,"image":{"@id":"https:\/\/mediterra.group\/is-it-rational-to-invest-in-real-estate-in-cyprus\/#primaryimage"},"thumbnailUrl":"https:\/\/mediterra.group\/wp-content\/uploads\/2025\/07\/is-it-rational-to-invest-in-real-estate-in-cyprus17343318467684IsAsR.webp","articleSection":["BLOG"],"inLanguage":"tr","potentialAction":[{"@type":"CommentAction","name":"Comment","target":["https:\/\/mediterra.group\/is-it-rational-to-invest-in-real-estate-in-cyprus\/#respond"]}]},{"@type":"WebPage","@id":"https:\/\/mediterra.group\/is-it-rational-to-invest-in-real-estate-in-cyprus\/","url":"https:\/\/mediterra.group\/is-it-rational-to-invest-in-real-estate-in-cyprus\/","name":"K\u0131br\u0131s'ta Gayrimenkule Yat\u0131r\u0131m Yapmak Mant\u0131kl\u0131 m\u0131? - Mediterra Group","isPartOf":{"@id":"https:\/\/mediterra.group\/ar\/#website"},"primaryImageOfPage":{"@id":"https:\/\/mediterra.group\/is-it-rational-to-invest-in-real-estate-in-cyprus\/#primaryimage"},"image":{"@id":"https:\/\/mediterra.group\/is-it-rational-to-invest-in-real-estate-in-cyprus\/#primaryimage"},"thumbnailUrl":"https:\/\/mediterra.group\/wp-content\/uploads\/2025\/07\/is-it-rational-to-invest-in-real-estate-in-cyprus17343318467684IsAsR.webp","datePublished":"2025-07-10T14:00:30+00:00","author":{"@id":"https:\/\/mediterra.group\/ar\/#\/schema\/person\/7db86f2bc7783cf0f27705320203bffb"},"breadcrumb":{"@id":"https:\/\/mediterra.group\/is-it-rational-to-invest-in-real-estate-in-cyprus\/#breadcrumb"},"inLanguage":"tr","potentialAction":[{"@type":"ReadAction","target":["https:\/\/mediterra.group\/is-it-rational-to-invest-in-real-estate-in-cyprus\/"]}]},{"@type":"ImageObject","inLanguage":"tr","@id":"https:\/\/mediterra.group\/is-it-rational-to-invest-in-real-estate-in-cyprus\/#primaryimage","url":"https:\/\/mediterra.group\/wp-content\/uploads\/2025\/07\/is-it-rational-to-invest-in-real-estate-in-cyprus17343318467684IsAsR.webp","contentUrl":"https:\/\/mediterra.group\/wp-content\/uploads\/2025\/07\/is-it-rational-to-invest-in-real-estate-in-cyprus17343318467684IsAsR.webp","width":626,"height":470},{"@type":"BreadcrumbList","@id":"https:\/\/mediterra.group\/is-it-rational-to-invest-in-real-estate-in-cyprus\/#breadcrumb","itemListElement":[{"@type":"ListItem","position":1,"name":"Home","item":"https:\/\/mediterra.group\/tr\/"},{"@type":"ListItem","position":2,"name":"K\u0131br\u0131s&#8217;ta Gayrimenkule Yat\u0131r\u0131m Yapmak Mant\u0131kl\u0131 m\u0131?"}]},{"@type":"WebSite","@id":"https:\/\/mediterra.group\/ar\/#website","url":"https:\/\/mediterra.group\/ar\/","name":"Mediterra Group","description":"","potentialAction":[{"@type":"SearchAction","target":{"@type":"EntryPoint","urlTemplate":"https:\/\/mediterra.group\/ar\/?s={search_term_string}"},"query-input":{"@type":"PropertyValueSpecification","valueRequired":true,"valueName":"search_term_string"}}],"inLanguage":"tr"},{"@type":"Person","@id":"https:\/\/mediterra.group\/ar\/#\/schema\/person\/7db86f2bc7783cf0f27705320203bffb","name":"prfj","image":{"@type":"ImageObject","inLanguage":"tr","@id":"https:\/\/secure.gravatar.com\/avatar\/efc76156b22a6391dfe826fa01e611bcd5dacefe7489936136b7f4d5eb1c0fb4?s=96&d=mm&r=g","url":"https:\/\/secure.gravatar.com\/avatar\/efc76156b22a6391dfe826fa01e611bcd5dacefe7489936136b7f4d5eb1c0fb4?s=96&d=mm&r=g","contentUrl":"https:\/\/secure.gravatar.com\/avatar\/efc76156b22a6391dfe826fa01e611bcd5dacefe7489936136b7f4d5eb1c0fb4?s=96&d=mm&r=g","caption":"prfj"},"sameAs":["https:\/\/mediterra.group"],"url":"https:\/\/mediterra.group\/tr\/author\/prfj\/"}]}},"_links":{"self":[{"href":"https:\/\/mediterra.group\/tr\/wp-json\/wp\/v2\/posts\/33020","targetHints":{"allow":["GET"]}}],"collection":[{"href":"https:\/\/mediterra.group\/tr\/wp-json\/wp\/v2\/posts"}],"about":[{"href":"https:\/\/mediterra.group\/tr\/wp-json\/wp\/v2\/types\/post"}],"author":[{"embeddable":true,"href":"https:\/\/mediterra.group\/tr\/wp-json\/wp\/v2\/users\/1"}],"replies":[{"embeddable":true,"href":"https:\/\/mediterra.group\/tr\/wp-json\/wp\/v2\/comments?post=33020"}],"version-history":[{"count":0,"href":"https:\/\/mediterra.group\/tr\/wp-json\/wp\/v2\/posts\/33020\/revisions"}],"wp:featuredmedia":[{"embeddable":true,"href":"https:\/\/mediterra.group\/tr\/wp-json\/wp\/v2\/media\/31217"}],"wp:attachment":[{"href":"https:\/\/mediterra.group\/tr\/wp-json\/wp\/v2\/media?parent=33020"}],"wp:term":[{"taxonomy":"category","embeddable":true,"href":"https:\/\/mediterra.group\/tr\/wp-json\/wp\/v2\/categories?post=33020"},{"taxonomy":"post_tag","embeddable":true,"href":"https:\/\/mediterra.group\/tr\/wp-json\/wp\/v2\/tags?post=33020"}],"curies":[{"name":"wp","href":"https:\/\/api.w.org\/{rel}","templated":true}]}}