{"id":32935,"date":"2025-07-10T14:25:16","date_gmt":"2025-07-10T14:25:16","guid":{"rendered":"https:\/\/mediterra.group\/kibrista-cennete-uyanan-yeni-bir-sakinin-hayatindan-bir-gun\/"},"modified":"2025-07-10T14:25:16","modified_gmt":"2025-07-10T14:25:16","slug":"kibrista-cennete-uyanan-yeni-bir-sakinin-hayatindan-bir-gun","status":"publish","type":"post","link":"https:\/\/mediterra.group\/tr\/kibrista-cennete-uyanan-yeni-bir-sakinin-hayatindan-bir-gun\/","title":{"rendered":"K\u0131br\u0131s&#8217;ta Cennete Uyanan Yeni Bir Sakinin Hayat\u0131ndan Bir G\u00fcn"},"content":{"rendered":"<p><img decoding=\"async\" class=\"w-100 mb-3\" src=\"https:\/\/www.mediterrapm.com\/public\/media\/uploads\/editor\/blog\/blog\/a-day-the-life-of-new-resident\/kapak.webp\"><\/p>\n<p>K\u0131y\u0131ya vuran dalgalar\u0131n yumu\u015fak sesiyle uyand\u0131\u011f\u0131n\u0131z\u0131, alt\u0131n rengi g\u00fcne\u015fin ufukta y\u00fckseldi\u011fini ve yeni evinizin \u00fczerine s\u0131cak bir par\u0131lt\u0131 yayd\u0131\u011f\u0131n\u0131 hayal edin. K\u0131br\u0131s&#8217;ta her sabah b\u00f6yle ba\u015flar. Balkonunuza \u00e7\u0131kt\u0131\u011f\u0131n\u0131zda Akdeniz esintisi sizi kar\u015f\u0131lar ve taze, tuzlu havay\u0131 derin bir nefesle i\u00e7inize \u00e7ekersiniz. G\u00fcne m\u00fckemmel bir ba\u015flang\u0131\u00e7.   <\/p>\n<h2>Sabah Gezintisi ve Yerel Lezzetler<\/h2>\n<p><img decoding=\"async\" class=\"w-100 mb-3\" src=\"https:\/\/www.mediterrapm.com\/public\/media\/uploads\/editor\/blog\/blog\/a-day-the-life-of-new-resident\/Kaplica-Resort-and-Beach-North-Cyprus-2-1170x455.webp\"><\/p>\n<p>Ferahlat\u0131c\u0131 bir du\u015fun ard\u0131ndan, yava\u015f bir sabah y\u00fcr\u00fcy\u00fc\u015f\u00fc zaman\u0131. Sokaklar, hellim peyniri, taze zeytin ve yerel olarak pi\u015firilmi\u015f ekmekten olu\u015fan geleneksel bir K\u0131br\u0131s kahvalt\u0131s\u0131 alabilece\u011finiz b\u00fcy\u00fcleyici kafeler ve f\u0131r\u0131nlarla kapl\u0131d\u0131r. Dost canl\u0131s\u0131 yerel halk sizi s\u0131cak bir &#8220;kalimera&#8221; (g\u00fcnayd\u0131n) ile kar\u015f\u0131layarak kendinizi evinizde hissetmenizi sa\u011flar.  <\/p>\n<h2>Do\u011fal G\u00fczellikleri Ke\u015ffetmek<\/h2>\n<p><img decoding=\"async\" class=\"w-100 mb-3\" src=\"https:\/\/www.mediterrapm.com\/public\/media\/uploads\/editor\/blog\/blog\/a-day-the-life-of-new-resident\/natural%20beauty%20northern%20cyprus.webp\"><\/p>\n<p>Sabah hen\u00fcz erken oldu\u011fundan, ke\u015fif i\u00e7in sonsuz se\u00e7ene\u011finiz var. Belki de kristal berrakl\u0131\u011f\u0131ndaki sularda y\u00fczmek i\u00e7in bir\u00e7ok el de\u011fmemi\u015f plajdan birine gidecek ya da yemye\u015fil ve \u00e7arp\u0131c\u0131 manzaralar\u0131n nefesinizi kesece\u011fi Trodos Da\u011flar\u0131&#8217;nda y\u00fcr\u00fcy\u00fc\u015fe \u00e7\u0131kacaks\u0131n\u0131z. Tarih merakl\u0131lar\u0131 i\u00e7in antik kal\u0131nt\u0131lar\u0131 ve arkeolojik alanlar\u0131 ziyaret etmek adan\u0131n zengin k\u00fclt\u00fcrel miras\u0131na bir bak\u0131\u015f sunar.  <\/p>\n<h2>Manzaral\u0131 \u00d6\u011fle Yeme\u011fi<\/h2>\n<p>G\u00fcn ortas\u0131 yakla\u015f\u0131rken, deniz kenar\u0131ndaki bir tavernada lezzetli bir \u00f6\u011fle yeme\u011fi zaman\u0131. Burada, \u0131zgara ahtapot veya kalamar gibi taze deniz \u00fcr\u00fcnlerinin tad\u0131na bakabilir, yan\u0131nda bir kadeh yerel \u015farap i\u00e7ebilirsiniz. \u00d6n\u00fcn\u00fczde uzanan turkuaz denizin manzaras\u0131 tek kelimeyle b\u00fcy\u00fcleyicidir ve rahat bir yemek i\u00e7in m\u00fckemmel bir zemin olu\u015fturur.  <\/p>\n<h2>\u00d6\u011fleden Sonra Maceralar\u0131<\/h2>\n<p><img decoding=\"async\" class=\"w-100 mb-3\" src=\"https:\/\/www.mediterrapm.com\/public\/media\/uploads\/editor\/blog\/blog\/a-day-the-life-of-new-resident\/windsurfing-cyprus.webp\"><\/p>\n<p>\u00d6\u011fleden sonray\u0131 diledi\u011finiz kadar aktif ya da sakin ge\u00e7irebilirsiniz. Kendinizi maceraperest hissediyorsan\u0131z, neden \u015fnorkel, t\u00fcpl\u00fc dal\u0131\u015f ve hatta yelken gibi su sporlar\u0131n\u0131 denemiyorsunuz? Daha rahat bir tempoyu tercih edenler i\u00e7in, \u015farap tad\u0131m\u0131 i\u00e7in yerel bir \u00fcz\u00fcm ba\u011f\u0131n\u0131 ziyaret etmek veya pitoresk bir k\u00f6yde gezinmek \u00f6\u011fleden sonray\u0131 ge\u00e7irmek i\u00e7in keyifli bir yol sunar.  <\/p>\n<h2>Ak\u015fam Rahatlamas\u0131<\/h2>\n<p><img decoding=\"async\" class=\"w-100 mb-3\" src=\"https:\/\/www.mediterrapm.com\/public\/media\/uploads\/editor\/blog\/blog\/a-day-the-life-of-new-resident\/sunset-coctail.webp\"><\/p>\n<p>G\u00fcn sona ererken K\u0131br\u0131s&#8217;\u0131n canl\u0131 gece hayat\u0131 sizi \u00e7a\u011f\u0131r\u0131yor. G\u00f6ky\u00fcz\u00fcn\u00fcn pembe ve turuncu tonlar\u0131na boyand\u0131\u011f\u0131 bir sahil bar\u0131nda g\u00fcn bat\u0131m\u0131 kokteyli ile ba\u015flay\u0131n. Ak\u015fam yeme\u011fi, geleneksel K\u0131br\u0131s ve modern Akdeniz mutfa\u011f\u0131n\u0131n f\u00fczyonunu sunan kaliteli bir restoranda bir mutfak yolculu\u011fu olabilir. Gece m\u00fczik, kahkaha ve sohbet sesleriyle canlan\u0131r ve hem yerel halkla hem de di\u011fer gurbet\u00e7ilerle ba\u011flant\u0131 kurmay\u0131 kolayla\u015ft\u0131r\u0131r.   <\/p>\n<h2>Huzurlu Bir Gece<\/h2>\n<p>Son olarak, rahat evinize d\u00f6nd\u00fc\u011f\u00fcn\u00fczde, g\u00fcn\u00fcn maceralar\u0131n\u0131 d\u00fc\u015f\u00fcn\u00fcrs\u00fcn\u00fcz. Adan\u0131n huzuru sizi sarar ve uykuya dalarken K\u0131br\u0131s&#8217;ta her g\u00fcn\u00fcn rahatlama, macera ve k\u00fclt\u00fcrel zenginli\u011fin m\u00fckemmel bir kar\u0131\u015f\u0131m\u0131n\u0131 getirdi\u011fini fark edersiniz. Buras\u0131 sadece ya\u015fanacak bir yer de\u011fil; geli\u015filecek bir yer.  <\/p>\n<p>K\u0131br\u0131s&#8217;a ta\u015f\u0131nmak, do\u011fal g\u00fczellikleri, zengin tarihi ve misafirperver bir toplumu bir araya getiren bir ya\u015fam tarz\u0131n\u0131 benimsemek demektir. \u0130ster macera, ister rahatlama ya da her ikisinden de biraz ar\u0131yor olun, K\u0131br\u0131s her g\u00fcn\u00fc bir r\u00fcyan\u0131n ger\u00e7ekle\u015fmesi gibi hissettirecek e\u015fsiz bir deneyim sunar. \u00d6yleyse neden bekleyesiniz? Yeni hayat\u0131n\u0131za K\u0131br\u0131s&#8217;ta ba\u015flay\u0131n ve sizi bekleyen sonsuz olas\u0131l\u0131klar\u0131 ke\u015ffedin.   <\/p>\n","protected":false},"excerpt":{"rendered":"<p>K\u0131y\u0131ya vuran dalgalar\u0131n yumu\u015fak sesiyle uyand\u0131\u011f\u0131n\u0131z\u0131, alt\u0131n rengi g\u00fcne\u015fin ufukta y\u00fckseldi\u011fini ve yeni evinizin \u00fczerine s\u0131cak bir par\u0131lt\u0131 yayd\u0131\u011f\u0131n\u0131 hayal edin. K\u0131br\u0131s&#8217;ta her sabah b\u00f6yle ba\u015flar. Balkonunuza \u00e7\u0131kt\u0131\u011f\u0131n\u0131zda Akdeniz esintisi sizi kar\u015f\u0131lar ve taze, tuzlu havay\u0131 derin bir nefesle i\u00e7inize \u00e7ekersiniz. G\u00fcne m\u00fckemmel bir ba\u015flang\u0131\u00e7. Sabah Gezintisi ve Yerel Lezzetler Ferahlat\u0131c\u0131 bir du\u015fun ard\u0131ndan, yava\u015f [&hellip;]<\/p>\n","protected":false},"author":1,"featured_media":31322,"comment_status":"open","ping_status":"open","sticky":false,"template":"","format":"standard","meta":{"_acf_changed":false,"footnotes":""},"categories":[245],"tags":[],"class_list":["post-32935","post","type-post","status-publish","format-standard","has-post-thumbnail","hentry","category-yasam-tarzi"],"acf":[],"yoast_head":"<!-- This site is optimized with the Yoast SEO plugin v27.5 - https:\/\/yoast.com\/product\/yoast-seo-wordpress\/ -->\n<title>K\u0131br\u0131s&#039;ta Cennete Uyanan Yeni Bir Sakinin Hayat\u0131ndan Bir G\u00fcn - Mediterra Group<\/title>\n<meta name=\"robots\" content=\"index, follow, max-snippet:-1, max-image-preview:large, max-video-preview:-1\" \/>\n<link rel=\"canonical\" href=\"https:\/\/mediterra.group\/a-day-in-the-life-of-a-new-resident-in-cyprus-waking-up-to-paradise\/\" \/>\n<meta property=\"og:locale\" content=\"tr_TR\" \/>\n<meta property=\"og:type\" content=\"article\" \/>\n<meta property=\"og:title\" content=\"K\u0131br\u0131s&#039;ta Cennete Uyanan Yeni Bir Sakinin Hayat\u0131ndan Bir G\u00fcn - Mediterra Group\" \/>\n<meta property=\"og:description\" content=\"K\u0131y\u0131ya vuran dalgalar\u0131n yumu\u015fak sesiyle uyand\u0131\u011f\u0131n\u0131z\u0131, alt\u0131n rengi g\u00fcne\u015fin ufukta y\u00fckseldi\u011fini ve yeni evinizin \u00fczerine s\u0131cak bir par\u0131lt\u0131 yayd\u0131\u011f\u0131n\u0131 hayal edin. K\u0131br\u0131s&#8217;ta her sabah b\u00f6yle ba\u015flar. Balkonunuza \u00e7\u0131kt\u0131\u011f\u0131n\u0131zda Akdeniz esintisi sizi kar\u015f\u0131lar ve taze, tuzlu havay\u0131 derin bir nefesle i\u00e7inize \u00e7ekersiniz. G\u00fcne m\u00fckemmel bir ba\u015flang\u0131\u00e7. Sabah Gezintisi ve Yerel Lezzetler Ferahlat\u0131c\u0131 bir du\u015fun ard\u0131ndan, yava\u015f [&hellip;]\" \/>\n<meta property=\"og:url\" content=\"https:\/\/mediterra.group\/a-day-in-the-life-of-a-new-resident-in-cyprus-waking-up-to-paradise\/\" \/>\n<meta property=\"og:site_name\" content=\"Mediterra Group\" \/>\n<meta property=\"article:published_time\" content=\"2025-07-10T14:25:16+00:00\" \/>\n<meta property=\"og:image\" content=\"https:\/\/mediterra.group\/wp-content\/uploads\/2025\/07\/a-day-in-the-life-of-a-new-resident-in-cyprus17240769909857lqPa9.webp\" \/>\n\t<meta property=\"og:image:width\" content=\"1200\" \/>\n\t<meta property=\"og:image:height\" content=\"803\" \/>\n\t<meta property=\"og:image:type\" content=\"image\/webp\" \/>\n<meta name=\"author\" content=\"prfj\" \/>\n<meta name=\"twitter:card\" content=\"summary_large_image\" \/>\n<meta name=\"twitter:label1\" content=\"Yazan:\" \/>\n\t<meta name=\"twitter:data1\" content=\"prfj\" \/>\n\t<meta name=\"twitter:label2\" content=\"Tahmini okuma s\u00fcresi\" \/>\n\t<meta name=\"twitter:data2\" content=\"3 dakika\" \/>\n<script type=\"application\/ld+json\" class=\"yoast-schema-graph\">{\"@context\":\"https:\\\/\\\/schema.org\",\"@graph\":[{\"@type\":\"Article\",\"@id\":\"https:\\\/\\\/mediterra.group\\\/a-day-in-the-life-of-a-new-resident-in-cyprus-waking-up-to-paradise\\\/#article\",\"isPartOf\":{\"@id\":\"https:\\\/\\\/mediterra.group\\\/a-day-in-the-life-of-a-new-resident-in-cyprus-waking-up-to-paradise\\\/\"},\"author\":{\"name\":\"prfj\",\"@id\":\"https:\\\/\\\/mediterra.group\\\/ar\\\/#\\\/schema\\\/person\\\/7db86f2bc7783cf0f27705320203bffb\"},\"headline\":\"K\u0131br\u0131s&#8217;ta Cennete Uyanan Yeni Bir Sakinin Hayat\u0131ndan Bir G\u00fcn\",\"datePublished\":\"2025-07-10T14:25:16+00:00\",\"mainEntityOfPage\":{\"@id\":\"https:\\\/\\\/mediterra.group\\\/a-day-in-the-life-of-a-new-resident-in-cyprus-waking-up-to-paradise\\\/\"},\"wordCount\":620,\"commentCount\":0,\"image\":{\"@id\":\"https:\\\/\\\/mediterra.group\\\/a-day-in-the-life-of-a-new-resident-in-cyprus-waking-up-to-paradise\\\/#primaryimage\"},\"thumbnailUrl\":\"https:\\\/\\\/mediterra.group\\\/wp-content\\\/uploads\\\/2025\\\/07\\\/a-day-in-the-life-of-a-new-resident-in-cyprus17240769909857lqPa9.webp\",\"articleSection\":[\"YA\u015eAM TARZI\"],\"inLanguage\":\"tr\",\"potentialAction\":[{\"@type\":\"CommentAction\",\"name\":\"Comment\",\"target\":[\"https:\\\/\\\/mediterra.group\\\/a-day-in-the-life-of-a-new-resident-in-cyprus-waking-up-to-paradise\\\/#respond\"]}]},{\"@type\":\"WebPage\",\"@id\":\"https:\\\/\\\/mediterra.group\\\/a-day-in-the-life-of-a-new-resident-in-cyprus-waking-up-to-paradise\\\/\",\"url\":\"https:\\\/\\\/mediterra.group\\\/a-day-in-the-life-of-a-new-resident-in-cyprus-waking-up-to-paradise\\\/\",\"name\":\"K\u0131br\u0131s'ta Cennete Uyanan Yeni Bir Sakinin Hayat\u0131ndan Bir G\u00fcn - Mediterra Group\",\"isPartOf\":{\"@id\":\"https:\\\/\\\/mediterra.group\\\/ar\\\/#website\"},\"primaryImageOfPage\":{\"@id\":\"https:\\\/\\\/mediterra.group\\\/a-day-in-the-life-of-a-new-resident-in-cyprus-waking-up-to-paradise\\\/#primaryimage\"},\"image\":{\"@id\":\"https:\\\/\\\/mediterra.group\\\/a-day-in-the-life-of-a-new-resident-in-cyprus-waking-up-to-paradise\\\/#primaryimage\"},\"thumbnailUrl\":\"https:\\\/\\\/mediterra.group\\\/wp-content\\\/uploads\\\/2025\\\/07\\\/a-day-in-the-life-of-a-new-resident-in-cyprus17240769909857lqPa9.webp\",\"datePublished\":\"2025-07-10T14:25:16+00:00\",\"author\":{\"@id\":\"https:\\\/\\\/mediterra.group\\\/ar\\\/#\\\/schema\\\/person\\\/7db86f2bc7783cf0f27705320203bffb\"},\"breadcrumb\":{\"@id\":\"https:\\\/\\\/mediterra.group\\\/a-day-in-the-life-of-a-new-resident-in-cyprus-waking-up-to-paradise\\\/#breadcrumb\"},\"inLanguage\":\"tr\",\"potentialAction\":[{\"@type\":\"ReadAction\",\"target\":[\"https:\\\/\\\/mediterra.group\\\/a-day-in-the-life-of-a-new-resident-in-cyprus-waking-up-to-paradise\\\/\"]}]},{\"@type\":\"ImageObject\",\"inLanguage\":\"tr\",\"@id\":\"https:\\\/\\\/mediterra.group\\\/a-day-in-the-life-of-a-new-resident-in-cyprus-waking-up-to-paradise\\\/#primaryimage\",\"url\":\"https:\\\/\\\/mediterra.group\\\/wp-content\\\/uploads\\\/2025\\\/07\\\/a-day-in-the-life-of-a-new-resident-in-cyprus17240769909857lqPa9.webp\",\"contentUrl\":\"https:\\\/\\\/mediterra.group\\\/wp-content\\\/uploads\\\/2025\\\/07\\\/a-day-in-the-life-of-a-new-resident-in-cyprus17240769909857lqPa9.webp\",\"width\":1200,\"height\":803},{\"@type\":\"BreadcrumbList\",\"@id\":\"https:\\\/\\\/mediterra.group\\\/a-day-in-the-life-of-a-new-resident-in-cyprus-waking-up-to-paradise\\\/#breadcrumb\",\"itemListElement\":[{\"@type\":\"ListItem\",\"position\":1,\"name\":\"Home\",\"item\":\"https:\\\/\\\/mediterra.group\\\/tr\\\/\"},{\"@type\":\"ListItem\",\"position\":2,\"name\":\"K\u0131br\u0131s&#8217;ta Cennete Uyanan Yeni Bir Sakinin Hayat\u0131ndan Bir G\u00fcn\"}]},{\"@type\":\"WebSite\",\"@id\":\"https:\\\/\\\/mediterra.group\\\/ar\\\/#website\",\"url\":\"https:\\\/\\\/mediterra.group\\\/ar\\\/\",\"name\":\"Mediterra Group\",\"description\":\"\",\"potentialAction\":[{\"@type\":\"SearchAction\",\"target\":{\"@type\":\"EntryPoint\",\"urlTemplate\":\"https:\\\/\\\/mediterra.group\\\/ar\\\/?s={search_term_string}\"},\"query-input\":{\"@type\":\"PropertyValueSpecification\",\"valueRequired\":true,\"valueName\":\"search_term_string\"}}],\"inLanguage\":\"tr\"},{\"@type\":\"Person\",\"@id\":\"https:\\\/\\\/mediterra.group\\\/ar\\\/#\\\/schema\\\/person\\\/7db86f2bc7783cf0f27705320203bffb\",\"name\":\"prfj\",\"image\":{\"@type\":\"ImageObject\",\"inLanguage\":\"tr\",\"@id\":\"https:\\\/\\\/secure.gravatar.com\\\/avatar\\\/efc76156b22a6391dfe826fa01e611bcd5dacefe7489936136b7f4d5eb1c0fb4?s=96&d=mm&r=g\",\"url\":\"https:\\\/\\\/secure.gravatar.com\\\/avatar\\\/efc76156b22a6391dfe826fa01e611bcd5dacefe7489936136b7f4d5eb1c0fb4?s=96&d=mm&r=g\",\"contentUrl\":\"https:\\\/\\\/secure.gravatar.com\\\/avatar\\\/efc76156b22a6391dfe826fa01e611bcd5dacefe7489936136b7f4d5eb1c0fb4?s=96&d=mm&r=g\",\"caption\":\"prfj\"},\"sameAs\":[\"https:\\\/\\\/mediterra.group\"],\"url\":\"https:\\\/\\\/mediterra.group\\\/tr\\\/author\\\/prfj\\\/\"}]}<\/script>\n<!-- \/ Yoast SEO plugin. -->","yoast_head_json":{"title":"K\u0131br\u0131s'ta Cennete Uyanan Yeni Bir Sakinin Hayat\u0131ndan Bir G\u00fcn - Mediterra Group","robots":{"index":"index","follow":"follow","max-snippet":"max-snippet:-1","max-image-preview":"max-image-preview:large","max-video-preview":"max-video-preview:-1"},"canonical":"https:\/\/mediterra.group\/a-day-in-the-life-of-a-new-resident-in-cyprus-waking-up-to-paradise\/","og_locale":"tr_TR","og_type":"article","og_title":"K\u0131br\u0131s'ta Cennete Uyanan Yeni Bir Sakinin Hayat\u0131ndan Bir G\u00fcn - Mediterra Group","og_description":"K\u0131y\u0131ya vuran dalgalar\u0131n yumu\u015fak sesiyle uyand\u0131\u011f\u0131n\u0131z\u0131, alt\u0131n rengi g\u00fcne\u015fin ufukta y\u00fckseldi\u011fini ve yeni evinizin \u00fczerine s\u0131cak bir par\u0131lt\u0131 yayd\u0131\u011f\u0131n\u0131 hayal edin. K\u0131br\u0131s&#8217;ta her sabah b\u00f6yle ba\u015flar. Balkonunuza \u00e7\u0131kt\u0131\u011f\u0131n\u0131zda Akdeniz esintisi sizi kar\u015f\u0131lar ve taze, tuzlu havay\u0131 derin bir nefesle i\u00e7inize \u00e7ekersiniz. G\u00fcne m\u00fckemmel bir ba\u015flang\u0131\u00e7. Sabah Gezintisi ve Yerel Lezzetler Ferahlat\u0131c\u0131 bir du\u015fun ard\u0131ndan, yava\u015f [&hellip;]","og_url":"https:\/\/mediterra.group\/a-day-in-the-life-of-a-new-resident-in-cyprus-waking-up-to-paradise\/","og_site_name":"Mediterra Group","article_published_time":"2025-07-10T14:25:16+00:00","og_image":[{"width":1200,"height":803,"url":"https:\/\/mediterra.group\/wp-content\/uploads\/2025\/07\/a-day-in-the-life-of-a-new-resident-in-cyprus17240769909857lqPa9.webp","type":"image\/webp"}],"author":"prfj","twitter_card":"summary_large_image","twitter_misc":{"Yazan:":"prfj","Tahmini okuma s\u00fcresi":"3 dakika"},"schema":{"@context":"https:\/\/schema.org","@graph":[{"@type":"Article","@id":"https:\/\/mediterra.group\/a-day-in-the-life-of-a-new-resident-in-cyprus-waking-up-to-paradise\/#article","isPartOf":{"@id":"https:\/\/mediterra.group\/a-day-in-the-life-of-a-new-resident-in-cyprus-waking-up-to-paradise\/"},"author":{"name":"prfj","@id":"https:\/\/mediterra.group\/ar\/#\/schema\/person\/7db86f2bc7783cf0f27705320203bffb"},"headline":"K\u0131br\u0131s&#8217;ta Cennete Uyanan Yeni Bir Sakinin Hayat\u0131ndan Bir G\u00fcn","datePublished":"2025-07-10T14:25:16+00:00","mainEntityOfPage":{"@id":"https:\/\/mediterra.group\/a-day-in-the-life-of-a-new-resident-in-cyprus-waking-up-to-paradise\/"},"wordCount":620,"commentCount":0,"image":{"@id":"https:\/\/mediterra.group\/a-day-in-the-life-of-a-new-resident-in-cyprus-waking-up-to-paradise\/#primaryimage"},"thumbnailUrl":"https:\/\/mediterra.group\/wp-content\/uploads\/2025\/07\/a-day-in-the-life-of-a-new-resident-in-cyprus17240769909857lqPa9.webp","articleSection":["YA\u015eAM TARZI"],"inLanguage":"tr","potentialAction":[{"@type":"CommentAction","name":"Comment","target":["https:\/\/mediterra.group\/a-day-in-the-life-of-a-new-resident-in-cyprus-waking-up-to-paradise\/#respond"]}]},{"@type":"WebPage","@id":"https:\/\/mediterra.group\/a-day-in-the-life-of-a-new-resident-in-cyprus-waking-up-to-paradise\/","url":"https:\/\/mediterra.group\/a-day-in-the-life-of-a-new-resident-in-cyprus-waking-up-to-paradise\/","name":"K\u0131br\u0131s'ta Cennete Uyanan Yeni Bir Sakinin Hayat\u0131ndan Bir G\u00fcn - Mediterra Group","isPartOf":{"@id":"https:\/\/mediterra.group\/ar\/#website"},"primaryImageOfPage":{"@id":"https:\/\/mediterra.group\/a-day-in-the-life-of-a-new-resident-in-cyprus-waking-up-to-paradise\/#primaryimage"},"image":{"@id":"https:\/\/mediterra.group\/a-day-in-the-life-of-a-new-resident-in-cyprus-waking-up-to-paradise\/#primaryimage"},"thumbnailUrl":"https:\/\/mediterra.group\/wp-content\/uploads\/2025\/07\/a-day-in-the-life-of-a-new-resident-in-cyprus17240769909857lqPa9.webp","datePublished":"2025-07-10T14:25:16+00:00","author":{"@id":"https:\/\/mediterra.group\/ar\/#\/schema\/person\/7db86f2bc7783cf0f27705320203bffb"},"breadcrumb":{"@id":"https:\/\/mediterra.group\/a-day-in-the-life-of-a-new-resident-in-cyprus-waking-up-to-paradise\/#breadcrumb"},"inLanguage":"tr","potentialAction":[{"@type":"ReadAction","target":["https:\/\/mediterra.group\/a-day-in-the-life-of-a-new-resident-in-cyprus-waking-up-to-paradise\/"]}]},{"@type":"ImageObject","inLanguage":"tr","@id":"https:\/\/mediterra.group\/a-day-in-the-life-of-a-new-resident-in-cyprus-waking-up-to-paradise\/#primaryimage","url":"https:\/\/mediterra.group\/wp-content\/uploads\/2025\/07\/a-day-in-the-life-of-a-new-resident-in-cyprus17240769909857lqPa9.webp","contentUrl":"https:\/\/mediterra.group\/wp-content\/uploads\/2025\/07\/a-day-in-the-life-of-a-new-resident-in-cyprus17240769909857lqPa9.webp","width":1200,"height":803},{"@type":"BreadcrumbList","@id":"https:\/\/mediterra.group\/a-day-in-the-life-of-a-new-resident-in-cyprus-waking-up-to-paradise\/#breadcrumb","itemListElement":[{"@type":"ListItem","position":1,"name":"Home","item":"https:\/\/mediterra.group\/tr\/"},{"@type":"ListItem","position":2,"name":"K\u0131br\u0131s&#8217;ta Cennete Uyanan Yeni Bir Sakinin Hayat\u0131ndan Bir G\u00fcn"}]},{"@type":"WebSite","@id":"https:\/\/mediterra.group\/ar\/#website","url":"https:\/\/mediterra.group\/ar\/","name":"Mediterra Group","description":"","potentialAction":[{"@type":"SearchAction","target":{"@type":"EntryPoint","urlTemplate":"https:\/\/mediterra.group\/ar\/?s={search_term_string}"},"query-input":{"@type":"PropertyValueSpecification","valueRequired":true,"valueName":"search_term_string"}}],"inLanguage":"tr"},{"@type":"Person","@id":"https:\/\/mediterra.group\/ar\/#\/schema\/person\/7db86f2bc7783cf0f27705320203bffb","name":"prfj","image":{"@type":"ImageObject","inLanguage":"tr","@id":"https:\/\/secure.gravatar.com\/avatar\/efc76156b22a6391dfe826fa01e611bcd5dacefe7489936136b7f4d5eb1c0fb4?s=96&d=mm&r=g","url":"https:\/\/secure.gravatar.com\/avatar\/efc76156b22a6391dfe826fa01e611bcd5dacefe7489936136b7f4d5eb1c0fb4?s=96&d=mm&r=g","contentUrl":"https:\/\/secure.gravatar.com\/avatar\/efc76156b22a6391dfe826fa01e611bcd5dacefe7489936136b7f4d5eb1c0fb4?s=96&d=mm&r=g","caption":"prfj"},"sameAs":["https:\/\/mediterra.group"],"url":"https:\/\/mediterra.group\/tr\/author\/prfj\/"}]}},"_links":{"self":[{"href":"https:\/\/mediterra.group\/tr\/wp-json\/wp\/v2\/posts\/32935","targetHints":{"allow":["GET"]}}],"collection":[{"href":"https:\/\/mediterra.group\/tr\/wp-json\/wp\/v2\/posts"}],"about":[{"href":"https:\/\/mediterra.group\/tr\/wp-json\/wp\/v2\/types\/post"}],"author":[{"embeddable":true,"href":"https:\/\/mediterra.group\/tr\/wp-json\/wp\/v2\/users\/1"}],"replies":[{"embeddable":true,"href":"https:\/\/mediterra.group\/tr\/wp-json\/wp\/v2\/comments?post=32935"}],"version-history":[{"count":0,"href":"https:\/\/mediterra.group\/tr\/wp-json\/wp\/v2\/posts\/32935\/revisions"}],"wp:featuredmedia":[{"embeddable":true,"href":"https:\/\/mediterra.group\/tr\/wp-json\/wp\/v2\/media\/31322"}],"wp:attachment":[{"href":"https:\/\/mediterra.group\/tr\/wp-json\/wp\/v2\/media?parent=32935"}],"wp:term":[{"taxonomy":"category","embeddable":true,"href":"https:\/\/mediterra.group\/tr\/wp-json\/wp\/v2\/categories?post=32935"},{"taxonomy":"post_tag","embeddable":true,"href":"https:\/\/mediterra.group\/tr\/wp-json\/wp\/v2\/tags?post=32935"}],"curies":[{"name":"wp","href":"https:\/\/api.w.org\/{rel}","templated":true}]}}