{"id":32930,"date":"2025-07-10T14:31:29","date_gmt":"2025-07-10T14:31:29","guid":{"rendered":"https:\/\/mediterra.group\/akdeniz-gayrimenkul-yatiriminizi-en-ust-duzeye-cikarin\/"},"modified":"2025-07-10T14:31:29","modified_gmt":"2025-07-10T14:31:29","slug":"akdeniz-gayrimenkul-yatiriminizi-en-ust-duzeye-cikarin","status":"publish","type":"post","link":"https:\/\/mediterra.group\/tr\/akdeniz-gayrimenkul-yatiriminizi-en-ust-duzeye-cikarin\/","title":{"rendered":"Akdeniz gayrimenkul yat\u0131r\u0131m\u0131n\u0131z\u0131 en \u00fcst d\u00fczeye \u00e7\u0131kar\u0131n"},"content":{"rendered":"<div class=\"container-fluid p-0\">\n<div class=\"row\">\n<div class=\"col-12 col-lg-10\">\n<div class=\"boxes\">\n<div class=\"box-up\">\n<div class=\"event-box\">\n<div class=\"container-fluid p-0\">\n<div class=\"row\">\n<div class=\"col-12 col-lg-10\">\n<div class=\"boxes\">\n<div class=\"box-up\">\n<div class=\"event-box\">\n<p>Akdeniz&#8217;de gayrimenkul yat\u0131r\u0131m\u0131 yapmak, hem finansal getiri hem de daha iyi bir ya\u015fam tarz\u0131 arayan bireyler i\u00e7in k\u00e2rl\u0131 bir f\u0131rsat olabilir. \u0130ster bir tatil evi, ister kiral\u0131k bir m\u00fclk veya uzun vadeli bir yat\u0131r\u0131m sat\u0131n almak istiyor olun, etkili stratejiler uygulamak getirinizi en \u00fcst d\u00fczeye \u00e7\u0131karman\u0131za ve yat\u0131r\u0131m \u00e7aban\u0131z\u0131n ba\u015far\u0131l\u0131 olmas\u0131n\u0131 sa\u011flaman\u0131za yard\u0131mc\u0131 olabilir. <\/p>\n<p><strong>Ara\u015ft\u0131rma ve durum tespiti:<\/strong><\/p>\n<p>Herhangi bir gayrimenkul yat\u0131r\u0131m\u0131na giri\u015fmeden \u00f6nce, kapsaml\u0131 bir ara\u015ft\u0131rma ve durum tespiti \u015fartt\u0131r. Yerel piyasa e\u011filimleri, m\u00fclk de\u011ferleri, kira talebi ve yasal gereklilikler hakk\u0131nda bilgi edinin. B\u00f6lgeyi iyi tan\u0131yan sayg\u0131n bir emlak\u00e7\u0131 veya dan\u0131\u015fmanla \u00e7al\u0131\u015fmay\u0131 d\u00fc\u015f\u00fcn\u00fcn.  <\/p>\n<p><strong>Yer, yer, yer:<\/strong><\/p>\n<p>Bu motto gayrimenkul yat\u0131r\u0131mlar\u0131 i\u00e7in de ge\u00e7erlidir. M\u00fclk\u00fcn\u00fcz\u00fcn konumu, de\u011feri ve de\u011fer kazanma potansiyeli \u00fczerinde \u00f6nemli bir etkiye sahiptir. Akdeniz b\u00f6lgesinde, plajlara, k\u00fclt\u00fcrel cazibe merkezlerine ve olanaklara yak\u0131n m\u00fclkler genellikle daha y\u00fcksek kira getirisi ve sermaye b\u00fcy\u00fcmesi sa\u011flar.  <\/p>\n<p><strong>\u00c7e\u015fitlendirme:  <\/strong><\/p>\n<p>Yat\u0131r\u0131mlar\u0131n\u0131z\u0131 Akdeniz b\u00f6lgesindeki farkl\u0131 emlak t\u00fcrlerine ve konumlar\u0131na da\u011f\u0131t\u0131n. \u00c7e\u015fitlendirme, belirli piyasalardaki dalgalanmalarla ili\u015fkili riskleri en aza indirmeye yard\u0131mc\u0131 olur ve uzun vadede daha istikrarl\u0131 bir getiri sa\u011flar. <\/p>\n<p><strong>Uzun vadeli vizyon:  <\/strong><\/p>\n<p>Akdeniz&#8217;de gayrimenkul yat\u0131r\u0131m\u0131 sadece k\u0131sa vadeli getirilerle ilgili de\u011fildir. Yat\u0131r\u0131m\u0131n\u0131z\u0131n uzun vadeli potansiyelini g\u00f6z \u00f6n\u00fcnde bulundurun. Gelecek vaat eden mahallelere veya \u00f6nemli getiriler sunabilecek yeniden canlanma s\u00fcrecindeki b\u00f6lgelere dikkat edin.  <\/p>\n<p><strong>Kira geliri potansiyeli:  <\/strong><\/p>\n<p>Kira geliri elde etmek i\u00e7in bir m\u00fclk sat\u0131n ald\u0131\u011f\u0131n\u0131zda, ula\u015f\u0131m, al\u0131\u015fveri\u015f merkezleri ve dinlenme tesislerine yak\u0131nl\u0131k gibi kirac\u0131lara hitap eden fakt\u00f6rleri aray\u0131n. Mobilyal\u0131 m\u00fclkler ve y\u00fczme havuzlar\u0131 veya spor salonlar\u0131 gibi olanaklar daha y\u00fcksek kira fiyatlar\u0131na yol a\u00e7abilir. <\/p>\n<p><strong>Yasal konular hakk\u0131nda bilgi edinin:<\/strong><\/p>\n<p>Sat\u0131n almay\u0131 planlad\u0131\u011f\u0131n\u0131z Akdeniz \u00fclkesinde m\u00fclk sahipli\u011fi ve yat\u0131r\u0131m i\u00e7in yasal gereklilikler ve d\u00fczenlemeler hakk\u0131nda bilgi edinin. Uyumlulu\u011fu sa\u011flamak ve tuzaklardan ka\u00e7\u0131nmak i\u00e7in gayrimenkul i\u015flemleri konusunda uzman hukuk\u00e7ularla \u00e7al\u0131\u015f\u0131n. <\/p>\n<p><strong>M\u00fclk y\u00f6netimi:  <\/strong><\/p>\n<p>Yurt d\u0131\u015f\u0131ndan bir yat\u0131r\u0131m yap\u0131yorsan\u0131z veya y\u00f6netimle u\u011fra\u015fmay\u0131 tercih etmiyorsan\u0131z, g\u00fcnl\u00fck operasyonlar, bak\u0131m ve kirac\u0131larla ili\u015fkilerle ilgilenmesi i\u00e7in sayg\u0131n bir m\u00fclk y\u00f6netim \u015firketi tutmal\u0131s\u0131n\u0131z. Profesyonel bir y\u00f6netim ekibi m\u00fclk\u00fcn\u00fcz\u00fcn potansiyelini en \u00fcst d\u00fczeye \u00e7\u0131karabilir ve ev sahibi sorumluluklar\u0131n\u0131n y\u00fck\u00fcn\u00fc omuzlar\u0131n\u0131zdan alabilir. <\/p>\n<p><strong>Piyasa trendlerini takip edin:  <\/strong><strong> <\/strong><\/p>\n<p>Akdeniz emlak piyasas\u0131n\u0131 etkileyebilecek piyasa e\u011filimleri, ekonomik g\u00f6stergeler ve jeopolitik geli\u015fmelerden haberdar olun. Proaktif ve uyumlu davranarak yat\u0131r\u0131m stratejinizi buna g\u00f6re ayarlayabilir ve ortaya \u00e7\u0131kan f\u0131rsatlardan yararlanabilirsiniz. <\/p>\n<p><strong>A\u011f kurun ve tavsiye al\u0131n:<\/strong><\/p>\n<p>Akdeniz emlak piyasas\u0131nda deneyimi olan yerel emlak uzmanlar\u0131, di\u011fer yat\u0131r\u0131mc\u0131lar ve gurbet\u00e7ilerle ba\u011flant\u0131 kurun. Onlar\u0131n i\u00e7g\u00f6r\u00fcleri ve tavsiyeleri, bilin\u00e7li yat\u0131r\u0131m kararlar\u0131 vermede ve her t\u00fcrl\u00fc zorlu\u011fun \u00fcstesinden gelmede \u00e7ok de\u011ferli olabilir. <\/p>\n<p><strong>Portf\u00f6y\u00fcn\u00fcz\u00fc d\u00fczenli olarak g\u00f6zden ge\u00e7irin:  <\/strong><strong> <\/strong><\/p>\n<p>Performans\u0131 de\u011ferlendirmek, iyile\u015ftirme alanlar\u0131n\u0131 belirlemek ve yeni yat\u0131r\u0131m f\u0131rsatlar\u0131n\u0131 ke\u015ffetmek i\u00e7in gayrimenkul portf\u00f6y\u00fcn\u00fcz\u00fc periyodik olarak g\u00f6zden ge\u00e7irin. Yat\u0131r\u0131m stratejinizi s\u00fcrekli olarak optimize etmek, getirilerinizi en \u00fcst d\u00fczeye \u00e7\u0131karman\u0131z\u0131 ve de\u011fi\u015fen piyasa ko\u015fullar\u0131na uyum sa\u011flaman\u0131z\u0131 sa\u011flar. <\/p>\n<p>Bu stratejileri uygulayarak, yat\u0131r\u0131mc\u0131lar kendilerini dinamik ve \u00f6d\u00fcllendirici Akdeniz emlak piyasas\u0131nda ba\u015far\u0131 i\u00e7in konumland\u0131rabilirler. \u0130ster bir tatil evi, ister kira geliri ya da uzun vadeli sermaye kazanc\u0131 ar\u0131yor olun, yat\u0131r\u0131m potansiyelinizi en \u00fcst d\u00fczeye \u00e7\u0131karmak i\u00e7in dikkatli planlama ve bilin\u00e7li kararlar \u015fartt\u0131r. <\/p>\n<\/div>\n<\/div>\n<\/div>\n<\/div>\n<\/div>\n<\/div>\n<\/div>\n<\/div>\n<\/div>\n<\/div>\n<\/div>\n<\/div>\n","protected":false},"excerpt":{"rendered":"<p>Akdeniz&#8217;de gayrimenkul yat\u0131r\u0131m\u0131 yapmak, hem finansal getiri hem de daha iyi bir ya\u015fam tarz\u0131 arayan bireyler i\u00e7in k\u00e2rl\u0131 bir f\u0131rsat olabilir. \u0130ster bir tatil evi, ister kiral\u0131k bir m\u00fclk veya uzun vadeli bir yat\u0131r\u0131m sat\u0131n almak istiyor olun, etkili stratejiler uygulamak getirinizi en \u00fcst d\u00fczeye \u00e7\u0131karman\u0131za ve yat\u0131r\u0131m \u00e7aban\u0131z\u0131n ba\u015far\u0131l\u0131 olmas\u0131n\u0131 sa\u011flaman\u0131za yard\u0131mc\u0131 olabilir. Ara\u015ft\u0131rma [&hellip;]<\/p>\n","protected":false},"author":1,"featured_media":31362,"comment_status":"open","ping_status":"open","sticky":false,"template":"","format":"standard","meta":{"_acf_changed":false,"footnotes":""},"categories":[242],"tags":[],"class_list":["post-32930","post","type-post","status-publish","format-standard","has-post-thumbnail","hentry","category-blog-tr"],"acf":[],"yoast_head":"<!-- This site is optimized with the Yoast SEO plugin v27.5 - https:\/\/yoast.com\/product\/yoast-seo-wordpress\/ -->\n<title>Akdeniz gayrimenkul yat\u0131r\u0131m\u0131n\u0131z\u0131 en \u00fcst d\u00fczeye \u00e7\u0131kar\u0131n - Mediterra Group<\/title>\n<meta name=\"robots\" content=\"index, follow, max-snippet:-1, max-image-preview:large, max-video-preview:-1\" \/>\n<link rel=\"canonical\" href=\"https:\/\/mediterra.group\/tr\/akdeniz-gayrimenkul-yatiriminizi-en-ust-duzeye-cikarin\/\" \/>\n<meta property=\"og:locale\" content=\"tr_TR\" \/>\n<meta property=\"og:type\" content=\"article\" \/>\n<meta property=\"og:title\" content=\"Akdeniz gayrimenkul yat\u0131r\u0131m\u0131n\u0131z\u0131 en \u00fcst d\u00fczeye \u00e7\u0131kar\u0131n - Mediterra Group\" \/>\n<meta property=\"og:description\" content=\"Akdeniz&#8217;de gayrimenkul yat\u0131r\u0131m\u0131 yapmak, hem finansal getiri hem de daha iyi bir ya\u015fam tarz\u0131 arayan bireyler i\u00e7in k\u00e2rl\u0131 bir f\u0131rsat olabilir. \u0130ster bir tatil evi, ister kiral\u0131k bir m\u00fclk veya uzun vadeli bir yat\u0131r\u0131m sat\u0131n almak istiyor olun, etkili stratejiler uygulamak getirinizi en \u00fcst d\u00fczeye \u00e7\u0131karman\u0131za ve yat\u0131r\u0131m \u00e7aban\u0131z\u0131n ba\u015far\u0131l\u0131 olmas\u0131n\u0131 sa\u011flaman\u0131za yard\u0131mc\u0131 olabilir. Ara\u015ft\u0131rma [&hellip;]\" \/>\n<meta property=\"og:url\" content=\"https:\/\/mediterra.group\/tr\/akdeniz-gayrimenkul-yatiriminizi-en-ust-duzeye-cikarin\/\" \/>\n<meta property=\"og:site_name\" content=\"Mediterra Group\" \/>\n<meta property=\"article:published_time\" content=\"2025-07-10T14:31:29+00:00\" \/>\n<meta property=\"og:image\" content=\"https:\/\/mediterra.group\/wp-content\/uploads\/2025\/07\/copy-kyrenia-roundabout17156061922783luhkg17358304549501IcmI9.webp\" \/>\n\t<meta property=\"og:image:width\" content=\"626\" \/>\n\t<meta property=\"og:image:height\" content=\"470\" \/>\n\t<meta property=\"og:image:type\" content=\"image\/webp\" \/>\n<meta name=\"author\" content=\"prfj\" \/>\n<meta name=\"twitter:card\" content=\"summary_large_image\" \/>\n<meta name=\"twitter:label1\" content=\"Yazan:\" \/>\n\t<meta name=\"twitter:data1\" content=\"prfj\" \/>\n\t<meta name=\"twitter:label2\" content=\"Tahmini okuma s\u00fcresi\" \/>\n\t<meta name=\"twitter:data2\" content=\"3 dakika\" \/>\n<script type=\"application\/ld+json\" class=\"yoast-schema-graph\">{\"@context\":\"https:\\\/\\\/schema.org\",\"@graph\":[{\"@type\":\"Article\",\"@id\":\"https:\\\/\\\/mediterra.group\\\/tr\\\/akdeniz-gayrimenkul-yatiriminizi-en-ust-duzeye-cikarin\\\/#article\",\"isPartOf\":{\"@id\":\"https:\\\/\\\/mediterra.group\\\/tr\\\/akdeniz-gayrimenkul-yatiriminizi-en-ust-duzeye-cikarin\\\/\"},\"author\":{\"name\":\"prfj\",\"@id\":\"https:\\\/\\\/mediterra.group\\\/ar\\\/#\\\/schema\\\/person\\\/7db86f2bc7783cf0f27705320203bffb\"},\"headline\":\"Akdeniz gayrimenkul yat\u0131r\u0131m\u0131n\u0131z\u0131 en \u00fcst d\u00fczeye \u00e7\u0131kar\u0131n\",\"datePublished\":\"2025-07-10T14:31:29+00:00\",\"mainEntityOfPage\":{\"@id\":\"https:\\\/\\\/mediterra.group\\\/tr\\\/akdeniz-gayrimenkul-yatiriminizi-en-ust-duzeye-cikarin\\\/\"},\"wordCount\":711,\"commentCount\":0,\"image\":{\"@id\":\"https:\\\/\\\/mediterra.group\\\/tr\\\/akdeniz-gayrimenkul-yatiriminizi-en-ust-duzeye-cikarin\\\/#primaryimage\"},\"thumbnailUrl\":\"https:\\\/\\\/mediterra.group\\\/wp-content\\\/uploads\\\/2025\\\/07\\\/copy-kyrenia-roundabout17156061922783luhkg17358304549501IcmI9.webp\",\"articleSection\":[\"BLOG\"],\"inLanguage\":\"tr\",\"potentialAction\":[{\"@type\":\"CommentAction\",\"name\":\"Comment\",\"target\":[\"https:\\\/\\\/mediterra.group\\\/tr\\\/akdeniz-gayrimenkul-yatiriminizi-en-ust-duzeye-cikarin\\\/#respond\"]}]},{\"@type\":\"WebPage\",\"@id\":\"https:\\\/\\\/mediterra.group\\\/tr\\\/akdeniz-gayrimenkul-yatiriminizi-en-ust-duzeye-cikarin\\\/\",\"url\":\"https:\\\/\\\/mediterra.group\\\/tr\\\/akdeniz-gayrimenkul-yatiriminizi-en-ust-duzeye-cikarin\\\/\",\"name\":\"Akdeniz gayrimenkul yat\u0131r\u0131m\u0131n\u0131z\u0131 en \u00fcst d\u00fczeye \u00e7\u0131kar\u0131n - Mediterra Group\",\"isPartOf\":{\"@id\":\"https:\\\/\\\/mediterra.group\\\/ar\\\/#website\"},\"primaryImageOfPage\":{\"@id\":\"https:\\\/\\\/mediterra.group\\\/tr\\\/akdeniz-gayrimenkul-yatiriminizi-en-ust-duzeye-cikarin\\\/#primaryimage\"},\"image\":{\"@id\":\"https:\\\/\\\/mediterra.group\\\/tr\\\/akdeniz-gayrimenkul-yatiriminizi-en-ust-duzeye-cikarin\\\/#primaryimage\"},\"thumbnailUrl\":\"https:\\\/\\\/mediterra.group\\\/wp-content\\\/uploads\\\/2025\\\/07\\\/copy-kyrenia-roundabout17156061922783luhkg17358304549501IcmI9.webp\",\"datePublished\":\"2025-07-10T14:31:29+00:00\",\"author\":{\"@id\":\"https:\\\/\\\/mediterra.group\\\/ar\\\/#\\\/schema\\\/person\\\/7db86f2bc7783cf0f27705320203bffb\"},\"breadcrumb\":{\"@id\":\"https:\\\/\\\/mediterra.group\\\/tr\\\/akdeniz-gayrimenkul-yatiriminizi-en-ust-duzeye-cikarin\\\/#breadcrumb\"},\"inLanguage\":\"tr\",\"potentialAction\":[{\"@type\":\"ReadAction\",\"target\":[\"https:\\\/\\\/mediterra.group\\\/tr\\\/akdeniz-gayrimenkul-yatiriminizi-en-ust-duzeye-cikarin\\\/\"]}]},{\"@type\":\"ImageObject\",\"inLanguage\":\"tr\",\"@id\":\"https:\\\/\\\/mediterra.group\\\/tr\\\/akdeniz-gayrimenkul-yatiriminizi-en-ust-duzeye-cikarin\\\/#primaryimage\",\"url\":\"https:\\\/\\\/mediterra.group\\\/wp-content\\\/uploads\\\/2025\\\/07\\\/copy-kyrenia-roundabout17156061922783luhkg17358304549501IcmI9.webp\",\"contentUrl\":\"https:\\\/\\\/mediterra.group\\\/wp-content\\\/uploads\\\/2025\\\/07\\\/copy-kyrenia-roundabout17156061922783luhkg17358304549501IcmI9.webp\",\"width\":626,\"height\":470},{\"@type\":\"BreadcrumbList\",\"@id\":\"https:\\\/\\\/mediterra.group\\\/tr\\\/akdeniz-gayrimenkul-yatiriminizi-en-ust-duzeye-cikarin\\\/#breadcrumb\",\"itemListElement\":[{\"@type\":\"ListItem\",\"position\":1,\"name\":\"Home\",\"item\":\"https:\\\/\\\/mediterra.group\\\/tr\\\/\"},{\"@type\":\"ListItem\",\"position\":2,\"name\":\"Akdeniz gayrimenkul yat\u0131r\u0131m\u0131n\u0131z\u0131 en \u00fcst d\u00fczeye \u00e7\u0131kar\u0131n\"}]},{\"@type\":\"WebSite\",\"@id\":\"https:\\\/\\\/mediterra.group\\\/ar\\\/#website\",\"url\":\"https:\\\/\\\/mediterra.group\\\/ar\\\/\",\"name\":\"Mediterra Group\",\"description\":\"\",\"potentialAction\":[{\"@type\":\"SearchAction\",\"target\":{\"@type\":\"EntryPoint\",\"urlTemplate\":\"https:\\\/\\\/mediterra.group\\\/ar\\\/?s={search_term_string}\"},\"query-input\":{\"@type\":\"PropertyValueSpecification\",\"valueRequired\":true,\"valueName\":\"search_term_string\"}}],\"inLanguage\":\"tr\"},{\"@type\":\"Person\",\"@id\":\"https:\\\/\\\/mediterra.group\\\/ar\\\/#\\\/schema\\\/person\\\/7db86f2bc7783cf0f27705320203bffb\",\"name\":\"prfj\",\"image\":{\"@type\":\"ImageObject\",\"inLanguage\":\"tr\",\"@id\":\"https:\\\/\\\/secure.gravatar.com\\\/avatar\\\/efc76156b22a6391dfe826fa01e611bcd5dacefe7489936136b7f4d5eb1c0fb4?s=96&d=mm&r=g\",\"url\":\"https:\\\/\\\/secure.gravatar.com\\\/avatar\\\/efc76156b22a6391dfe826fa01e611bcd5dacefe7489936136b7f4d5eb1c0fb4?s=96&d=mm&r=g\",\"contentUrl\":\"https:\\\/\\\/secure.gravatar.com\\\/avatar\\\/efc76156b22a6391dfe826fa01e611bcd5dacefe7489936136b7f4d5eb1c0fb4?s=96&d=mm&r=g\",\"caption\":\"prfj\"},\"sameAs\":[\"https:\\\/\\\/mediterra.group\"],\"url\":\"https:\\\/\\\/mediterra.group\\\/tr\\\/author\\\/prfj\\\/\"}]}<\/script>\n<!-- \/ Yoast SEO plugin. -->","yoast_head_json":{"title":"Akdeniz gayrimenkul yat\u0131r\u0131m\u0131n\u0131z\u0131 en \u00fcst d\u00fczeye \u00e7\u0131kar\u0131n - Mediterra Group","robots":{"index":"index","follow":"follow","max-snippet":"max-snippet:-1","max-image-preview":"max-image-preview:large","max-video-preview":"max-video-preview:-1"},"canonical":"https:\/\/mediterra.group\/tr\/akdeniz-gayrimenkul-yatiriminizi-en-ust-duzeye-cikarin\/","og_locale":"tr_TR","og_type":"article","og_title":"Akdeniz gayrimenkul yat\u0131r\u0131m\u0131n\u0131z\u0131 en \u00fcst d\u00fczeye \u00e7\u0131kar\u0131n - Mediterra Group","og_description":"Akdeniz&#8217;de gayrimenkul yat\u0131r\u0131m\u0131 yapmak, hem finansal getiri hem de daha iyi bir ya\u015fam tarz\u0131 arayan bireyler i\u00e7in k\u00e2rl\u0131 bir f\u0131rsat olabilir. \u0130ster bir tatil evi, ister kiral\u0131k bir m\u00fclk veya uzun vadeli bir yat\u0131r\u0131m sat\u0131n almak istiyor olun, etkili stratejiler uygulamak getirinizi en \u00fcst d\u00fczeye \u00e7\u0131karman\u0131za ve yat\u0131r\u0131m \u00e7aban\u0131z\u0131n ba\u015far\u0131l\u0131 olmas\u0131n\u0131 sa\u011flaman\u0131za yard\u0131mc\u0131 olabilir. Ara\u015ft\u0131rma [&hellip;]","og_url":"https:\/\/mediterra.group\/tr\/akdeniz-gayrimenkul-yatiriminizi-en-ust-duzeye-cikarin\/","og_site_name":"Mediterra Group","article_published_time":"2025-07-10T14:31:29+00:00","og_image":[{"width":626,"height":470,"url":"https:\/\/mediterra.group\/wp-content\/uploads\/2025\/07\/copy-kyrenia-roundabout17156061922783luhkg17358304549501IcmI9.webp","type":"image\/webp"}],"author":"prfj","twitter_card":"summary_large_image","twitter_misc":{"Yazan:":"prfj","Tahmini okuma s\u00fcresi":"3 dakika"},"schema":{"@context":"https:\/\/schema.org","@graph":[{"@type":"Article","@id":"https:\/\/mediterra.group\/tr\/akdeniz-gayrimenkul-yatiriminizi-en-ust-duzeye-cikarin\/#article","isPartOf":{"@id":"https:\/\/mediterra.group\/tr\/akdeniz-gayrimenkul-yatiriminizi-en-ust-duzeye-cikarin\/"},"author":{"name":"prfj","@id":"https:\/\/mediterra.group\/ar\/#\/schema\/person\/7db86f2bc7783cf0f27705320203bffb"},"headline":"Akdeniz gayrimenkul yat\u0131r\u0131m\u0131n\u0131z\u0131 en \u00fcst d\u00fczeye \u00e7\u0131kar\u0131n","datePublished":"2025-07-10T14:31:29+00:00","mainEntityOfPage":{"@id":"https:\/\/mediterra.group\/tr\/akdeniz-gayrimenkul-yatiriminizi-en-ust-duzeye-cikarin\/"},"wordCount":711,"commentCount":0,"image":{"@id":"https:\/\/mediterra.group\/tr\/akdeniz-gayrimenkul-yatiriminizi-en-ust-duzeye-cikarin\/#primaryimage"},"thumbnailUrl":"https:\/\/mediterra.group\/wp-content\/uploads\/2025\/07\/copy-kyrenia-roundabout17156061922783luhkg17358304549501IcmI9.webp","articleSection":["BLOG"],"inLanguage":"tr","potentialAction":[{"@type":"CommentAction","name":"Comment","target":["https:\/\/mediterra.group\/tr\/akdeniz-gayrimenkul-yatiriminizi-en-ust-duzeye-cikarin\/#respond"]}]},{"@type":"WebPage","@id":"https:\/\/mediterra.group\/tr\/akdeniz-gayrimenkul-yatiriminizi-en-ust-duzeye-cikarin\/","url":"https:\/\/mediterra.group\/tr\/akdeniz-gayrimenkul-yatiriminizi-en-ust-duzeye-cikarin\/","name":"Akdeniz gayrimenkul yat\u0131r\u0131m\u0131n\u0131z\u0131 en \u00fcst d\u00fczeye \u00e7\u0131kar\u0131n - Mediterra Group","isPartOf":{"@id":"https:\/\/mediterra.group\/ar\/#website"},"primaryImageOfPage":{"@id":"https:\/\/mediterra.group\/tr\/akdeniz-gayrimenkul-yatiriminizi-en-ust-duzeye-cikarin\/#primaryimage"},"image":{"@id":"https:\/\/mediterra.group\/tr\/akdeniz-gayrimenkul-yatiriminizi-en-ust-duzeye-cikarin\/#primaryimage"},"thumbnailUrl":"https:\/\/mediterra.group\/wp-content\/uploads\/2025\/07\/copy-kyrenia-roundabout17156061922783luhkg17358304549501IcmI9.webp","datePublished":"2025-07-10T14:31:29+00:00","author":{"@id":"https:\/\/mediterra.group\/ar\/#\/schema\/person\/7db86f2bc7783cf0f27705320203bffb"},"breadcrumb":{"@id":"https:\/\/mediterra.group\/tr\/akdeniz-gayrimenkul-yatiriminizi-en-ust-duzeye-cikarin\/#breadcrumb"},"inLanguage":"tr","potentialAction":[{"@type":"ReadAction","target":["https:\/\/mediterra.group\/tr\/akdeniz-gayrimenkul-yatiriminizi-en-ust-duzeye-cikarin\/"]}]},{"@type":"ImageObject","inLanguage":"tr","@id":"https:\/\/mediterra.group\/tr\/akdeniz-gayrimenkul-yatiriminizi-en-ust-duzeye-cikarin\/#primaryimage","url":"https:\/\/mediterra.group\/wp-content\/uploads\/2025\/07\/copy-kyrenia-roundabout17156061922783luhkg17358304549501IcmI9.webp","contentUrl":"https:\/\/mediterra.group\/wp-content\/uploads\/2025\/07\/copy-kyrenia-roundabout17156061922783luhkg17358304549501IcmI9.webp","width":626,"height":470},{"@type":"BreadcrumbList","@id":"https:\/\/mediterra.group\/tr\/akdeniz-gayrimenkul-yatiriminizi-en-ust-duzeye-cikarin\/#breadcrumb","itemListElement":[{"@type":"ListItem","position":1,"name":"Home","item":"https:\/\/mediterra.group\/tr\/"},{"@type":"ListItem","position":2,"name":"Akdeniz gayrimenkul yat\u0131r\u0131m\u0131n\u0131z\u0131 en \u00fcst d\u00fczeye \u00e7\u0131kar\u0131n"}]},{"@type":"WebSite","@id":"https:\/\/mediterra.group\/ar\/#website","url":"https:\/\/mediterra.group\/ar\/","name":"Mediterra Group","description":"","potentialAction":[{"@type":"SearchAction","target":{"@type":"EntryPoint","urlTemplate":"https:\/\/mediterra.group\/ar\/?s={search_term_string}"},"query-input":{"@type":"PropertyValueSpecification","valueRequired":true,"valueName":"search_term_string"}}],"inLanguage":"tr"},{"@type":"Person","@id":"https:\/\/mediterra.group\/ar\/#\/schema\/person\/7db86f2bc7783cf0f27705320203bffb","name":"prfj","image":{"@type":"ImageObject","inLanguage":"tr","@id":"https:\/\/secure.gravatar.com\/avatar\/efc76156b22a6391dfe826fa01e611bcd5dacefe7489936136b7f4d5eb1c0fb4?s=96&d=mm&r=g","url":"https:\/\/secure.gravatar.com\/avatar\/efc76156b22a6391dfe826fa01e611bcd5dacefe7489936136b7f4d5eb1c0fb4?s=96&d=mm&r=g","contentUrl":"https:\/\/secure.gravatar.com\/avatar\/efc76156b22a6391dfe826fa01e611bcd5dacefe7489936136b7f4d5eb1c0fb4?s=96&d=mm&r=g","caption":"prfj"},"sameAs":["https:\/\/mediterra.group"],"url":"https:\/\/mediterra.group\/tr\/author\/prfj\/"}]}},"_links":{"self":[{"href":"https:\/\/mediterra.group\/tr\/wp-json\/wp\/v2\/posts\/32930","targetHints":{"allow":["GET"]}}],"collection":[{"href":"https:\/\/mediterra.group\/tr\/wp-json\/wp\/v2\/posts"}],"about":[{"href":"https:\/\/mediterra.group\/tr\/wp-json\/wp\/v2\/types\/post"}],"author":[{"embeddable":true,"href":"https:\/\/mediterra.group\/tr\/wp-json\/wp\/v2\/users\/1"}],"replies":[{"embeddable":true,"href":"https:\/\/mediterra.group\/tr\/wp-json\/wp\/v2\/comments?post=32930"}],"version-history":[{"count":0,"href":"https:\/\/mediterra.group\/tr\/wp-json\/wp\/v2\/posts\/32930\/revisions"}],"wp:featuredmedia":[{"embeddable":true,"href":"https:\/\/mediterra.group\/tr\/wp-json\/wp\/v2\/media\/31362"}],"wp:attachment":[{"href":"https:\/\/mediterra.group\/tr\/wp-json\/wp\/v2\/media?parent=32930"}],"wp:term":[{"taxonomy":"category","embeddable":true,"href":"https:\/\/mediterra.group\/tr\/wp-json\/wp\/v2\/categories?post=32930"},{"taxonomy":"post_tag","embeddable":true,"href":"https:\/\/mediterra.group\/tr\/wp-json\/wp\/v2\/tags?post=32930"}],"curies":[{"name":"wp","href":"https:\/\/api.w.org\/{rel}","templated":true}]}}