{"id":32906,"date":"2025-07-10T14:12:39","date_gmt":"2025-07-10T14:12:39","guid":{"rendered":"https:\/\/mediterra.group\/kuzey-kibrisa-kalici-olarak-tasinmak-icin-5-neden\/"},"modified":"2025-07-10T14:12:39","modified_gmt":"2025-07-10T14:12:39","slug":"kuzey-kibrisa-kalici-olarak-tasinmak-icin-5-neden","status":"publish","type":"post","link":"https:\/\/mediterra.group\/tr\/kuzey-kibrisa-kalici-olarak-tasinmak-icin-5-neden\/","title":{"rendered":"Kuzey K\u0131br\u0131s&#8217;a Kal\u0131c\u0131 Olarak Ta\u015f\u0131nmak \u0130\u00e7in 5 Neden"},"content":{"rendered":"<p><img decoding=\"async\" class=\"w-100 mb-10\" src=\"https:\/\/www.mediterrapm.com\/public\/media\/uploads\/editor\/blog\/blog\/cprus-ic-life.webp\" alt=\"\"><\/p>\n<p>Akdeniz&#8217;de genellikle g\u00f6z ard\u0131 edilen bir m\u00fccevher olan Kuzey K\u0131br\u0131s, kal\u0131c\u0131 olarak yerle\u015fmek isteyenler i\u00e7in cazip bir yer olarak dikkat \u00e7ekiyor. Kuzey K\u0131br\u0131s, sakin manzaralar\u0131ndan zengin k\u00fclt\u00fcrel tarihine kadar modern ya\u015fam ve geleneksel cazibenin e\u015fsiz bir kar\u0131\u015f\u0131m\u0131n\u0131 sunuyor. \u0130\u015fte Kuzey K\u0131br\u0131s&#8217;a ta\u015f\u0131nman\u0131n neden cazip ve tatmin edici bir ya\u015fam tercihi olabilece\u011fine dair be\u015f neden:  <\/p>\n<h2>Uygun Ya\u015fam Maliyeti:<\/h2>\n<p>Kuzey K\u0131br\u0131s&#8217;a ta\u015f\u0131nmay\u0131 d\u00fc\u015f\u00fcnmek i\u00e7in en zorlay\u0131c\u0131 nedenlerden biri, nispeten d\u00fc\u015f\u00fck ya\u015fam maliyetidir. Bir\u00e7ok Avrupa ve Akdeniz \u00fclkesiyle kar\u015f\u0131la\u015ft\u0131r\u0131ld\u0131\u011f\u0131nda, konut, kamu hizmetleri ve market al\u0131\u015fveri\u015fi gibi g\u00fcnl\u00fck harcamalar \u00e7ok daha ekonomiktir. \u00d6zellikle emlak fiyatlar\u0131, di\u011fer bir\u00e7ok Akdeniz destinasyonuna g\u00f6re \u00f6nemli \u00f6l\u00e7\u00fcde daha d\u00fc\u015f\u00fckt\u00fcr ve ev sat\u0131n almak isteyenler i\u00e7in m\u00fckemmel bir f\u0131rsat sunmaktad\u0131r. Bu uygun fiyat, Kuzey K\u0131br\u0131s&#8217;\u0131 emekliler veya kaliteden \u00f6d\u00fcn vermeden daha uygun maliyetli bir ya\u015fam tarz\u0131 arayan bireyler i\u00e7in cazip bir se\u00e7enek haline getirmektedir.   <\/p>\n<h2>Il\u0131man Akdeniz \u0130klimi:<\/h2>\n<p>Kuzey K\u0131br\u0131s uzun, s\u0131cak yazlar\u0131 ve \u0131l\u0131man k\u0131\u015flar\u0131 ile g\u00fczel bir Akdeniz iklimine sahiptir. Y\u0131lda 300 g\u00fcnden fazla g\u00fcne\u015f \u0131\u015f\u0131\u011f\u0131 ile a\u00e7\u0131k hava etkinliklerinden ve y\u0131l boyunca s\u0131cakl\u0131ktan ho\u015flananlar i\u00e7in m\u00fckemmel bir yerdir. Il\u0131man hava ayn\u0131 zamanda daha sa\u011fl\u0131kl\u0131 bir ya\u015fam tarz\u0131n\u0131 te\u015fvik ederek, sakinlerin pitoresk manzaralar\u0131 ke\u015ffederek, plajlar\u0131n tad\u0131n\u0131 \u00e7\u0131kararak veya sadece do\u011fada dinlenerek d\u0131\u015far\u0131da daha fazla zaman ge\u00e7irmelerini sa\u011flar. Bu iklim, sert k\u0131\u015flardan ka\u00e7mak ve daha rahat, g\u00fcne\u015f dolu bir ya\u015fam tarz\u0131n\u0131 benimsemek isteyen bireyler i\u00e7in caziptir.   <\/p>\n<h2>\u00c7arp\u0131c\u0131 Do\u011fal G\u00fczellik:<\/h2>\n<p><img decoding=\"async\" class=\"w-100 mb-10\" src=\"https:\/\/www.mediterrapm.com\/public\/media\/uploads\/editor\/blog\/blog\/cprus-ic.webp\" alt=\"\"><\/p>\n<p>Kuzey K\u0131br\u0131s, el de\u011fmemi\u015f plajlardan yemye\u015fil da\u011flara kadar \u00e7ok \u00e7e\u015fitli do\u011fal g\u00fczelliklere ev sahipli\u011fi yapmaktad\u0131r. Girne s\u0131rada\u011flar\u0131 muhte\u015fem manzaralar ve y\u00fcr\u00fcy\u00fc\u015f olanaklar\u0131 sunarken, Karpaz Yar\u0131madas\u0131&#8217;n\u0131n alt\u0131n kumlar\u0131 Akdeniz&#8217;in kristal berrakl\u0131\u011f\u0131ndaki sular\u0131 boyunca kilometrelerce uzan\u0131r. Do\u011fa severler i\u00e7in Kuzey K\u0131br\u0131s, a\u00e7\u0131k havan\u0131n g\u00fcnl\u00fck ya\u015fam\u0131n ayr\u0131lmaz bir par\u00e7as\u0131 haline geldi\u011fi sakin bir ortam sunmaktad\u0131r. Di\u011fer Akdeniz merkezlerine k\u0131yasla daha az turistin bulundu\u011fu nispeten bozulmam\u0131\u015f manzaras\u0131, daha huzurlu ve dingin bir ya\u015fam deneyimi sa\u011flamaktad\u0131r.   <\/p>\n<h2>Zengin K\u00fclt\u00fcrel Miras:<\/h2>\n<p>Kuzey K\u0131br\u0131s, Yunanl\u0131lar, Romal\u0131lar ve Osmanl\u0131lar gibi eski uygarl\u0131klar\u0131n etkilerinin e\u015fsiz bir kar\u0131\u015f\u0131m\u0131n\u0131 sunan tarih ve k\u00fclt\u00fcrle doludur. Ada, b\u00fcy\u00fcleyici ge\u00e7mi\u015fine bir pencere a\u00e7an kaleler, antik kal\u0131nt\u0131lar ve dini an\u0131tlar da dahil olmak \u00fczere tarihi yerlerle doludur. Kuzey K\u0131br\u0131s&#8217;a ta\u015f\u0131nmak, bireylerin s\u0131cak ve misafirperver yerel k\u00fclt\u00fcr\u00fc deneyimlerken kendilerini bu zengin tarihe kapt\u0131rmalar\u0131na olanak tan\u0131r. Adan\u0131n \u00e7ok k\u00fclt\u00fcrl\u00fc ortam\u0131, topluluk ve aidiyet duygusunu te\u015fvik ederek buray\u0131 hayat\u0131n her kesiminden insanlar i\u00e7in davetk\u00e2r bir yer haline getirmektedir.   <\/p>\n<h2>G\u00fcvenli ve Huzurlu Ortam:<\/h2>\n<p>Kal\u0131c\u0131 olarak ta\u015f\u0131nmak isteyenler i\u00e7in g\u00fcvenlik en \u00f6nemli endi\u015fe kayna\u011f\u0131d\u0131r ve Kuzey K\u0131br\u0131s Akdeniz&#8217;in en g\u00fcvenli yerlerinden biri olarak bilinir. Su\u00e7 oran\u0131 d\u00fc\u015f\u00fckt\u00fcr ve yerel n\u00fcfus dost canl\u0131s\u0131 ve toplum odakl\u0131d\u0131r. Bu huzurlu atmosfer buray\u0131 aileler, emekliler ve sakin ve g\u00fcvenli bir ortam arayan bireyler i\u00e7in ideal k\u0131lmaktad\u0131r. Buna ek olarak, adan\u0131n daha yava\u015f ya\u015fam temposu, daha h\u0131zl\u0131 tempolu kentsel ortamlardan gelenler i\u00e7in canland\u0131r\u0131c\u0131 bir de\u011fi\u015fiklik sunmaktad\u0131r.   <\/p>\n<p>\u00d6zetle, Kuzey K\u0131br\u0131s uygun fiyat, do\u011fal g\u00fczellik, misafirperver bir toplum ve rahat bir ya\u015fam tarz\u0131n\u0131n cazip bir kombinasyonunu sunmaktad\u0131r. \u0130ster g\u00fcne\u015fli iklimi, ister zengin k\u00fclt\u00fcrel miras\u0131, ister huzurlu ortam\u0131 sizi cezbetsin, Kuzey K\u0131br\u0131s&#8217;a kal\u0131c\u0131 olarak ta\u015f\u0131nmak tatmin edici ve zenginle\u015ftirici bir ya\u015fam deneyimi sa\u011flayabilir. Bir yerle\u015fim yeri olarak artan pop\u00fclaritesi ile \u015fimdi bu Akdeniz cennetini uzun vadeli eviniz olarak d\u00fc\u015f\u00fcnmek i\u00e7in m\u00fckemmel bir zaman olabilir.  <\/p>\n","protected":false},"excerpt":{"rendered":"<p>Akdeniz&#8217;de genellikle g\u00f6z ard\u0131 edilen bir m\u00fccevher olan Kuzey K\u0131br\u0131s, kal\u0131c\u0131 olarak yerle\u015fmek isteyenler i\u00e7in cazip bir yer olarak dikkat \u00e7ekiyor. Kuzey K\u0131br\u0131s, sakin manzaralar\u0131ndan zengin k\u00fclt\u00fcrel tarihine kadar modern ya\u015fam ve geleneksel cazibenin e\u015fsiz bir kar\u0131\u015f\u0131m\u0131n\u0131 sunuyor. \u0130\u015fte Kuzey K\u0131br\u0131s&#8217;a ta\u015f\u0131nman\u0131n neden cazip ve tatmin edici bir ya\u015fam tercihi olabilece\u011fine dair be\u015f neden: Uygun [&hellip;]<\/p>\n","protected":false},"author":1,"featured_media":31257,"comment_status":"open","ping_status":"open","sticky":false,"template":"","format":"standard","meta":{"_acf_changed":false,"footnotes":""},"categories":[205,245],"tags":[],"class_list":["post-32906","post","type-post","status-publish","format-standard","has-post-thumbnail","hentry","category-gayrimenkul","category-yasam-tarzi"],"acf":[],"yoast_head":"<!-- This site is optimized with the Yoast SEO plugin v27.5 - https:\/\/yoast.com\/product\/yoast-seo-wordpress\/ -->\n<title>Kuzey K\u0131br\u0131s&#039;a Kal\u0131c\u0131 Olarak Ta\u015f\u0131nmak \u0130\u00e7in 5 Neden - Mediterra Group<\/title>\n<meta name=\"robots\" content=\"index, follow, max-snippet:-1, max-image-preview:large, max-video-preview:-1\" \/>\n<link rel=\"canonical\" href=\"https:\/\/mediterra.group\/5-reasons-to-move-to-northern-cyprus-permanently\/\" \/>\n<meta property=\"og:locale\" content=\"tr_TR\" \/>\n<meta property=\"og:type\" content=\"article\" \/>\n<meta property=\"og:title\" content=\"Kuzey K\u0131br\u0131s&#039;a Kal\u0131c\u0131 Olarak Ta\u015f\u0131nmak \u0130\u00e7in 5 Neden - Mediterra Group\" \/>\n<meta property=\"og:description\" content=\"Akdeniz&#8217;de genellikle g\u00f6z ard\u0131 edilen bir m\u00fccevher olan Kuzey K\u0131br\u0131s, kal\u0131c\u0131 olarak yerle\u015fmek isteyenler i\u00e7in cazip bir yer olarak dikkat \u00e7ekiyor. Kuzey K\u0131br\u0131s, sakin manzaralar\u0131ndan zengin k\u00fclt\u00fcrel tarihine kadar modern ya\u015fam ve geleneksel cazibenin e\u015fsiz bir kar\u0131\u015f\u0131m\u0131n\u0131 sunuyor. \u0130\u015fte Kuzey K\u0131br\u0131s&#8217;a ta\u015f\u0131nman\u0131n neden cazip ve tatmin edici bir ya\u015fam tercihi olabilece\u011fine dair be\u015f neden: Uygun [&hellip;]\" \/>\n<meta property=\"og:url\" content=\"https:\/\/mediterra.group\/5-reasons-to-move-to-northern-cyprus-permanently\/\" \/>\n<meta property=\"og:site_name\" content=\"Mediterra Group\" \/>\n<meta property=\"article:published_time\" content=\"2025-07-10T14:12:39+00:00\" \/>\n<meta property=\"og:image\" content=\"https:\/\/mediterra.group\/wp-content\/uploads\/2025\/07\/cprus-life-kapak17292563005441DjwLl.webp\" \/>\n\t<meta property=\"og:image:width\" content=\"626\" \/>\n\t<meta property=\"og:image:height\" content=\"470\" \/>\n\t<meta property=\"og:image:type\" content=\"image\/webp\" \/>\n<meta name=\"author\" content=\"prfj\" \/>\n<meta name=\"twitter:card\" content=\"summary_large_image\" \/>\n<meta name=\"twitter:label1\" content=\"Yazan:\" \/>\n\t<meta name=\"twitter:data1\" content=\"prfj\" \/>\n\t<meta name=\"twitter:label2\" content=\"Tahmini okuma s\u00fcresi\" \/>\n\t<meta name=\"twitter:data2\" content=\"4 dakika\" \/>\n<script type=\"application\/ld+json\" class=\"yoast-schema-graph\">{\"@context\":\"https:\\\/\\\/schema.org\",\"@graph\":[{\"@type\":\"Article\",\"@id\":\"https:\\\/\\\/mediterra.group\\\/5-reasons-to-move-to-northern-cyprus-permanently\\\/#article\",\"isPartOf\":{\"@id\":\"https:\\\/\\\/mediterra.group\\\/5-reasons-to-move-to-northern-cyprus-permanently\\\/\"},\"author\":{\"name\":\"prfj\",\"@id\":\"https:\\\/\\\/mediterra.group\\\/ar\\\/#\\\/schema\\\/person\\\/7db86f2bc7783cf0f27705320203bffb\"},\"headline\":\"Kuzey K\u0131br\u0131s&#8217;a Kal\u0131c\u0131 Olarak Ta\u015f\u0131nmak \u0130\u00e7in 5 Neden\",\"datePublished\":\"2025-07-10T14:12:39+00:00\",\"mainEntityOfPage\":{\"@id\":\"https:\\\/\\\/mediterra.group\\\/5-reasons-to-move-to-northern-cyprus-permanently\\\/\"},\"wordCount\":752,\"commentCount\":0,\"image\":{\"@id\":\"https:\\\/\\\/mediterra.group\\\/5-reasons-to-move-to-northern-cyprus-permanently\\\/#primaryimage\"},\"thumbnailUrl\":\"https:\\\/\\\/mediterra.group\\\/wp-content\\\/uploads\\\/2025\\\/07\\\/cprus-life-kapak17292563005441DjwLl.webp\",\"articleSection\":[\"GAYR\u0130MENKUL\",\"YA\u015eAM TARZI\"],\"inLanguage\":\"tr\",\"potentialAction\":[{\"@type\":\"CommentAction\",\"name\":\"Comment\",\"target\":[\"https:\\\/\\\/mediterra.group\\\/5-reasons-to-move-to-northern-cyprus-permanently\\\/#respond\"]}]},{\"@type\":\"WebPage\",\"@id\":\"https:\\\/\\\/mediterra.group\\\/5-reasons-to-move-to-northern-cyprus-permanently\\\/\",\"url\":\"https:\\\/\\\/mediterra.group\\\/5-reasons-to-move-to-northern-cyprus-permanently\\\/\",\"name\":\"Kuzey K\u0131br\u0131s'a Kal\u0131c\u0131 Olarak Ta\u015f\u0131nmak \u0130\u00e7in 5 Neden - Mediterra Group\",\"isPartOf\":{\"@id\":\"https:\\\/\\\/mediterra.group\\\/ar\\\/#website\"},\"primaryImageOfPage\":{\"@id\":\"https:\\\/\\\/mediterra.group\\\/5-reasons-to-move-to-northern-cyprus-permanently\\\/#primaryimage\"},\"image\":{\"@id\":\"https:\\\/\\\/mediterra.group\\\/5-reasons-to-move-to-northern-cyprus-permanently\\\/#primaryimage\"},\"thumbnailUrl\":\"https:\\\/\\\/mediterra.group\\\/wp-content\\\/uploads\\\/2025\\\/07\\\/cprus-life-kapak17292563005441DjwLl.webp\",\"datePublished\":\"2025-07-10T14:12:39+00:00\",\"author\":{\"@id\":\"https:\\\/\\\/mediterra.group\\\/ar\\\/#\\\/schema\\\/person\\\/7db86f2bc7783cf0f27705320203bffb\"},\"breadcrumb\":{\"@id\":\"https:\\\/\\\/mediterra.group\\\/5-reasons-to-move-to-northern-cyprus-permanently\\\/#breadcrumb\"},\"inLanguage\":\"tr\",\"potentialAction\":[{\"@type\":\"ReadAction\",\"target\":[\"https:\\\/\\\/mediterra.group\\\/5-reasons-to-move-to-northern-cyprus-permanently\\\/\"]}]},{\"@type\":\"ImageObject\",\"inLanguage\":\"tr\",\"@id\":\"https:\\\/\\\/mediterra.group\\\/5-reasons-to-move-to-northern-cyprus-permanently\\\/#primaryimage\",\"url\":\"https:\\\/\\\/mediterra.group\\\/wp-content\\\/uploads\\\/2025\\\/07\\\/cprus-life-kapak17292563005441DjwLl.webp\",\"contentUrl\":\"https:\\\/\\\/mediterra.group\\\/wp-content\\\/uploads\\\/2025\\\/07\\\/cprus-life-kapak17292563005441DjwLl.webp\",\"width\":626,\"height\":470},{\"@type\":\"BreadcrumbList\",\"@id\":\"https:\\\/\\\/mediterra.group\\\/5-reasons-to-move-to-northern-cyprus-permanently\\\/#breadcrumb\",\"itemListElement\":[{\"@type\":\"ListItem\",\"position\":1,\"name\":\"Home\",\"item\":\"https:\\\/\\\/mediterra.group\\\/tr\\\/\"},{\"@type\":\"ListItem\",\"position\":2,\"name\":\"Kuzey K\u0131br\u0131s&#8217;a Kal\u0131c\u0131 Olarak Ta\u015f\u0131nmak \u0130\u00e7in 5 Neden\"}]},{\"@type\":\"WebSite\",\"@id\":\"https:\\\/\\\/mediterra.group\\\/ar\\\/#website\",\"url\":\"https:\\\/\\\/mediterra.group\\\/ar\\\/\",\"name\":\"Mediterra Group\",\"description\":\"\",\"potentialAction\":[{\"@type\":\"SearchAction\",\"target\":{\"@type\":\"EntryPoint\",\"urlTemplate\":\"https:\\\/\\\/mediterra.group\\\/ar\\\/?s={search_term_string}\"},\"query-input\":{\"@type\":\"PropertyValueSpecification\",\"valueRequired\":true,\"valueName\":\"search_term_string\"}}],\"inLanguage\":\"tr\"},{\"@type\":\"Person\",\"@id\":\"https:\\\/\\\/mediterra.group\\\/ar\\\/#\\\/schema\\\/person\\\/7db86f2bc7783cf0f27705320203bffb\",\"name\":\"prfj\",\"image\":{\"@type\":\"ImageObject\",\"inLanguage\":\"tr\",\"@id\":\"https:\\\/\\\/secure.gravatar.com\\\/avatar\\\/efc76156b22a6391dfe826fa01e611bcd5dacefe7489936136b7f4d5eb1c0fb4?s=96&d=mm&r=g\",\"url\":\"https:\\\/\\\/secure.gravatar.com\\\/avatar\\\/efc76156b22a6391dfe826fa01e611bcd5dacefe7489936136b7f4d5eb1c0fb4?s=96&d=mm&r=g\",\"contentUrl\":\"https:\\\/\\\/secure.gravatar.com\\\/avatar\\\/efc76156b22a6391dfe826fa01e611bcd5dacefe7489936136b7f4d5eb1c0fb4?s=96&d=mm&r=g\",\"caption\":\"prfj\"},\"sameAs\":[\"https:\\\/\\\/mediterra.group\"],\"url\":\"https:\\\/\\\/mediterra.group\\\/tr\\\/author\\\/prfj\\\/\"}]}<\/script>\n<!-- \/ Yoast SEO plugin. -->","yoast_head_json":{"title":"Kuzey K\u0131br\u0131s'a Kal\u0131c\u0131 Olarak Ta\u015f\u0131nmak \u0130\u00e7in 5 Neden - Mediterra Group","robots":{"index":"index","follow":"follow","max-snippet":"max-snippet:-1","max-image-preview":"max-image-preview:large","max-video-preview":"max-video-preview:-1"},"canonical":"https:\/\/mediterra.group\/5-reasons-to-move-to-northern-cyprus-permanently\/","og_locale":"tr_TR","og_type":"article","og_title":"Kuzey K\u0131br\u0131s'a Kal\u0131c\u0131 Olarak Ta\u015f\u0131nmak \u0130\u00e7in 5 Neden - Mediterra Group","og_description":"Akdeniz&#8217;de genellikle g\u00f6z ard\u0131 edilen bir m\u00fccevher olan Kuzey K\u0131br\u0131s, kal\u0131c\u0131 olarak yerle\u015fmek isteyenler i\u00e7in cazip bir yer olarak dikkat \u00e7ekiyor. Kuzey K\u0131br\u0131s, sakin manzaralar\u0131ndan zengin k\u00fclt\u00fcrel tarihine kadar modern ya\u015fam ve geleneksel cazibenin e\u015fsiz bir kar\u0131\u015f\u0131m\u0131n\u0131 sunuyor. \u0130\u015fte Kuzey K\u0131br\u0131s&#8217;a ta\u015f\u0131nman\u0131n neden cazip ve tatmin edici bir ya\u015fam tercihi olabilece\u011fine dair be\u015f neden: Uygun [&hellip;]","og_url":"https:\/\/mediterra.group\/5-reasons-to-move-to-northern-cyprus-permanently\/","og_site_name":"Mediterra Group","article_published_time":"2025-07-10T14:12:39+00:00","og_image":[{"width":626,"height":470,"url":"https:\/\/mediterra.group\/wp-content\/uploads\/2025\/07\/cprus-life-kapak17292563005441DjwLl.webp","type":"image\/webp"}],"author":"prfj","twitter_card":"summary_large_image","twitter_misc":{"Yazan:":"prfj","Tahmini okuma s\u00fcresi":"4 dakika"},"schema":{"@context":"https:\/\/schema.org","@graph":[{"@type":"Article","@id":"https:\/\/mediterra.group\/5-reasons-to-move-to-northern-cyprus-permanently\/#article","isPartOf":{"@id":"https:\/\/mediterra.group\/5-reasons-to-move-to-northern-cyprus-permanently\/"},"author":{"name":"prfj","@id":"https:\/\/mediterra.group\/ar\/#\/schema\/person\/7db86f2bc7783cf0f27705320203bffb"},"headline":"Kuzey K\u0131br\u0131s&#8217;a Kal\u0131c\u0131 Olarak Ta\u015f\u0131nmak \u0130\u00e7in 5 Neden","datePublished":"2025-07-10T14:12:39+00:00","mainEntityOfPage":{"@id":"https:\/\/mediterra.group\/5-reasons-to-move-to-northern-cyprus-permanently\/"},"wordCount":752,"commentCount":0,"image":{"@id":"https:\/\/mediterra.group\/5-reasons-to-move-to-northern-cyprus-permanently\/#primaryimage"},"thumbnailUrl":"https:\/\/mediterra.group\/wp-content\/uploads\/2025\/07\/cprus-life-kapak17292563005441DjwLl.webp","articleSection":["GAYR\u0130MENKUL","YA\u015eAM TARZI"],"inLanguage":"tr","potentialAction":[{"@type":"CommentAction","name":"Comment","target":["https:\/\/mediterra.group\/5-reasons-to-move-to-northern-cyprus-permanently\/#respond"]}]},{"@type":"WebPage","@id":"https:\/\/mediterra.group\/5-reasons-to-move-to-northern-cyprus-permanently\/","url":"https:\/\/mediterra.group\/5-reasons-to-move-to-northern-cyprus-permanently\/","name":"Kuzey K\u0131br\u0131s'a Kal\u0131c\u0131 Olarak Ta\u015f\u0131nmak \u0130\u00e7in 5 Neden - Mediterra Group","isPartOf":{"@id":"https:\/\/mediterra.group\/ar\/#website"},"primaryImageOfPage":{"@id":"https:\/\/mediterra.group\/5-reasons-to-move-to-northern-cyprus-permanently\/#primaryimage"},"image":{"@id":"https:\/\/mediterra.group\/5-reasons-to-move-to-northern-cyprus-permanently\/#primaryimage"},"thumbnailUrl":"https:\/\/mediterra.group\/wp-content\/uploads\/2025\/07\/cprus-life-kapak17292563005441DjwLl.webp","datePublished":"2025-07-10T14:12:39+00:00","author":{"@id":"https:\/\/mediterra.group\/ar\/#\/schema\/person\/7db86f2bc7783cf0f27705320203bffb"},"breadcrumb":{"@id":"https:\/\/mediterra.group\/5-reasons-to-move-to-northern-cyprus-permanently\/#breadcrumb"},"inLanguage":"tr","potentialAction":[{"@type":"ReadAction","target":["https:\/\/mediterra.group\/5-reasons-to-move-to-northern-cyprus-permanently\/"]}]},{"@type":"ImageObject","inLanguage":"tr","@id":"https:\/\/mediterra.group\/5-reasons-to-move-to-northern-cyprus-permanently\/#primaryimage","url":"https:\/\/mediterra.group\/wp-content\/uploads\/2025\/07\/cprus-life-kapak17292563005441DjwLl.webp","contentUrl":"https:\/\/mediterra.group\/wp-content\/uploads\/2025\/07\/cprus-life-kapak17292563005441DjwLl.webp","width":626,"height":470},{"@type":"BreadcrumbList","@id":"https:\/\/mediterra.group\/5-reasons-to-move-to-northern-cyprus-permanently\/#breadcrumb","itemListElement":[{"@type":"ListItem","position":1,"name":"Home","item":"https:\/\/mediterra.group\/tr\/"},{"@type":"ListItem","position":2,"name":"Kuzey K\u0131br\u0131s&#8217;a Kal\u0131c\u0131 Olarak Ta\u015f\u0131nmak \u0130\u00e7in 5 Neden"}]},{"@type":"WebSite","@id":"https:\/\/mediterra.group\/ar\/#website","url":"https:\/\/mediterra.group\/ar\/","name":"Mediterra Group","description":"","potentialAction":[{"@type":"SearchAction","target":{"@type":"EntryPoint","urlTemplate":"https:\/\/mediterra.group\/ar\/?s={search_term_string}"},"query-input":{"@type":"PropertyValueSpecification","valueRequired":true,"valueName":"search_term_string"}}],"inLanguage":"tr"},{"@type":"Person","@id":"https:\/\/mediterra.group\/ar\/#\/schema\/person\/7db86f2bc7783cf0f27705320203bffb","name":"prfj","image":{"@type":"ImageObject","inLanguage":"tr","@id":"https:\/\/secure.gravatar.com\/avatar\/efc76156b22a6391dfe826fa01e611bcd5dacefe7489936136b7f4d5eb1c0fb4?s=96&d=mm&r=g","url":"https:\/\/secure.gravatar.com\/avatar\/efc76156b22a6391dfe826fa01e611bcd5dacefe7489936136b7f4d5eb1c0fb4?s=96&d=mm&r=g","contentUrl":"https:\/\/secure.gravatar.com\/avatar\/efc76156b22a6391dfe826fa01e611bcd5dacefe7489936136b7f4d5eb1c0fb4?s=96&d=mm&r=g","caption":"prfj"},"sameAs":["https:\/\/mediterra.group"],"url":"https:\/\/mediterra.group\/tr\/author\/prfj\/"}]}},"_links":{"self":[{"href":"https:\/\/mediterra.group\/tr\/wp-json\/wp\/v2\/posts\/32906","targetHints":{"allow":["GET"]}}],"collection":[{"href":"https:\/\/mediterra.group\/tr\/wp-json\/wp\/v2\/posts"}],"about":[{"href":"https:\/\/mediterra.group\/tr\/wp-json\/wp\/v2\/types\/post"}],"author":[{"embeddable":true,"href":"https:\/\/mediterra.group\/tr\/wp-json\/wp\/v2\/users\/1"}],"replies":[{"embeddable":true,"href":"https:\/\/mediterra.group\/tr\/wp-json\/wp\/v2\/comments?post=32906"}],"version-history":[{"count":0,"href":"https:\/\/mediterra.group\/tr\/wp-json\/wp\/v2\/posts\/32906\/revisions"}],"wp:featuredmedia":[{"embeddable":true,"href":"https:\/\/mediterra.group\/tr\/wp-json\/wp\/v2\/media\/31257"}],"wp:attachment":[{"href":"https:\/\/mediterra.group\/tr\/wp-json\/wp\/v2\/media?parent=32906"}],"wp:term":[{"taxonomy":"category","embeddable":true,"href":"https:\/\/mediterra.group\/tr\/wp-json\/wp\/v2\/categories?post=32906"},{"taxonomy":"post_tag","embeddable":true,"href":"https:\/\/mediterra.group\/tr\/wp-json\/wp\/v2\/tags?post=32906"}],"curies":[{"name":"wp","href":"https:\/\/api.w.org\/{rel}","templated":true}]}}