{"id":32904,"date":"2025-07-10T14:13:15","date_gmt":"2025-07-10T14:13:15","guid":{"rendered":"https:\/\/mediterra.group\/akdeniz-yasam-tarzini-yasamak-icin-bir-rehber\/"},"modified":"2025-07-10T14:13:15","modified_gmt":"2025-07-10T14:13:15","slug":"akdeniz-yasam-tarzini-yasamak-icin-bir-rehber","status":"publish","type":"post","link":"https:\/\/mediterra.group\/tr\/akdeniz-yasam-tarzini-yasamak-icin-bir-rehber\/","title":{"rendered":"Akdeniz Ya\u015fam Tarz\u0131n\u0131 Ya\u015famak \u0130\u00e7in Bir Rehber"},"content":{"rendered":"<section class=\"services-detail mt-5\">\n<div class=\"container body-1\">\n<div class=\"content-2\">\n<p class=\"mb-25\"><span style=\"font-size: 16px;\">Akdeniz&#8217;de ke\u015ffedilmemi\u015f bir m\u00fccevher olan Kuzey K\u0131br\u0131s, sakin ve canl\u0131 bir ya\u015fam tarz\u0131 sunmaktad\u0131r. Bu ada, do\u011fal g\u00fczelliklerle \u00e7evrili, daha yava\u015f bir ya\u015fam temposu arayanlar i\u00e7in cennet gibi bir cennettir. Kuzey K\u0131br\u0131s&#8217;ta ya\u015famak, sadelik, rahatlama ve \u00e7evreyle g\u00fc\u00e7l\u00fc bir ba\u011f ile karakterize edilen Akdeniz ya\u015fam tarz\u0131n\u0131 benimsemek anlam\u0131na gelir.  <\/span><\/p>\n<\/div>\n<\/div>\n<\/section>\n<section class=\"container blog_detail_v2_viewtype\">\n<div class=\"container-fluid p-0\">\n<div class=\"row\">\n<div class=\"col-12 col-lg-10\">\n<div class=\"boxes\">\n<div class=\"box-up\">\n<div class=\"event-box\">\n<h2>Daha Yava\u015f Bir Ya\u015fam Temposu:<\/h2>\n<p>Kuzey K\u0131br\u0131s&#8217;\u0131n en \u00f6nemli cazibe merkezlerinden biri tela\u015fs\u0131z ya\u015fam temposudur. B\u00fcy\u00fck \u015fehir merkezlerinin ko\u015fu\u015fturmacas\u0131n\u0131n aksine Kuzey K\u0131br\u0131s, sakinlerinin ve ziyaret\u00e7ilerinin yava\u015flamas\u0131na ve \u00e7evrelerini ger\u00e7ekten takdir etmelerine olanak tan\u0131r. Akdeniz ya\u015fam tarz\u0131, an\u0131n tad\u0131n\u0131 \u00e7\u0131karmak i\u00e7in zaman ay\u0131rman\u0131n \u00f6nemine b\u00fcy\u00fck \u00f6nem verir &#8211; bu ister uzun, yava\u015f bir yeme\u011fin tad\u0131n\u0131 \u00e7\u0131karmak, ister aile ve arkada\u015flarla vakit ge\u00e7irmek, ister sadece deniz kenar\u0131nda oturup dalgalar\u0131 dinlemek anlam\u0131na gelsin. Bu yava\u015f tempo, bir\u00e7ok ki\u015finin ba\u015fka bir yerde taklit etmekte zorland\u0131\u011f\u0131 bir memnuniyet ve esenlik duygusunu te\u015fvik eder.   <\/p>\n<h2>Do\u011fa ile Ba\u011flant\u0131:<\/h2>\n<p>Adan\u0131n \u00e7arp\u0131c\u0131 manzaralar\u0131 Kuzey K\u0131br\u0131s&#8217;ta ya\u015fam\u0131n vazge\u00e7ilmez bir par\u00e7as\u0131d\u0131r. G\u00fczel sahilleri, engebeli da\u011flar\u0131 ve ini\u015fli \u00e7\u0131k\u0131\u015fl\u0131 ye\u015fil tepeleriyle do\u011fa asla uzakta de\u011fildir. Yerliler ve gurbet\u00e7iler zamanlar\u0131n\u0131n \u00e7o\u011funu Akdeniz&#8217;in kristal berrakl\u0131\u011f\u0131ndaki sular\u0131nda y\u00fczerek, sahil yollar\u0131nda y\u00fcr\u00fcy\u00fc\u015f yaparak veya bah\u00e7eleriyle ilgilenerek a\u00e7\u0131k havada ge\u00e7irirler. S\u0131cak ve g\u00fcne\u015fli iklim a\u00e7\u0131k havada ya\u015famay\u0131 te\u015fvik ederek do\u011fal d\u00fcnya ile ba\u011flant\u0131y\u0131 ve sa\u011fl\u0131kl\u0131, aktif bir ya\u015fam tarz\u0131n\u0131 s\u00fcrd\u00fcrmeyi kolayla\u015ft\u0131r\u0131r.   <\/p>\n<h2>Taze, Yerel G\u0131da:<\/h2>\n<p>Akdeniz ya\u015fam tarz\u0131n\u0131n bir di\u011fer temel ta\u015f\u0131 da taze, yerel ve \u00f6zenle haz\u0131rlanan yiyeceklerdir. Kuzey K\u0131br\u0131s zengin bir tar\u0131m gelene\u011fine ev sahipli\u011fi yapar ve adada t\u00fcketilen yiyeceklerin \u00e7o\u011fu yerel olarak yeti\u015ftirilir. Zeytinya\u011f\u0131 ve taze sebzelerden yak\u0131n sularda yakalanan bal\u0131klara kadar, Kuzey K\u0131br\u0131s&#8217;ta yemekler basit, sa\u011fl\u0131kl\u0131 ve lezzetlidir. Birlikte yemek yemek \u00f6nemli bir sosyal rit\u00fceldir; aile ve arkada\u015flar aras\u0131nda payla\u015f\u0131lan uzun yemekler, genellikle yerel \u015farap ve geleneksel yemekler e\u015fli\u011finde yenir.   <\/p>\n<h2>Topluluk Duygusu:<\/h2>\n<p>Toplum, Akdeniz ya\u015fam tarz\u0131nda hayati bir rol oynar ve Kuzey K\u0131br\u0131s da bu konuda bir istisna de\u011fildir. Yerel k\u00fclt\u00fcr, aile, arkada\u015fl\u0131k ve misafirperverli\u011fe g\u00fc\u00e7l\u00fc bir vurgu yaparak s\u0131cak ve misafirperverdir. Kom\u015fular birbirlerini g\u00f6zetir ve yeni gelenler genellikle kollar\u0131n\u0131 a\u00e7arak kar\u015f\u0131lan\u0131r. \u0130ster yerel festivallere kat\u0131l\u0131n, ister geleneksel kutlamalara kat\u0131l\u0131n ya da sadece toplumdaki di\u011fer ki\u015filerle vakit ge\u00e7irin, Kuzey K\u0131br\u0131s&#8217;\u0131n sosyal dokusu zengin ve kapsay\u0131c\u0131d\u0131r.   <\/p>\n<h2>\u0130\u015f ve Bo\u015f Zaman\u0131n Dengelenmesi:<\/h2>\n<p>Kuzey K\u0131br\u0131s&#8217;ta i\u015f ve e\u011flence aras\u0131nda sa\u011fl\u0131kl\u0131 bir denge kurulmas\u0131na y\u00f6nelik g\u00fc\u00e7l\u00fc bir inan\u00e7 vard\u0131r. \u0130nsanlar \u00e7al\u0131\u015fkan ve gayretli olmakla birlikte, rahatlamaya ve hayattan keyif almaya da ayn\u0131 derecede \u00f6nem verirler. Hafta sonlar\u0131 genellikle plajda, da\u011flarda veya adan\u0131n tarihi yerlerini ke\u015ffederek ge\u00e7irilir. Bu denge, insanlar\u0131n \u00e7evreleriyle ve kendileriyle uyum i\u00e7inde ya\u015famalar\u0131na olanak tan\u0131yarak daha tatmin edici ve daha az stresli bir ya\u015fam tarz\u0131na yol a\u00e7maktad\u0131r.   <\/p>\n<p>\u00d6zetle, Kuzey K\u0131br\u0131s&#8217;ta ya\u015famak Akdeniz ya\u015fam tarz\u0131n\u0131 en saf haliyle kucaklamak i\u00e7in e\u015fsiz bir f\u0131rsat sunuyor. Sadelik, do\u011fal g\u00fczellikler ve derin bir topluluk duygusuyla dolu bir ya\u015fam. Daha dengeli ve sakin bir ya\u015fam tarz\u0131 arayanlar i\u00e7in Kuzey K\u0131br\u0131s, iyi ya\u015fanm\u0131\u015f bir hayat i\u00e7in m\u00fckemmel bir zemin sa\u011flar. Burada her g\u00fcn, etraf\u0131n\u0131zdaki d\u00fcnyan\u0131n g\u00fczelli\u011finin tad\u0131n\u0131 \u00e7\u0131karmak ve an\u0131n keyfini \u00e7\u0131karmak i\u00e7in bir f\u0131rsatt\u0131r.   <\/p>\n<\/div>\n<\/div>\n<\/div>\n<\/div>\n<\/div>\n<\/div>\n<\/section>\n","protected":false},"excerpt":{"rendered":"<p>Akdeniz&#8217;de ke\u015ffedilmemi\u015f bir m\u00fccevher olan Kuzey K\u0131br\u0131s, sakin ve canl\u0131 bir ya\u015fam tarz\u0131 sunmaktad\u0131r. Bu ada, do\u011fal g\u00fczelliklerle \u00e7evrili, daha yava\u015f bir ya\u015fam temposu arayanlar i\u00e7in cennet gibi bir cennettir. Kuzey K\u0131br\u0131s&#8217;ta ya\u015famak, sadelik, rahatlama ve \u00e7evreyle g\u00fc\u00e7l\u00fc bir ba\u011f ile karakterize edilen Akdeniz ya\u015fam tarz\u0131n\u0131 benimsemek anlam\u0131na gelir. Daha Yava\u015f Bir Ya\u015fam Temposu: Kuzey [&hellip;]<\/p>\n","protected":false},"author":1,"featured_media":31262,"comment_status":"open","ping_status":"open","sticky":false,"template":"","format":"standard","meta":{"_acf_changed":false,"footnotes":""},"categories":[245],"tags":[],"class_list":["post-32904","post","type-post","status-publish","format-standard","has-post-thumbnail","hentry","category-yasam-tarzi"],"acf":[],"yoast_head":"<!-- This site is optimized with the Yoast SEO plugin v27.5 - https:\/\/yoast.com\/product\/yoast-seo-wordpress\/ -->\n<title>Akdeniz Ya\u015fam Tarz\u0131n\u0131 Ya\u015famak \u0130\u00e7in Bir Rehber - Mediterra Group<\/title>\n<meta name=\"robots\" content=\"index, follow, max-snippet:-1, max-image-preview:large, max-video-preview:-1\" \/>\n<link rel=\"canonical\" href=\"https:\/\/mediterra.group\/5-reasons-to-move-to-northern-cyprus-permanently-2\/\" \/>\n<meta property=\"og:locale\" content=\"tr_TR\" \/>\n<meta property=\"og:type\" content=\"article\" \/>\n<meta property=\"og:title\" content=\"Akdeniz Ya\u015fam Tarz\u0131n\u0131 Ya\u015famak \u0130\u00e7in Bir Rehber - Mediterra Group\" \/>\n<meta property=\"og:description\" content=\"Akdeniz&#8217;de ke\u015ffedilmemi\u015f bir m\u00fccevher olan Kuzey K\u0131br\u0131s, sakin ve canl\u0131 bir ya\u015fam tarz\u0131 sunmaktad\u0131r. Bu ada, do\u011fal g\u00fczelliklerle \u00e7evrili, daha yava\u015f bir ya\u015fam temposu arayanlar i\u00e7in cennet gibi bir cennettir. Kuzey K\u0131br\u0131s&#8217;ta ya\u015famak, sadelik, rahatlama ve \u00e7evreyle g\u00fc\u00e7l\u00fc bir ba\u011f ile karakterize edilen Akdeniz ya\u015fam tarz\u0131n\u0131 benimsemek anlam\u0131na gelir. Daha Yava\u015f Bir Ya\u015fam Temposu: Kuzey [&hellip;]\" \/>\n<meta property=\"og:url\" content=\"https:\/\/mediterra.group\/5-reasons-to-move-to-northern-cyprus-permanently-2\/\" \/>\n<meta property=\"og:site_name\" content=\"Mediterra Group\" \/>\n<meta property=\"article:published_time\" content=\"2025-07-10T14:13:15+00:00\" \/>\n<meta property=\"og:image\" content=\"https:\/\/mediterra.group\/wp-content\/uploads\/2025\/07\/kibris-kapak1729255695965o7NUF.webp\" \/>\n\t<meta property=\"og:image:width\" content=\"626\" \/>\n\t<meta property=\"og:image:height\" content=\"470\" \/>\n\t<meta property=\"og:image:type\" content=\"image\/webp\" \/>\n<meta name=\"author\" content=\"prfj\" \/>\n<meta name=\"twitter:card\" content=\"summary_large_image\" \/>\n<meta name=\"twitter:label1\" content=\"Yazan:\" \/>\n\t<meta name=\"twitter:data1\" content=\"prfj\" \/>\n\t<meta name=\"twitter:label2\" content=\"Tahmini okuma s\u00fcresi\" \/>\n\t<meta name=\"twitter:data2\" content=\"3 dakika\" \/>\n<script type=\"application\/ld+json\" class=\"yoast-schema-graph\">{\"@context\":\"https:\\\/\\\/schema.org\",\"@graph\":[{\"@type\":\"Article\",\"@id\":\"https:\\\/\\\/mediterra.group\\\/5-reasons-to-move-to-northern-cyprus-permanently-2\\\/#article\",\"isPartOf\":{\"@id\":\"https:\\\/\\\/mediterra.group\\\/5-reasons-to-move-to-northern-cyprus-permanently-2\\\/\"},\"author\":{\"name\":\"prfj\",\"@id\":\"https:\\\/\\\/mediterra.group\\\/ar\\\/#\\\/schema\\\/person\\\/7db86f2bc7783cf0f27705320203bffb\"},\"headline\":\"Akdeniz Ya\u015fam Tarz\u0131n\u0131 Ya\u015famak \u0130\u00e7in Bir Rehber\",\"datePublished\":\"2025-07-10T14:13:15+00:00\",\"mainEntityOfPage\":{\"@id\":\"https:\\\/\\\/mediterra.group\\\/5-reasons-to-move-to-northern-cyprus-permanently-2\\\/\"},\"wordCount\":707,\"commentCount\":0,\"image\":{\"@id\":\"https:\\\/\\\/mediterra.group\\\/5-reasons-to-move-to-northern-cyprus-permanently-2\\\/#primaryimage\"},\"thumbnailUrl\":\"https:\\\/\\\/mediterra.group\\\/wp-content\\\/uploads\\\/2025\\\/07\\\/kibris-kapak1729255695965o7NUF.webp\",\"articleSection\":[\"YA\u015eAM TARZI\"],\"inLanguage\":\"tr\",\"potentialAction\":[{\"@type\":\"CommentAction\",\"name\":\"Comment\",\"target\":[\"https:\\\/\\\/mediterra.group\\\/5-reasons-to-move-to-northern-cyprus-permanently-2\\\/#respond\"]}]},{\"@type\":\"WebPage\",\"@id\":\"https:\\\/\\\/mediterra.group\\\/5-reasons-to-move-to-northern-cyprus-permanently-2\\\/\",\"url\":\"https:\\\/\\\/mediterra.group\\\/5-reasons-to-move-to-northern-cyprus-permanently-2\\\/\",\"name\":\"Akdeniz Ya\u015fam Tarz\u0131n\u0131 Ya\u015famak \u0130\u00e7in Bir Rehber - Mediterra Group\",\"isPartOf\":{\"@id\":\"https:\\\/\\\/mediterra.group\\\/ar\\\/#website\"},\"primaryImageOfPage\":{\"@id\":\"https:\\\/\\\/mediterra.group\\\/5-reasons-to-move-to-northern-cyprus-permanently-2\\\/#primaryimage\"},\"image\":{\"@id\":\"https:\\\/\\\/mediterra.group\\\/5-reasons-to-move-to-northern-cyprus-permanently-2\\\/#primaryimage\"},\"thumbnailUrl\":\"https:\\\/\\\/mediterra.group\\\/wp-content\\\/uploads\\\/2025\\\/07\\\/kibris-kapak1729255695965o7NUF.webp\",\"datePublished\":\"2025-07-10T14:13:15+00:00\",\"author\":{\"@id\":\"https:\\\/\\\/mediterra.group\\\/ar\\\/#\\\/schema\\\/person\\\/7db86f2bc7783cf0f27705320203bffb\"},\"breadcrumb\":{\"@id\":\"https:\\\/\\\/mediterra.group\\\/5-reasons-to-move-to-northern-cyprus-permanently-2\\\/#breadcrumb\"},\"inLanguage\":\"tr\",\"potentialAction\":[{\"@type\":\"ReadAction\",\"target\":[\"https:\\\/\\\/mediterra.group\\\/5-reasons-to-move-to-northern-cyprus-permanently-2\\\/\"]}]},{\"@type\":\"ImageObject\",\"inLanguage\":\"tr\",\"@id\":\"https:\\\/\\\/mediterra.group\\\/5-reasons-to-move-to-northern-cyprus-permanently-2\\\/#primaryimage\",\"url\":\"https:\\\/\\\/mediterra.group\\\/wp-content\\\/uploads\\\/2025\\\/07\\\/kibris-kapak1729255695965o7NUF.webp\",\"contentUrl\":\"https:\\\/\\\/mediterra.group\\\/wp-content\\\/uploads\\\/2025\\\/07\\\/kibris-kapak1729255695965o7NUF.webp\",\"width\":626,\"height\":470},{\"@type\":\"BreadcrumbList\",\"@id\":\"https:\\\/\\\/mediterra.group\\\/5-reasons-to-move-to-northern-cyprus-permanently-2\\\/#breadcrumb\",\"itemListElement\":[{\"@type\":\"ListItem\",\"position\":1,\"name\":\"Home\",\"item\":\"https:\\\/\\\/mediterra.group\\\/tr\\\/\"},{\"@type\":\"ListItem\",\"position\":2,\"name\":\"Akdeniz Ya\u015fam Tarz\u0131n\u0131 Ya\u015famak \u0130\u00e7in Bir Rehber\"}]},{\"@type\":\"WebSite\",\"@id\":\"https:\\\/\\\/mediterra.group\\\/ar\\\/#website\",\"url\":\"https:\\\/\\\/mediterra.group\\\/ar\\\/\",\"name\":\"Mediterra Group\",\"description\":\"\",\"potentialAction\":[{\"@type\":\"SearchAction\",\"target\":{\"@type\":\"EntryPoint\",\"urlTemplate\":\"https:\\\/\\\/mediterra.group\\\/ar\\\/?s={search_term_string}\"},\"query-input\":{\"@type\":\"PropertyValueSpecification\",\"valueRequired\":true,\"valueName\":\"search_term_string\"}}],\"inLanguage\":\"tr\"},{\"@type\":\"Person\",\"@id\":\"https:\\\/\\\/mediterra.group\\\/ar\\\/#\\\/schema\\\/person\\\/7db86f2bc7783cf0f27705320203bffb\",\"name\":\"prfj\",\"image\":{\"@type\":\"ImageObject\",\"inLanguage\":\"tr\",\"@id\":\"https:\\\/\\\/secure.gravatar.com\\\/avatar\\\/efc76156b22a6391dfe826fa01e611bcd5dacefe7489936136b7f4d5eb1c0fb4?s=96&d=mm&r=g\",\"url\":\"https:\\\/\\\/secure.gravatar.com\\\/avatar\\\/efc76156b22a6391dfe826fa01e611bcd5dacefe7489936136b7f4d5eb1c0fb4?s=96&d=mm&r=g\",\"contentUrl\":\"https:\\\/\\\/secure.gravatar.com\\\/avatar\\\/efc76156b22a6391dfe826fa01e611bcd5dacefe7489936136b7f4d5eb1c0fb4?s=96&d=mm&r=g\",\"caption\":\"prfj\"},\"sameAs\":[\"https:\\\/\\\/mediterra.group\"],\"url\":\"https:\\\/\\\/mediterra.group\\\/tr\\\/author\\\/prfj\\\/\"}]}<\/script>\n<!-- \/ Yoast SEO plugin. -->","yoast_head_json":{"title":"Akdeniz Ya\u015fam Tarz\u0131n\u0131 Ya\u015famak \u0130\u00e7in Bir Rehber - Mediterra Group","robots":{"index":"index","follow":"follow","max-snippet":"max-snippet:-1","max-image-preview":"max-image-preview:large","max-video-preview":"max-video-preview:-1"},"canonical":"https:\/\/mediterra.group\/5-reasons-to-move-to-northern-cyprus-permanently-2\/","og_locale":"tr_TR","og_type":"article","og_title":"Akdeniz Ya\u015fam Tarz\u0131n\u0131 Ya\u015famak \u0130\u00e7in Bir Rehber - Mediterra Group","og_description":"Akdeniz&#8217;de ke\u015ffedilmemi\u015f bir m\u00fccevher olan Kuzey K\u0131br\u0131s, sakin ve canl\u0131 bir ya\u015fam tarz\u0131 sunmaktad\u0131r. Bu ada, do\u011fal g\u00fczelliklerle \u00e7evrili, daha yava\u015f bir ya\u015fam temposu arayanlar i\u00e7in cennet gibi bir cennettir. Kuzey K\u0131br\u0131s&#8217;ta ya\u015famak, sadelik, rahatlama ve \u00e7evreyle g\u00fc\u00e7l\u00fc bir ba\u011f ile karakterize edilen Akdeniz ya\u015fam tarz\u0131n\u0131 benimsemek anlam\u0131na gelir. Daha Yava\u015f Bir Ya\u015fam Temposu: Kuzey [&hellip;]","og_url":"https:\/\/mediterra.group\/5-reasons-to-move-to-northern-cyprus-permanently-2\/","og_site_name":"Mediterra Group","article_published_time":"2025-07-10T14:13:15+00:00","og_image":[{"width":626,"height":470,"url":"https:\/\/mediterra.group\/wp-content\/uploads\/2025\/07\/kibris-kapak1729255695965o7NUF.webp","type":"image\/webp"}],"author":"prfj","twitter_card":"summary_large_image","twitter_misc":{"Yazan:":"prfj","Tahmini okuma s\u00fcresi":"3 dakika"},"schema":{"@context":"https:\/\/schema.org","@graph":[{"@type":"Article","@id":"https:\/\/mediterra.group\/5-reasons-to-move-to-northern-cyprus-permanently-2\/#article","isPartOf":{"@id":"https:\/\/mediterra.group\/5-reasons-to-move-to-northern-cyprus-permanently-2\/"},"author":{"name":"prfj","@id":"https:\/\/mediterra.group\/ar\/#\/schema\/person\/7db86f2bc7783cf0f27705320203bffb"},"headline":"Akdeniz Ya\u015fam Tarz\u0131n\u0131 Ya\u015famak \u0130\u00e7in Bir Rehber","datePublished":"2025-07-10T14:13:15+00:00","mainEntityOfPage":{"@id":"https:\/\/mediterra.group\/5-reasons-to-move-to-northern-cyprus-permanently-2\/"},"wordCount":707,"commentCount":0,"image":{"@id":"https:\/\/mediterra.group\/5-reasons-to-move-to-northern-cyprus-permanently-2\/#primaryimage"},"thumbnailUrl":"https:\/\/mediterra.group\/wp-content\/uploads\/2025\/07\/kibris-kapak1729255695965o7NUF.webp","articleSection":["YA\u015eAM TARZI"],"inLanguage":"tr","potentialAction":[{"@type":"CommentAction","name":"Comment","target":["https:\/\/mediterra.group\/5-reasons-to-move-to-northern-cyprus-permanently-2\/#respond"]}]},{"@type":"WebPage","@id":"https:\/\/mediterra.group\/5-reasons-to-move-to-northern-cyprus-permanently-2\/","url":"https:\/\/mediterra.group\/5-reasons-to-move-to-northern-cyprus-permanently-2\/","name":"Akdeniz Ya\u015fam Tarz\u0131n\u0131 Ya\u015famak \u0130\u00e7in Bir Rehber - Mediterra Group","isPartOf":{"@id":"https:\/\/mediterra.group\/ar\/#website"},"primaryImageOfPage":{"@id":"https:\/\/mediterra.group\/5-reasons-to-move-to-northern-cyprus-permanently-2\/#primaryimage"},"image":{"@id":"https:\/\/mediterra.group\/5-reasons-to-move-to-northern-cyprus-permanently-2\/#primaryimage"},"thumbnailUrl":"https:\/\/mediterra.group\/wp-content\/uploads\/2025\/07\/kibris-kapak1729255695965o7NUF.webp","datePublished":"2025-07-10T14:13:15+00:00","author":{"@id":"https:\/\/mediterra.group\/ar\/#\/schema\/person\/7db86f2bc7783cf0f27705320203bffb"},"breadcrumb":{"@id":"https:\/\/mediterra.group\/5-reasons-to-move-to-northern-cyprus-permanently-2\/#breadcrumb"},"inLanguage":"tr","potentialAction":[{"@type":"ReadAction","target":["https:\/\/mediterra.group\/5-reasons-to-move-to-northern-cyprus-permanently-2\/"]}]},{"@type":"ImageObject","inLanguage":"tr","@id":"https:\/\/mediterra.group\/5-reasons-to-move-to-northern-cyprus-permanently-2\/#primaryimage","url":"https:\/\/mediterra.group\/wp-content\/uploads\/2025\/07\/kibris-kapak1729255695965o7NUF.webp","contentUrl":"https:\/\/mediterra.group\/wp-content\/uploads\/2025\/07\/kibris-kapak1729255695965o7NUF.webp","width":626,"height":470},{"@type":"BreadcrumbList","@id":"https:\/\/mediterra.group\/5-reasons-to-move-to-northern-cyprus-permanently-2\/#breadcrumb","itemListElement":[{"@type":"ListItem","position":1,"name":"Home","item":"https:\/\/mediterra.group\/tr\/"},{"@type":"ListItem","position":2,"name":"Akdeniz Ya\u015fam Tarz\u0131n\u0131 Ya\u015famak \u0130\u00e7in Bir Rehber"}]},{"@type":"WebSite","@id":"https:\/\/mediterra.group\/ar\/#website","url":"https:\/\/mediterra.group\/ar\/","name":"Mediterra Group","description":"","potentialAction":[{"@type":"SearchAction","target":{"@type":"EntryPoint","urlTemplate":"https:\/\/mediterra.group\/ar\/?s={search_term_string}"},"query-input":{"@type":"PropertyValueSpecification","valueRequired":true,"valueName":"search_term_string"}}],"inLanguage":"tr"},{"@type":"Person","@id":"https:\/\/mediterra.group\/ar\/#\/schema\/person\/7db86f2bc7783cf0f27705320203bffb","name":"prfj","image":{"@type":"ImageObject","inLanguage":"tr","@id":"https:\/\/secure.gravatar.com\/avatar\/efc76156b22a6391dfe826fa01e611bcd5dacefe7489936136b7f4d5eb1c0fb4?s=96&d=mm&r=g","url":"https:\/\/secure.gravatar.com\/avatar\/efc76156b22a6391dfe826fa01e611bcd5dacefe7489936136b7f4d5eb1c0fb4?s=96&d=mm&r=g","contentUrl":"https:\/\/secure.gravatar.com\/avatar\/efc76156b22a6391dfe826fa01e611bcd5dacefe7489936136b7f4d5eb1c0fb4?s=96&d=mm&r=g","caption":"prfj"},"sameAs":["https:\/\/mediterra.group"],"url":"https:\/\/mediterra.group\/tr\/author\/prfj\/"}]}},"_links":{"self":[{"href":"https:\/\/mediterra.group\/tr\/wp-json\/wp\/v2\/posts\/32904","targetHints":{"allow":["GET"]}}],"collection":[{"href":"https:\/\/mediterra.group\/tr\/wp-json\/wp\/v2\/posts"}],"about":[{"href":"https:\/\/mediterra.group\/tr\/wp-json\/wp\/v2\/types\/post"}],"author":[{"embeddable":true,"href":"https:\/\/mediterra.group\/tr\/wp-json\/wp\/v2\/users\/1"}],"replies":[{"embeddable":true,"href":"https:\/\/mediterra.group\/tr\/wp-json\/wp\/v2\/comments?post=32904"}],"version-history":[{"count":0,"href":"https:\/\/mediterra.group\/tr\/wp-json\/wp\/v2\/posts\/32904\/revisions"}],"wp:featuredmedia":[{"embeddable":true,"href":"https:\/\/mediterra.group\/tr\/wp-json\/wp\/v2\/media\/31262"}],"wp:attachment":[{"href":"https:\/\/mediterra.group\/tr\/wp-json\/wp\/v2\/media?parent=32904"}],"wp:term":[{"taxonomy":"category","embeddable":true,"href":"https:\/\/mediterra.group\/tr\/wp-json\/wp\/v2\/categories?post=32904"},{"taxonomy":"post_tag","embeddable":true,"href":"https:\/\/mediterra.group\/tr\/wp-json\/wp\/v2\/tags?post=32904"}],"curies":[{"name":"wp","href":"https:\/\/api.w.org\/{rel}","templated":true}]}}