{"id":32880,"date":"2025-07-10T14:36:27","date_gmt":"2025-07-10T14:36:27","guid":{"rendered":"https:\/\/mediterra.group\/kuzey-kibrista-destinasyon-yonetimi\/"},"modified":"2025-07-10T14:36:27","modified_gmt":"2025-07-10T14:36:27","slug":"kuzey-kibrista-destinasyon-yonetimi","status":"publish","type":"post","link":"https:\/\/mediterra.group\/tr\/kuzey-kibrista-destinasyon-yonetimi\/","title":{"rendered":"Kuzey K\u0131br\u0131s&#8217;ta Destinasyon Y\u00f6netimi"},"content":{"rendered":"<p><img decoding=\"async\" class=\"w-100 mb-3\" src=\"https:\/\/www.mediterrapm.com\/public\/media\/uploads\/editor\/blog\/blog\/destination\/Destination-Management-In-Northern-Cyprus.webp\"><\/p>\n<p>Do\u011fu Akdeniz&#8217;de yer alan Kuzey K\u0131br\u0131s, ke\u015ffedilmeyi bekleyen gizli bir m\u00fccevher gibi duruyor. Zengin tarihi, \u00e7arp\u0131c\u0131 manzaralar\u0131 ve canl\u0131 k\u00fclt\u00fcr\u00fcyle bu b\u00f6lge turistlerin ve potansiyel sakinlerin ilgisini \u00e7ekmektedir. \u00d6nemli bir destinasyon olarak Kuzey K\u0131br\u0131s, antik cazibe ve modern olanaklar\u0131n e\u015fsiz bir kar\u0131\u015f\u0131m\u0131n\u0131 sunarak herkes i\u00e7in b\u00fcy\u00fcleyici bir yer haline geliyor.  <\/p>\n<h5>Kuzey K\u0131br\u0131s&#8217;\u0131 Ke\u015ffetmek: Turistler i\u00e7in Bir Cennet<\/h5>\n<p>Unutulmaz bir deneyim ya\u015famak isteyen turistler i\u00e7in Kuzey K\u0131br\u0131s bir dizi cazibe merkezine sahiptir. Lefko\u015fa&#8217;n\u0131n tarihi sokaklar\u0131ndan Girne&#8217;nin sakin k\u0131y\u0131lar\u0131na kadar her k\u00f6\u015fe ayr\u0131 bir cazibe sergiler. Tarih merakl\u0131lar\u0131 kendilerini Salamis&#8217;in antik kal\u0131nt\u0131lar\u0131na kapt\u0131rabilirken, do\u011fa severler Be\u015f Parmak Da\u011flar\u0131&#8217;n\u0131n engebeli g\u00fczelli\u011fini ke\u015ffedebilirler. Il\u0131man iklimi ve nefes kesen manzaras\u0131yla Kuzey K\u0131br\u0131s, unutulmaz maceralar i\u00e7in pitoresk bir ortam sunmaktad\u0131r.   <\/p>\n<p><img decoding=\"async\" class=\"w-100 mb-3\" src=\"https:\/\/www.mediterrapm.com\/public\/media\/uploads\/editor\/blog\/blog\/destination\/Destination-Management-In-Northern-Cyprus-3.webp\"><\/p>\n<h5>Potansiyel Sakinler i\u00e7in Bir Cennet<\/h5>\n<p>Turistler i\u00e7in cazibesinin \u00f6tesinde, Kuzey K\u0131br\u0131s potansiyel sakinler i\u00e7in de cazip bir f\u0131rsat sunuyor. B\u00f6lgenin b\u00fcy\u00fcyen emlak piyasas\u0131, deniz kenar\u0131ndaki villalardan modern dairelere kadar \u00e7e\u015fitli olanaklar sunmaktad\u0131r. \u0130ster huzurlu bir emeklilik yeri ister k\u00e2rl\u0131 bir yat\u0131r\u0131m f\u0131rsat\u0131 ar\u0131yor olun, Kuzey K\u0131br\u0131s her ya\u015fam tarz\u0131na ve b\u00fct\u00e7eye uygun \u00e7e\u015fitli m\u00fclkler sunmaktad\u0131r.  <\/p>\n<h5>Destinasyon Y\u00f6netimi: Potansiyeli Ortaya \u00c7\u0131karmak<\/h5>\n<p>Mediterra&#8217;da, Kuzey K\u0131br\u0131s&#8217;\u0131n \u00f6nde gelen bir destinasyon olarak t\u00fcm potansiyelini ortaya \u00e7\u0131karma konusunda uzman\u0131z. Stratejik planlama ve yenilik\u00e7i \u00e7\u00f6z\u00fcmlerle b\u00f6lgenin turistler ve yat\u0131r\u0131mc\u0131lar i\u00e7in cazibesini art\u0131rmaya \u00e7al\u0131\u015f\u0131yoruz. Destinasyon y\u00f6netimine y\u00f6nelik kapsaml\u0131 yakla\u015f\u0131m\u0131m\u0131z, s\u00fcrd\u00fcr\u00fclebilir kalk\u0131nma giri\u015fimlerinden k\u00fclt\u00fcrel koruma \u00e7abalar\u0131na kadar her \u015feyi kaps\u0131yor ve ilerleme ile koruma aras\u0131nda uyumlu bir denge sa\u011fl\u0131yor.  <\/p>\n<p><img decoding=\"async\" class=\"w-100 mb-3\" src=\"https:\/\/www.mediterrapm.com\/public\/media\/uploads\/editor\/blog\/blog\/destination\/Destination-Management-In-Northern-Cyprus-2.webp\"><\/p>\n<h5>Gelece\u011fe Yat\u0131r\u0131m Yapmak<\/h5>\n<p>Kuzey K\u0131br\u0131s cazip bir destinasyon olarak ortaya \u00e7\u0131kmaya devam ederken, \u015fimdi bu f\u0131rsat\u0131 de\u011ferlendirmenin tam zaman\u0131. \u0130ster bir turist olarak harikalar\u0131n\u0131 ke\u015ffetmek ister bir yerle\u015fik olarak k\u00f6k salmak isteyin, Kuzey K\u0131br\u0131s ke\u015fif ve b\u00fcy\u00fcme i\u00e7in sonsuz olanaklar sunmaktad\u0131r. Bu ola\u011fan\u00fcst\u00fc b\u00f6lgenin gelece\u011fini \u015fekillendirmede bize kat\u0131l\u0131n ve Kuzey K\u0131br\u0131s&#8217;\u0131n b\u00fcy\u00fcs\u00fcn\u00fc kendiniz deneyimleyin.  <\/p>\n<p>Sonu\u00e7 olarak Kuzey K\u0131br\u0131s, e\u015fsiz g\u00fczelli\u011fi ve potansiyeliyle gezginleri ve yat\u0131r\u0131mc\u0131lar\u0131 davet ederek Akdeniz&#8217;de bir f\u0131rsat \u0131\u015f\u0131\u011f\u0131 olarak durmaktad\u0131r. Destinasyon y\u00f6netimine do\u011fru yakla\u015f\u0131mla, t\u00fcm cazibesini ortaya \u00e7\u0131karabilir ve nesiller i\u00e7in m\u00fcreffeh bir gelecek sa\u011flayabiliriz. <\/p>\n<p>G\u00fczelli\u011fi deneyimleyin. Olas\u0131l\u0131klar\u0131 kucaklay\u0131n. Mediterra ile Kuzey K\u0131br\u0131s&#8217;\u0131 ke\u015ffedin.  <\/p>\n","protected":false},"excerpt":{"rendered":"<p>Do\u011fu Akdeniz&#8217;de yer alan Kuzey K\u0131br\u0131s, ke\u015ffedilmeyi bekleyen gizli bir m\u00fccevher gibi duruyor. Zengin tarihi, \u00e7arp\u0131c\u0131 manzaralar\u0131 ve canl\u0131 k\u00fclt\u00fcr\u00fcyle bu b\u00f6lge turistlerin ve potansiyel sakinlerin ilgisini \u00e7ekmektedir. \u00d6nemli bir destinasyon olarak Kuzey K\u0131br\u0131s, antik cazibe ve modern olanaklar\u0131n e\u015fsiz bir kar\u0131\u015f\u0131m\u0131n\u0131 sunarak herkes i\u00e7in b\u00fcy\u00fcleyici bir yer haline geliyor. Kuzey K\u0131br\u0131s&#8217;\u0131 Ke\u015ffetmek: Turistler i\u00e7in [&hellip;]<\/p>\n","protected":false},"author":1,"featured_media":31382,"comment_status":"open","ping_status":"open","sticky":false,"template":"","format":"standard","meta":{"_acf_changed":false,"footnotes":""},"categories":[205,245],"tags":[],"class_list":["post-32880","post","type-post","status-publish","format-standard","has-post-thumbnail","hentry","category-gayrimenkul","category-yasam-tarzi"],"acf":[],"yoast_head":"<!-- This site is optimized with the Yoast SEO plugin v27.5 - https:\/\/yoast.com\/product\/yoast-seo-wordpress\/ -->\n<title>Kuzey K\u0131br\u0131s&#039;ta Destinasyon Y\u00f6netimi - Mediterra Group<\/title>\n<meta name=\"robots\" content=\"index, follow, max-snippet:-1, max-image-preview:large, max-video-preview:-1\" \/>\n<link rel=\"canonical\" href=\"https:\/\/mediterra.group\/tr\/kuzey-kibrista-destinasyon-yonetimi\/\" \/>\n<meta property=\"og:locale\" content=\"tr_TR\" \/>\n<meta property=\"og:type\" content=\"article\" \/>\n<meta property=\"og:title\" content=\"Kuzey K\u0131br\u0131s&#039;ta Destinasyon Y\u00f6netimi - Mediterra Group\" \/>\n<meta property=\"og:description\" content=\"Do\u011fu Akdeniz&#8217;de yer alan Kuzey K\u0131br\u0131s, ke\u015ffedilmeyi bekleyen gizli bir m\u00fccevher gibi duruyor. Zengin tarihi, \u00e7arp\u0131c\u0131 manzaralar\u0131 ve canl\u0131 k\u00fclt\u00fcr\u00fcyle bu b\u00f6lge turistlerin ve potansiyel sakinlerin ilgisini \u00e7ekmektedir. \u00d6nemli bir destinasyon olarak Kuzey K\u0131br\u0131s, antik cazibe ve modern olanaklar\u0131n e\u015fsiz bir kar\u0131\u015f\u0131m\u0131n\u0131 sunarak herkes i\u00e7in b\u00fcy\u00fcleyici bir yer haline geliyor. Kuzey K\u0131br\u0131s&#8217;\u0131 Ke\u015ffetmek: Turistler i\u00e7in [&hellip;]\" \/>\n<meta property=\"og:url\" content=\"https:\/\/mediterra.group\/tr\/kuzey-kibrista-destinasyon-yonetimi\/\" \/>\n<meta property=\"og:site_name\" content=\"Mediterra Group\" \/>\n<meta property=\"article:published_time\" content=\"2025-07-10T14:36:27+00:00\" \/>\n<meta property=\"og:image\" content=\"https:\/\/mediterra.group\/wp-content\/uploads\/2025\/07\/destination-management-in-northern-cyprus17133410634217TXOmq.jpeg\" \/>\n\t<meta property=\"og:image:width\" content=\"626\" \/>\n\t<meta property=\"og:image:height\" content=\"469\" \/>\n\t<meta property=\"og:image:type\" content=\"image\/jpeg\" \/>\n<meta name=\"author\" content=\"prfj\" \/>\n<meta name=\"twitter:card\" content=\"summary_large_image\" \/>\n<meta name=\"twitter:label1\" content=\"Yazan:\" \/>\n\t<meta name=\"twitter:data1\" content=\"prfj\" \/>\n\t<meta name=\"twitter:label2\" content=\"Tahmini okuma s\u00fcresi\" \/>\n\t<meta name=\"twitter:data2\" content=\"2 dakika\" \/>\n<script type=\"application\/ld+json\" class=\"yoast-schema-graph\">{\"@context\":\"https:\\\/\\\/schema.org\",\"@graph\":[{\"@type\":\"Article\",\"@id\":\"https:\\\/\\\/mediterra.group\\\/tr\\\/kuzey-kibrista-destinasyon-yonetimi\\\/#article\",\"isPartOf\":{\"@id\":\"https:\\\/\\\/mediterra.group\\\/tr\\\/kuzey-kibrista-destinasyon-yonetimi\\\/\"},\"author\":{\"name\":\"prfj\",\"@id\":\"https:\\\/\\\/mediterra.group\\\/ar\\\/#\\\/schema\\\/person\\\/7db86f2bc7783cf0f27705320203bffb\"},\"headline\":\"Kuzey K\u0131br\u0131s&#8217;ta Destinasyon Y\u00f6netimi\",\"datePublished\":\"2025-07-10T14:36:27+00:00\",\"mainEntityOfPage\":{\"@id\":\"https:\\\/\\\/mediterra.group\\\/tr\\\/kuzey-kibrista-destinasyon-yonetimi\\\/\"},\"wordCount\":500,\"commentCount\":0,\"image\":{\"@id\":\"https:\\\/\\\/mediterra.group\\\/tr\\\/kuzey-kibrista-destinasyon-yonetimi\\\/#primaryimage\"},\"thumbnailUrl\":\"https:\\\/\\\/mediterra.group\\\/wp-content\\\/uploads\\\/2025\\\/07\\\/destination-management-in-northern-cyprus17133410634217TXOmq.jpeg\",\"articleSection\":[\"GAYR\u0130MENKUL\",\"YA\u015eAM TARZI\"],\"inLanguage\":\"tr\",\"potentialAction\":[{\"@type\":\"CommentAction\",\"name\":\"Comment\",\"target\":[\"https:\\\/\\\/mediterra.group\\\/tr\\\/kuzey-kibrista-destinasyon-yonetimi\\\/#respond\"]}]},{\"@type\":\"WebPage\",\"@id\":\"https:\\\/\\\/mediterra.group\\\/tr\\\/kuzey-kibrista-destinasyon-yonetimi\\\/\",\"url\":\"https:\\\/\\\/mediterra.group\\\/tr\\\/kuzey-kibrista-destinasyon-yonetimi\\\/\",\"name\":\"Kuzey K\u0131br\u0131s'ta Destinasyon Y\u00f6netimi - Mediterra Group\",\"isPartOf\":{\"@id\":\"https:\\\/\\\/mediterra.group\\\/ar\\\/#website\"},\"primaryImageOfPage\":{\"@id\":\"https:\\\/\\\/mediterra.group\\\/tr\\\/kuzey-kibrista-destinasyon-yonetimi\\\/#primaryimage\"},\"image\":{\"@id\":\"https:\\\/\\\/mediterra.group\\\/tr\\\/kuzey-kibrista-destinasyon-yonetimi\\\/#primaryimage\"},\"thumbnailUrl\":\"https:\\\/\\\/mediterra.group\\\/wp-content\\\/uploads\\\/2025\\\/07\\\/destination-management-in-northern-cyprus17133410634217TXOmq.jpeg\",\"datePublished\":\"2025-07-10T14:36:27+00:00\",\"author\":{\"@id\":\"https:\\\/\\\/mediterra.group\\\/ar\\\/#\\\/schema\\\/person\\\/7db86f2bc7783cf0f27705320203bffb\"},\"breadcrumb\":{\"@id\":\"https:\\\/\\\/mediterra.group\\\/tr\\\/kuzey-kibrista-destinasyon-yonetimi\\\/#breadcrumb\"},\"inLanguage\":\"tr\",\"potentialAction\":[{\"@type\":\"ReadAction\",\"target\":[\"https:\\\/\\\/mediterra.group\\\/tr\\\/kuzey-kibrista-destinasyon-yonetimi\\\/\"]}]},{\"@type\":\"ImageObject\",\"inLanguage\":\"tr\",\"@id\":\"https:\\\/\\\/mediterra.group\\\/tr\\\/kuzey-kibrista-destinasyon-yonetimi\\\/#primaryimage\",\"url\":\"https:\\\/\\\/mediterra.group\\\/wp-content\\\/uploads\\\/2025\\\/07\\\/destination-management-in-northern-cyprus17133410634217TXOmq.jpeg\",\"contentUrl\":\"https:\\\/\\\/mediterra.group\\\/wp-content\\\/uploads\\\/2025\\\/07\\\/destination-management-in-northern-cyprus17133410634217TXOmq.jpeg\",\"width\":626,\"height\":469},{\"@type\":\"BreadcrumbList\",\"@id\":\"https:\\\/\\\/mediterra.group\\\/tr\\\/kuzey-kibrista-destinasyon-yonetimi\\\/#breadcrumb\",\"itemListElement\":[{\"@type\":\"ListItem\",\"position\":1,\"name\":\"Home\",\"item\":\"https:\\\/\\\/mediterra.group\\\/tr\\\/\"},{\"@type\":\"ListItem\",\"position\":2,\"name\":\"Kuzey K\u0131br\u0131s&#8217;ta Destinasyon Y\u00f6netimi\"}]},{\"@type\":\"WebSite\",\"@id\":\"https:\\\/\\\/mediterra.group\\\/ar\\\/#website\",\"url\":\"https:\\\/\\\/mediterra.group\\\/ar\\\/\",\"name\":\"Mediterra Group\",\"description\":\"\",\"potentialAction\":[{\"@type\":\"SearchAction\",\"target\":{\"@type\":\"EntryPoint\",\"urlTemplate\":\"https:\\\/\\\/mediterra.group\\\/ar\\\/?s={search_term_string}\"},\"query-input\":{\"@type\":\"PropertyValueSpecification\",\"valueRequired\":true,\"valueName\":\"search_term_string\"}}],\"inLanguage\":\"tr\"},{\"@type\":\"Person\",\"@id\":\"https:\\\/\\\/mediterra.group\\\/ar\\\/#\\\/schema\\\/person\\\/7db86f2bc7783cf0f27705320203bffb\",\"name\":\"prfj\",\"image\":{\"@type\":\"ImageObject\",\"inLanguage\":\"tr\",\"@id\":\"https:\\\/\\\/secure.gravatar.com\\\/avatar\\\/efc76156b22a6391dfe826fa01e611bcd5dacefe7489936136b7f4d5eb1c0fb4?s=96&d=mm&r=g\",\"url\":\"https:\\\/\\\/secure.gravatar.com\\\/avatar\\\/efc76156b22a6391dfe826fa01e611bcd5dacefe7489936136b7f4d5eb1c0fb4?s=96&d=mm&r=g\",\"contentUrl\":\"https:\\\/\\\/secure.gravatar.com\\\/avatar\\\/efc76156b22a6391dfe826fa01e611bcd5dacefe7489936136b7f4d5eb1c0fb4?s=96&d=mm&r=g\",\"caption\":\"prfj\"},\"sameAs\":[\"https:\\\/\\\/mediterra.group\"],\"url\":\"https:\\\/\\\/mediterra.group\\\/tr\\\/author\\\/prfj\\\/\"}]}<\/script>\n<!-- \/ Yoast SEO plugin. -->","yoast_head_json":{"title":"Kuzey K\u0131br\u0131s'ta Destinasyon Y\u00f6netimi - Mediterra Group","robots":{"index":"index","follow":"follow","max-snippet":"max-snippet:-1","max-image-preview":"max-image-preview:large","max-video-preview":"max-video-preview:-1"},"canonical":"https:\/\/mediterra.group\/tr\/kuzey-kibrista-destinasyon-yonetimi\/","og_locale":"tr_TR","og_type":"article","og_title":"Kuzey K\u0131br\u0131s'ta Destinasyon Y\u00f6netimi - Mediterra Group","og_description":"Do\u011fu Akdeniz&#8217;de yer alan Kuzey K\u0131br\u0131s, ke\u015ffedilmeyi bekleyen gizli bir m\u00fccevher gibi duruyor. Zengin tarihi, \u00e7arp\u0131c\u0131 manzaralar\u0131 ve canl\u0131 k\u00fclt\u00fcr\u00fcyle bu b\u00f6lge turistlerin ve potansiyel sakinlerin ilgisini \u00e7ekmektedir. \u00d6nemli bir destinasyon olarak Kuzey K\u0131br\u0131s, antik cazibe ve modern olanaklar\u0131n e\u015fsiz bir kar\u0131\u015f\u0131m\u0131n\u0131 sunarak herkes i\u00e7in b\u00fcy\u00fcleyici bir yer haline geliyor. Kuzey K\u0131br\u0131s&#8217;\u0131 Ke\u015ffetmek: Turistler i\u00e7in [&hellip;]","og_url":"https:\/\/mediterra.group\/tr\/kuzey-kibrista-destinasyon-yonetimi\/","og_site_name":"Mediterra Group","article_published_time":"2025-07-10T14:36:27+00:00","og_image":[{"width":626,"height":469,"url":"https:\/\/mediterra.group\/wp-content\/uploads\/2025\/07\/destination-management-in-northern-cyprus17133410634217TXOmq.jpeg","type":"image\/jpeg"}],"author":"prfj","twitter_card":"summary_large_image","twitter_misc":{"Yazan:":"prfj","Tahmini okuma s\u00fcresi":"2 dakika"},"schema":{"@context":"https:\/\/schema.org","@graph":[{"@type":"Article","@id":"https:\/\/mediterra.group\/tr\/kuzey-kibrista-destinasyon-yonetimi\/#article","isPartOf":{"@id":"https:\/\/mediterra.group\/tr\/kuzey-kibrista-destinasyon-yonetimi\/"},"author":{"name":"prfj","@id":"https:\/\/mediterra.group\/ar\/#\/schema\/person\/7db86f2bc7783cf0f27705320203bffb"},"headline":"Kuzey K\u0131br\u0131s&#8217;ta Destinasyon Y\u00f6netimi","datePublished":"2025-07-10T14:36:27+00:00","mainEntityOfPage":{"@id":"https:\/\/mediterra.group\/tr\/kuzey-kibrista-destinasyon-yonetimi\/"},"wordCount":500,"commentCount":0,"image":{"@id":"https:\/\/mediterra.group\/tr\/kuzey-kibrista-destinasyon-yonetimi\/#primaryimage"},"thumbnailUrl":"https:\/\/mediterra.group\/wp-content\/uploads\/2025\/07\/destination-management-in-northern-cyprus17133410634217TXOmq.jpeg","articleSection":["GAYR\u0130MENKUL","YA\u015eAM TARZI"],"inLanguage":"tr","potentialAction":[{"@type":"CommentAction","name":"Comment","target":["https:\/\/mediterra.group\/tr\/kuzey-kibrista-destinasyon-yonetimi\/#respond"]}]},{"@type":"WebPage","@id":"https:\/\/mediterra.group\/tr\/kuzey-kibrista-destinasyon-yonetimi\/","url":"https:\/\/mediterra.group\/tr\/kuzey-kibrista-destinasyon-yonetimi\/","name":"Kuzey K\u0131br\u0131s'ta Destinasyon Y\u00f6netimi - Mediterra Group","isPartOf":{"@id":"https:\/\/mediterra.group\/ar\/#website"},"primaryImageOfPage":{"@id":"https:\/\/mediterra.group\/tr\/kuzey-kibrista-destinasyon-yonetimi\/#primaryimage"},"image":{"@id":"https:\/\/mediterra.group\/tr\/kuzey-kibrista-destinasyon-yonetimi\/#primaryimage"},"thumbnailUrl":"https:\/\/mediterra.group\/wp-content\/uploads\/2025\/07\/destination-management-in-northern-cyprus17133410634217TXOmq.jpeg","datePublished":"2025-07-10T14:36:27+00:00","author":{"@id":"https:\/\/mediterra.group\/ar\/#\/schema\/person\/7db86f2bc7783cf0f27705320203bffb"},"breadcrumb":{"@id":"https:\/\/mediterra.group\/tr\/kuzey-kibrista-destinasyon-yonetimi\/#breadcrumb"},"inLanguage":"tr","potentialAction":[{"@type":"ReadAction","target":["https:\/\/mediterra.group\/tr\/kuzey-kibrista-destinasyon-yonetimi\/"]}]},{"@type":"ImageObject","inLanguage":"tr","@id":"https:\/\/mediterra.group\/tr\/kuzey-kibrista-destinasyon-yonetimi\/#primaryimage","url":"https:\/\/mediterra.group\/wp-content\/uploads\/2025\/07\/destination-management-in-northern-cyprus17133410634217TXOmq.jpeg","contentUrl":"https:\/\/mediterra.group\/wp-content\/uploads\/2025\/07\/destination-management-in-northern-cyprus17133410634217TXOmq.jpeg","width":626,"height":469},{"@type":"BreadcrumbList","@id":"https:\/\/mediterra.group\/tr\/kuzey-kibrista-destinasyon-yonetimi\/#breadcrumb","itemListElement":[{"@type":"ListItem","position":1,"name":"Home","item":"https:\/\/mediterra.group\/tr\/"},{"@type":"ListItem","position":2,"name":"Kuzey K\u0131br\u0131s&#8217;ta Destinasyon Y\u00f6netimi"}]},{"@type":"WebSite","@id":"https:\/\/mediterra.group\/ar\/#website","url":"https:\/\/mediterra.group\/ar\/","name":"Mediterra Group","description":"","potentialAction":[{"@type":"SearchAction","target":{"@type":"EntryPoint","urlTemplate":"https:\/\/mediterra.group\/ar\/?s={search_term_string}"},"query-input":{"@type":"PropertyValueSpecification","valueRequired":true,"valueName":"search_term_string"}}],"inLanguage":"tr"},{"@type":"Person","@id":"https:\/\/mediterra.group\/ar\/#\/schema\/person\/7db86f2bc7783cf0f27705320203bffb","name":"prfj","image":{"@type":"ImageObject","inLanguage":"tr","@id":"https:\/\/secure.gravatar.com\/avatar\/efc76156b22a6391dfe826fa01e611bcd5dacefe7489936136b7f4d5eb1c0fb4?s=96&d=mm&r=g","url":"https:\/\/secure.gravatar.com\/avatar\/efc76156b22a6391dfe826fa01e611bcd5dacefe7489936136b7f4d5eb1c0fb4?s=96&d=mm&r=g","contentUrl":"https:\/\/secure.gravatar.com\/avatar\/efc76156b22a6391dfe826fa01e611bcd5dacefe7489936136b7f4d5eb1c0fb4?s=96&d=mm&r=g","caption":"prfj"},"sameAs":["https:\/\/mediterra.group"],"url":"https:\/\/mediterra.group\/tr\/author\/prfj\/"}]}},"_links":{"self":[{"href":"https:\/\/mediterra.group\/tr\/wp-json\/wp\/v2\/posts\/32880","targetHints":{"allow":["GET"]}}],"collection":[{"href":"https:\/\/mediterra.group\/tr\/wp-json\/wp\/v2\/posts"}],"about":[{"href":"https:\/\/mediterra.group\/tr\/wp-json\/wp\/v2\/types\/post"}],"author":[{"embeddable":true,"href":"https:\/\/mediterra.group\/tr\/wp-json\/wp\/v2\/users\/1"}],"replies":[{"embeddable":true,"href":"https:\/\/mediterra.group\/tr\/wp-json\/wp\/v2\/comments?post=32880"}],"version-history":[{"count":0,"href":"https:\/\/mediterra.group\/tr\/wp-json\/wp\/v2\/posts\/32880\/revisions"}],"wp:featuredmedia":[{"embeddable":true,"href":"https:\/\/mediterra.group\/tr\/wp-json\/wp\/v2\/media\/31382"}],"wp:attachment":[{"href":"https:\/\/mediterra.group\/tr\/wp-json\/wp\/v2\/media?parent=32880"}],"wp:term":[{"taxonomy":"category","embeddable":true,"href":"https:\/\/mediterra.group\/tr\/wp-json\/wp\/v2\/categories?post=32880"},{"taxonomy":"post_tag","embeddable":true,"href":"https:\/\/mediterra.group\/tr\/wp-json\/wp\/v2\/tags?post=32880"}],"curies":[{"name":"wp","href":"https:\/\/api.w.org\/{rel}","templated":true}]}}