{"id":32852,"date":"2025-07-10T14:34:49","date_gmt":"2025-07-10T14:34:49","guid":{"rendered":"https:\/\/mediterra.group\/kuzey-kibrista-ic-tasarim-trendleri\/"},"modified":"2025-07-10T14:34:49","modified_gmt":"2025-07-10T14:34:49","slug":"kuzey-kibrista-ic-tasarim-trendleri","status":"publish","type":"post","link":"https:\/\/mediterra.group\/tr\/kuzey-kibrista-ic-tasarim-trendleri\/","title":{"rendered":"Kuzey K\u0131br\u0131s&#8217;ta \u0130\u00e7 Tasar\u0131m Trendleri"},"content":{"rendered":"<div class=\"container-fluid p-0\">\n<div class=\"row\">\n<div class=\"col-12 col-lg-10\">\n<div class=\"boxes\">\n<div class=\"box-up\">\n<div class=\"event-box\">\n<div class=\"container-fluid p-0\">\n<div class=\"row\">\n<div class=\"col-12 col-lg-10\">\n<div class=\"boxes\">\n<div class=\"box-up\">\n<div class=\"event-box\">\n<div class=\"container-fluid p-0\">\n<div class=\"row\">\n<div class=\"col-11 col-sm-9 col-lg-10\">\n<div class=\"boxes\">\n<div class=\"box-up\">\n<div class=\"event-box\"><img decoding=\"async\" class=\"w-100 mb-3\" src=\"https:\/\/www.mediterrapm.com\/public\/media\/uploads\/editor\/blog\/blog\/tax-and-legal-services\/interion.webp\">K\u00fclt\u00fcr\u00fcn modern ya\u015famla i\u00e7 i\u00e7e ge\u00e7ti\u011fi Kuzey K\u0131br\u0131s&#8217;\u0131n canl\u0131 manzaras\u0131nda, i\u00e7 tasar\u0131m trendleri evlerin ambiyans\u0131n\u0131 \u015fekillendirmede \u00f6nemli bir rol oynuyor. Akdeniz cazibesinden \u00e7a\u011fda\u015f esteti\u011fe kadar farkl\u0131 etkilerin merkezi olan Kuzey K\u0131br\u0131s, hem ev sahipleri hem de tasar\u0131mc\u0131lar i\u00e7in zengin bir tasar\u0131m ilham\u0131 havuzu sunuyor. <\/p>\n<p>Kuzey K\u0131br\u0131s&#8217;ta \u00f6ne \u00e7\u0131kan trendlerden biri de geleneksel unsurlar\u0131n \u00e7a\u011fda\u015f tasar\u0131m konseptleriyle kayna\u015ft\u0131r\u0131lmas\u0131. Ev sahipleri, mekanlar\u0131n\u0131 k\u00fclt\u00fcrel motifler, zanaatkar i\u015f\u00e7ili\u011fi ve yerel kaynakl\u0131 malzemelerle donatma fikrini benimseyerek, sofistike bir hava yayarken miras ve \u00f6zg\u00fcnl\u00fck duygusunu yans\u0131tan i\u00e7 mekanlar yarat\u0131yor. <\/p>\n<p>Kuzey K\u0131br\u0131s i\u00e7 tasar\u0131m\u0131nda do\u011fal unsurlar \u00f6n plana \u00e7\u0131kmakta ve ah\u015fap, ta\u015f ve rattan gibi organik malzemelere vurgu yap\u0131lmaktad\u0131r. Bu trend, mekanlar\u0131n g\u00f6rsel \u00e7ekicili\u011fini art\u0131r\u0131yor ve adan\u0131n nefes kesici do\u011fal \u00e7evresiyle ba\u011flant\u0131y\u0131 g\u00fc\u00e7lendiriyor. Geri kazan\u0131lm\u0131\u015f ah\u015fap mobilyalardan ta\u015f vurgulu duvarlara kadar bu unsurlar i\u00e7 mekanlara s\u0131cakl\u0131k ve doku katarak davetkar ve zamans\u0131z mekanlar yarat\u0131yor.  <\/p>\n<p><img decoding=\"async\" class=\"w-100 mb-3\" src=\"https:\/\/www.mediterrapm.com\/public\/media\/uploads\/editor\/blog\/blog\/tax-and-legal-services\/interion-2.webp\">S\u00fcrd\u00fcr\u00fclebilirlik ve eko-bilin\u00e7li ya\u015fama y\u00f6nelik k\u00fcresel hareketlere paralel olarak, Kuzey K\u0131br\u0131s&#8217;ta da \u00e7evre dostu tasar\u0131m uygulamalar\u0131 ivme kazan\u0131yor. Ev sahipleri giderek daha fazla enerji tasarruflu aletler, \u00e7evre dostu yap\u0131 malzemeleri ve s\u00fcrd\u00fcr\u00fclebilir mobilya par\u00e7alar\u0131 tercih ederek karbon ayak izlerini azalt\u0131rken daha \u00e7evre dostu bir ya\u015fam tarz\u0131na katk\u0131da bulunuyorlar. <\/p>\n<p>Minimalizm, Kuzey K\u0131br\u0131s i\u00e7 mekanlar\u0131nda temiz \u00e7izgiler, da\u011f\u0131n\u0131kl\u0131ktan uzak alanlar ve n\u00f6tr bir renk paleti ile karakterize edilen hakim bir trend olmaya devam ediyor. Bu tasar\u0131m felsefesi sadeli\u011fi ve i\u015flevselli\u011fi vurgulayarak hem g\u00f6rsel olarak \u00e7ekici hem de rahatlamaya ve fark\u0131ndal\u0131\u011fa elveri\u015fli i\u00e7 mekanlar yarat\u0131yor. <\/p>\n<p><img decoding=\"async\" class=\"w-100 mb-3\" src=\"https:\/\/www.mediterrapm.com\/public\/media\/uploads\/editor\/blog\/blog\/tax-and-legal-services\/interion-3.webp\">Cesur desenler ve canl\u0131 renkler Kuzey K\u0131br\u0131s i\u00e7 tasar\u0131m\u0131nda geri d\u00f6n\u00fc\u015f yaparak evlere ki\u015filik ve yetenek kat\u0131yor. G\u00f6steri\u015fli duvar ka\u011f\u0131tlar\u0131ndan eklektik mobilyalara kadar, ev sahipleri ya\u015fam alanlar\u0131na canl\u0131l\u0131k ve enerji katmak i\u00e7in cesur tonlar\u0131 ve desenleri benimseyerek adan\u0131n canl\u0131 ruhunu ve hareketli k\u00fclt\u00fcr\u00fcn\u00fc yans\u0131t\u0131yor. <\/p>\n<p>\u00d6zetle, Kuzey K\u0131br\u0131s&#8217;taki i\u00e7 tasar\u0131m manzaras\u0131, \u00e7e\u015fitli k\u00fclt\u00fcrel miras\u0131n\u0131n ve \u00e7a\u011fda\u015f ya\u015fam tarz\u0131n\u0131n bir yans\u0131mas\u0131d\u0131r. Kuzey K\u0131br\u0131s&#8217;taki ev sahipleri, geleneksel unsurlar\u0131 modern estetikle harmanlayarak, s\u00fcrd\u00fcr\u00fclebilirli\u011fi benimseyerek ve bireyselli\u011fi kutlayarak, adan\u0131n kendisi kadar benzersiz ve b\u00fcy\u00fcleyici i\u00e7 mekanlar yarat\u0131yor. Mek\u00e2nlar\u0131 do\u011fal unsurlarla donatmak, minimalizmi benimsemek veya cesur desenlerle denemeler yapmak, Kuzey K\u0131br\u0131s&#8217;ta ilham verici i\u00e7 mek\u00e2nlar yaratma olas\u0131l\u0131klar\u0131 sonsuzdur.  <\/p>\n<\/div>\n<\/div>\n<\/div>\n<\/div>\n<\/div>\n<\/div>\n<\/div>\n<\/div>\n<\/div>\n<\/div>\n<\/div>\n<\/div>\n<\/div>\n<\/div>\n<\/div>\n<\/div>\n<\/div>\n<\/div>\n","protected":false},"excerpt":{"rendered":"<p>K\u00fclt\u00fcr\u00fcn modern ya\u015famla i\u00e7 i\u00e7e ge\u00e7ti\u011fi Kuzey K\u0131br\u0131s&#8217;\u0131n canl\u0131 manzaras\u0131nda, i\u00e7 tasar\u0131m trendleri evlerin ambiyans\u0131n\u0131 \u015fekillendirmede \u00f6nemli bir rol oynuyor. Akdeniz cazibesinden \u00e7a\u011fda\u015f esteti\u011fe kadar farkl\u0131 etkilerin merkezi olan Kuzey K\u0131br\u0131s, hem ev sahipleri hem de tasar\u0131mc\u0131lar i\u00e7in zengin bir tasar\u0131m ilham\u0131 havuzu sunuyor. Kuzey K\u0131br\u0131s&#8217;ta \u00f6ne \u00e7\u0131kan trendlerden biri de geleneksel unsurlar\u0131n \u00e7a\u011fda\u015f tasar\u0131m [&hellip;]<\/p>\n","protected":false},"author":1,"featured_media":31372,"comment_status":"open","ping_status":"open","sticky":false,"template":"","format":"standard","meta":{"_acf_changed":false,"footnotes":""},"categories":[205,245],"tags":[],"class_list":["post-32852","post","type-post","status-publish","format-standard","has-post-thumbnail","hentry","category-gayrimenkul","category-yasam-tarzi"],"acf":[],"yoast_head":"<!-- This site is optimized with the Yoast SEO plugin v27.5 - https:\/\/yoast.com\/product\/yoast-seo-wordpress\/ -->\n<title>Kuzey K\u0131br\u0131s&#039;ta \u0130\u00e7 Tasar\u0131m Trendleri - Mediterra Group<\/title>\n<meta name=\"robots\" content=\"index, follow, max-snippet:-1, max-image-preview:large, max-video-preview:-1\" \/>\n<link rel=\"canonical\" href=\"https:\/\/mediterra.group\/interior-design-trends-in-northern-cyprus\/\" \/>\n<meta property=\"og:locale\" content=\"tr_TR\" \/>\n<meta property=\"og:type\" content=\"article\" \/>\n<meta property=\"og:title\" content=\"Kuzey K\u0131br\u0131s&#039;ta \u0130\u00e7 Tasar\u0131m Trendleri - Mediterra Group\" \/>\n<meta property=\"og:description\" content=\"K\u00fclt\u00fcr\u00fcn modern ya\u015famla i\u00e7 i\u00e7e ge\u00e7ti\u011fi Kuzey K\u0131br\u0131s&#8217;\u0131n canl\u0131 manzaras\u0131nda, i\u00e7 tasar\u0131m trendleri evlerin ambiyans\u0131n\u0131 \u015fekillendirmede \u00f6nemli bir rol oynuyor. Akdeniz cazibesinden \u00e7a\u011fda\u015f esteti\u011fe kadar farkl\u0131 etkilerin merkezi olan Kuzey K\u0131br\u0131s, hem ev sahipleri hem de tasar\u0131mc\u0131lar i\u00e7in zengin bir tasar\u0131m ilham\u0131 havuzu sunuyor. Kuzey K\u0131br\u0131s&#8217;ta \u00f6ne \u00e7\u0131kan trendlerden biri de geleneksel unsurlar\u0131n \u00e7a\u011fda\u015f tasar\u0131m [&hellip;]\" \/>\n<meta property=\"og:url\" content=\"https:\/\/mediterra.group\/interior-design-trends-in-northern-cyprus\/\" \/>\n<meta property=\"og:site_name\" content=\"Mediterra Group\" \/>\n<meta property=\"article:published_time\" content=\"2025-07-10T14:34:49+00:00\" \/>\n<meta property=\"og:image\" content=\"https:\/\/mediterra.group\/wp-content\/uploads\/2025\/07\/interior-design-trends-in-northern-cyprus17147361727784lyfVB.webp\" \/>\n\t<meta property=\"og:image:width\" content=\"626\" \/>\n\t<meta property=\"og:image:height\" content=\"470\" \/>\n\t<meta property=\"og:image:type\" content=\"image\/webp\" \/>\n<meta name=\"author\" content=\"prfj\" \/>\n<meta name=\"twitter:card\" content=\"summary_large_image\" \/>\n<meta name=\"twitter:label1\" content=\"Yazan:\" \/>\n\t<meta name=\"twitter:data1\" content=\"prfj\" \/>\n\t<meta name=\"twitter:label2\" content=\"Tahmini okuma s\u00fcresi\" \/>\n\t<meta name=\"twitter:data2\" content=\"2 dakika\" \/>\n<script type=\"application\/ld+json\" class=\"yoast-schema-graph\">{\"@context\":\"https:\\\/\\\/schema.org\",\"@graph\":[{\"@type\":\"Article\",\"@id\":\"https:\\\/\\\/mediterra.group\\\/interior-design-trends-in-northern-cyprus\\\/#article\",\"isPartOf\":{\"@id\":\"https:\\\/\\\/mediterra.group\\\/interior-design-trends-in-northern-cyprus\\\/\"},\"author\":{\"name\":\"prfj\",\"@id\":\"https:\\\/\\\/mediterra.group\\\/ar\\\/#\\\/schema\\\/person\\\/7db86f2bc7783cf0f27705320203bffb\"},\"headline\":\"Kuzey K\u0131br\u0131s&#8217;ta \u0130\u00e7 Tasar\u0131m Trendleri\",\"datePublished\":\"2025-07-10T14:34:49+00:00\",\"mainEntityOfPage\":{\"@id\":\"https:\\\/\\\/mediterra.group\\\/interior-design-trends-in-northern-cyprus\\\/\"},\"wordCount\":496,\"commentCount\":0,\"image\":{\"@id\":\"https:\\\/\\\/mediterra.group\\\/interior-design-trends-in-northern-cyprus\\\/#primaryimage\"},\"thumbnailUrl\":\"https:\\\/\\\/mediterra.group\\\/wp-content\\\/uploads\\\/2025\\\/07\\\/interior-design-trends-in-northern-cyprus17147361727784lyfVB.webp\",\"articleSection\":[\"GAYR\u0130MENKUL\",\"YA\u015eAM TARZI\"],\"inLanguage\":\"tr\",\"potentialAction\":[{\"@type\":\"CommentAction\",\"name\":\"Comment\",\"target\":[\"https:\\\/\\\/mediterra.group\\\/interior-design-trends-in-northern-cyprus\\\/#respond\"]}]},{\"@type\":\"WebPage\",\"@id\":\"https:\\\/\\\/mediterra.group\\\/interior-design-trends-in-northern-cyprus\\\/\",\"url\":\"https:\\\/\\\/mediterra.group\\\/interior-design-trends-in-northern-cyprus\\\/\",\"name\":\"Kuzey K\u0131br\u0131s'ta \u0130\u00e7 Tasar\u0131m Trendleri - Mediterra Group\",\"isPartOf\":{\"@id\":\"https:\\\/\\\/mediterra.group\\\/ar\\\/#website\"},\"primaryImageOfPage\":{\"@id\":\"https:\\\/\\\/mediterra.group\\\/interior-design-trends-in-northern-cyprus\\\/#primaryimage\"},\"image\":{\"@id\":\"https:\\\/\\\/mediterra.group\\\/interior-design-trends-in-northern-cyprus\\\/#primaryimage\"},\"thumbnailUrl\":\"https:\\\/\\\/mediterra.group\\\/wp-content\\\/uploads\\\/2025\\\/07\\\/interior-design-trends-in-northern-cyprus17147361727784lyfVB.webp\",\"datePublished\":\"2025-07-10T14:34:49+00:00\",\"author\":{\"@id\":\"https:\\\/\\\/mediterra.group\\\/ar\\\/#\\\/schema\\\/person\\\/7db86f2bc7783cf0f27705320203bffb\"},\"breadcrumb\":{\"@id\":\"https:\\\/\\\/mediterra.group\\\/interior-design-trends-in-northern-cyprus\\\/#breadcrumb\"},\"inLanguage\":\"tr\",\"potentialAction\":[{\"@type\":\"ReadAction\",\"target\":[\"https:\\\/\\\/mediterra.group\\\/interior-design-trends-in-northern-cyprus\\\/\"]}]},{\"@type\":\"ImageObject\",\"inLanguage\":\"tr\",\"@id\":\"https:\\\/\\\/mediterra.group\\\/interior-design-trends-in-northern-cyprus\\\/#primaryimage\",\"url\":\"https:\\\/\\\/mediterra.group\\\/wp-content\\\/uploads\\\/2025\\\/07\\\/interior-design-trends-in-northern-cyprus17147361727784lyfVB.webp\",\"contentUrl\":\"https:\\\/\\\/mediterra.group\\\/wp-content\\\/uploads\\\/2025\\\/07\\\/interior-design-trends-in-northern-cyprus17147361727784lyfVB.webp\",\"width\":626,\"height\":470},{\"@type\":\"BreadcrumbList\",\"@id\":\"https:\\\/\\\/mediterra.group\\\/interior-design-trends-in-northern-cyprus\\\/#breadcrumb\",\"itemListElement\":[{\"@type\":\"ListItem\",\"position\":1,\"name\":\"Home\",\"item\":\"https:\\\/\\\/mediterra.group\\\/tr\\\/\"},{\"@type\":\"ListItem\",\"position\":2,\"name\":\"Kuzey K\u0131br\u0131s&#8217;ta \u0130\u00e7 Tasar\u0131m Trendleri\"}]},{\"@type\":\"WebSite\",\"@id\":\"https:\\\/\\\/mediterra.group\\\/ar\\\/#website\",\"url\":\"https:\\\/\\\/mediterra.group\\\/ar\\\/\",\"name\":\"Mediterra Group\",\"description\":\"\",\"potentialAction\":[{\"@type\":\"SearchAction\",\"target\":{\"@type\":\"EntryPoint\",\"urlTemplate\":\"https:\\\/\\\/mediterra.group\\\/ar\\\/?s={search_term_string}\"},\"query-input\":{\"@type\":\"PropertyValueSpecification\",\"valueRequired\":true,\"valueName\":\"search_term_string\"}}],\"inLanguage\":\"tr\"},{\"@type\":\"Person\",\"@id\":\"https:\\\/\\\/mediterra.group\\\/ar\\\/#\\\/schema\\\/person\\\/7db86f2bc7783cf0f27705320203bffb\",\"name\":\"prfj\",\"image\":{\"@type\":\"ImageObject\",\"inLanguage\":\"tr\",\"@id\":\"https:\\\/\\\/secure.gravatar.com\\\/avatar\\\/efc76156b22a6391dfe826fa01e611bcd5dacefe7489936136b7f4d5eb1c0fb4?s=96&d=mm&r=g\",\"url\":\"https:\\\/\\\/secure.gravatar.com\\\/avatar\\\/efc76156b22a6391dfe826fa01e611bcd5dacefe7489936136b7f4d5eb1c0fb4?s=96&d=mm&r=g\",\"contentUrl\":\"https:\\\/\\\/secure.gravatar.com\\\/avatar\\\/efc76156b22a6391dfe826fa01e611bcd5dacefe7489936136b7f4d5eb1c0fb4?s=96&d=mm&r=g\",\"caption\":\"prfj\"},\"sameAs\":[\"https:\\\/\\\/mediterra.group\"],\"url\":\"https:\\\/\\\/mediterra.group\\\/tr\\\/author\\\/prfj\\\/\"}]}<\/script>\n<!-- \/ Yoast SEO plugin. -->","yoast_head_json":{"title":"Kuzey K\u0131br\u0131s'ta \u0130\u00e7 Tasar\u0131m Trendleri - Mediterra Group","robots":{"index":"index","follow":"follow","max-snippet":"max-snippet:-1","max-image-preview":"max-image-preview:large","max-video-preview":"max-video-preview:-1"},"canonical":"https:\/\/mediterra.group\/interior-design-trends-in-northern-cyprus\/","og_locale":"tr_TR","og_type":"article","og_title":"Kuzey K\u0131br\u0131s'ta \u0130\u00e7 Tasar\u0131m Trendleri - Mediterra Group","og_description":"K\u00fclt\u00fcr\u00fcn modern ya\u015famla i\u00e7 i\u00e7e ge\u00e7ti\u011fi Kuzey K\u0131br\u0131s&#8217;\u0131n canl\u0131 manzaras\u0131nda, i\u00e7 tasar\u0131m trendleri evlerin ambiyans\u0131n\u0131 \u015fekillendirmede \u00f6nemli bir rol oynuyor. Akdeniz cazibesinden \u00e7a\u011fda\u015f esteti\u011fe kadar farkl\u0131 etkilerin merkezi olan Kuzey K\u0131br\u0131s, hem ev sahipleri hem de tasar\u0131mc\u0131lar i\u00e7in zengin bir tasar\u0131m ilham\u0131 havuzu sunuyor. Kuzey K\u0131br\u0131s&#8217;ta \u00f6ne \u00e7\u0131kan trendlerden biri de geleneksel unsurlar\u0131n \u00e7a\u011fda\u015f tasar\u0131m [&hellip;]","og_url":"https:\/\/mediterra.group\/interior-design-trends-in-northern-cyprus\/","og_site_name":"Mediterra Group","article_published_time":"2025-07-10T14:34:49+00:00","og_image":[{"width":626,"height":470,"url":"https:\/\/mediterra.group\/wp-content\/uploads\/2025\/07\/interior-design-trends-in-northern-cyprus17147361727784lyfVB.webp","type":"image\/webp"}],"author":"prfj","twitter_card":"summary_large_image","twitter_misc":{"Yazan:":"prfj","Tahmini okuma s\u00fcresi":"2 dakika"},"schema":{"@context":"https:\/\/schema.org","@graph":[{"@type":"Article","@id":"https:\/\/mediterra.group\/interior-design-trends-in-northern-cyprus\/#article","isPartOf":{"@id":"https:\/\/mediterra.group\/interior-design-trends-in-northern-cyprus\/"},"author":{"name":"prfj","@id":"https:\/\/mediterra.group\/ar\/#\/schema\/person\/7db86f2bc7783cf0f27705320203bffb"},"headline":"Kuzey K\u0131br\u0131s&#8217;ta \u0130\u00e7 Tasar\u0131m Trendleri","datePublished":"2025-07-10T14:34:49+00:00","mainEntityOfPage":{"@id":"https:\/\/mediterra.group\/interior-design-trends-in-northern-cyprus\/"},"wordCount":496,"commentCount":0,"image":{"@id":"https:\/\/mediterra.group\/interior-design-trends-in-northern-cyprus\/#primaryimage"},"thumbnailUrl":"https:\/\/mediterra.group\/wp-content\/uploads\/2025\/07\/interior-design-trends-in-northern-cyprus17147361727784lyfVB.webp","articleSection":["GAYR\u0130MENKUL","YA\u015eAM TARZI"],"inLanguage":"tr","potentialAction":[{"@type":"CommentAction","name":"Comment","target":["https:\/\/mediterra.group\/interior-design-trends-in-northern-cyprus\/#respond"]}]},{"@type":"WebPage","@id":"https:\/\/mediterra.group\/interior-design-trends-in-northern-cyprus\/","url":"https:\/\/mediterra.group\/interior-design-trends-in-northern-cyprus\/","name":"Kuzey K\u0131br\u0131s'ta \u0130\u00e7 Tasar\u0131m Trendleri - Mediterra Group","isPartOf":{"@id":"https:\/\/mediterra.group\/ar\/#website"},"primaryImageOfPage":{"@id":"https:\/\/mediterra.group\/interior-design-trends-in-northern-cyprus\/#primaryimage"},"image":{"@id":"https:\/\/mediterra.group\/interior-design-trends-in-northern-cyprus\/#primaryimage"},"thumbnailUrl":"https:\/\/mediterra.group\/wp-content\/uploads\/2025\/07\/interior-design-trends-in-northern-cyprus17147361727784lyfVB.webp","datePublished":"2025-07-10T14:34:49+00:00","author":{"@id":"https:\/\/mediterra.group\/ar\/#\/schema\/person\/7db86f2bc7783cf0f27705320203bffb"},"breadcrumb":{"@id":"https:\/\/mediterra.group\/interior-design-trends-in-northern-cyprus\/#breadcrumb"},"inLanguage":"tr","potentialAction":[{"@type":"ReadAction","target":["https:\/\/mediterra.group\/interior-design-trends-in-northern-cyprus\/"]}]},{"@type":"ImageObject","inLanguage":"tr","@id":"https:\/\/mediterra.group\/interior-design-trends-in-northern-cyprus\/#primaryimage","url":"https:\/\/mediterra.group\/wp-content\/uploads\/2025\/07\/interior-design-trends-in-northern-cyprus17147361727784lyfVB.webp","contentUrl":"https:\/\/mediterra.group\/wp-content\/uploads\/2025\/07\/interior-design-trends-in-northern-cyprus17147361727784lyfVB.webp","width":626,"height":470},{"@type":"BreadcrumbList","@id":"https:\/\/mediterra.group\/interior-design-trends-in-northern-cyprus\/#breadcrumb","itemListElement":[{"@type":"ListItem","position":1,"name":"Home","item":"https:\/\/mediterra.group\/tr\/"},{"@type":"ListItem","position":2,"name":"Kuzey K\u0131br\u0131s&#8217;ta \u0130\u00e7 Tasar\u0131m Trendleri"}]},{"@type":"WebSite","@id":"https:\/\/mediterra.group\/ar\/#website","url":"https:\/\/mediterra.group\/ar\/","name":"Mediterra Group","description":"","potentialAction":[{"@type":"SearchAction","target":{"@type":"EntryPoint","urlTemplate":"https:\/\/mediterra.group\/ar\/?s={search_term_string}"},"query-input":{"@type":"PropertyValueSpecification","valueRequired":true,"valueName":"search_term_string"}}],"inLanguage":"tr"},{"@type":"Person","@id":"https:\/\/mediterra.group\/ar\/#\/schema\/person\/7db86f2bc7783cf0f27705320203bffb","name":"prfj","image":{"@type":"ImageObject","inLanguage":"tr","@id":"https:\/\/secure.gravatar.com\/avatar\/efc76156b22a6391dfe826fa01e611bcd5dacefe7489936136b7f4d5eb1c0fb4?s=96&d=mm&r=g","url":"https:\/\/secure.gravatar.com\/avatar\/efc76156b22a6391dfe826fa01e611bcd5dacefe7489936136b7f4d5eb1c0fb4?s=96&d=mm&r=g","contentUrl":"https:\/\/secure.gravatar.com\/avatar\/efc76156b22a6391dfe826fa01e611bcd5dacefe7489936136b7f4d5eb1c0fb4?s=96&d=mm&r=g","caption":"prfj"},"sameAs":["https:\/\/mediterra.group"],"url":"https:\/\/mediterra.group\/tr\/author\/prfj\/"}]}},"_links":{"self":[{"href":"https:\/\/mediterra.group\/tr\/wp-json\/wp\/v2\/posts\/32852","targetHints":{"allow":["GET"]}}],"collection":[{"href":"https:\/\/mediterra.group\/tr\/wp-json\/wp\/v2\/posts"}],"about":[{"href":"https:\/\/mediterra.group\/tr\/wp-json\/wp\/v2\/types\/post"}],"author":[{"embeddable":true,"href":"https:\/\/mediterra.group\/tr\/wp-json\/wp\/v2\/users\/1"}],"replies":[{"embeddable":true,"href":"https:\/\/mediterra.group\/tr\/wp-json\/wp\/v2\/comments?post=32852"}],"version-history":[{"count":0,"href":"https:\/\/mediterra.group\/tr\/wp-json\/wp\/v2\/posts\/32852\/revisions"}],"wp:featuredmedia":[{"embeddable":true,"href":"https:\/\/mediterra.group\/tr\/wp-json\/wp\/v2\/media\/31372"}],"wp:attachment":[{"href":"https:\/\/mediterra.group\/tr\/wp-json\/wp\/v2\/media?parent=32852"}],"wp:term":[{"taxonomy":"category","embeddable":true,"href":"https:\/\/mediterra.group\/tr\/wp-json\/wp\/v2\/categories?post=32852"},{"taxonomy":"post_tag","embeddable":true,"href":"https:\/\/mediterra.group\/tr\/wp-json\/wp\/v2\/tags?post=32852"}],"curies":[{"name":"wp","href":"https:\/\/api.w.org\/{rel}","templated":true}]}}