{"id":36135,"date":"2025-10-09T07:30:07","date_gmt":"2025-10-09T07:30:07","guid":{"rendered":"https:\/\/mediterra.group\/mediterra-na-miedzynarodowych-targach-nieruchomosci-w-kopenhadze-%f0%9f%87%a9%f0%9f%87%b0\/"},"modified":"2025-10-09T07:30:07","modified_gmt":"2025-10-09T07:30:07","slug":"mediterra-na-miedzynarodowych-targach-nieruchomosci-w-kopenhadze-%f0%9f%87%a9%f0%9f%87%b0","status":"publish","type":"post","link":"https:\/\/mediterra.group\/pl\/mediterra-na-miedzynarodowych-targach-nieruchomosci-w-kopenhadze-%f0%9f%87%a9%f0%9f%87%b0\/","title":{"rendered":"Mediterra na Mi\u0119dzynarodowych Targach Nieruchomo\u015bci w Kopenhadze \ud83c\udde9\ud83c\uddf0"},"content":{"rendered":"<p data-start=\"280\" data-end=\"508\">Mediterra z przyjemno\u015bci\u0105 wzi\u0119\u0142a udzia\u0142 w presti\u017cowych <em data-start=\"340\" data-end=\"369\">Mi\u0119dzynarodowych Targach Nieruchomo\u015bci<\/em>, kt\u00f3re odby\u0142y si\u0119 w Kopenhadze w Danii &#8211; jednej z kluczowych europejskich platform skupiaj\u0105cych wiod\u0105cych deweloper\u00f3w, architekt\u00f3w i innowator\u00f3w w dziedzinie projektowania.<\/p>\n<p data-start=\"510\" data-end=\"856\">Nasze stoisko przyci\u0105ga\u0142o odwiedzaj\u0105cych wyborem charakterystycznych projekt\u00f3w Mediterra, kt\u00f3re ilustruj\u0105 nasz\u0105 podstawow\u0105 filozofi\u0119: harmoni\u0119 wsp\u00f3\u0142czesnego designu, funkcjonalno\u015bci i g\u0142\u0119bokiego zwi\u0105zku z natur\u0105. Ka\u017cdy prezentowany przez nas projekt odzwierciedla nasze przekonanie, \u017ce architektura powinna nie tylko kszta\u0142towa\u0107 przestrze\u0144, ale tak\u017ce inspirowa\u0107 poczucie r\u00f3wnowagi i dobrego samopoczucia. <\/p>\n<p data-start=\"858\" data-end=\"1144\">Przez ca\u0142y czas trwania wystawy nasz zesp\u00f3\u0142 anga\u017cowa\u0142 si\u0119 w znacz\u0105ce rozmowy z profesjonalistami z bran\u017cy, potencjalnymi partnerami i inwestorami. Wymiany te otworzy\u0142y drzwi do nowych pomys\u0142\u00f3w, wsp\u00f3\u0142pracy i perspektyw na przysz\u0142o\u015b\u0107 zr\u00f3wnowa\u017conego i skoncentrowanego na cz\u0142owieku rozwoju nieruchomo\u015bci. <\/p>\n<p data-start=\"1146\" data-end=\"1317\">Byli\u015bmy dumni, widz\u0105c prawdziwe zainteresowanie podej\u015bciem Mediterra &#8211; gdzie estetyka \u0142\u0105czy si\u0119 z praktyczno\u015bci\u0105, a nowoczesne \u017cycie p\u0142ynnie \u0142\u0105czy si\u0119 z otaczaj\u0105cym \u015brodowiskiem.<\/p>\n<p data-start=\"1319\" data-end=\"1666\">Udzia\u0142 w Mi\u0119dzynarodowych Targach Nieruchomo\u015bci sta\u0142 si\u0119 dla nas czym\u015b wi\u0119cej ni\u017c tylko wystaw\u0105 &#8211; by\u0142o to inspiruj\u0105ce do\u015bwiadczenie, kt\u00f3re potwierdzi\u0142o nasze zaanga\u017cowanie w innowacyjno\u015b\u0107 i jako\u015b\u0107. Dla Mediterra to pewny krok w kierunku nowych horyzont\u00f3w, mi\u0119dzynarodowych partnerstw i projekt\u00f3w, kt\u00f3re na nowo definiuj\u0105 standardy nowoczesnego \u017cycia. <\/p>\n<p data-start=\"1319\" data-end=\"1666\"><img fetchpriority=\"high\" decoding=\"async\" class=\"alignnone wp-image-35932\" src=\"https:\/\/mediterra.group\/wp-content\/uploads\/2025\/10\/IMG_1820-1.jpg\" alt=\"\" width=\"191\" height=\"339\" srcset=\"https:\/\/mediterra.group\/wp-content\/uploads\/2025\/10\/IMG_1820-1.jpg 900w, https:\/\/mediterra.group\/wp-content\/uploads\/2025\/10\/IMG_1820-1-864x1536.jpg 864w\" sizes=\"(max-width: 191px) 100vw, 191px\" \/> <img decoding=\"async\" class=\"alignnone wp-image-35895\" src=\"https:\/\/mediterra.group\/wp-content\/uploads\/2025\/10\/IMG_1817.jpg\" alt=\"\" width=\"453\" height=\"340\" srcset=\"https:\/\/mediterra.group\/wp-content\/uploads\/2025\/10\/IMG_1817.jpg 2048w, https:\/\/mediterra.group\/wp-content\/uploads\/2025\/10\/IMG_1817-1536x1152.jpg 1536w, https:\/\/mediterra.group\/wp-content\/uploads\/2025\/10\/IMG_1817-584x438.jpg 584w\" sizes=\"(max-width: 453px) 100vw, 453px\" \/> <img decoding=\"async\" class=\"alignnone wp-image-35926\" src=\"https:\/\/mediterra.group\/wp-content\/uploads\/2025\/10\/IMG_1818-1.jpg\" alt=\"\" width=\"256\" height=\"341\" srcset=\"https:\/\/mediterra.group\/wp-content\/uploads\/2025\/10\/IMG_1818-1.jpg 1536w, https:\/\/mediterra.group\/wp-content\/uploads\/2025\/10\/IMG_1818-1-1152x1536.jpg 1152w\" sizes=\"(max-width: 256px) 100vw, 256px\" \/><\/p>\n","protected":false},"excerpt":{"rendered":"<p>Mediterra z przyjemno\u015bci\u0105 wzi\u0119\u0142a udzia\u0142 w presti\u017cowych Mi\u0119dzynarodowych Targach Nieruchomo\u015bci, kt\u00f3re odby\u0142y si\u0119 w Kopenhadze w Danii &#8211; jednej z kluczowych europejskich platform skupiaj\u0105cych wiod\u0105cych deweloper\u00f3w, architekt\u00f3w i innowator\u00f3w w dziedzinie projektowania. Nasze stoisko przyci\u0105ga\u0142o odwiedzaj\u0105cych wyborem charakterystycznych projekt\u00f3w Mediterra, kt\u00f3re ilustruj\u0105 nasz\u0105 podstawow\u0105 filozofi\u0119: harmoni\u0119 wsp\u00f3\u0142czesnego designu, funkcjonalno\u015bci i g\u0142\u0119bokiego zwi\u0105zku z natur\u0105. Ka\u017cdy [&hellip;]<\/p>\n","protected":false},"author":2,"featured_media":36136,"comment_status":"open","ping_status":"open","sticky":false,"template":"","format":"standard","meta":{"_acf_changed":false,"footnotes":""},"categories":[682],"tags":[],"class_list":["post-36135","post","type-post","status-publish","format-standard","has-post-thumbnail","hentry","category-wydarzenia"],"acf":[],"yoast_head":"<!-- This site is optimized with the Yoast SEO plugin v27.5 - https:\/\/yoast.com\/product\/yoast-seo-wordpress\/ -->\n<title>Mediterra na Mi\u0119dzynarodowych Targach Nieruchomo\u015bci w Kopenhadze \ud83c\udde9\ud83c\uddf0 - Mediterra Group<\/title>\n<meta name=\"robots\" content=\"index, follow, max-snippet:-1, max-image-preview:large, max-video-preview:-1\" \/>\n<link rel=\"canonical\" href=\"https:\/\/mediterra.group\/mediterra-na-miedzynarodowych-targach-nieruchomosci-w-kopenhadze-\ud83c\udde9\ud83c\uddf0\/\" \/>\n<meta property=\"og:locale\" content=\"pl_PL\" \/>\n<meta property=\"og:type\" content=\"article\" \/>\n<meta property=\"og:title\" content=\"Mediterra na Mi\u0119dzynarodowych Targach Nieruchomo\u015bci w Kopenhadze \ud83c\udde9\ud83c\uddf0 - Mediterra Group\" \/>\n<meta property=\"og:description\" content=\"Mediterra z przyjemno\u015bci\u0105 wzi\u0119\u0142a udzia\u0142 w presti\u017cowych Mi\u0119dzynarodowych Targach Nieruchomo\u015bci, kt\u00f3re odby\u0142y si\u0119 w Kopenhadze w Danii &#8211; jednej z kluczowych europejskich platform skupiaj\u0105cych wiod\u0105cych deweloper\u00f3w, architekt\u00f3w i innowator\u00f3w w dziedzinie projektowania. Nasze stoisko przyci\u0105ga\u0142o odwiedzaj\u0105cych wyborem charakterystycznych projekt\u00f3w Mediterra, kt\u00f3re ilustruj\u0105 nasz\u0105 podstawow\u0105 filozofi\u0119: harmoni\u0119 wsp\u00f3\u0142czesnego designu, funkcjonalno\u015bci i g\u0142\u0119bokiego zwi\u0105zku z natur\u0105. Ka\u017cdy [&hellip;]\" \/>\n<meta property=\"og:url\" content=\"https:\/\/mediterra.group\/mediterra-na-miedzynarodowych-targach-nieruchomosci-w-kopenhadze-\ud83c\udde9\ud83c\uddf0\/\" \/>\n<meta property=\"og:site_name\" content=\"Mediterra Group\" \/>\n<meta property=\"article:published_time\" content=\"2025-10-09T07:30:07+00:00\" \/>\n<meta property=\"og:image\" content=\"https:\/\/mediterra.group\/wp-content\/uploads\/2025\/10\/IMG_1820-1.jpg\" \/>\n\t<meta property=\"og:image:width\" content=\"900\" \/>\n\t<meta property=\"og:image:height\" content=\"1600\" \/>\n\t<meta property=\"og:image:type\" content=\"image\/jpeg\" \/>\n<meta name=\"author\" content=\"mediterra\" \/>\n<meta name=\"twitter:card\" content=\"summary_large_image\" \/>\n<meta name=\"twitter:label1\" content=\"Napisane przez\" \/>\n\t<meta name=\"twitter:data1\" content=\"mediterra\" \/>\n\t<meta name=\"twitter:label2\" content=\"Szacowany czas czytania\" \/>\n\t<meta name=\"twitter:data2\" content=\"1 minuta\" \/>\n<script type=\"application\/ld+json\" class=\"yoast-schema-graph\">{\"@context\":\"https:\\\/\\\/schema.org\",\"@graph\":[{\"@type\":\"Article\",\"@id\":\"https:\\\/\\\/mediterra.group\\\/mediterra-na-miedzynarodowych-targach-nieruchomosci-w-kopenhadze-%f0%9f%87%a9%f0%9f%87%b0\\\/#article\",\"isPartOf\":{\"@id\":\"https:\\\/\\\/mediterra.group\\\/mediterra-na-miedzynarodowych-targach-nieruchomosci-w-kopenhadze-%f0%9f%87%a9%f0%9f%87%b0\\\/\"},\"author\":{\"name\":\"mediterra\",\"@id\":\"https:\\\/\\\/mediterra.group\\\/ar\\\/#\\\/schema\\\/person\\\/465ce9bd3fa9269a0d1de4d98559b474\"},\"headline\":\"Mediterra na Mi\u0119dzynarodowych Targach Nieruchomo\u015bci w Kopenhadze \ud83c\udde9\ud83c\uddf0\",\"datePublished\":\"2025-10-09T07:30:07+00:00\",\"mainEntityOfPage\":{\"@id\":\"https:\\\/\\\/mediterra.group\\\/mediterra-na-miedzynarodowych-targach-nieruchomosci-w-kopenhadze-%f0%9f%87%a9%f0%9f%87%b0\\\/\"},\"wordCount\":251,\"commentCount\":0,\"image\":{\"@id\":\"https:\\\/\\\/mediterra.group\\\/mediterra-na-miedzynarodowych-targach-nieruchomosci-w-kopenhadze-%f0%9f%87%a9%f0%9f%87%b0\\\/#primaryimage\"},\"thumbnailUrl\":\"https:\\\/\\\/mediterra.group\\\/wp-content\\\/uploads\\\/2025\\\/10\\\/IMG_1817.jpg\",\"articleSection\":[\"WYDARZENIA\"],\"inLanguage\":\"pl-PL\",\"potentialAction\":[{\"@type\":\"CommentAction\",\"name\":\"Comment\",\"target\":[\"https:\\\/\\\/mediterra.group\\\/mediterra-na-miedzynarodowych-targach-nieruchomosci-w-kopenhadze-%f0%9f%87%a9%f0%9f%87%b0\\\/#respond\"]}]},{\"@type\":\"WebPage\",\"@id\":\"https:\\\/\\\/mediterra.group\\\/mediterra-na-miedzynarodowych-targach-nieruchomosci-w-kopenhadze-%f0%9f%87%a9%f0%9f%87%b0\\\/\",\"url\":\"https:\\\/\\\/mediterra.group\\\/mediterra-na-miedzynarodowych-targach-nieruchomosci-w-kopenhadze-%f0%9f%87%a9%f0%9f%87%b0\\\/\",\"name\":\"Mediterra na Mi\u0119dzynarodowych Targach Nieruchomo\u015bci w Kopenhadze \ud83c\udde9\ud83c\uddf0 - Mediterra Group\",\"isPartOf\":{\"@id\":\"https:\\\/\\\/mediterra.group\\\/ar\\\/#website\"},\"primaryImageOfPage\":{\"@id\":\"https:\\\/\\\/mediterra.group\\\/mediterra-na-miedzynarodowych-targach-nieruchomosci-w-kopenhadze-%f0%9f%87%a9%f0%9f%87%b0\\\/#primaryimage\"},\"image\":{\"@id\":\"https:\\\/\\\/mediterra.group\\\/mediterra-na-miedzynarodowych-targach-nieruchomosci-w-kopenhadze-%f0%9f%87%a9%f0%9f%87%b0\\\/#primaryimage\"},\"thumbnailUrl\":\"https:\\\/\\\/mediterra.group\\\/wp-content\\\/uploads\\\/2025\\\/10\\\/IMG_1817.jpg\",\"datePublished\":\"2025-10-09T07:30:07+00:00\",\"author\":{\"@id\":\"https:\\\/\\\/mediterra.group\\\/ar\\\/#\\\/schema\\\/person\\\/465ce9bd3fa9269a0d1de4d98559b474\"},\"breadcrumb\":{\"@id\":\"https:\\\/\\\/mediterra.group\\\/mediterra-na-miedzynarodowych-targach-nieruchomosci-w-kopenhadze-%f0%9f%87%a9%f0%9f%87%b0\\\/#breadcrumb\"},\"inLanguage\":\"pl-PL\",\"potentialAction\":[{\"@type\":\"ReadAction\",\"target\":[\"https:\\\/\\\/mediterra.group\\\/mediterra-na-miedzynarodowych-targach-nieruchomosci-w-kopenhadze-%f0%9f%87%a9%f0%9f%87%b0\\\/\"]}]},{\"@type\":\"ImageObject\",\"inLanguage\":\"pl-PL\",\"@id\":\"https:\\\/\\\/mediterra.group\\\/mediterra-na-miedzynarodowych-targach-nieruchomosci-w-kopenhadze-%f0%9f%87%a9%f0%9f%87%b0\\\/#primaryimage\",\"url\":\"https:\\\/\\\/mediterra.group\\\/wp-content\\\/uploads\\\/2025\\\/10\\\/IMG_1817.jpg\",\"contentUrl\":\"https:\\\/\\\/mediterra.group\\\/wp-content\\\/uploads\\\/2025\\\/10\\\/IMG_1817.jpg\",\"width\":2048,\"height\":1536},{\"@type\":\"BreadcrumbList\",\"@id\":\"https:\\\/\\\/mediterra.group\\\/mediterra-na-miedzynarodowych-targach-nieruchomosci-w-kopenhadze-%f0%9f%87%a9%f0%9f%87%b0\\\/#breadcrumb\",\"itemListElement\":[{\"@type\":\"ListItem\",\"position\":1,\"name\":\"Home\",\"item\":\"https:\\\/\\\/mediterra.group\\\/pl\\\/home-default\\\/\"},{\"@type\":\"ListItem\",\"position\":2,\"name\":\"Mediterra na Mi\u0119dzynarodowych Targach Nieruchomo\u015bci w Kopenhadze \ud83c\udde9\ud83c\uddf0\"}]},{\"@type\":\"WebSite\",\"@id\":\"https:\\\/\\\/mediterra.group\\\/ar\\\/#website\",\"url\":\"https:\\\/\\\/mediterra.group\\\/ar\\\/\",\"name\":\"Mediterra Group\",\"description\":\"\",\"potentialAction\":[{\"@type\":\"SearchAction\",\"target\":{\"@type\":\"EntryPoint\",\"urlTemplate\":\"https:\\\/\\\/mediterra.group\\\/ar\\\/?s={search_term_string}\"},\"query-input\":{\"@type\":\"PropertyValueSpecification\",\"valueRequired\":true,\"valueName\":\"search_term_string\"}}],\"inLanguage\":\"pl-PL\"},{\"@type\":\"Person\",\"@id\":\"https:\\\/\\\/mediterra.group\\\/ar\\\/#\\\/schema\\\/person\\\/465ce9bd3fa9269a0d1de4d98559b474\",\"name\":\"mediterra\",\"image\":{\"@type\":\"ImageObject\",\"inLanguage\":\"pl-PL\",\"@id\":\"https:\\\/\\\/secure.gravatar.com\\\/avatar\\\/3c4f61f69ea9df6a0408648bb28bb9f8aa709c455f7160353b9bb154294ee5f2?s=96&d=mm&r=g\",\"url\":\"https:\\\/\\\/secure.gravatar.com\\\/avatar\\\/3c4f61f69ea9df6a0408648bb28bb9f8aa709c455f7160353b9bb154294ee5f2?s=96&d=mm&r=g\",\"contentUrl\":\"https:\\\/\\\/secure.gravatar.com\\\/avatar\\\/3c4f61f69ea9df6a0408648bb28bb9f8aa709c455f7160353b9bb154294ee5f2?s=96&d=mm&r=g\",\"caption\":\"mediterra\"},\"url\":\"https:\\\/\\\/mediterra.group\\\/pl\\\/author\\\/mediterra\\\/\"}]}<\/script>\n<!-- \/ Yoast SEO plugin. -->","yoast_head_json":{"title":"Mediterra na Mi\u0119dzynarodowych Targach Nieruchomo\u015bci w Kopenhadze \ud83c\udde9\ud83c\uddf0 - Mediterra Group","robots":{"index":"index","follow":"follow","max-snippet":"max-snippet:-1","max-image-preview":"max-image-preview:large","max-video-preview":"max-video-preview:-1"},"canonical":"https:\/\/mediterra.group\/mediterra-na-miedzynarodowych-targach-nieruchomosci-w-kopenhadze-\ud83c\udde9\ud83c\uddf0\/","og_locale":"pl_PL","og_type":"article","og_title":"Mediterra na Mi\u0119dzynarodowych Targach Nieruchomo\u015bci w Kopenhadze \ud83c\udde9\ud83c\uddf0 - Mediterra Group","og_description":"Mediterra z przyjemno\u015bci\u0105 wzi\u0119\u0142a udzia\u0142 w presti\u017cowych Mi\u0119dzynarodowych Targach Nieruchomo\u015bci, kt\u00f3re odby\u0142y si\u0119 w Kopenhadze w Danii &#8211; jednej z kluczowych europejskich platform skupiaj\u0105cych wiod\u0105cych deweloper\u00f3w, architekt\u00f3w i innowator\u00f3w w dziedzinie projektowania. Nasze stoisko przyci\u0105ga\u0142o odwiedzaj\u0105cych wyborem charakterystycznych projekt\u00f3w Mediterra, kt\u00f3re ilustruj\u0105 nasz\u0105 podstawow\u0105 filozofi\u0119: harmoni\u0119 wsp\u00f3\u0142czesnego designu, funkcjonalno\u015bci i g\u0142\u0119bokiego zwi\u0105zku z natur\u0105. Ka\u017cdy [&hellip;]","og_url":"https:\/\/mediterra.group\/mediterra-na-miedzynarodowych-targach-nieruchomosci-w-kopenhadze-\ud83c\udde9\ud83c\uddf0\/","og_site_name":"Mediterra Group","article_published_time":"2025-10-09T07:30:07+00:00","og_image":[{"width":900,"height":1600,"url":"https:\/\/mediterra.group\/wp-content\/uploads\/2025\/10\/IMG_1820-1.jpg","type":"image\/jpeg"}],"author":"mediterra","twitter_card":"summary_large_image","twitter_misc":{"Napisane przez":"mediterra","Szacowany czas czytania":"1 minuta"},"schema":{"@context":"https:\/\/schema.org","@graph":[{"@type":"Article","@id":"https:\/\/mediterra.group\/mediterra-na-miedzynarodowych-targach-nieruchomosci-w-kopenhadze-%f0%9f%87%a9%f0%9f%87%b0\/#article","isPartOf":{"@id":"https:\/\/mediterra.group\/mediterra-na-miedzynarodowych-targach-nieruchomosci-w-kopenhadze-%f0%9f%87%a9%f0%9f%87%b0\/"},"author":{"name":"mediterra","@id":"https:\/\/mediterra.group\/ar\/#\/schema\/person\/465ce9bd3fa9269a0d1de4d98559b474"},"headline":"Mediterra na Mi\u0119dzynarodowych Targach Nieruchomo\u015bci w Kopenhadze \ud83c\udde9\ud83c\uddf0","datePublished":"2025-10-09T07:30:07+00:00","mainEntityOfPage":{"@id":"https:\/\/mediterra.group\/mediterra-na-miedzynarodowych-targach-nieruchomosci-w-kopenhadze-%f0%9f%87%a9%f0%9f%87%b0\/"},"wordCount":251,"commentCount":0,"image":{"@id":"https:\/\/mediterra.group\/mediterra-na-miedzynarodowych-targach-nieruchomosci-w-kopenhadze-%f0%9f%87%a9%f0%9f%87%b0\/#primaryimage"},"thumbnailUrl":"https:\/\/mediterra.group\/wp-content\/uploads\/2025\/10\/IMG_1817.jpg","articleSection":["WYDARZENIA"],"inLanguage":"pl-PL","potentialAction":[{"@type":"CommentAction","name":"Comment","target":["https:\/\/mediterra.group\/mediterra-na-miedzynarodowych-targach-nieruchomosci-w-kopenhadze-%f0%9f%87%a9%f0%9f%87%b0\/#respond"]}]},{"@type":"WebPage","@id":"https:\/\/mediterra.group\/mediterra-na-miedzynarodowych-targach-nieruchomosci-w-kopenhadze-%f0%9f%87%a9%f0%9f%87%b0\/","url":"https:\/\/mediterra.group\/mediterra-na-miedzynarodowych-targach-nieruchomosci-w-kopenhadze-%f0%9f%87%a9%f0%9f%87%b0\/","name":"Mediterra na Mi\u0119dzynarodowych Targach Nieruchomo\u015bci w Kopenhadze \ud83c\udde9\ud83c\uddf0 - Mediterra Group","isPartOf":{"@id":"https:\/\/mediterra.group\/ar\/#website"},"primaryImageOfPage":{"@id":"https:\/\/mediterra.group\/mediterra-na-miedzynarodowych-targach-nieruchomosci-w-kopenhadze-%f0%9f%87%a9%f0%9f%87%b0\/#primaryimage"},"image":{"@id":"https:\/\/mediterra.group\/mediterra-na-miedzynarodowych-targach-nieruchomosci-w-kopenhadze-%f0%9f%87%a9%f0%9f%87%b0\/#primaryimage"},"thumbnailUrl":"https:\/\/mediterra.group\/wp-content\/uploads\/2025\/10\/IMG_1817.jpg","datePublished":"2025-10-09T07:30:07+00:00","author":{"@id":"https:\/\/mediterra.group\/ar\/#\/schema\/person\/465ce9bd3fa9269a0d1de4d98559b474"},"breadcrumb":{"@id":"https:\/\/mediterra.group\/mediterra-na-miedzynarodowych-targach-nieruchomosci-w-kopenhadze-%f0%9f%87%a9%f0%9f%87%b0\/#breadcrumb"},"inLanguage":"pl-PL","potentialAction":[{"@type":"ReadAction","target":["https:\/\/mediterra.group\/mediterra-na-miedzynarodowych-targach-nieruchomosci-w-kopenhadze-%f0%9f%87%a9%f0%9f%87%b0\/"]}]},{"@type":"ImageObject","inLanguage":"pl-PL","@id":"https:\/\/mediterra.group\/mediterra-na-miedzynarodowych-targach-nieruchomosci-w-kopenhadze-%f0%9f%87%a9%f0%9f%87%b0\/#primaryimage","url":"https:\/\/mediterra.group\/wp-content\/uploads\/2025\/10\/IMG_1817.jpg","contentUrl":"https:\/\/mediterra.group\/wp-content\/uploads\/2025\/10\/IMG_1817.jpg","width":2048,"height":1536},{"@type":"BreadcrumbList","@id":"https:\/\/mediterra.group\/mediterra-na-miedzynarodowych-targach-nieruchomosci-w-kopenhadze-%f0%9f%87%a9%f0%9f%87%b0\/#breadcrumb","itemListElement":[{"@type":"ListItem","position":1,"name":"Home","item":"https:\/\/mediterra.group\/pl\/home-default\/"},{"@type":"ListItem","position":2,"name":"Mediterra na Mi\u0119dzynarodowych Targach Nieruchomo\u015bci w Kopenhadze \ud83c\udde9\ud83c\uddf0"}]},{"@type":"WebSite","@id":"https:\/\/mediterra.group\/ar\/#website","url":"https:\/\/mediterra.group\/ar\/","name":"Mediterra Group","description":"","potentialAction":[{"@type":"SearchAction","target":{"@type":"EntryPoint","urlTemplate":"https:\/\/mediterra.group\/ar\/?s={search_term_string}"},"query-input":{"@type":"PropertyValueSpecification","valueRequired":true,"valueName":"search_term_string"}}],"inLanguage":"pl-PL"},{"@type":"Person","@id":"https:\/\/mediterra.group\/ar\/#\/schema\/person\/465ce9bd3fa9269a0d1de4d98559b474","name":"mediterra","image":{"@type":"ImageObject","inLanguage":"pl-PL","@id":"https:\/\/secure.gravatar.com\/avatar\/3c4f61f69ea9df6a0408648bb28bb9f8aa709c455f7160353b9bb154294ee5f2?s=96&d=mm&r=g","url":"https:\/\/secure.gravatar.com\/avatar\/3c4f61f69ea9df6a0408648bb28bb9f8aa709c455f7160353b9bb154294ee5f2?s=96&d=mm&r=g","contentUrl":"https:\/\/secure.gravatar.com\/avatar\/3c4f61f69ea9df6a0408648bb28bb9f8aa709c455f7160353b9bb154294ee5f2?s=96&d=mm&r=g","caption":"mediterra"},"url":"https:\/\/mediterra.group\/pl\/author\/mediterra\/"}]}},"_links":{"self":[{"href":"https:\/\/mediterra.group\/pl\/wp-json\/wp\/v2\/posts\/36135","targetHints":{"allow":["GET"]}}],"collection":[{"href":"https:\/\/mediterra.group\/pl\/wp-json\/wp\/v2\/posts"}],"about":[{"href":"https:\/\/mediterra.group\/pl\/wp-json\/wp\/v2\/types\/post"}],"author":[{"embeddable":true,"href":"https:\/\/mediterra.group\/pl\/wp-json\/wp\/v2\/users\/2"}],"replies":[{"embeddable":true,"href":"https:\/\/mediterra.group\/pl\/wp-json\/wp\/v2\/comments?post=36135"}],"version-history":[{"count":0,"href":"https:\/\/mediterra.group\/pl\/wp-json\/wp\/v2\/posts\/36135\/revisions"}],"wp:featuredmedia":[{"embeddable":true,"href":"https:\/\/mediterra.group\/pl\/wp-json\/wp\/v2\/media\/36136"}],"wp:attachment":[{"href":"https:\/\/mediterra.group\/pl\/wp-json\/wp\/v2\/media?parent=36135"}],"wp:term":[{"taxonomy":"category","embeddable":true,"href":"https:\/\/mediterra.group\/pl\/wp-json\/wp\/v2\/categories?post=36135"},{"taxonomy":"post_tag","embeddable":true,"href":"https:\/\/mediterra.group\/pl\/wp-json\/wp\/v2\/tags?post=36135"}],"curies":[{"name":"wp","href":"https:\/\/api.w.org\/{rel}","templated":true}]}}