{"id":33260,"date":"2025-06-18T10:40:21","date_gmt":"2025-06-18T10:40:21","guid":{"rendered":"https:\/\/mediterra.group\/kktc-staerkt-sich-mit-investitionen-das-wander-und-fahrradwegprojekt-in-tatlisu-wird-zum-alternativen-tourismus-beitragen\/"},"modified":"2025-06-18T10:40:21","modified_gmt":"2025-06-18T10:40:21","slug":"kktc-staerkt-sich-mit-investitionen-das-wander-und-fahrradwegprojekt-in-tatlisu-wird-zum-alternativen-tourismus-beitragen","status":"publish","type":"post","link":"https:\/\/mediterra.group\/de\/kktc-staerkt-sich-mit-investitionen-das-wander-und-fahrradwegprojekt-in-tatlisu-wird-zum-alternativen-tourismus-beitragen\/","title":{"rendered":"KKTC st\u00e4rkt sich mit Investitionen: Das Wander- und Fahrradwegprojekt in Tatlisu wird zum alternativen Tourismus beitragen!"},"content":{"rendered":"<div class=\"row\">\n<div class=\"col-11 col-sm-9 col-lg-10\">\n<div class=\"boxes\">\n<div class=\"box-up\">\n<div class=\"event-box\">\n<p>Die Stadtverwaltung von Tatl\u0131su er\u00f6ffnete den Rad- und Wanderweg am Sonntag, den 11. Februar 2024, um 10:30 Uhr. Die T\u00fcrkische Republik Nordzypern werde sich durch Sport, Bildung, Industrie, fortschrittliche Technologie und alternativen Tourismus entwickeln, sagte Lefko\u015fa-Botschafter Metin Fevzio\u011flu. In seiner Rede bei der Er\u00f6ffnungsfeier sagte Pr\u00e4sident Ersin Tatar, dass das zypriotische T\u00fcrkisch in jedem Bereich des Kampfes um Freiheit und Existenz pr\u00e4sent ist.  <\/p>\n<p>In seiner Rede bei der Er\u00f6ffnungszeremonie sagte Pr\u00e4sident Ersin Tatar, dass das zypriotische T\u00fcrkisch in jedem Bereich des Kampfes um Freiheit und Existenz pr\u00e4sent ist.<\/p>\n<\/div>\n<div id='gallery-1' class='gallery galleryid-33260 gallery-columns-3 gallery-size-thumbnail'><figure class='gallery-item'>\n\t\t\t<div class='gallery-icon landscape'>\n\t\t\t\t<a href='https:\/\/mediterra.group\/de\/kktc-staerkt-sich-mit-investitionen-das-wander-und-fahrradwegprojekt-in-tatlisu-wird-zum-alternativen-tourismus-beitragen\/1-4-2\/'><img decoding=\"async\" width=\"150\" height=\"145\" src=\"https:\/\/mediterra.group\/wp-content\/uploads\/2025\/06\/1-2.webp\" class=\"attachment-thumbnail size-thumbnail\" alt=\"\" \/><\/a>\n\t\t\t<\/div><\/figure><figure class='gallery-item'>\n\t\t\t<div class='gallery-icon portrait'>\n\t\t\t\t<a href='https:\/\/mediterra.group\/de\/kktc-staerkt-sich-mit-investitionen-das-wander-und-fahrradwegprojekt-in-tatlisu-wird-zum-alternativen-tourismus-beitragen\/2-4-2\/'><img decoding=\"async\" width=\"81\" height=\"150\" src=\"https:\/\/mediterra.group\/wp-content\/uploads\/2025\/06\/2-2.webp\" class=\"attachment-thumbnail size-thumbnail\" alt=\"\" \/><\/a>\n\t\t\t<\/div><\/figure>\n\t\t<\/div>\n\n<\/div>\n<\/div>\n<\/div>\n<\/div>\n","protected":false},"excerpt":{"rendered":"<p>Die Stadtverwaltung von Tatl\u0131su er\u00f6ffnete den Rad- und Wanderweg am Sonntag, den 11. Februar 2024, um 10:30 Uhr. Die T\u00fcrkische Republik Nordzypern werde sich durch Sport, Bildung, Industrie, fortschrittliche Technologie und alternativen Tourismus entwickeln, sagte Lefko\u015fa-Botschafter Metin Fevzio\u011flu. In seiner Rede bei der Er\u00f6ffnungsfeier sagte Pr\u00e4sident Ersin Tatar, dass das zypriotische T\u00fcrkisch in jedem Bereich [&hellip;]<\/p>\n","protected":false},"author":1,"featured_media":24250,"comment_status":"open","ping_status":"open","sticky":false,"template":"","format":"standard","meta":{"_acf_changed":false,"footnotes":""},"categories":[243,206],"tags":[],"class_list":["post-33260","post","type-post","status-publish","format-standard","has-post-thumbnail","hentry","category-lebensstil","category-nicht-kategorisiert"],"acf":[],"yoast_head":"<!-- This site is optimized with the Yoast SEO plugin v27.5 - https:\/\/yoast.com\/product\/yoast-seo-wordpress\/ -->\n<title>KKTC st\u00e4rkt sich mit Investitionen: Das Wander- und Fahrradwegprojekt in Tatlisu wird zum alternativen Tourismus beitragen! - Mediterra Group<\/title>\n<meta name=\"robots\" content=\"index, follow, max-snippet:-1, max-image-preview:large, max-video-preview:-1\" \/>\n<link rel=\"canonical\" href=\"https:\/\/mediterra.group\/de\/kktc-staerkt-sich-mit-investitionen-das-wander-und-fahrradwegprojekt-in-tatlisu-wird-zum-alternativen-tourismus-beitragen\/\" \/>\n<meta property=\"og:locale\" content=\"de_DE\" \/>\n<meta property=\"og:type\" content=\"article\" \/>\n<meta property=\"og:title\" content=\"KKTC st\u00e4rkt sich mit Investitionen: Das Wander- und Fahrradwegprojekt in Tatlisu wird zum alternativen Tourismus beitragen! - Mediterra Group\" \/>\n<meta property=\"og:description\" content=\"Die Stadtverwaltung von Tatl\u0131su er\u00f6ffnete den Rad- und Wanderweg am Sonntag, den 11. Februar 2024, um 10:30 Uhr. Die T\u00fcrkische Republik Nordzypern werde sich durch Sport, Bildung, Industrie, fortschrittliche Technologie und alternativen Tourismus entwickeln, sagte Lefko\u015fa-Botschafter Metin Fevzio\u011flu. In seiner Rede bei der Er\u00f6ffnungsfeier sagte Pr\u00e4sident Ersin Tatar, dass das zypriotische T\u00fcrkisch in jedem Bereich [&hellip;]\" \/>\n<meta property=\"og:url\" content=\"https:\/\/mediterra.group\/de\/kktc-staerkt-sich-mit-investitionen-das-wander-und-fahrradwegprojekt-in-tatlisu-wird-zum-alternativen-tourismus-beitragen\/\" \/>\n<meta property=\"og:site_name\" content=\"Mediterra Group\" \/>\n<meta property=\"article:published_time\" content=\"2025-06-18T10:40:21+00:00\" \/>\n<meta property=\"og:image\" content=\"https:\/\/mediterra.group\/wp-content\/uploads\/2025\/06\/kktc-strengthens-with-investments17153511195368Tin50.webp\" \/>\n\t<meta property=\"og:image:width\" content=\"400\" \/>\n\t<meta property=\"og:image:height\" content=\"225\" \/>\n\t<meta property=\"og:image:type\" content=\"image\/webp\" \/>\n<meta name=\"author\" content=\"prfj\" \/>\n<meta name=\"twitter:card\" content=\"summary_large_image\" \/>\n<meta name=\"twitter:label1\" content=\"Verfasst von\" \/>\n\t<meta name=\"twitter:data1\" content=\"prfj\" \/>\n\t<meta name=\"twitter:label2\" content=\"Gesch\u00e4tzte Lesezeit\" \/>\n\t<meta name=\"twitter:data2\" content=\"1\u00a0Minute\" \/>\n<script type=\"application\/ld+json\" class=\"yoast-schema-graph\">{\"@context\":\"https:\\\/\\\/schema.org\",\"@graph\":[{\"@type\":\"Article\",\"@id\":\"https:\\\/\\\/mediterra.group\\\/de\\\/kktc-staerkt-sich-mit-investitionen-das-wander-und-fahrradwegprojekt-in-tatlisu-wird-zum-alternativen-tourismus-beitragen\\\/#article\",\"isPartOf\":{\"@id\":\"https:\\\/\\\/mediterra.group\\\/de\\\/kktc-staerkt-sich-mit-investitionen-das-wander-und-fahrradwegprojekt-in-tatlisu-wird-zum-alternativen-tourismus-beitragen\\\/\"},\"author\":{\"name\":\"prfj\",\"@id\":\"https:\\\/\\\/mediterra.group\\\/ar\\\/#\\\/schema\\\/person\\\/7db86f2bc7783cf0f27705320203bffb\"},\"headline\":\"KKTC st\u00e4rkt sich mit Investitionen: Das Wander- und Fahrradwegprojekt in Tatlisu wird zum alternativen Tourismus beitragen!\",\"datePublished\":\"2025-06-18T10:40:21+00:00\",\"mainEntityOfPage\":{\"@id\":\"https:\\\/\\\/mediterra.group\\\/de\\\/kktc-staerkt-sich-mit-investitionen-das-wander-und-fahrradwegprojekt-in-tatlisu-wird-zum-alternativen-tourismus-beitragen\\\/\"},\"wordCount\":117,\"commentCount\":0,\"image\":{\"@id\":\"https:\\\/\\\/mediterra.group\\\/de\\\/kktc-staerkt-sich-mit-investitionen-das-wander-und-fahrradwegprojekt-in-tatlisu-wird-zum-alternativen-tourismus-beitragen\\\/#primaryimage\"},\"thumbnailUrl\":\"https:\\\/\\\/mediterra.group\\\/wp-content\\\/uploads\\\/2025\\\/06\\\/kktc-strengthens-with-investments17153511195368Tin50.webp\",\"articleSection\":[\"Lebensstil\",\"Nicht kategorisiert\"],\"inLanguage\":\"de\",\"potentialAction\":[{\"@type\":\"CommentAction\",\"name\":\"Comment\",\"target\":[\"https:\\\/\\\/mediterra.group\\\/de\\\/kktc-staerkt-sich-mit-investitionen-das-wander-und-fahrradwegprojekt-in-tatlisu-wird-zum-alternativen-tourismus-beitragen\\\/#respond\"]}]},{\"@type\":\"WebPage\",\"@id\":\"https:\\\/\\\/mediterra.group\\\/de\\\/kktc-staerkt-sich-mit-investitionen-das-wander-und-fahrradwegprojekt-in-tatlisu-wird-zum-alternativen-tourismus-beitragen\\\/\",\"url\":\"https:\\\/\\\/mediterra.group\\\/de\\\/kktc-staerkt-sich-mit-investitionen-das-wander-und-fahrradwegprojekt-in-tatlisu-wird-zum-alternativen-tourismus-beitragen\\\/\",\"name\":\"KKTC st\u00e4rkt sich mit Investitionen: Das Wander- und Fahrradwegprojekt in Tatlisu wird zum alternativen Tourismus beitragen! - Mediterra Group\",\"isPartOf\":{\"@id\":\"https:\\\/\\\/mediterra.group\\\/ar\\\/#website\"},\"primaryImageOfPage\":{\"@id\":\"https:\\\/\\\/mediterra.group\\\/de\\\/kktc-staerkt-sich-mit-investitionen-das-wander-und-fahrradwegprojekt-in-tatlisu-wird-zum-alternativen-tourismus-beitragen\\\/#primaryimage\"},\"image\":{\"@id\":\"https:\\\/\\\/mediterra.group\\\/de\\\/kktc-staerkt-sich-mit-investitionen-das-wander-und-fahrradwegprojekt-in-tatlisu-wird-zum-alternativen-tourismus-beitragen\\\/#primaryimage\"},\"thumbnailUrl\":\"https:\\\/\\\/mediterra.group\\\/wp-content\\\/uploads\\\/2025\\\/06\\\/kktc-strengthens-with-investments17153511195368Tin50.webp\",\"datePublished\":\"2025-06-18T10:40:21+00:00\",\"author\":{\"@id\":\"https:\\\/\\\/mediterra.group\\\/ar\\\/#\\\/schema\\\/person\\\/7db86f2bc7783cf0f27705320203bffb\"},\"breadcrumb\":{\"@id\":\"https:\\\/\\\/mediterra.group\\\/de\\\/kktc-staerkt-sich-mit-investitionen-das-wander-und-fahrradwegprojekt-in-tatlisu-wird-zum-alternativen-tourismus-beitragen\\\/#breadcrumb\"},\"inLanguage\":\"de\",\"potentialAction\":[{\"@type\":\"ReadAction\",\"target\":[\"https:\\\/\\\/mediterra.group\\\/de\\\/kktc-staerkt-sich-mit-investitionen-das-wander-und-fahrradwegprojekt-in-tatlisu-wird-zum-alternativen-tourismus-beitragen\\\/\"]}]},{\"@type\":\"ImageObject\",\"inLanguage\":\"de\",\"@id\":\"https:\\\/\\\/mediterra.group\\\/de\\\/kktc-staerkt-sich-mit-investitionen-das-wander-und-fahrradwegprojekt-in-tatlisu-wird-zum-alternativen-tourismus-beitragen\\\/#primaryimage\",\"url\":\"https:\\\/\\\/mediterra.group\\\/wp-content\\\/uploads\\\/2025\\\/06\\\/kktc-strengthens-with-investments17153511195368Tin50.webp\",\"contentUrl\":\"https:\\\/\\\/mediterra.group\\\/wp-content\\\/uploads\\\/2025\\\/06\\\/kktc-strengthens-with-investments17153511195368Tin50.webp\",\"width\":400,\"height\":225},{\"@type\":\"BreadcrumbList\",\"@id\":\"https:\\\/\\\/mediterra.group\\\/de\\\/kktc-staerkt-sich-mit-investitionen-das-wander-und-fahrradwegprojekt-in-tatlisu-wird-zum-alternativen-tourismus-beitragen\\\/#breadcrumb\",\"itemListElement\":[{\"@type\":\"ListItem\",\"position\":1,\"name\":\"Home\",\"item\":\"https:\\\/\\\/mediterra.group\\\/de\\\/\"},{\"@type\":\"ListItem\",\"position\":2,\"name\":\"KKTC st\u00e4rkt sich mit Investitionen: Das Wander- und Fahrradwegprojekt in Tatlisu wird zum alternativen Tourismus beitragen!\"}]},{\"@type\":\"WebSite\",\"@id\":\"https:\\\/\\\/mediterra.group\\\/ar\\\/#website\",\"url\":\"https:\\\/\\\/mediterra.group\\\/ar\\\/\",\"name\":\"Mediterra Group\",\"description\":\"\",\"potentialAction\":[{\"@type\":\"SearchAction\",\"target\":{\"@type\":\"EntryPoint\",\"urlTemplate\":\"https:\\\/\\\/mediterra.group\\\/ar\\\/?s={search_term_string}\"},\"query-input\":{\"@type\":\"PropertyValueSpecification\",\"valueRequired\":true,\"valueName\":\"search_term_string\"}}],\"inLanguage\":\"de\"},{\"@type\":\"Person\",\"@id\":\"https:\\\/\\\/mediterra.group\\\/ar\\\/#\\\/schema\\\/person\\\/7db86f2bc7783cf0f27705320203bffb\",\"name\":\"prfj\",\"image\":{\"@type\":\"ImageObject\",\"inLanguage\":\"de\",\"@id\":\"https:\\\/\\\/secure.gravatar.com\\\/avatar\\\/efc76156b22a6391dfe826fa01e611bcd5dacefe7489936136b7f4d5eb1c0fb4?s=96&d=mm&r=g\",\"url\":\"https:\\\/\\\/secure.gravatar.com\\\/avatar\\\/efc76156b22a6391dfe826fa01e611bcd5dacefe7489936136b7f4d5eb1c0fb4?s=96&d=mm&r=g\",\"contentUrl\":\"https:\\\/\\\/secure.gravatar.com\\\/avatar\\\/efc76156b22a6391dfe826fa01e611bcd5dacefe7489936136b7f4d5eb1c0fb4?s=96&d=mm&r=g\",\"caption\":\"prfj\"},\"sameAs\":[\"https:\\\/\\\/mediterra.group\"],\"url\":\"https:\\\/\\\/mediterra.group\\\/de\\\/author\\\/prfj\\\/\"}]}<\/script>\n<!-- \/ Yoast SEO plugin. -->","yoast_head_json":{"title":"KKTC st\u00e4rkt sich mit Investitionen: Das Wander- und Fahrradwegprojekt in Tatlisu wird zum alternativen Tourismus beitragen! - Mediterra Group","robots":{"index":"index","follow":"follow","max-snippet":"max-snippet:-1","max-image-preview":"max-image-preview:large","max-video-preview":"max-video-preview:-1"},"canonical":"https:\/\/mediterra.group\/de\/kktc-staerkt-sich-mit-investitionen-das-wander-und-fahrradwegprojekt-in-tatlisu-wird-zum-alternativen-tourismus-beitragen\/","og_locale":"de_DE","og_type":"article","og_title":"KKTC st\u00e4rkt sich mit Investitionen: Das Wander- und Fahrradwegprojekt in Tatlisu wird zum alternativen Tourismus beitragen! - Mediterra Group","og_description":"Die Stadtverwaltung von Tatl\u0131su er\u00f6ffnete den Rad- und Wanderweg am Sonntag, den 11. Februar 2024, um 10:30 Uhr. Die T\u00fcrkische Republik Nordzypern werde sich durch Sport, Bildung, Industrie, fortschrittliche Technologie und alternativen Tourismus entwickeln, sagte Lefko\u015fa-Botschafter Metin Fevzio\u011flu. In seiner Rede bei der Er\u00f6ffnungsfeier sagte Pr\u00e4sident Ersin Tatar, dass das zypriotische T\u00fcrkisch in jedem Bereich [&hellip;]","og_url":"https:\/\/mediterra.group\/de\/kktc-staerkt-sich-mit-investitionen-das-wander-und-fahrradwegprojekt-in-tatlisu-wird-zum-alternativen-tourismus-beitragen\/","og_site_name":"Mediterra Group","article_published_time":"2025-06-18T10:40:21+00:00","og_image":[{"width":400,"height":225,"url":"https:\/\/mediterra.group\/wp-content\/uploads\/2025\/06\/kktc-strengthens-with-investments17153511195368Tin50.webp","type":"image\/webp"}],"author":"prfj","twitter_card":"summary_large_image","twitter_misc":{"Verfasst von":"prfj","Gesch\u00e4tzte Lesezeit":"1\u00a0Minute"},"schema":{"@context":"https:\/\/schema.org","@graph":[{"@type":"Article","@id":"https:\/\/mediterra.group\/de\/kktc-staerkt-sich-mit-investitionen-das-wander-und-fahrradwegprojekt-in-tatlisu-wird-zum-alternativen-tourismus-beitragen\/#article","isPartOf":{"@id":"https:\/\/mediterra.group\/de\/kktc-staerkt-sich-mit-investitionen-das-wander-und-fahrradwegprojekt-in-tatlisu-wird-zum-alternativen-tourismus-beitragen\/"},"author":{"name":"prfj","@id":"https:\/\/mediterra.group\/ar\/#\/schema\/person\/7db86f2bc7783cf0f27705320203bffb"},"headline":"KKTC st\u00e4rkt sich mit Investitionen: Das Wander- und Fahrradwegprojekt in Tatlisu wird zum alternativen Tourismus beitragen!","datePublished":"2025-06-18T10:40:21+00:00","mainEntityOfPage":{"@id":"https:\/\/mediterra.group\/de\/kktc-staerkt-sich-mit-investitionen-das-wander-und-fahrradwegprojekt-in-tatlisu-wird-zum-alternativen-tourismus-beitragen\/"},"wordCount":117,"commentCount":0,"image":{"@id":"https:\/\/mediterra.group\/de\/kktc-staerkt-sich-mit-investitionen-das-wander-und-fahrradwegprojekt-in-tatlisu-wird-zum-alternativen-tourismus-beitragen\/#primaryimage"},"thumbnailUrl":"https:\/\/mediterra.group\/wp-content\/uploads\/2025\/06\/kktc-strengthens-with-investments17153511195368Tin50.webp","articleSection":["Lebensstil","Nicht kategorisiert"],"inLanguage":"de","potentialAction":[{"@type":"CommentAction","name":"Comment","target":["https:\/\/mediterra.group\/de\/kktc-staerkt-sich-mit-investitionen-das-wander-und-fahrradwegprojekt-in-tatlisu-wird-zum-alternativen-tourismus-beitragen\/#respond"]}]},{"@type":"WebPage","@id":"https:\/\/mediterra.group\/de\/kktc-staerkt-sich-mit-investitionen-das-wander-und-fahrradwegprojekt-in-tatlisu-wird-zum-alternativen-tourismus-beitragen\/","url":"https:\/\/mediterra.group\/de\/kktc-staerkt-sich-mit-investitionen-das-wander-und-fahrradwegprojekt-in-tatlisu-wird-zum-alternativen-tourismus-beitragen\/","name":"KKTC st\u00e4rkt sich mit Investitionen: Das Wander- und Fahrradwegprojekt in Tatlisu wird zum alternativen Tourismus beitragen! - Mediterra Group","isPartOf":{"@id":"https:\/\/mediterra.group\/ar\/#website"},"primaryImageOfPage":{"@id":"https:\/\/mediterra.group\/de\/kktc-staerkt-sich-mit-investitionen-das-wander-und-fahrradwegprojekt-in-tatlisu-wird-zum-alternativen-tourismus-beitragen\/#primaryimage"},"image":{"@id":"https:\/\/mediterra.group\/de\/kktc-staerkt-sich-mit-investitionen-das-wander-und-fahrradwegprojekt-in-tatlisu-wird-zum-alternativen-tourismus-beitragen\/#primaryimage"},"thumbnailUrl":"https:\/\/mediterra.group\/wp-content\/uploads\/2025\/06\/kktc-strengthens-with-investments17153511195368Tin50.webp","datePublished":"2025-06-18T10:40:21+00:00","author":{"@id":"https:\/\/mediterra.group\/ar\/#\/schema\/person\/7db86f2bc7783cf0f27705320203bffb"},"breadcrumb":{"@id":"https:\/\/mediterra.group\/de\/kktc-staerkt-sich-mit-investitionen-das-wander-und-fahrradwegprojekt-in-tatlisu-wird-zum-alternativen-tourismus-beitragen\/#breadcrumb"},"inLanguage":"de","potentialAction":[{"@type":"ReadAction","target":["https:\/\/mediterra.group\/de\/kktc-staerkt-sich-mit-investitionen-das-wander-und-fahrradwegprojekt-in-tatlisu-wird-zum-alternativen-tourismus-beitragen\/"]}]},{"@type":"ImageObject","inLanguage":"de","@id":"https:\/\/mediterra.group\/de\/kktc-staerkt-sich-mit-investitionen-das-wander-und-fahrradwegprojekt-in-tatlisu-wird-zum-alternativen-tourismus-beitragen\/#primaryimage","url":"https:\/\/mediterra.group\/wp-content\/uploads\/2025\/06\/kktc-strengthens-with-investments17153511195368Tin50.webp","contentUrl":"https:\/\/mediterra.group\/wp-content\/uploads\/2025\/06\/kktc-strengthens-with-investments17153511195368Tin50.webp","width":400,"height":225},{"@type":"BreadcrumbList","@id":"https:\/\/mediterra.group\/de\/kktc-staerkt-sich-mit-investitionen-das-wander-und-fahrradwegprojekt-in-tatlisu-wird-zum-alternativen-tourismus-beitragen\/#breadcrumb","itemListElement":[{"@type":"ListItem","position":1,"name":"Home","item":"https:\/\/mediterra.group\/de\/"},{"@type":"ListItem","position":2,"name":"KKTC st\u00e4rkt sich mit Investitionen: Das Wander- und Fahrradwegprojekt in Tatlisu wird zum alternativen Tourismus beitragen!"}]},{"@type":"WebSite","@id":"https:\/\/mediterra.group\/ar\/#website","url":"https:\/\/mediterra.group\/ar\/","name":"Mediterra Group","description":"","potentialAction":[{"@type":"SearchAction","target":{"@type":"EntryPoint","urlTemplate":"https:\/\/mediterra.group\/ar\/?s={search_term_string}"},"query-input":{"@type":"PropertyValueSpecification","valueRequired":true,"valueName":"search_term_string"}}],"inLanguage":"de"},{"@type":"Person","@id":"https:\/\/mediterra.group\/ar\/#\/schema\/person\/7db86f2bc7783cf0f27705320203bffb","name":"prfj","image":{"@type":"ImageObject","inLanguage":"de","@id":"https:\/\/secure.gravatar.com\/avatar\/efc76156b22a6391dfe826fa01e611bcd5dacefe7489936136b7f4d5eb1c0fb4?s=96&d=mm&r=g","url":"https:\/\/secure.gravatar.com\/avatar\/efc76156b22a6391dfe826fa01e611bcd5dacefe7489936136b7f4d5eb1c0fb4?s=96&d=mm&r=g","contentUrl":"https:\/\/secure.gravatar.com\/avatar\/efc76156b22a6391dfe826fa01e611bcd5dacefe7489936136b7f4d5eb1c0fb4?s=96&d=mm&r=g","caption":"prfj"},"sameAs":["https:\/\/mediterra.group"],"url":"https:\/\/mediterra.group\/de\/author\/prfj\/"}]}},"_links":{"self":[{"href":"https:\/\/mediterra.group\/de\/wp-json\/wp\/v2\/posts\/33260","targetHints":{"allow":["GET"]}}],"collection":[{"href":"https:\/\/mediterra.group\/de\/wp-json\/wp\/v2\/posts"}],"about":[{"href":"https:\/\/mediterra.group\/de\/wp-json\/wp\/v2\/types\/post"}],"author":[{"embeddable":true,"href":"https:\/\/mediterra.group\/de\/wp-json\/wp\/v2\/users\/1"}],"replies":[{"embeddable":true,"href":"https:\/\/mediterra.group\/de\/wp-json\/wp\/v2\/comments?post=33260"}],"version-history":[{"count":0,"href":"https:\/\/mediterra.group\/de\/wp-json\/wp\/v2\/posts\/33260\/revisions"}],"wp:featuredmedia":[{"embeddable":true,"href":"https:\/\/mediterra.group\/de\/wp-json\/wp\/v2\/media\/24250"}],"wp:attachment":[{"href":"https:\/\/mediterra.group\/de\/wp-json\/wp\/v2\/media?parent=33260"}],"wp:term":[{"taxonomy":"category","embeddable":true,"href":"https:\/\/mediterra.group\/de\/wp-json\/wp\/v2\/categories?post=33260"},{"taxonomy":"post_tag","embeddable":true,"href":"https:\/\/mediterra.group\/de\/wp-json\/wp\/v2\/tags?post=33260"}],"curies":[{"name":"wp","href":"https:\/\/api.w.org\/{rel}","templated":true}]}}