{"id":33232,"date":"2025-06-18T10:46:00","date_gmt":"2025-06-18T10:46:00","guid":{"rendered":"https:\/\/mediterra.group\/united-property-expo-almaty-in-kasachstan\/"},"modified":"2025-06-18T10:46:00","modified_gmt":"2025-06-18T10:46:00","slug":"united-property-expo-almaty-in-kasachstan","status":"publish","type":"post","link":"https:\/\/mediterra.group\/de\/united-property-expo-almaty-in-kasachstan\/","title":{"rendered":"United Property Expo &#8211; Almaty in Kasachstan"},"content":{"rendered":"<p>19-20 September, 2023<br \/>\nAlmaty United Property Expo<\/p>\n<p>Als Mediterra Project Management haben wir unser Unternehmen und unsere Projekte gerne auf der United Property Expo vorgestellt. Wir haben in Almaty die T\u00fcren zur privilegierten Welt Nordzyperns ge\u00f6ffnet. Das Interesse an Nordzypern war sehr erfreulich. Wir hatten auch produktive Treffen mit neuen K\u00e4ufern und Agenturen. Wir haben auf dem Seminar auch unser Unternehmensprofil und herausragende Projekte vorgestellt. Wir glauben, dass wir auf Grund des Interesses der Teilnehmer eine langfristige Zusammenarbeit mit Kasachstan eingehen werden.     <\/p>\n<div id='gallery-1' class='gallery galleryid-33232 gallery-columns-4 gallery-size-thumbnail'><figure class='gallery-item'>\n\t\t\t<div class='gallery-icon portrait'>\n\t\t\t\t<a href='https:\/\/mediterra.group\/wp-content\/uploads\/2025\/06\/4-UNITED-PROPERTY-EXPO-ALMATY-IN-KAZAKHISTAN_result.webp'><img decoding=\"async\" width=\"87\" height=\"150\" src=\"https:\/\/mediterra.group\/wp-content\/uploads\/2025\/06\/4-UNITED-PROPERTY-EXPO-ALMATY-IN-KAZAKHISTAN_result.webp\" class=\"attachment-thumbnail size-thumbnail\" alt=\"\" srcset=\"https:\/\/mediterra.group\/wp-content\/uploads\/2025\/06\/4-UNITED-PROPERTY-EXPO-ALMATY-IN-KAZAKHISTAN_result.webp 916w, https:\/\/mediterra.group\/wp-content\/uploads\/2025\/06\/4-UNITED-PROPERTY-EXPO-ALMATY-IN-KAZAKHISTAN_result-893x1536.webp 893w\" sizes=\"(max-width: 87px) 100vw, 87px\" \/><\/a>\n\t\t\t<\/div><\/figure><figure class='gallery-item'>\n\t\t\t<div class='gallery-icon portrait'>\n\t\t\t\t<a href='https:\/\/mediterra.group\/wp-content\/uploads\/2025\/06\/3-v_result.webp'><img decoding=\"async\" width=\"86\" height=\"150\" src=\"https:\/\/mediterra.group\/wp-content\/uploads\/2025\/06\/3-v_result.webp\" class=\"attachment-thumbnail size-thumbnail\" alt=\"\" srcset=\"https:\/\/mediterra.group\/wp-content\/uploads\/2025\/06\/3-v_result.webp 910w, https:\/\/mediterra.group\/wp-content\/uploads\/2025\/06\/3-v_result-879x1536.webp 879w\" sizes=\"(max-width: 86px) 100vw, 86px\" \/><\/a>\n\t\t\t<\/div><\/figure><figure class='gallery-item'>\n\t\t\t<div class='gallery-icon portrait'>\n\t\t\t\t<a href='https:\/\/mediterra.group\/wp-content\/uploads\/2025\/06\/2-UNITED-PROPERTY-EXPO-ALMATY-IN-KAZAKHISTAN_result.webp'><img decoding=\"async\" width=\"89\" height=\"150\" src=\"https:\/\/mediterra.group\/wp-content\/uploads\/2025\/06\/2-UNITED-PROPERTY-EXPO-ALMATY-IN-KAZAKHISTAN_result.webp\" class=\"attachment-thumbnail size-thumbnail\" alt=\"\" \/><\/a>\n\t\t\t<\/div><\/figure><figure class='gallery-item'>\n\t\t\t<div class='gallery-icon portrait'>\n\t\t\t\t<a href='https:\/\/mediterra.group\/wp-content\/uploads\/2025\/06\/1-UNITED-PROPERTY-EXPO-ALMATY-IN-KAZAKHISTAN_result.webp'><img loading=\"lazy\" decoding=\"async\" width=\"86\" height=\"150\" src=\"https:\/\/mediterra.group\/wp-content\/uploads\/2025\/06\/1-UNITED-PROPERTY-EXPO-ALMATY-IN-KAZAKHISTAN_result.webp\" class=\"attachment-thumbnail size-thumbnail\" alt=\"\" srcset=\"https:\/\/mediterra.group\/wp-content\/uploads\/2025\/06\/1-UNITED-PROPERTY-EXPO-ALMATY-IN-KAZAKHISTAN_result.webp 910w, https:\/\/mediterra.group\/wp-content\/uploads\/2025\/06\/1-UNITED-PROPERTY-EXPO-ALMATY-IN-KAZAKHISTAN_result-884x1536.webp 884w\" sizes=\"(max-width: 86px) 100vw, 86px\" \/><\/a>\n\t\t\t<\/div><\/figure>\n\t\t<\/div>\n\n<p>&nbsp;<\/p>\n","protected":false},"excerpt":{"rendered":"<p>19-20 September, 2023 Almaty United Property Expo Als Mediterra Project Management haben wir unser Unternehmen und unsere Projekte gerne auf der United Property Expo vorgestellt. Wir haben in Almaty die T\u00fcren zur privilegierten Welt Nordzyperns ge\u00f6ffnet. Das Interesse an Nordzypern war sehr erfreulich. Wir hatten auch produktive Treffen mit neuen K\u00e4ufern und Agenturen. Wir haben [&hellip;]<\/p>\n","protected":false},"author":1,"featured_media":24425,"comment_status":"open","ping_status":"open","sticky":false,"template":"","format":"standard","meta":{"_acf_changed":false,"footnotes":""},"categories":[255],"tags":[],"class_list":["post-33232","post","type-post","status-publish","format-standard","has-post-thumbnail","hentry","category-veranstaltungen"],"acf":[],"yoast_head":"<!-- This site is optimized with the Yoast SEO plugin v27.5 - https:\/\/yoast.com\/product\/yoast-seo-wordpress\/ -->\n<title>United Property Expo - Almaty in Kasachstan - Mediterra Group<\/title>\n<meta name=\"robots\" content=\"index, follow, max-snippet:-1, max-image-preview:large, max-video-preview:-1\" \/>\n<link rel=\"canonical\" href=\"https:\/\/mediterra.group\/united-property-expo-almaty-in-kazakhstan\/\" \/>\n<meta property=\"og:locale\" content=\"de_DE\" \/>\n<meta property=\"og:type\" content=\"article\" \/>\n<meta property=\"og:title\" content=\"United Property Expo - Almaty in Kasachstan - Mediterra Group\" \/>\n<meta property=\"og:description\" content=\"19-20 September, 2023 Almaty United Property Expo Als Mediterra Project Management haben wir unser Unternehmen und unsere Projekte gerne auf der United Property Expo vorgestellt. Wir haben in Almaty die T\u00fcren zur privilegierten Welt Nordzyperns ge\u00f6ffnet. Das Interesse an Nordzypern war sehr erfreulich. Wir hatten auch produktive Treffen mit neuen K\u00e4ufern und Agenturen. Wir haben [&hellip;]\" \/>\n<meta property=\"og:url\" content=\"https:\/\/mediterra.group\/united-property-expo-almaty-in-kazakhstan\/\" \/>\n<meta property=\"og:site_name\" content=\"Mediterra Group\" \/>\n<meta property=\"article:published_time\" content=\"2025-06-18T10:46:00+00:00\" \/>\n<meta property=\"og:image\" content=\"https:\/\/mediterra.group\/wp-content\/uploads\/2025\/06\/kapak-united-property-expo-almaty-in-kazakhistan-result16975361783312DlT7d.webp\" \/>\n\t<meta property=\"og:image:width\" content=\"440\" \/>\n\t<meta property=\"og:image:height\" content=\"225\" \/>\n\t<meta property=\"og:image:type\" content=\"image\/webp\" \/>\n<meta name=\"author\" content=\"prfj\" \/>\n<meta name=\"twitter:card\" content=\"summary_large_image\" \/>\n<meta name=\"twitter:label1\" content=\"Verfasst von\" \/>\n\t<meta name=\"twitter:data1\" content=\"prfj\" \/>\n<script type=\"application\/ld+json\" class=\"yoast-schema-graph\">{\"@context\":\"https:\\\/\\\/schema.org\",\"@graph\":[{\"@type\":\"Article\",\"@id\":\"https:\\\/\\\/mediterra.group\\\/united-property-expo-almaty-in-kazakhstan\\\/#article\",\"isPartOf\":{\"@id\":\"https:\\\/\\\/mediterra.group\\\/united-property-expo-almaty-in-kazakhstan\\\/\"},\"author\":{\"name\":\"prfj\",\"@id\":\"https:\\\/\\\/mediterra.group\\\/ar\\\/#\\\/schema\\\/person\\\/7db86f2bc7783cf0f27705320203bffb\"},\"headline\":\"United Property Expo &#8211; Almaty in Kasachstan\",\"datePublished\":\"2025-06-18T10:46:00+00:00\",\"mainEntityOfPage\":{\"@id\":\"https:\\\/\\\/mediterra.group\\\/united-property-expo-almaty-in-kazakhstan\\\/\"},\"wordCount\":97,\"commentCount\":0,\"image\":{\"@id\":\"https:\\\/\\\/mediterra.group\\\/united-property-expo-almaty-in-kazakhstan\\\/#primaryimage\"},\"thumbnailUrl\":\"https:\\\/\\\/mediterra.group\\\/wp-content\\\/uploads\\\/2025\\\/06\\\/kapak-united-property-expo-almaty-in-kazakhistan-result16975361783312DlT7d.webp\",\"articleSection\":[\"VERANSTALTUNGEN\"],\"inLanguage\":\"de\",\"potentialAction\":[{\"@type\":\"CommentAction\",\"name\":\"Comment\",\"target\":[\"https:\\\/\\\/mediterra.group\\\/united-property-expo-almaty-in-kazakhstan\\\/#respond\"]}]},{\"@type\":\"WebPage\",\"@id\":\"https:\\\/\\\/mediterra.group\\\/united-property-expo-almaty-in-kazakhstan\\\/\",\"url\":\"https:\\\/\\\/mediterra.group\\\/united-property-expo-almaty-in-kazakhstan\\\/\",\"name\":\"United Property Expo - Almaty in Kasachstan - Mediterra Group\",\"isPartOf\":{\"@id\":\"https:\\\/\\\/mediterra.group\\\/ar\\\/#website\"},\"primaryImageOfPage\":{\"@id\":\"https:\\\/\\\/mediterra.group\\\/united-property-expo-almaty-in-kazakhstan\\\/#primaryimage\"},\"image\":{\"@id\":\"https:\\\/\\\/mediterra.group\\\/united-property-expo-almaty-in-kazakhstan\\\/#primaryimage\"},\"thumbnailUrl\":\"https:\\\/\\\/mediterra.group\\\/wp-content\\\/uploads\\\/2025\\\/06\\\/kapak-united-property-expo-almaty-in-kazakhistan-result16975361783312DlT7d.webp\",\"datePublished\":\"2025-06-18T10:46:00+00:00\",\"author\":{\"@id\":\"https:\\\/\\\/mediterra.group\\\/ar\\\/#\\\/schema\\\/person\\\/7db86f2bc7783cf0f27705320203bffb\"},\"breadcrumb\":{\"@id\":\"https:\\\/\\\/mediterra.group\\\/united-property-expo-almaty-in-kazakhstan\\\/#breadcrumb\"},\"inLanguage\":\"de\",\"potentialAction\":[{\"@type\":\"ReadAction\",\"target\":[\"https:\\\/\\\/mediterra.group\\\/united-property-expo-almaty-in-kazakhstan\\\/\"]}]},{\"@type\":\"ImageObject\",\"inLanguage\":\"de\",\"@id\":\"https:\\\/\\\/mediterra.group\\\/united-property-expo-almaty-in-kazakhstan\\\/#primaryimage\",\"url\":\"https:\\\/\\\/mediterra.group\\\/wp-content\\\/uploads\\\/2025\\\/06\\\/kapak-united-property-expo-almaty-in-kazakhistan-result16975361783312DlT7d.webp\",\"contentUrl\":\"https:\\\/\\\/mediterra.group\\\/wp-content\\\/uploads\\\/2025\\\/06\\\/kapak-united-property-expo-almaty-in-kazakhistan-result16975361783312DlT7d.webp\",\"width\":440,\"height\":225},{\"@type\":\"BreadcrumbList\",\"@id\":\"https:\\\/\\\/mediterra.group\\\/united-property-expo-almaty-in-kazakhstan\\\/#breadcrumb\",\"itemListElement\":[{\"@type\":\"ListItem\",\"position\":1,\"name\":\"Home\",\"item\":\"https:\\\/\\\/mediterra.group\\\/de\\\/\"},{\"@type\":\"ListItem\",\"position\":2,\"name\":\"United Property Expo &#8211; Almaty in Kasachstan\"}]},{\"@type\":\"WebSite\",\"@id\":\"https:\\\/\\\/mediterra.group\\\/ar\\\/#website\",\"url\":\"https:\\\/\\\/mediterra.group\\\/ar\\\/\",\"name\":\"Mediterra Group\",\"description\":\"\",\"potentialAction\":[{\"@type\":\"SearchAction\",\"target\":{\"@type\":\"EntryPoint\",\"urlTemplate\":\"https:\\\/\\\/mediterra.group\\\/ar\\\/?s={search_term_string}\"},\"query-input\":{\"@type\":\"PropertyValueSpecification\",\"valueRequired\":true,\"valueName\":\"search_term_string\"}}],\"inLanguage\":\"de\"},{\"@type\":\"Person\",\"@id\":\"https:\\\/\\\/mediterra.group\\\/ar\\\/#\\\/schema\\\/person\\\/7db86f2bc7783cf0f27705320203bffb\",\"name\":\"prfj\",\"image\":{\"@type\":\"ImageObject\",\"inLanguage\":\"de\",\"@id\":\"https:\\\/\\\/secure.gravatar.com\\\/avatar\\\/efc76156b22a6391dfe826fa01e611bcd5dacefe7489936136b7f4d5eb1c0fb4?s=96&d=mm&r=g\",\"url\":\"https:\\\/\\\/secure.gravatar.com\\\/avatar\\\/efc76156b22a6391dfe826fa01e611bcd5dacefe7489936136b7f4d5eb1c0fb4?s=96&d=mm&r=g\",\"contentUrl\":\"https:\\\/\\\/secure.gravatar.com\\\/avatar\\\/efc76156b22a6391dfe826fa01e611bcd5dacefe7489936136b7f4d5eb1c0fb4?s=96&d=mm&r=g\",\"caption\":\"prfj\"},\"sameAs\":[\"https:\\\/\\\/mediterra.group\"],\"url\":\"https:\\\/\\\/mediterra.group\\\/de\\\/author\\\/prfj\\\/\"}]}<\/script>\n<!-- \/ Yoast SEO plugin. -->","yoast_head_json":{"title":"United Property Expo - Almaty in Kasachstan - Mediterra Group","robots":{"index":"index","follow":"follow","max-snippet":"max-snippet:-1","max-image-preview":"max-image-preview:large","max-video-preview":"max-video-preview:-1"},"canonical":"https:\/\/mediterra.group\/united-property-expo-almaty-in-kazakhstan\/","og_locale":"de_DE","og_type":"article","og_title":"United Property Expo - Almaty in Kasachstan - Mediterra Group","og_description":"19-20 September, 2023 Almaty United Property Expo Als Mediterra Project Management haben wir unser Unternehmen und unsere Projekte gerne auf der United Property Expo vorgestellt. Wir haben in Almaty die T\u00fcren zur privilegierten Welt Nordzyperns ge\u00f6ffnet. Das Interesse an Nordzypern war sehr erfreulich. Wir hatten auch produktive Treffen mit neuen K\u00e4ufern und Agenturen. Wir haben [&hellip;]","og_url":"https:\/\/mediterra.group\/united-property-expo-almaty-in-kazakhstan\/","og_site_name":"Mediterra Group","article_published_time":"2025-06-18T10:46:00+00:00","og_image":[{"width":440,"height":225,"url":"https:\/\/mediterra.group\/wp-content\/uploads\/2025\/06\/kapak-united-property-expo-almaty-in-kazakhistan-result16975361783312DlT7d.webp","type":"image\/webp"}],"author":"prfj","twitter_card":"summary_large_image","twitter_misc":{"Verfasst von":"prfj"},"schema":{"@context":"https:\/\/schema.org","@graph":[{"@type":"Article","@id":"https:\/\/mediterra.group\/united-property-expo-almaty-in-kazakhstan\/#article","isPartOf":{"@id":"https:\/\/mediterra.group\/united-property-expo-almaty-in-kazakhstan\/"},"author":{"name":"prfj","@id":"https:\/\/mediterra.group\/ar\/#\/schema\/person\/7db86f2bc7783cf0f27705320203bffb"},"headline":"United Property Expo &#8211; Almaty in Kasachstan","datePublished":"2025-06-18T10:46:00+00:00","mainEntityOfPage":{"@id":"https:\/\/mediterra.group\/united-property-expo-almaty-in-kazakhstan\/"},"wordCount":97,"commentCount":0,"image":{"@id":"https:\/\/mediterra.group\/united-property-expo-almaty-in-kazakhstan\/#primaryimage"},"thumbnailUrl":"https:\/\/mediterra.group\/wp-content\/uploads\/2025\/06\/kapak-united-property-expo-almaty-in-kazakhistan-result16975361783312DlT7d.webp","articleSection":["VERANSTALTUNGEN"],"inLanguage":"de","potentialAction":[{"@type":"CommentAction","name":"Comment","target":["https:\/\/mediterra.group\/united-property-expo-almaty-in-kazakhstan\/#respond"]}]},{"@type":"WebPage","@id":"https:\/\/mediterra.group\/united-property-expo-almaty-in-kazakhstan\/","url":"https:\/\/mediterra.group\/united-property-expo-almaty-in-kazakhstan\/","name":"United Property Expo - Almaty in Kasachstan - Mediterra Group","isPartOf":{"@id":"https:\/\/mediterra.group\/ar\/#website"},"primaryImageOfPage":{"@id":"https:\/\/mediterra.group\/united-property-expo-almaty-in-kazakhstan\/#primaryimage"},"image":{"@id":"https:\/\/mediterra.group\/united-property-expo-almaty-in-kazakhstan\/#primaryimage"},"thumbnailUrl":"https:\/\/mediterra.group\/wp-content\/uploads\/2025\/06\/kapak-united-property-expo-almaty-in-kazakhistan-result16975361783312DlT7d.webp","datePublished":"2025-06-18T10:46:00+00:00","author":{"@id":"https:\/\/mediterra.group\/ar\/#\/schema\/person\/7db86f2bc7783cf0f27705320203bffb"},"breadcrumb":{"@id":"https:\/\/mediterra.group\/united-property-expo-almaty-in-kazakhstan\/#breadcrumb"},"inLanguage":"de","potentialAction":[{"@type":"ReadAction","target":["https:\/\/mediterra.group\/united-property-expo-almaty-in-kazakhstan\/"]}]},{"@type":"ImageObject","inLanguage":"de","@id":"https:\/\/mediterra.group\/united-property-expo-almaty-in-kazakhstan\/#primaryimage","url":"https:\/\/mediterra.group\/wp-content\/uploads\/2025\/06\/kapak-united-property-expo-almaty-in-kazakhistan-result16975361783312DlT7d.webp","contentUrl":"https:\/\/mediterra.group\/wp-content\/uploads\/2025\/06\/kapak-united-property-expo-almaty-in-kazakhistan-result16975361783312DlT7d.webp","width":440,"height":225},{"@type":"BreadcrumbList","@id":"https:\/\/mediterra.group\/united-property-expo-almaty-in-kazakhstan\/#breadcrumb","itemListElement":[{"@type":"ListItem","position":1,"name":"Home","item":"https:\/\/mediterra.group\/de\/"},{"@type":"ListItem","position":2,"name":"United Property Expo &#8211; Almaty in Kasachstan"}]},{"@type":"WebSite","@id":"https:\/\/mediterra.group\/ar\/#website","url":"https:\/\/mediterra.group\/ar\/","name":"Mediterra Group","description":"","potentialAction":[{"@type":"SearchAction","target":{"@type":"EntryPoint","urlTemplate":"https:\/\/mediterra.group\/ar\/?s={search_term_string}"},"query-input":{"@type":"PropertyValueSpecification","valueRequired":true,"valueName":"search_term_string"}}],"inLanguage":"de"},{"@type":"Person","@id":"https:\/\/mediterra.group\/ar\/#\/schema\/person\/7db86f2bc7783cf0f27705320203bffb","name":"prfj","image":{"@type":"ImageObject","inLanguage":"de","@id":"https:\/\/secure.gravatar.com\/avatar\/efc76156b22a6391dfe826fa01e611bcd5dacefe7489936136b7f4d5eb1c0fb4?s=96&d=mm&r=g","url":"https:\/\/secure.gravatar.com\/avatar\/efc76156b22a6391dfe826fa01e611bcd5dacefe7489936136b7f4d5eb1c0fb4?s=96&d=mm&r=g","contentUrl":"https:\/\/secure.gravatar.com\/avatar\/efc76156b22a6391dfe826fa01e611bcd5dacefe7489936136b7f4d5eb1c0fb4?s=96&d=mm&r=g","caption":"prfj"},"sameAs":["https:\/\/mediterra.group"],"url":"https:\/\/mediterra.group\/de\/author\/prfj\/"}]}},"_links":{"self":[{"href":"https:\/\/mediterra.group\/de\/wp-json\/wp\/v2\/posts\/33232","targetHints":{"allow":["GET"]}}],"collection":[{"href":"https:\/\/mediterra.group\/de\/wp-json\/wp\/v2\/posts"}],"about":[{"href":"https:\/\/mediterra.group\/de\/wp-json\/wp\/v2\/types\/post"}],"author":[{"embeddable":true,"href":"https:\/\/mediterra.group\/de\/wp-json\/wp\/v2\/users\/1"}],"replies":[{"embeddable":true,"href":"https:\/\/mediterra.group\/de\/wp-json\/wp\/v2\/comments?post=33232"}],"version-history":[{"count":0,"href":"https:\/\/mediterra.group\/de\/wp-json\/wp\/v2\/posts\/33232\/revisions"}],"wp:featuredmedia":[{"embeddable":true,"href":"https:\/\/mediterra.group\/de\/wp-json\/wp\/v2\/media\/24425"}],"wp:attachment":[{"href":"https:\/\/mediterra.group\/de\/wp-json\/wp\/v2\/media?parent=33232"}],"wp:term":[{"taxonomy":"category","embeddable":true,"href":"https:\/\/mediterra.group\/de\/wp-json\/wp\/v2\/categories?post=33232"},{"taxonomy":"post_tag","embeddable":true,"href":"https:\/\/mediterra.group\/de\/wp-json\/wp\/v2\/tags?post=33232"}],"curies":[{"name":"wp","href":"https:\/\/api.w.org\/{rel}","templated":true}]}}