{"id":33222,"date":"2025-06-18T10:43:56","date_gmt":"2025-06-18T10:43:56","guid":{"rendered":"https:\/\/mediterra.group\/zweitwohnung-utrecht-in-niederlande\/"},"modified":"2025-06-18T10:43:56","modified_gmt":"2025-06-18T10:43:56","slug":"zweitwohnung-utrecht-in-niederlande","status":"publish","type":"post","link":"https:\/\/mediterra.group\/de\/zweitwohnung-utrecht-in-niederlande\/","title":{"rendered":"Zweitwohnung Utrecht in Niederlande"},"content":{"rendered":"<p>29 September &#8211; 01 Oktober, 2023<br \/>\nUtrecht Expo<\/p>\n<p>Die Messe, an der wir seit 2 Jahren teilnehmen, \u00f6ffnet immer ihre T\u00fcren f\u00fcr echte K\u00e4ufer aus den Niederlanden und den angrenzenden L\u00e4ndern. Wir haben die Gelegenheit, neue K\u00e4ufer kennenzulernen, die nach ihrem Traumland f\u00fcr ein Leben jenseits von Investitionen suchen. Daher ist die Second Home f\u00fcr uns immer von besonderer Bedeutung und wir werden auch weiterhin jedes Jahr mit Begeisterung teilnehmen.  <\/p>\n<p>Die Tatsache, dass Nordzypern ein Land ist, in dem viele Niederl\u00e4nder schon seit Jahren leben, war einer der wichtigsten Gr\u00fcnde daf\u00fcr. Au\u00dferdem hat die Tatsache, dass wir die Gemeinschaft in Nordzypern gegr\u00fcndet haben, zu einer noch st\u00e4rkeren Bindung zwischen uns gef\u00fchrt. Wir sind so gl\u00fccklich, dass &#8220;Nederlanders in Noord-Cyprus&#8221; immer gr\u00f6\u00dfer wird!  <\/p>\n<div id='gallery-1' class='gallery galleryid-33222 gallery-columns-3 gallery-size-thumbnail'><figure class='gallery-item'>\n\t\t\t<div class='gallery-icon landscape'>\n\t\t\t\t<a href='https:\/\/mediterra.group\/de\/zweitwohnung-utrecht-in-niederlande\/01-second-home-utrecht-in-netherlands_result-2\/'><img decoding=\"async\" width=\"150\" height=\"113\" src=\"https:\/\/mediterra.group\/wp-content\/uploads\/2025\/06\/01-SECOND-HOME-UTRECHT-IN-NETHERLANDS_result.webp\" class=\"attachment-thumbnail size-thumbnail\" alt=\"\" srcset=\"https:\/\/mediterra.group\/wp-content\/uploads\/2025\/06\/01-SECOND-HOME-UTRECHT-IN-NETHERLANDS_result.webp 1024w, https:\/\/mediterra.group\/wp-content\/uploads\/2025\/06\/01-SECOND-HOME-UTRECHT-IN-NETHERLANDS_result-584x438.webp 584w\" sizes=\"(max-width: 150px) 100vw, 150px\" \/><\/a>\n\t\t\t<\/div><\/figure><figure class='gallery-item'>\n\t\t\t<div class='gallery-icon landscape'>\n\t\t\t\t<a href='https:\/\/mediterra.group\/de\/zweitwohnung-utrecht-in-niederlande\/02-second-home-utrecht-in-netherlands_result-2\/'><img decoding=\"async\" width=\"150\" height=\"113\" src=\"https:\/\/mediterra.group\/wp-content\/uploads\/2025\/06\/02-SECOND-HOME-UTRECHT-IN-NETHERLANDS_result.webp\" class=\"attachment-thumbnail size-thumbnail\" alt=\"\" srcset=\"https:\/\/mediterra.group\/wp-content\/uploads\/2025\/06\/02-SECOND-HOME-UTRECHT-IN-NETHERLANDS_result.webp 1024w, https:\/\/mediterra.group\/wp-content\/uploads\/2025\/06\/02-SECOND-HOME-UTRECHT-IN-NETHERLANDS_result-584x438.webp 584w\" sizes=\"(max-width: 150px) 100vw, 150px\" \/><\/a>\n\t\t\t<\/div><\/figure><figure class='gallery-item'>\n\t\t\t<div class='gallery-icon landscape'>\n\t\t\t\t<a href='https:\/\/mediterra.group\/de\/zweitwohnung-utrecht-in-niederlande\/05-second-home-utrecht-in-netherlands_result-2\/'><img decoding=\"async\" width=\"150\" height=\"113\" src=\"https:\/\/mediterra.group\/wp-content\/uploads\/2025\/06\/05-SECOND-HOME-UTRECHT-IN-NETHERLANDS_result.webp\" class=\"attachment-thumbnail size-thumbnail\" alt=\"\" srcset=\"https:\/\/mediterra.group\/wp-content\/uploads\/2025\/06\/05-SECOND-HOME-UTRECHT-IN-NETHERLANDS_result.webp 1600w, https:\/\/mediterra.group\/wp-content\/uploads\/2025\/06\/05-SECOND-HOME-UTRECHT-IN-NETHERLANDS_result-1536x1152.webp 1536w, https:\/\/mediterra.group\/wp-content\/uploads\/2025\/06\/05-SECOND-HOME-UTRECHT-IN-NETHERLANDS_result-584x438.webp 584w\" sizes=\"(max-width: 150px) 100vw, 150px\" \/><\/a>\n\t\t\t<\/div><\/figure><figure class='gallery-item'>\n\t\t\t<div class='gallery-icon landscape'>\n\t\t\t\t<a href='https:\/\/mediterra.group\/de\/zweitwohnung-utrecht-in-niederlande\/03-second-home-utrecht-in-netherlands_result-2\/'><img loading=\"lazy\" decoding=\"async\" width=\"150\" height=\"113\" src=\"https:\/\/mediterra.group\/wp-content\/uploads\/2025\/06\/03-SECOND-HOME-UTRECHT-IN-NETHERLANDS_result.webp\" class=\"attachment-thumbnail size-thumbnail\" alt=\"\" srcset=\"https:\/\/mediterra.group\/wp-content\/uploads\/2025\/06\/03-SECOND-HOME-UTRECHT-IN-NETHERLANDS_result.webp 1600w, https:\/\/mediterra.group\/wp-content\/uploads\/2025\/06\/03-SECOND-HOME-UTRECHT-IN-NETHERLANDS_result-1536x1152.webp 1536w, https:\/\/mediterra.group\/wp-content\/uploads\/2025\/06\/03-SECOND-HOME-UTRECHT-IN-NETHERLANDS_result-584x438.webp 584w\" sizes=\"(max-width: 150px) 100vw, 150px\" \/><\/a>\n\t\t\t<\/div><\/figure><figure class='gallery-item'>\n\t\t\t<div class='gallery-icon landscape'>\n\t\t\t\t<a href='https:\/\/mediterra.group\/de\/zweitwohnung-utrecht-in-niederlande\/06-second-home-utrecht-in-netherlands_result-2\/'><img loading=\"lazy\" decoding=\"async\" width=\"150\" height=\"113\" src=\"https:\/\/mediterra.group\/wp-content\/uploads\/2025\/06\/06-SECOND-HOME-UTRECHT-IN-NETHERLANDS_result.webp\" class=\"attachment-thumbnail size-thumbnail\" alt=\"\" srcset=\"https:\/\/mediterra.group\/wp-content\/uploads\/2025\/06\/06-SECOND-HOME-UTRECHT-IN-NETHERLANDS_result.webp 1600w, https:\/\/mediterra.group\/wp-content\/uploads\/2025\/06\/06-SECOND-HOME-UTRECHT-IN-NETHERLANDS_result-1536x1152.webp 1536w, https:\/\/mediterra.group\/wp-content\/uploads\/2025\/06\/06-SECOND-HOME-UTRECHT-IN-NETHERLANDS_result-584x438.webp 584w\" sizes=\"(max-width: 150px) 100vw, 150px\" \/><\/a>\n\t\t\t<\/div><\/figure><figure class='gallery-item'>\n\t\t\t<div class='gallery-icon landscape'>\n\t\t\t\t<a href='https:\/\/mediterra.group\/de\/zweitwohnung-utrecht-in-niederlande\/04-second-home-utrecht-in-netherlands_result-2\/'><img loading=\"lazy\" decoding=\"async\" width=\"150\" height=\"113\" src=\"https:\/\/mediterra.group\/wp-content\/uploads\/2025\/06\/04-SECOND-HOME-UTRECHT-IN-NETHERLANDS_result.webp\" class=\"attachment-thumbnail size-thumbnail\" alt=\"\" srcset=\"https:\/\/mediterra.group\/wp-content\/uploads\/2025\/06\/04-SECOND-HOME-UTRECHT-IN-NETHERLANDS_result.webp 1600w, https:\/\/mediterra.group\/wp-content\/uploads\/2025\/06\/04-SECOND-HOME-UTRECHT-IN-NETHERLANDS_result-1536x1152.webp 1536w, https:\/\/mediterra.group\/wp-content\/uploads\/2025\/06\/04-SECOND-HOME-UTRECHT-IN-NETHERLANDS_result-584x438.webp 584w\" sizes=\"(max-width: 150px) 100vw, 150px\" \/><\/a>\n\t\t\t<\/div><\/figure>\n\t\t<\/div>\n\n","protected":false},"excerpt":{"rendered":"<p>29 September &#8211; 01 Oktober, 2023 Utrecht Expo Die Messe, an der wir seit 2 Jahren teilnehmen, \u00f6ffnet immer ihre T\u00fcren f\u00fcr echte K\u00e4ufer aus den Niederlanden und den angrenzenden L\u00e4ndern. Wir haben die Gelegenheit, neue K\u00e4ufer kennenzulernen, die nach ihrem Traumland f\u00fcr ein Leben jenseits von Investitionen suchen. Daher ist die Second Home f\u00fcr [&hellip;]<\/p>\n","protected":false},"author":1,"featured_media":24355,"comment_status":"open","ping_status":"open","sticky":false,"template":"","format":"standard","meta":{"_acf_changed":false,"footnotes":""},"categories":[255],"tags":[],"class_list":["post-33222","post","type-post","status-publish","format-standard","has-post-thumbnail","hentry","category-veranstaltungen"],"acf":[],"yoast_head":"<!-- This site is optimized with the Yoast SEO plugin v27.5 - https:\/\/yoast.com\/product\/yoast-seo-wordpress\/ -->\n<title>Zweitwohnung Utrecht in Niederlande - Mediterra Group<\/title>\n<meta name=\"robots\" content=\"index, follow, max-snippet:-1, max-image-preview:large, max-video-preview:-1\" \/>\n<link rel=\"canonical\" href=\"https:\/\/mediterra.group\/second-home-utrecht-in-netherlands\/\" \/>\n<meta property=\"og:locale\" content=\"de_DE\" \/>\n<meta property=\"og:type\" content=\"article\" \/>\n<meta property=\"og:title\" content=\"Zweitwohnung Utrecht in Niederlande - Mediterra Group\" \/>\n<meta property=\"og:description\" content=\"29 September &#8211; 01 Oktober, 2023 Utrecht Expo Die Messe, an der wir seit 2 Jahren teilnehmen, \u00f6ffnet immer ihre T\u00fcren f\u00fcr echte K\u00e4ufer aus den Niederlanden und den angrenzenden L\u00e4ndern. Wir haben die Gelegenheit, neue K\u00e4ufer kennenzulernen, die nach ihrem Traumland f\u00fcr ein Leben jenseits von Investitionen suchen. Daher ist die Second Home f\u00fcr [&hellip;]\" \/>\n<meta property=\"og:url\" content=\"https:\/\/mediterra.group\/second-home-utrecht-in-netherlands\/\" \/>\n<meta property=\"og:site_name\" content=\"Mediterra Group\" \/>\n<meta property=\"article:published_time\" content=\"2025-06-18T10:43:56+00:00\" \/>\n<meta property=\"og:image\" content=\"https:\/\/mediterra.group\/wp-content\/uploads\/2025\/06\/kapak-second-home-utrecht-in-netherlands-result16975357490468oBfr9.webp\" \/>\n\t<meta property=\"og:image:width\" content=\"440\" \/>\n\t<meta property=\"og:image:height\" content=\"225\" \/>\n\t<meta property=\"og:image:type\" content=\"image\/webp\" \/>\n<meta name=\"author\" content=\"prfj\" \/>\n<meta name=\"twitter:card\" content=\"summary_large_image\" \/>\n<meta name=\"twitter:label1\" content=\"Verfasst von\" \/>\n\t<meta name=\"twitter:data1\" content=\"prfj\" \/>\n\t<meta name=\"twitter:label2\" content=\"Gesch\u00e4tzte Lesezeit\" \/>\n\t<meta name=\"twitter:data2\" content=\"1\u00a0Minute\" \/>\n<script type=\"application\/ld+json\" class=\"yoast-schema-graph\">{\"@context\":\"https:\\\/\\\/schema.org\",\"@graph\":[{\"@type\":\"Article\",\"@id\":\"https:\\\/\\\/mediterra.group\\\/second-home-utrecht-in-netherlands\\\/#article\",\"isPartOf\":{\"@id\":\"https:\\\/\\\/mediterra.group\\\/second-home-utrecht-in-netherlands\\\/\"},\"author\":{\"name\":\"prfj\",\"@id\":\"https:\\\/\\\/mediterra.group\\\/ar\\\/#\\\/schema\\\/person\\\/7db86f2bc7783cf0f27705320203bffb\"},\"headline\":\"Zweitwohnung Utrecht in Niederlande\",\"datePublished\":\"2025-06-18T10:43:56+00:00\",\"mainEntityOfPage\":{\"@id\":\"https:\\\/\\\/mediterra.group\\\/second-home-utrecht-in-netherlands\\\/\"},\"wordCount\":140,\"commentCount\":0,\"image\":{\"@id\":\"https:\\\/\\\/mediterra.group\\\/second-home-utrecht-in-netherlands\\\/#primaryimage\"},\"thumbnailUrl\":\"https:\\\/\\\/mediterra.group\\\/wp-content\\\/uploads\\\/2025\\\/06\\\/kapak-second-home-utrecht-in-netherlands-result16975357490468oBfr9.webp\",\"articleSection\":[\"VERANSTALTUNGEN\"],\"inLanguage\":\"de\",\"potentialAction\":[{\"@type\":\"CommentAction\",\"name\":\"Comment\",\"target\":[\"https:\\\/\\\/mediterra.group\\\/second-home-utrecht-in-netherlands\\\/#respond\"]}]},{\"@type\":\"WebPage\",\"@id\":\"https:\\\/\\\/mediterra.group\\\/second-home-utrecht-in-netherlands\\\/\",\"url\":\"https:\\\/\\\/mediterra.group\\\/second-home-utrecht-in-netherlands\\\/\",\"name\":\"Zweitwohnung Utrecht in Niederlande - Mediterra Group\",\"isPartOf\":{\"@id\":\"https:\\\/\\\/mediterra.group\\\/ar\\\/#website\"},\"primaryImageOfPage\":{\"@id\":\"https:\\\/\\\/mediterra.group\\\/second-home-utrecht-in-netherlands\\\/#primaryimage\"},\"image\":{\"@id\":\"https:\\\/\\\/mediterra.group\\\/second-home-utrecht-in-netherlands\\\/#primaryimage\"},\"thumbnailUrl\":\"https:\\\/\\\/mediterra.group\\\/wp-content\\\/uploads\\\/2025\\\/06\\\/kapak-second-home-utrecht-in-netherlands-result16975357490468oBfr9.webp\",\"datePublished\":\"2025-06-18T10:43:56+00:00\",\"author\":{\"@id\":\"https:\\\/\\\/mediterra.group\\\/ar\\\/#\\\/schema\\\/person\\\/7db86f2bc7783cf0f27705320203bffb\"},\"breadcrumb\":{\"@id\":\"https:\\\/\\\/mediterra.group\\\/second-home-utrecht-in-netherlands\\\/#breadcrumb\"},\"inLanguage\":\"de\",\"potentialAction\":[{\"@type\":\"ReadAction\",\"target\":[\"https:\\\/\\\/mediterra.group\\\/second-home-utrecht-in-netherlands\\\/\"]}]},{\"@type\":\"ImageObject\",\"inLanguage\":\"de\",\"@id\":\"https:\\\/\\\/mediterra.group\\\/second-home-utrecht-in-netherlands\\\/#primaryimage\",\"url\":\"https:\\\/\\\/mediterra.group\\\/wp-content\\\/uploads\\\/2025\\\/06\\\/kapak-second-home-utrecht-in-netherlands-result16975357490468oBfr9.webp\",\"contentUrl\":\"https:\\\/\\\/mediterra.group\\\/wp-content\\\/uploads\\\/2025\\\/06\\\/kapak-second-home-utrecht-in-netherlands-result16975357490468oBfr9.webp\",\"width\":440,\"height\":225},{\"@type\":\"BreadcrumbList\",\"@id\":\"https:\\\/\\\/mediterra.group\\\/second-home-utrecht-in-netherlands\\\/#breadcrumb\",\"itemListElement\":[{\"@type\":\"ListItem\",\"position\":1,\"name\":\"Home\",\"item\":\"https:\\\/\\\/mediterra.group\\\/de\\\/\"},{\"@type\":\"ListItem\",\"position\":2,\"name\":\"Zweitwohnung Utrecht in Niederlande\"}]},{\"@type\":\"WebSite\",\"@id\":\"https:\\\/\\\/mediterra.group\\\/ar\\\/#website\",\"url\":\"https:\\\/\\\/mediterra.group\\\/ar\\\/\",\"name\":\"Mediterra Group\",\"description\":\"\",\"potentialAction\":[{\"@type\":\"SearchAction\",\"target\":{\"@type\":\"EntryPoint\",\"urlTemplate\":\"https:\\\/\\\/mediterra.group\\\/ar\\\/?s={search_term_string}\"},\"query-input\":{\"@type\":\"PropertyValueSpecification\",\"valueRequired\":true,\"valueName\":\"search_term_string\"}}],\"inLanguage\":\"de\"},{\"@type\":\"Person\",\"@id\":\"https:\\\/\\\/mediterra.group\\\/ar\\\/#\\\/schema\\\/person\\\/7db86f2bc7783cf0f27705320203bffb\",\"name\":\"prfj\",\"image\":{\"@type\":\"ImageObject\",\"inLanguage\":\"de\",\"@id\":\"https:\\\/\\\/secure.gravatar.com\\\/avatar\\\/efc76156b22a6391dfe826fa01e611bcd5dacefe7489936136b7f4d5eb1c0fb4?s=96&d=mm&r=g\",\"url\":\"https:\\\/\\\/secure.gravatar.com\\\/avatar\\\/efc76156b22a6391dfe826fa01e611bcd5dacefe7489936136b7f4d5eb1c0fb4?s=96&d=mm&r=g\",\"contentUrl\":\"https:\\\/\\\/secure.gravatar.com\\\/avatar\\\/efc76156b22a6391dfe826fa01e611bcd5dacefe7489936136b7f4d5eb1c0fb4?s=96&d=mm&r=g\",\"caption\":\"prfj\"},\"sameAs\":[\"https:\\\/\\\/mediterra.group\"],\"url\":\"https:\\\/\\\/mediterra.group\\\/de\\\/author\\\/prfj\\\/\"}]}<\/script>\n<!-- \/ Yoast SEO plugin. -->","yoast_head_json":{"title":"Zweitwohnung Utrecht in Niederlande - Mediterra Group","robots":{"index":"index","follow":"follow","max-snippet":"max-snippet:-1","max-image-preview":"max-image-preview:large","max-video-preview":"max-video-preview:-1"},"canonical":"https:\/\/mediterra.group\/second-home-utrecht-in-netherlands\/","og_locale":"de_DE","og_type":"article","og_title":"Zweitwohnung Utrecht in Niederlande - Mediterra Group","og_description":"29 September &#8211; 01 Oktober, 2023 Utrecht Expo Die Messe, an der wir seit 2 Jahren teilnehmen, \u00f6ffnet immer ihre T\u00fcren f\u00fcr echte K\u00e4ufer aus den Niederlanden und den angrenzenden L\u00e4ndern. Wir haben die Gelegenheit, neue K\u00e4ufer kennenzulernen, die nach ihrem Traumland f\u00fcr ein Leben jenseits von Investitionen suchen. Daher ist die Second Home f\u00fcr [&hellip;]","og_url":"https:\/\/mediterra.group\/second-home-utrecht-in-netherlands\/","og_site_name":"Mediterra Group","article_published_time":"2025-06-18T10:43:56+00:00","og_image":[{"width":440,"height":225,"url":"https:\/\/mediterra.group\/wp-content\/uploads\/2025\/06\/kapak-second-home-utrecht-in-netherlands-result16975357490468oBfr9.webp","type":"image\/webp"}],"author":"prfj","twitter_card":"summary_large_image","twitter_misc":{"Verfasst von":"prfj","Gesch\u00e4tzte Lesezeit":"1\u00a0Minute"},"schema":{"@context":"https:\/\/schema.org","@graph":[{"@type":"Article","@id":"https:\/\/mediterra.group\/second-home-utrecht-in-netherlands\/#article","isPartOf":{"@id":"https:\/\/mediterra.group\/second-home-utrecht-in-netherlands\/"},"author":{"name":"prfj","@id":"https:\/\/mediterra.group\/ar\/#\/schema\/person\/7db86f2bc7783cf0f27705320203bffb"},"headline":"Zweitwohnung Utrecht in Niederlande","datePublished":"2025-06-18T10:43:56+00:00","mainEntityOfPage":{"@id":"https:\/\/mediterra.group\/second-home-utrecht-in-netherlands\/"},"wordCount":140,"commentCount":0,"image":{"@id":"https:\/\/mediterra.group\/second-home-utrecht-in-netherlands\/#primaryimage"},"thumbnailUrl":"https:\/\/mediterra.group\/wp-content\/uploads\/2025\/06\/kapak-second-home-utrecht-in-netherlands-result16975357490468oBfr9.webp","articleSection":["VERANSTALTUNGEN"],"inLanguage":"de","potentialAction":[{"@type":"CommentAction","name":"Comment","target":["https:\/\/mediterra.group\/second-home-utrecht-in-netherlands\/#respond"]}]},{"@type":"WebPage","@id":"https:\/\/mediterra.group\/second-home-utrecht-in-netherlands\/","url":"https:\/\/mediterra.group\/second-home-utrecht-in-netherlands\/","name":"Zweitwohnung Utrecht in Niederlande - Mediterra Group","isPartOf":{"@id":"https:\/\/mediterra.group\/ar\/#website"},"primaryImageOfPage":{"@id":"https:\/\/mediterra.group\/second-home-utrecht-in-netherlands\/#primaryimage"},"image":{"@id":"https:\/\/mediterra.group\/second-home-utrecht-in-netherlands\/#primaryimage"},"thumbnailUrl":"https:\/\/mediterra.group\/wp-content\/uploads\/2025\/06\/kapak-second-home-utrecht-in-netherlands-result16975357490468oBfr9.webp","datePublished":"2025-06-18T10:43:56+00:00","author":{"@id":"https:\/\/mediterra.group\/ar\/#\/schema\/person\/7db86f2bc7783cf0f27705320203bffb"},"breadcrumb":{"@id":"https:\/\/mediterra.group\/second-home-utrecht-in-netherlands\/#breadcrumb"},"inLanguage":"de","potentialAction":[{"@type":"ReadAction","target":["https:\/\/mediterra.group\/second-home-utrecht-in-netherlands\/"]}]},{"@type":"ImageObject","inLanguage":"de","@id":"https:\/\/mediterra.group\/second-home-utrecht-in-netherlands\/#primaryimage","url":"https:\/\/mediterra.group\/wp-content\/uploads\/2025\/06\/kapak-second-home-utrecht-in-netherlands-result16975357490468oBfr9.webp","contentUrl":"https:\/\/mediterra.group\/wp-content\/uploads\/2025\/06\/kapak-second-home-utrecht-in-netherlands-result16975357490468oBfr9.webp","width":440,"height":225},{"@type":"BreadcrumbList","@id":"https:\/\/mediterra.group\/second-home-utrecht-in-netherlands\/#breadcrumb","itemListElement":[{"@type":"ListItem","position":1,"name":"Home","item":"https:\/\/mediterra.group\/de\/"},{"@type":"ListItem","position":2,"name":"Zweitwohnung Utrecht in Niederlande"}]},{"@type":"WebSite","@id":"https:\/\/mediterra.group\/ar\/#website","url":"https:\/\/mediterra.group\/ar\/","name":"Mediterra Group","description":"","potentialAction":[{"@type":"SearchAction","target":{"@type":"EntryPoint","urlTemplate":"https:\/\/mediterra.group\/ar\/?s={search_term_string}"},"query-input":{"@type":"PropertyValueSpecification","valueRequired":true,"valueName":"search_term_string"}}],"inLanguage":"de"},{"@type":"Person","@id":"https:\/\/mediterra.group\/ar\/#\/schema\/person\/7db86f2bc7783cf0f27705320203bffb","name":"prfj","image":{"@type":"ImageObject","inLanguage":"de","@id":"https:\/\/secure.gravatar.com\/avatar\/efc76156b22a6391dfe826fa01e611bcd5dacefe7489936136b7f4d5eb1c0fb4?s=96&d=mm&r=g","url":"https:\/\/secure.gravatar.com\/avatar\/efc76156b22a6391dfe826fa01e611bcd5dacefe7489936136b7f4d5eb1c0fb4?s=96&d=mm&r=g","contentUrl":"https:\/\/secure.gravatar.com\/avatar\/efc76156b22a6391dfe826fa01e611bcd5dacefe7489936136b7f4d5eb1c0fb4?s=96&d=mm&r=g","caption":"prfj"},"sameAs":["https:\/\/mediterra.group"],"url":"https:\/\/mediterra.group\/de\/author\/prfj\/"}]}},"_links":{"self":[{"href":"https:\/\/mediterra.group\/de\/wp-json\/wp\/v2\/posts\/33222","targetHints":{"allow":["GET"]}}],"collection":[{"href":"https:\/\/mediterra.group\/de\/wp-json\/wp\/v2\/posts"}],"about":[{"href":"https:\/\/mediterra.group\/de\/wp-json\/wp\/v2\/types\/post"}],"author":[{"embeddable":true,"href":"https:\/\/mediterra.group\/de\/wp-json\/wp\/v2\/users\/1"}],"replies":[{"embeddable":true,"href":"https:\/\/mediterra.group\/de\/wp-json\/wp\/v2\/comments?post=33222"}],"version-history":[{"count":0,"href":"https:\/\/mediterra.group\/de\/wp-json\/wp\/v2\/posts\/33222\/revisions"}],"wp:featuredmedia":[{"embeddable":true,"href":"https:\/\/mediterra.group\/de\/wp-json\/wp\/v2\/media\/24355"}],"wp:attachment":[{"href":"https:\/\/mediterra.group\/de\/wp-json\/wp\/v2\/media?parent=33222"}],"wp:term":[{"taxonomy":"category","embeddable":true,"href":"https:\/\/mediterra.group\/de\/wp-json\/wp\/v2\/categories?post=33222"},{"taxonomy":"post_tag","embeddable":true,"href":"https:\/\/mediterra.group\/de\/wp-json\/wp\/v2\/tags?post=33222"}],"curies":[{"name":"wp","href":"https:\/\/api.w.org\/{rel}","templated":true}]}}