{"id":33214,"date":"2025-06-18T10:43:11","date_gmt":"2025-06-18T10:43:11","guid":{"rendered":"https:\/\/mediterra.group\/wir-trafen-neue-investoren-aus-den-benelux-laendern-auf-der-second-home-expo-in-gent-belgien\/"},"modified":"2025-06-18T10:43:11","modified_gmt":"2025-06-18T10:43:11","slug":"wir-trafen-neue-investoren-aus-den-benelux-laendern-auf-der-second-home-expo-in-gent-belgien","status":"publish","type":"post","link":"https:\/\/mediterra.group\/de\/wir-trafen-neue-investoren-aus-den-benelux-laendern-auf-der-second-home-expo-in-gent-belgien\/","title":{"rendered":"Wir trafen neue Investoren aus den Benelux-L\u00e4ndern auf der Second Home Expo in Gent &#8211; Belgien"},"content":{"rendered":"<p>Wir haben unsere Besucher auf der Second Home Expo in Gent, Belgien, am 14. und 15. Oktober getroffen. Es gibt so viele Menschen aus nahen L\u00e4ndern, die sich sowohl f\u00fcr Investitionen als auch f\u00fcr den Besitz einer Zweitwohnung in Nordzypern interessieren. <\/p>\n<p>Wir stellten unsere Projekte vor und organisierten eine Immobilienbesichtigung f\u00fcr den n\u00e4chsten Monat.<\/p>\n<div id='gallery-1' class='gallery galleryid-33214 gallery-columns-3 gallery-size-thumbnail'><figure class='gallery-item'>\n\t\t\t<div class='gallery-icon landscape'>\n\t\t\t\t<a href='https:\/\/mediterra.group\/de\/wir-trafen-neue-investoren-aus-den-benelux-laendern-auf-der-second-home-expo-in-gent-belgien\/we-met-new-investors-from-benelux-at-second-home-expo-in-ghent-belgium-2_result-2\/'><img decoding=\"async\" width=\"150\" height=\"84\" src=\"https:\/\/mediterra.group\/wp-content\/uploads\/2025\/06\/WE-MET-NEW-INVESTORS-FROM-BENELUX-AT-SECOND-HOME-EXPO-IN-GHENT-\u2013-BELGIUM-2_result.webp\" class=\"attachment-thumbnail size-thumbnail\" alt=\"\" srcset=\"https:\/\/mediterra.group\/wp-content\/uploads\/2025\/06\/WE-MET-NEW-INVESTORS-FROM-BENELUX-AT-SECOND-HOME-EXPO-IN-GHENT-\u2013-BELGIUM-2_result.webp 2048w, https:\/\/mediterra.group\/wp-content\/uploads\/2025\/06\/WE-MET-NEW-INVESTORS-FROM-BENELUX-AT-SECOND-HOME-EXPO-IN-GHENT-\u2013-BELGIUM-2_result-1536x864.webp 1536w\" sizes=\"(max-width: 150px) 100vw, 150px\" \/><\/a>\n\t\t\t<\/div><\/figure>\n\t\t<\/div>\n\n","protected":false},"excerpt":{"rendered":"<p>Wir haben unsere Besucher auf der Second Home Expo in Gent, Belgien, am 14. und 15. Oktober getroffen. Es gibt so viele Menschen aus nahen L\u00e4ndern, die sich sowohl f\u00fcr Investitionen als auch f\u00fcr den Besitz einer Zweitwohnung in Nordzypern interessieren. Wir stellten unsere Projekte vor und organisierten eine Immobilienbesichtigung f\u00fcr den n\u00e4chsten Monat.<\/p>\n","protected":false},"author":1,"featured_media":24340,"comment_status":"open","ping_status":"open","sticky":false,"template":"","format":"standard","meta":{"_acf_changed":false,"footnotes":""},"categories":[255],"tags":[],"class_list":["post-33214","post","type-post","status-publish","format-standard","has-post-thumbnail","hentry","category-veranstaltungen"],"acf":[],"yoast_head":"<!-- This site is optimized with the Yoast SEO plugin v27.5 - https:\/\/yoast.com\/product\/yoast-seo-wordpress\/ -->\n<title>Wir trafen neue Investoren aus den Benelux-L\u00e4ndern auf der Second Home Expo in Gent - Belgien - Mediterra Group<\/title>\n<meta name=\"robots\" content=\"index, follow, max-snippet:-1, max-image-preview:large, max-video-preview:-1\" \/>\n<link rel=\"canonical\" href=\"https:\/\/mediterra.group\/we-met-new-investors-from-benelux-at-second-home-expo-in-ghent-belgium\/\" \/>\n<meta property=\"og:locale\" content=\"de_DE\" \/>\n<meta property=\"og:type\" content=\"article\" \/>\n<meta property=\"og:title\" content=\"Wir trafen neue Investoren aus den Benelux-L\u00e4ndern auf der Second Home Expo in Gent - Belgien - Mediterra Group\" \/>\n<meta property=\"og:description\" content=\"Wir haben unsere Besucher auf der Second Home Expo in Gent, Belgien, am 14. und 15. Oktober getroffen. Es gibt so viele Menschen aus nahen L\u00e4ndern, die sich sowohl f\u00fcr Investitionen als auch f\u00fcr den Besitz einer Zweitwohnung in Nordzypern interessieren. Wir stellten unsere Projekte vor und organisierten eine Immobilienbesichtigung f\u00fcr den n\u00e4chsten Monat.\" \/>\n<meta property=\"og:url\" content=\"https:\/\/mediterra.group\/we-met-new-investors-from-benelux-at-second-home-expo-in-ghent-belgium\/\" \/>\n<meta property=\"og:site_name\" content=\"Mediterra Group\" \/>\n<meta property=\"article:published_time\" content=\"2025-06-18T10:43:11+00:00\" \/>\n<meta property=\"og:image\" content=\"https:\/\/mediterra.group\/wp-content\/uploads\/2025\/06\/kapak-we-met-new-investors-from-benelux-at-second-home-expo-in-ghent-belgium-result16975379882858FzkgM.webp\" \/>\n\t<meta property=\"og:image:width\" content=\"440\" \/>\n\t<meta property=\"og:image:height\" content=\"225\" \/>\n\t<meta property=\"og:image:type\" content=\"image\/webp\" \/>\n<meta name=\"author\" content=\"prfj\" \/>\n<meta name=\"twitter:card\" content=\"summary_large_image\" \/>\n<meta name=\"twitter:label1\" content=\"Verfasst von\" \/>\n\t<meta name=\"twitter:data1\" content=\"prfj\" \/>\n<script type=\"application\/ld+json\" class=\"yoast-schema-graph\">{\"@context\":\"https:\\\/\\\/schema.org\",\"@graph\":[{\"@type\":\"Article\",\"@id\":\"https:\\\/\\\/mediterra.group\\\/we-met-new-investors-from-benelux-at-second-home-expo-in-ghent-belgium\\\/#article\",\"isPartOf\":{\"@id\":\"https:\\\/\\\/mediterra.group\\\/we-met-new-investors-from-benelux-at-second-home-expo-in-ghent-belgium\\\/\"},\"author\":{\"name\":\"prfj\",\"@id\":\"https:\\\/\\\/mediterra.group\\\/ar\\\/#\\\/schema\\\/person\\\/7db86f2bc7783cf0f27705320203bffb\"},\"headline\":\"Wir trafen neue Investoren aus den Benelux-L\u00e4ndern auf der Second Home Expo in Gent &#8211; Belgien\",\"datePublished\":\"2025-06-18T10:43:11+00:00\",\"mainEntityOfPage\":{\"@id\":\"https:\\\/\\\/mediterra.group\\\/we-met-new-investors-from-benelux-at-second-home-expo-in-ghent-belgium\\\/\"},\"wordCount\":76,\"commentCount\":0,\"image\":{\"@id\":\"https:\\\/\\\/mediterra.group\\\/we-met-new-investors-from-benelux-at-second-home-expo-in-ghent-belgium\\\/#primaryimage\"},\"thumbnailUrl\":\"https:\\\/\\\/mediterra.group\\\/wp-content\\\/uploads\\\/2025\\\/06\\\/kapak-we-met-new-investors-from-benelux-at-second-home-expo-in-ghent-belgium-result16975379882858FzkgM.webp\",\"articleSection\":[\"VERANSTALTUNGEN\"],\"inLanguage\":\"de\",\"potentialAction\":[{\"@type\":\"CommentAction\",\"name\":\"Comment\",\"target\":[\"https:\\\/\\\/mediterra.group\\\/we-met-new-investors-from-benelux-at-second-home-expo-in-ghent-belgium\\\/#respond\"]}]},{\"@type\":\"WebPage\",\"@id\":\"https:\\\/\\\/mediterra.group\\\/we-met-new-investors-from-benelux-at-second-home-expo-in-ghent-belgium\\\/\",\"url\":\"https:\\\/\\\/mediterra.group\\\/we-met-new-investors-from-benelux-at-second-home-expo-in-ghent-belgium\\\/\",\"name\":\"Wir trafen neue Investoren aus den Benelux-L\u00e4ndern auf der Second Home Expo in Gent - Belgien - Mediterra Group\",\"isPartOf\":{\"@id\":\"https:\\\/\\\/mediterra.group\\\/ar\\\/#website\"},\"primaryImageOfPage\":{\"@id\":\"https:\\\/\\\/mediterra.group\\\/we-met-new-investors-from-benelux-at-second-home-expo-in-ghent-belgium\\\/#primaryimage\"},\"image\":{\"@id\":\"https:\\\/\\\/mediterra.group\\\/we-met-new-investors-from-benelux-at-second-home-expo-in-ghent-belgium\\\/#primaryimage\"},\"thumbnailUrl\":\"https:\\\/\\\/mediterra.group\\\/wp-content\\\/uploads\\\/2025\\\/06\\\/kapak-we-met-new-investors-from-benelux-at-second-home-expo-in-ghent-belgium-result16975379882858FzkgM.webp\",\"datePublished\":\"2025-06-18T10:43:11+00:00\",\"author\":{\"@id\":\"https:\\\/\\\/mediterra.group\\\/ar\\\/#\\\/schema\\\/person\\\/7db86f2bc7783cf0f27705320203bffb\"},\"breadcrumb\":{\"@id\":\"https:\\\/\\\/mediterra.group\\\/we-met-new-investors-from-benelux-at-second-home-expo-in-ghent-belgium\\\/#breadcrumb\"},\"inLanguage\":\"de\",\"potentialAction\":[{\"@type\":\"ReadAction\",\"target\":[\"https:\\\/\\\/mediterra.group\\\/we-met-new-investors-from-benelux-at-second-home-expo-in-ghent-belgium\\\/\"]}]},{\"@type\":\"ImageObject\",\"inLanguage\":\"de\",\"@id\":\"https:\\\/\\\/mediterra.group\\\/we-met-new-investors-from-benelux-at-second-home-expo-in-ghent-belgium\\\/#primaryimage\",\"url\":\"https:\\\/\\\/mediterra.group\\\/wp-content\\\/uploads\\\/2025\\\/06\\\/kapak-we-met-new-investors-from-benelux-at-second-home-expo-in-ghent-belgium-result16975379882858FzkgM.webp\",\"contentUrl\":\"https:\\\/\\\/mediterra.group\\\/wp-content\\\/uploads\\\/2025\\\/06\\\/kapak-we-met-new-investors-from-benelux-at-second-home-expo-in-ghent-belgium-result16975379882858FzkgM.webp\",\"width\":440,\"height\":225},{\"@type\":\"BreadcrumbList\",\"@id\":\"https:\\\/\\\/mediterra.group\\\/we-met-new-investors-from-benelux-at-second-home-expo-in-ghent-belgium\\\/#breadcrumb\",\"itemListElement\":[{\"@type\":\"ListItem\",\"position\":1,\"name\":\"Home\",\"item\":\"https:\\\/\\\/mediterra.group\\\/de\\\/\"},{\"@type\":\"ListItem\",\"position\":2,\"name\":\"Wir trafen neue Investoren aus den Benelux-L\u00e4ndern auf der Second Home Expo in Gent &#8211; Belgien\"}]},{\"@type\":\"WebSite\",\"@id\":\"https:\\\/\\\/mediterra.group\\\/ar\\\/#website\",\"url\":\"https:\\\/\\\/mediterra.group\\\/ar\\\/\",\"name\":\"Mediterra Group\",\"description\":\"\",\"potentialAction\":[{\"@type\":\"SearchAction\",\"target\":{\"@type\":\"EntryPoint\",\"urlTemplate\":\"https:\\\/\\\/mediterra.group\\\/ar\\\/?s={search_term_string}\"},\"query-input\":{\"@type\":\"PropertyValueSpecification\",\"valueRequired\":true,\"valueName\":\"search_term_string\"}}],\"inLanguage\":\"de\"},{\"@type\":\"Person\",\"@id\":\"https:\\\/\\\/mediterra.group\\\/ar\\\/#\\\/schema\\\/person\\\/7db86f2bc7783cf0f27705320203bffb\",\"name\":\"prfj\",\"image\":{\"@type\":\"ImageObject\",\"inLanguage\":\"de\",\"@id\":\"https:\\\/\\\/secure.gravatar.com\\\/avatar\\\/efc76156b22a6391dfe826fa01e611bcd5dacefe7489936136b7f4d5eb1c0fb4?s=96&d=mm&r=g\",\"url\":\"https:\\\/\\\/secure.gravatar.com\\\/avatar\\\/efc76156b22a6391dfe826fa01e611bcd5dacefe7489936136b7f4d5eb1c0fb4?s=96&d=mm&r=g\",\"contentUrl\":\"https:\\\/\\\/secure.gravatar.com\\\/avatar\\\/efc76156b22a6391dfe826fa01e611bcd5dacefe7489936136b7f4d5eb1c0fb4?s=96&d=mm&r=g\",\"caption\":\"prfj\"},\"sameAs\":[\"https:\\\/\\\/mediterra.group\"],\"url\":\"https:\\\/\\\/mediterra.group\\\/de\\\/author\\\/prfj\\\/\"}]}<\/script>\n<!-- \/ Yoast SEO plugin. -->","yoast_head_json":{"title":"Wir trafen neue Investoren aus den Benelux-L\u00e4ndern auf der Second Home Expo in Gent - Belgien - Mediterra Group","robots":{"index":"index","follow":"follow","max-snippet":"max-snippet:-1","max-image-preview":"max-image-preview:large","max-video-preview":"max-video-preview:-1"},"canonical":"https:\/\/mediterra.group\/we-met-new-investors-from-benelux-at-second-home-expo-in-ghent-belgium\/","og_locale":"de_DE","og_type":"article","og_title":"Wir trafen neue Investoren aus den Benelux-L\u00e4ndern auf der Second Home Expo in Gent - Belgien - Mediterra Group","og_description":"Wir haben unsere Besucher auf der Second Home Expo in Gent, Belgien, am 14. und 15. Oktober getroffen. Es gibt so viele Menschen aus nahen L\u00e4ndern, die sich sowohl f\u00fcr Investitionen als auch f\u00fcr den Besitz einer Zweitwohnung in Nordzypern interessieren. Wir stellten unsere Projekte vor und organisierten eine Immobilienbesichtigung f\u00fcr den n\u00e4chsten Monat.","og_url":"https:\/\/mediterra.group\/we-met-new-investors-from-benelux-at-second-home-expo-in-ghent-belgium\/","og_site_name":"Mediterra Group","article_published_time":"2025-06-18T10:43:11+00:00","og_image":[{"width":440,"height":225,"url":"https:\/\/mediterra.group\/wp-content\/uploads\/2025\/06\/kapak-we-met-new-investors-from-benelux-at-second-home-expo-in-ghent-belgium-result16975379882858FzkgM.webp","type":"image\/webp"}],"author":"prfj","twitter_card":"summary_large_image","twitter_misc":{"Verfasst von":"prfj"},"schema":{"@context":"https:\/\/schema.org","@graph":[{"@type":"Article","@id":"https:\/\/mediterra.group\/we-met-new-investors-from-benelux-at-second-home-expo-in-ghent-belgium\/#article","isPartOf":{"@id":"https:\/\/mediterra.group\/we-met-new-investors-from-benelux-at-second-home-expo-in-ghent-belgium\/"},"author":{"name":"prfj","@id":"https:\/\/mediterra.group\/ar\/#\/schema\/person\/7db86f2bc7783cf0f27705320203bffb"},"headline":"Wir trafen neue Investoren aus den Benelux-L\u00e4ndern auf der Second Home Expo in Gent &#8211; Belgien","datePublished":"2025-06-18T10:43:11+00:00","mainEntityOfPage":{"@id":"https:\/\/mediterra.group\/we-met-new-investors-from-benelux-at-second-home-expo-in-ghent-belgium\/"},"wordCount":76,"commentCount":0,"image":{"@id":"https:\/\/mediterra.group\/we-met-new-investors-from-benelux-at-second-home-expo-in-ghent-belgium\/#primaryimage"},"thumbnailUrl":"https:\/\/mediterra.group\/wp-content\/uploads\/2025\/06\/kapak-we-met-new-investors-from-benelux-at-second-home-expo-in-ghent-belgium-result16975379882858FzkgM.webp","articleSection":["VERANSTALTUNGEN"],"inLanguage":"de","potentialAction":[{"@type":"CommentAction","name":"Comment","target":["https:\/\/mediterra.group\/we-met-new-investors-from-benelux-at-second-home-expo-in-ghent-belgium\/#respond"]}]},{"@type":"WebPage","@id":"https:\/\/mediterra.group\/we-met-new-investors-from-benelux-at-second-home-expo-in-ghent-belgium\/","url":"https:\/\/mediterra.group\/we-met-new-investors-from-benelux-at-second-home-expo-in-ghent-belgium\/","name":"Wir trafen neue Investoren aus den Benelux-L\u00e4ndern auf der Second Home Expo in Gent - Belgien - Mediterra Group","isPartOf":{"@id":"https:\/\/mediterra.group\/ar\/#website"},"primaryImageOfPage":{"@id":"https:\/\/mediterra.group\/we-met-new-investors-from-benelux-at-second-home-expo-in-ghent-belgium\/#primaryimage"},"image":{"@id":"https:\/\/mediterra.group\/we-met-new-investors-from-benelux-at-second-home-expo-in-ghent-belgium\/#primaryimage"},"thumbnailUrl":"https:\/\/mediterra.group\/wp-content\/uploads\/2025\/06\/kapak-we-met-new-investors-from-benelux-at-second-home-expo-in-ghent-belgium-result16975379882858FzkgM.webp","datePublished":"2025-06-18T10:43:11+00:00","author":{"@id":"https:\/\/mediterra.group\/ar\/#\/schema\/person\/7db86f2bc7783cf0f27705320203bffb"},"breadcrumb":{"@id":"https:\/\/mediterra.group\/we-met-new-investors-from-benelux-at-second-home-expo-in-ghent-belgium\/#breadcrumb"},"inLanguage":"de","potentialAction":[{"@type":"ReadAction","target":["https:\/\/mediterra.group\/we-met-new-investors-from-benelux-at-second-home-expo-in-ghent-belgium\/"]}]},{"@type":"ImageObject","inLanguage":"de","@id":"https:\/\/mediterra.group\/we-met-new-investors-from-benelux-at-second-home-expo-in-ghent-belgium\/#primaryimage","url":"https:\/\/mediterra.group\/wp-content\/uploads\/2025\/06\/kapak-we-met-new-investors-from-benelux-at-second-home-expo-in-ghent-belgium-result16975379882858FzkgM.webp","contentUrl":"https:\/\/mediterra.group\/wp-content\/uploads\/2025\/06\/kapak-we-met-new-investors-from-benelux-at-second-home-expo-in-ghent-belgium-result16975379882858FzkgM.webp","width":440,"height":225},{"@type":"BreadcrumbList","@id":"https:\/\/mediterra.group\/we-met-new-investors-from-benelux-at-second-home-expo-in-ghent-belgium\/#breadcrumb","itemListElement":[{"@type":"ListItem","position":1,"name":"Home","item":"https:\/\/mediterra.group\/de\/"},{"@type":"ListItem","position":2,"name":"Wir trafen neue Investoren aus den Benelux-L\u00e4ndern auf der Second Home Expo in Gent &#8211; Belgien"}]},{"@type":"WebSite","@id":"https:\/\/mediterra.group\/ar\/#website","url":"https:\/\/mediterra.group\/ar\/","name":"Mediterra Group","description":"","potentialAction":[{"@type":"SearchAction","target":{"@type":"EntryPoint","urlTemplate":"https:\/\/mediterra.group\/ar\/?s={search_term_string}"},"query-input":{"@type":"PropertyValueSpecification","valueRequired":true,"valueName":"search_term_string"}}],"inLanguage":"de"},{"@type":"Person","@id":"https:\/\/mediterra.group\/ar\/#\/schema\/person\/7db86f2bc7783cf0f27705320203bffb","name":"prfj","image":{"@type":"ImageObject","inLanguage":"de","@id":"https:\/\/secure.gravatar.com\/avatar\/efc76156b22a6391dfe826fa01e611bcd5dacefe7489936136b7f4d5eb1c0fb4?s=96&d=mm&r=g","url":"https:\/\/secure.gravatar.com\/avatar\/efc76156b22a6391dfe826fa01e611bcd5dacefe7489936136b7f4d5eb1c0fb4?s=96&d=mm&r=g","contentUrl":"https:\/\/secure.gravatar.com\/avatar\/efc76156b22a6391dfe826fa01e611bcd5dacefe7489936136b7f4d5eb1c0fb4?s=96&d=mm&r=g","caption":"prfj"},"sameAs":["https:\/\/mediterra.group"],"url":"https:\/\/mediterra.group\/de\/author\/prfj\/"}]}},"_links":{"self":[{"href":"https:\/\/mediterra.group\/de\/wp-json\/wp\/v2\/posts\/33214","targetHints":{"allow":["GET"]}}],"collection":[{"href":"https:\/\/mediterra.group\/de\/wp-json\/wp\/v2\/posts"}],"about":[{"href":"https:\/\/mediterra.group\/de\/wp-json\/wp\/v2\/types\/post"}],"author":[{"embeddable":true,"href":"https:\/\/mediterra.group\/de\/wp-json\/wp\/v2\/users\/1"}],"replies":[{"embeddable":true,"href":"https:\/\/mediterra.group\/de\/wp-json\/wp\/v2\/comments?post=33214"}],"version-history":[{"count":0,"href":"https:\/\/mediterra.group\/de\/wp-json\/wp\/v2\/posts\/33214\/revisions"}],"wp:featuredmedia":[{"embeddable":true,"href":"https:\/\/mediterra.group\/de\/wp-json\/wp\/v2\/media\/24340"}],"wp:attachment":[{"href":"https:\/\/mediterra.group\/de\/wp-json\/wp\/v2\/media?parent=33214"}],"wp:term":[{"taxonomy":"category","embeddable":true,"href":"https:\/\/mediterra.group\/de\/wp-json\/wp\/v2\/categories?post=33214"},{"taxonomy":"post_tag","embeddable":true,"href":"https:\/\/mediterra.group\/de\/wp-json\/wp\/v2\/tags?post=33214"}],"curies":[{"name":"wp","href":"https:\/\/api.w.org\/{rel}","templated":true}]}}