{"id":33213,"date":"2025-06-18T10:42:35","date_gmt":"2025-06-18T10:42:35","guid":{"rendered":"https:\/\/mediterra.group\/wir-besuchten-die-ausstellung-immobilienkauf-im-ausland-wieder-in-schweden\/"},"modified":"2025-06-18T10:42:35","modified_gmt":"2025-06-18T10:42:35","slug":"wir-besuchten-die-ausstellung-immobilienkauf-im-ausland-wieder-in-schweden","status":"publish","type":"post","link":"https:\/\/mediterra.group\/de\/wir-besuchten-die-ausstellung-immobilienkauf-im-ausland-wieder-in-schweden\/","title":{"rendered":"Wir besuchten die Ausstellung Immobilienkauf im Ausland wieder in Schweden"},"content":{"rendered":"<p>Wir haben es geliebt, mit schwedischen Menschen zusammen zu sein. Da wir letzten Monat an der gleichen Organisation in G\u00f6teborg teilgenommen haben, waren wir dieses Mal in Stockholm. Die Ausstellung stie\u00df auf gro\u00dfes Interesse. Es sieht so aus, als ob wir bald mehr Schweden in Nordzypern sehen werden.   <\/p>\n<div id='gallery-1' class='gallery galleryid-33213 gallery-columns-3 gallery-size-thumbnail'><figure class='gallery-item'>\n\t\t\t<div class='gallery-icon landscape'>\n\t\t\t\t<a href='https:\/\/mediterra.group\/de\/wir-besuchten-die-ausstellung-immobilienkauf-im-ausland-wieder-in-schweden\/2-we-attended-exhibition-buying-properties-abroad-again-in-sweden_result-2\/'><img decoding=\"async\" width=\"150\" height=\"113\" src=\"https:\/\/mediterra.group\/wp-content\/uploads\/2025\/06\/2-WE-ATTENDED-EXHIBITION-BUYING-PROPERTIES-ABROAD-AGAIN-IN-SWEDEN_result.webp\" class=\"attachment-thumbnail size-thumbnail\" alt=\"\" srcset=\"https:\/\/mediterra.group\/wp-content\/uploads\/2025\/06\/2-WE-ATTENDED-EXHIBITION-BUYING-PROPERTIES-ABROAD-AGAIN-IN-SWEDEN_result.webp 2048w, https:\/\/mediterra.group\/wp-content\/uploads\/2025\/06\/2-WE-ATTENDED-EXHIBITION-BUYING-PROPERTIES-ABROAD-AGAIN-IN-SWEDEN_result-1536x1152.webp 1536w, https:\/\/mediterra.group\/wp-content\/uploads\/2025\/06\/2-WE-ATTENDED-EXHIBITION-BUYING-PROPERTIES-ABROAD-AGAIN-IN-SWEDEN_result-584x438.webp 584w\" sizes=\"(max-width: 150px) 100vw, 150px\" \/><\/a>\n\t\t\t<\/div><\/figure><figure class='gallery-item'>\n\t\t\t<div class='gallery-icon landscape'>\n\t\t\t\t<a href='https:\/\/mediterra.group\/de\/wir-besuchten-die-ausstellung-immobilienkauf-im-ausland-wieder-in-schweden\/kapak-we-attended-exhibition-buying-properties-abroad-again-in-sweden-result169753774288735qjto-2-2\/'><img decoding=\"async\" width=\"150\" height=\"77\" src=\"https:\/\/mediterra.group\/wp-content\/uploads\/2025\/06\/kapak-we-attended-exhibition-buying-properties-abroad-again-in-sweden-result169753774288735QJto-1.webp\" class=\"attachment-thumbnail size-thumbnail\" alt=\"\" \/><\/a>\n\t\t\t<\/div><\/figure><figure class='gallery-item'>\n\t\t\t<div class='gallery-icon landscape'>\n\t\t\t\t<a href='https:\/\/mediterra.group\/de\/wir-besuchten-die-ausstellung-immobilienkauf-im-ausland-wieder-in-schweden\/4-we-attended-exhibition-buying-properties-abroad-again-in-sweden_result-2\/'><img decoding=\"async\" width=\"150\" height=\"113\" src=\"https:\/\/mediterra.group\/wp-content\/uploads\/2025\/06\/4-WE-ATTENDED-EXHIBITION-BUYING-PROPERTIES-ABROAD-AGAIN-IN-SWEDEN_result.webp\" class=\"attachment-thumbnail size-thumbnail\" alt=\"\" srcset=\"https:\/\/mediterra.group\/wp-content\/uploads\/2025\/06\/4-WE-ATTENDED-EXHIBITION-BUYING-PROPERTIES-ABROAD-AGAIN-IN-SWEDEN_result.webp 2048w, https:\/\/mediterra.group\/wp-content\/uploads\/2025\/06\/4-WE-ATTENDED-EXHIBITION-BUYING-PROPERTIES-ABROAD-AGAIN-IN-SWEDEN_result-1536x1152.webp 1536w, https:\/\/mediterra.group\/wp-content\/uploads\/2025\/06\/4-WE-ATTENDED-EXHIBITION-BUYING-PROPERTIES-ABROAD-AGAIN-IN-SWEDEN_result-584x438.webp 584w\" sizes=\"(max-width: 150px) 100vw, 150px\" \/><\/a>\n\t\t\t<\/div><\/figure><figure class='gallery-item'>\n\t\t\t<div class='gallery-icon landscape'>\n\t\t\t\t<a href='https:\/\/mediterra.group\/de\/wir-besuchten-die-ausstellung-immobilienkauf-im-ausland-wieder-in-schweden\/3-we-attended-exhibition-buying-properties-abroad-again-in-sweden_result-2\/'><img loading=\"lazy\" decoding=\"async\" width=\"150\" height=\"113\" src=\"https:\/\/mediterra.group\/wp-content\/uploads\/2025\/06\/3-WE-ATTENDED-EXHIBITION-BUYING-PROPERTIES-ABROAD-AGAIN-IN-SWEDEN_result.webp\" class=\"attachment-thumbnail size-thumbnail\" alt=\"\" srcset=\"https:\/\/mediterra.group\/wp-content\/uploads\/2025\/06\/3-WE-ATTENDED-EXHIBITION-BUYING-PROPERTIES-ABROAD-AGAIN-IN-SWEDEN_result.webp 2048w, https:\/\/mediterra.group\/wp-content\/uploads\/2025\/06\/3-WE-ATTENDED-EXHIBITION-BUYING-PROPERTIES-ABROAD-AGAIN-IN-SWEDEN_result-1536x1152.webp 1536w, https:\/\/mediterra.group\/wp-content\/uploads\/2025\/06\/3-WE-ATTENDED-EXHIBITION-BUYING-PROPERTIES-ABROAD-AGAIN-IN-SWEDEN_result-584x438.webp 584w\" sizes=\"(max-width: 150px) 100vw, 150px\" \/><\/a>\n\t\t\t<\/div><\/figure><figure class='gallery-item'>\n\t\t\t<div class='gallery-icon landscape'>\n\t\t\t\t<a href='https:\/\/mediterra.group\/de\/wir-besuchten-die-ausstellung-immobilienkauf-im-ausland-wieder-in-schweden\/5-we-attended-exhibition-buying-properties-abroad-again-in-sweden_result-2\/'><img loading=\"lazy\" decoding=\"async\" width=\"150\" height=\"113\" src=\"https:\/\/mediterra.group\/wp-content\/uploads\/2025\/06\/5-WE-ATTENDED-EXHIBITION-BUYING-PROPERTIES-ABROAD-AGAIN-IN-SWEDEN_result.webp\" class=\"attachment-thumbnail size-thumbnail\" alt=\"\" srcset=\"https:\/\/mediterra.group\/wp-content\/uploads\/2025\/06\/5-WE-ATTENDED-EXHIBITION-BUYING-PROPERTIES-ABROAD-AGAIN-IN-SWEDEN_result.webp 2048w, https:\/\/mediterra.group\/wp-content\/uploads\/2025\/06\/5-WE-ATTENDED-EXHIBITION-BUYING-PROPERTIES-ABROAD-AGAIN-IN-SWEDEN_result-1536x1152.webp 1536w, https:\/\/mediterra.group\/wp-content\/uploads\/2025\/06\/5-WE-ATTENDED-EXHIBITION-BUYING-PROPERTIES-ABROAD-AGAIN-IN-SWEDEN_result-584x438.webp 584w\" sizes=\"(max-width: 150px) 100vw, 150px\" \/><\/a>\n\t\t\t<\/div><\/figure><figure class='gallery-item'>\n\t\t\t<div class='gallery-icon landscape'>\n\t\t\t\t<a href='https:\/\/mediterra.group\/de\/wir-besuchten-die-ausstellung-immobilienkauf-im-ausland-wieder-in-schweden\/6-we-attended-exhibition-buying-properties-abroad-again-in-sweden_result-2\/'><img loading=\"lazy\" decoding=\"async\" width=\"150\" height=\"113\" src=\"https:\/\/mediterra.group\/wp-content\/uploads\/2025\/06\/6-WE-ATTENDED-EXHIBITION-BUYING-PROPERTIES-ABROAD-AGAIN-IN-SWEDEN_result.webp\" class=\"attachment-thumbnail size-thumbnail\" alt=\"\" srcset=\"https:\/\/mediterra.group\/wp-content\/uploads\/2025\/06\/6-WE-ATTENDED-EXHIBITION-BUYING-PROPERTIES-ABROAD-AGAIN-IN-SWEDEN_result.webp 2048w, https:\/\/mediterra.group\/wp-content\/uploads\/2025\/06\/6-WE-ATTENDED-EXHIBITION-BUYING-PROPERTIES-ABROAD-AGAIN-IN-SWEDEN_result-1536x1152.webp 1536w, https:\/\/mediterra.group\/wp-content\/uploads\/2025\/06\/6-WE-ATTENDED-EXHIBITION-BUYING-PROPERTIES-ABROAD-AGAIN-IN-SWEDEN_result-584x438.webp 584w\" sizes=\"(max-width: 150px) 100vw, 150px\" \/><\/a>\n\t\t\t<\/div><\/figure>\n\t\t<\/div>\n\n","protected":false},"excerpt":{"rendered":"<p>Wir haben es geliebt, mit schwedischen Menschen zusammen zu sein. Da wir letzten Monat an der gleichen Organisation in G\u00f6teborg teilgenommen haben, waren wir dieses Mal in Stockholm. Die Ausstellung stie\u00df auf gro\u00dfes Interesse. Es sieht so aus, als ob wir bald mehr Schweden in Nordzypern sehen werden.<\/p>\n","protected":false},"author":1,"featured_media":24305,"comment_status":"open","ping_status":"open","sticky":false,"template":"","format":"standard","meta":{"_acf_changed":false,"footnotes":""},"categories":[255],"tags":[],"class_list":["post-33213","post","type-post","status-publish","format-standard","has-post-thumbnail","hentry","category-veranstaltungen"],"acf":[],"yoast_head":"<!-- This site is optimized with the Yoast SEO plugin v27.5 - https:\/\/yoast.com\/product\/yoast-seo-wordpress\/ -->\n<title>Wir besuchten die Ausstellung Immobilienkauf im Ausland wieder in Schweden - Mediterra Group<\/title>\n<meta name=\"robots\" content=\"index, follow, max-snippet:-1, max-image-preview:large, max-video-preview:-1\" \/>\n<link rel=\"canonical\" href=\"https:\/\/mediterra.group\/we-attended-exhibition-buying-properties-abroad-again-in-sweden\/\" \/>\n<meta property=\"og:locale\" content=\"de_DE\" \/>\n<meta property=\"og:type\" content=\"article\" \/>\n<meta property=\"og:title\" content=\"Wir besuchten die Ausstellung Immobilienkauf im Ausland wieder in Schweden - Mediterra Group\" \/>\n<meta property=\"og:description\" content=\"Wir haben es geliebt, mit schwedischen Menschen zusammen zu sein. Da wir letzten Monat an der gleichen Organisation in G\u00f6teborg teilgenommen haben, waren wir dieses Mal in Stockholm. Die Ausstellung stie\u00df auf gro\u00dfes Interesse. Es sieht so aus, als ob wir bald mehr Schweden in Nordzypern sehen werden.\" \/>\n<meta property=\"og:url\" content=\"https:\/\/mediterra.group\/we-attended-exhibition-buying-properties-abroad-again-in-sweden\/\" \/>\n<meta property=\"og:site_name\" content=\"Mediterra Group\" \/>\n<meta property=\"article:published_time\" content=\"2025-06-18T10:42:35+00:00\" \/>\n<meta property=\"og:image\" content=\"https:\/\/mediterra.group\/wp-content\/uploads\/2025\/06\/kapak-we-attended-exhibition-buying-properties-abroad-again-in-sweden-result169753774288735QJto.webp\" \/>\n\t<meta property=\"og:image:width\" content=\"440\" \/>\n\t<meta property=\"og:image:height\" content=\"225\" \/>\n\t<meta property=\"og:image:type\" content=\"image\/webp\" \/>\n<meta name=\"author\" content=\"prfj\" \/>\n<meta name=\"twitter:card\" content=\"summary_large_image\" \/>\n<meta name=\"twitter:label1\" content=\"Verfasst von\" \/>\n\t<meta name=\"twitter:data1\" content=\"prfj\" \/>\n<script type=\"application\/ld+json\" class=\"yoast-schema-graph\">{\"@context\":\"https:\\\/\\\/schema.org\",\"@graph\":[{\"@type\":\"Article\",\"@id\":\"https:\\\/\\\/mediterra.group\\\/we-attended-exhibition-buying-properties-abroad-again-in-sweden\\\/#article\",\"isPartOf\":{\"@id\":\"https:\\\/\\\/mediterra.group\\\/we-attended-exhibition-buying-properties-abroad-again-in-sweden\\\/\"},\"author\":{\"name\":\"prfj\",\"@id\":\"https:\\\/\\\/mediterra.group\\\/ar\\\/#\\\/schema\\\/person\\\/7db86f2bc7783cf0f27705320203bffb\"},\"headline\":\"Wir besuchten die Ausstellung Immobilienkauf im Ausland wieder in Schweden\",\"datePublished\":\"2025-06-18T10:42:35+00:00\",\"mainEntityOfPage\":{\"@id\":\"https:\\\/\\\/mediterra.group\\\/we-attended-exhibition-buying-properties-abroad-again-in-sweden\\\/\"},\"wordCount\":62,\"commentCount\":0,\"image\":{\"@id\":\"https:\\\/\\\/mediterra.group\\\/we-attended-exhibition-buying-properties-abroad-again-in-sweden\\\/#primaryimage\"},\"thumbnailUrl\":\"https:\\\/\\\/mediterra.group\\\/wp-content\\\/uploads\\\/2025\\\/06\\\/kapak-we-attended-exhibition-buying-properties-abroad-again-in-sweden-result169753774288735QJto.webp\",\"articleSection\":[\"VERANSTALTUNGEN\"],\"inLanguage\":\"de\",\"potentialAction\":[{\"@type\":\"CommentAction\",\"name\":\"Comment\",\"target\":[\"https:\\\/\\\/mediterra.group\\\/we-attended-exhibition-buying-properties-abroad-again-in-sweden\\\/#respond\"]}]},{\"@type\":\"WebPage\",\"@id\":\"https:\\\/\\\/mediterra.group\\\/we-attended-exhibition-buying-properties-abroad-again-in-sweden\\\/\",\"url\":\"https:\\\/\\\/mediterra.group\\\/we-attended-exhibition-buying-properties-abroad-again-in-sweden\\\/\",\"name\":\"Wir besuchten die Ausstellung Immobilienkauf im Ausland wieder in Schweden - Mediterra Group\",\"isPartOf\":{\"@id\":\"https:\\\/\\\/mediterra.group\\\/ar\\\/#website\"},\"primaryImageOfPage\":{\"@id\":\"https:\\\/\\\/mediterra.group\\\/we-attended-exhibition-buying-properties-abroad-again-in-sweden\\\/#primaryimage\"},\"image\":{\"@id\":\"https:\\\/\\\/mediterra.group\\\/we-attended-exhibition-buying-properties-abroad-again-in-sweden\\\/#primaryimage\"},\"thumbnailUrl\":\"https:\\\/\\\/mediterra.group\\\/wp-content\\\/uploads\\\/2025\\\/06\\\/kapak-we-attended-exhibition-buying-properties-abroad-again-in-sweden-result169753774288735QJto.webp\",\"datePublished\":\"2025-06-18T10:42:35+00:00\",\"author\":{\"@id\":\"https:\\\/\\\/mediterra.group\\\/ar\\\/#\\\/schema\\\/person\\\/7db86f2bc7783cf0f27705320203bffb\"},\"breadcrumb\":{\"@id\":\"https:\\\/\\\/mediterra.group\\\/we-attended-exhibition-buying-properties-abroad-again-in-sweden\\\/#breadcrumb\"},\"inLanguage\":\"de\",\"potentialAction\":[{\"@type\":\"ReadAction\",\"target\":[\"https:\\\/\\\/mediterra.group\\\/we-attended-exhibition-buying-properties-abroad-again-in-sweden\\\/\"]}]},{\"@type\":\"ImageObject\",\"inLanguage\":\"de\",\"@id\":\"https:\\\/\\\/mediterra.group\\\/we-attended-exhibition-buying-properties-abroad-again-in-sweden\\\/#primaryimage\",\"url\":\"https:\\\/\\\/mediterra.group\\\/wp-content\\\/uploads\\\/2025\\\/06\\\/kapak-we-attended-exhibition-buying-properties-abroad-again-in-sweden-result169753774288735QJto.webp\",\"contentUrl\":\"https:\\\/\\\/mediterra.group\\\/wp-content\\\/uploads\\\/2025\\\/06\\\/kapak-we-attended-exhibition-buying-properties-abroad-again-in-sweden-result169753774288735QJto.webp\",\"width\":440,\"height\":225},{\"@type\":\"BreadcrumbList\",\"@id\":\"https:\\\/\\\/mediterra.group\\\/we-attended-exhibition-buying-properties-abroad-again-in-sweden\\\/#breadcrumb\",\"itemListElement\":[{\"@type\":\"ListItem\",\"position\":1,\"name\":\"Home\",\"item\":\"https:\\\/\\\/mediterra.group\\\/de\\\/\"},{\"@type\":\"ListItem\",\"position\":2,\"name\":\"Wir besuchten die Ausstellung Immobilienkauf im Ausland wieder in Schweden\"}]},{\"@type\":\"WebSite\",\"@id\":\"https:\\\/\\\/mediterra.group\\\/ar\\\/#website\",\"url\":\"https:\\\/\\\/mediterra.group\\\/ar\\\/\",\"name\":\"Mediterra Group\",\"description\":\"\",\"potentialAction\":[{\"@type\":\"SearchAction\",\"target\":{\"@type\":\"EntryPoint\",\"urlTemplate\":\"https:\\\/\\\/mediterra.group\\\/ar\\\/?s={search_term_string}\"},\"query-input\":{\"@type\":\"PropertyValueSpecification\",\"valueRequired\":true,\"valueName\":\"search_term_string\"}}],\"inLanguage\":\"de\"},{\"@type\":\"Person\",\"@id\":\"https:\\\/\\\/mediterra.group\\\/ar\\\/#\\\/schema\\\/person\\\/7db86f2bc7783cf0f27705320203bffb\",\"name\":\"prfj\",\"image\":{\"@type\":\"ImageObject\",\"inLanguage\":\"de\",\"@id\":\"https:\\\/\\\/secure.gravatar.com\\\/avatar\\\/efc76156b22a6391dfe826fa01e611bcd5dacefe7489936136b7f4d5eb1c0fb4?s=96&d=mm&r=g\",\"url\":\"https:\\\/\\\/secure.gravatar.com\\\/avatar\\\/efc76156b22a6391dfe826fa01e611bcd5dacefe7489936136b7f4d5eb1c0fb4?s=96&d=mm&r=g\",\"contentUrl\":\"https:\\\/\\\/secure.gravatar.com\\\/avatar\\\/efc76156b22a6391dfe826fa01e611bcd5dacefe7489936136b7f4d5eb1c0fb4?s=96&d=mm&r=g\",\"caption\":\"prfj\"},\"sameAs\":[\"https:\\\/\\\/mediterra.group\"],\"url\":\"https:\\\/\\\/mediterra.group\\\/de\\\/author\\\/prfj\\\/\"}]}<\/script>\n<!-- \/ Yoast SEO plugin. -->","yoast_head_json":{"title":"Wir besuchten die Ausstellung Immobilienkauf im Ausland wieder in Schweden - Mediterra Group","robots":{"index":"index","follow":"follow","max-snippet":"max-snippet:-1","max-image-preview":"max-image-preview:large","max-video-preview":"max-video-preview:-1"},"canonical":"https:\/\/mediterra.group\/we-attended-exhibition-buying-properties-abroad-again-in-sweden\/","og_locale":"de_DE","og_type":"article","og_title":"Wir besuchten die Ausstellung Immobilienkauf im Ausland wieder in Schweden - Mediterra Group","og_description":"Wir haben es geliebt, mit schwedischen Menschen zusammen zu sein. Da wir letzten Monat an der gleichen Organisation in G\u00f6teborg teilgenommen haben, waren wir dieses Mal in Stockholm. Die Ausstellung stie\u00df auf gro\u00dfes Interesse. Es sieht so aus, als ob wir bald mehr Schweden in Nordzypern sehen werden.","og_url":"https:\/\/mediterra.group\/we-attended-exhibition-buying-properties-abroad-again-in-sweden\/","og_site_name":"Mediterra Group","article_published_time":"2025-06-18T10:42:35+00:00","og_image":[{"width":440,"height":225,"url":"https:\/\/mediterra.group\/wp-content\/uploads\/2025\/06\/kapak-we-attended-exhibition-buying-properties-abroad-again-in-sweden-result169753774288735QJto.webp","type":"image\/webp"}],"author":"prfj","twitter_card":"summary_large_image","twitter_misc":{"Verfasst von":"prfj"},"schema":{"@context":"https:\/\/schema.org","@graph":[{"@type":"Article","@id":"https:\/\/mediterra.group\/we-attended-exhibition-buying-properties-abroad-again-in-sweden\/#article","isPartOf":{"@id":"https:\/\/mediterra.group\/we-attended-exhibition-buying-properties-abroad-again-in-sweden\/"},"author":{"name":"prfj","@id":"https:\/\/mediterra.group\/ar\/#\/schema\/person\/7db86f2bc7783cf0f27705320203bffb"},"headline":"Wir besuchten die Ausstellung Immobilienkauf im Ausland wieder in Schweden","datePublished":"2025-06-18T10:42:35+00:00","mainEntityOfPage":{"@id":"https:\/\/mediterra.group\/we-attended-exhibition-buying-properties-abroad-again-in-sweden\/"},"wordCount":62,"commentCount":0,"image":{"@id":"https:\/\/mediterra.group\/we-attended-exhibition-buying-properties-abroad-again-in-sweden\/#primaryimage"},"thumbnailUrl":"https:\/\/mediterra.group\/wp-content\/uploads\/2025\/06\/kapak-we-attended-exhibition-buying-properties-abroad-again-in-sweden-result169753774288735QJto.webp","articleSection":["VERANSTALTUNGEN"],"inLanguage":"de","potentialAction":[{"@type":"CommentAction","name":"Comment","target":["https:\/\/mediterra.group\/we-attended-exhibition-buying-properties-abroad-again-in-sweden\/#respond"]}]},{"@type":"WebPage","@id":"https:\/\/mediterra.group\/we-attended-exhibition-buying-properties-abroad-again-in-sweden\/","url":"https:\/\/mediterra.group\/we-attended-exhibition-buying-properties-abroad-again-in-sweden\/","name":"Wir besuchten die Ausstellung Immobilienkauf im Ausland wieder in Schweden - Mediterra Group","isPartOf":{"@id":"https:\/\/mediterra.group\/ar\/#website"},"primaryImageOfPage":{"@id":"https:\/\/mediterra.group\/we-attended-exhibition-buying-properties-abroad-again-in-sweden\/#primaryimage"},"image":{"@id":"https:\/\/mediterra.group\/we-attended-exhibition-buying-properties-abroad-again-in-sweden\/#primaryimage"},"thumbnailUrl":"https:\/\/mediterra.group\/wp-content\/uploads\/2025\/06\/kapak-we-attended-exhibition-buying-properties-abroad-again-in-sweden-result169753774288735QJto.webp","datePublished":"2025-06-18T10:42:35+00:00","author":{"@id":"https:\/\/mediterra.group\/ar\/#\/schema\/person\/7db86f2bc7783cf0f27705320203bffb"},"breadcrumb":{"@id":"https:\/\/mediterra.group\/we-attended-exhibition-buying-properties-abroad-again-in-sweden\/#breadcrumb"},"inLanguage":"de","potentialAction":[{"@type":"ReadAction","target":["https:\/\/mediterra.group\/we-attended-exhibition-buying-properties-abroad-again-in-sweden\/"]}]},{"@type":"ImageObject","inLanguage":"de","@id":"https:\/\/mediterra.group\/we-attended-exhibition-buying-properties-abroad-again-in-sweden\/#primaryimage","url":"https:\/\/mediterra.group\/wp-content\/uploads\/2025\/06\/kapak-we-attended-exhibition-buying-properties-abroad-again-in-sweden-result169753774288735QJto.webp","contentUrl":"https:\/\/mediterra.group\/wp-content\/uploads\/2025\/06\/kapak-we-attended-exhibition-buying-properties-abroad-again-in-sweden-result169753774288735QJto.webp","width":440,"height":225},{"@type":"BreadcrumbList","@id":"https:\/\/mediterra.group\/we-attended-exhibition-buying-properties-abroad-again-in-sweden\/#breadcrumb","itemListElement":[{"@type":"ListItem","position":1,"name":"Home","item":"https:\/\/mediterra.group\/de\/"},{"@type":"ListItem","position":2,"name":"Wir besuchten die Ausstellung Immobilienkauf im Ausland wieder in Schweden"}]},{"@type":"WebSite","@id":"https:\/\/mediterra.group\/ar\/#website","url":"https:\/\/mediterra.group\/ar\/","name":"Mediterra Group","description":"","potentialAction":[{"@type":"SearchAction","target":{"@type":"EntryPoint","urlTemplate":"https:\/\/mediterra.group\/ar\/?s={search_term_string}"},"query-input":{"@type":"PropertyValueSpecification","valueRequired":true,"valueName":"search_term_string"}}],"inLanguage":"de"},{"@type":"Person","@id":"https:\/\/mediterra.group\/ar\/#\/schema\/person\/7db86f2bc7783cf0f27705320203bffb","name":"prfj","image":{"@type":"ImageObject","inLanguage":"de","@id":"https:\/\/secure.gravatar.com\/avatar\/efc76156b22a6391dfe826fa01e611bcd5dacefe7489936136b7f4d5eb1c0fb4?s=96&d=mm&r=g","url":"https:\/\/secure.gravatar.com\/avatar\/efc76156b22a6391dfe826fa01e611bcd5dacefe7489936136b7f4d5eb1c0fb4?s=96&d=mm&r=g","contentUrl":"https:\/\/secure.gravatar.com\/avatar\/efc76156b22a6391dfe826fa01e611bcd5dacefe7489936136b7f4d5eb1c0fb4?s=96&d=mm&r=g","caption":"prfj"},"sameAs":["https:\/\/mediterra.group"],"url":"https:\/\/mediterra.group\/de\/author\/prfj\/"}]}},"_links":{"self":[{"href":"https:\/\/mediterra.group\/de\/wp-json\/wp\/v2\/posts\/33213","targetHints":{"allow":["GET"]}}],"collection":[{"href":"https:\/\/mediterra.group\/de\/wp-json\/wp\/v2\/posts"}],"about":[{"href":"https:\/\/mediterra.group\/de\/wp-json\/wp\/v2\/types\/post"}],"author":[{"embeddable":true,"href":"https:\/\/mediterra.group\/de\/wp-json\/wp\/v2\/users\/1"}],"replies":[{"embeddable":true,"href":"https:\/\/mediterra.group\/de\/wp-json\/wp\/v2\/comments?post=33213"}],"version-history":[{"count":0,"href":"https:\/\/mediterra.group\/de\/wp-json\/wp\/v2\/posts\/33213\/revisions"}],"wp:featuredmedia":[{"embeddable":true,"href":"https:\/\/mediterra.group\/de\/wp-json\/wp\/v2\/media\/24305"}],"wp:attachment":[{"href":"https:\/\/mediterra.group\/de\/wp-json\/wp\/v2\/media?parent=33213"}],"wp:term":[{"taxonomy":"category","embeddable":true,"href":"https:\/\/mediterra.group\/de\/wp-json\/wp\/v2\/categories?post=33213"},{"taxonomy":"post_tag","embeddable":true,"href":"https:\/\/mediterra.group\/de\/wp-json\/wp\/v2\/tags?post=33213"}],"curies":[{"name":"wp","href":"https:\/\/api.w.org\/{rel}","templated":true}]}}