{"id":33203,"date":"2025-06-18T10:41:06","date_gmt":"2025-06-18T10:41:06","guid":{"rendered":"https:\/\/mediterra.group\/der-umzugsprozess-ist-fuer-uns-erledigt\/"},"modified":"2025-06-18T10:41:06","modified_gmt":"2025-06-18T10:41:06","slug":"der-umzugsprozess-ist-fuer-uns-erledigt","status":"publish","type":"post","link":"https:\/\/mediterra.group\/de\/der-umzugsprozess-ist-fuer-uns-erledigt\/","title":{"rendered":"Der Umzugsprozess ist f\u00fcr uns erledigt!"},"content":{"rendered":"<div class=\"row\">\n<div class=\"col-11 col-sm-9 col-lg-10\">\n<div class=\"boxes\">\n<div class=\"box-up\">\n<div class=\"event-box\">\n<p><strong>Normalerweise helfen wir unseren Kunden bei einem Umzug, aber dieses Mal haben wir etwas Besonderes f\u00fcr Sie.<\/strong>  Jeder Teil Zyperns begleitet einen Teil der Geschichte. Jetzt werden auch wir in Kyrenia ein Teil dieser historischen Struktur.   <strong>Wir sind in unsere neue Wohnung gezogen, indem wir sie sowohl gesch\u00fctzt als auch funktional gestaltet haben.<\/strong><\/p>\n<p>Diese Architektur, die auch als K\u00fc\u00e7\u00fck Said Pasha Mansion bekannt ist, geh\u00f6rt zu den wertvollen Bauwerken des t\u00fcrkischen Viertels von Kyrenia. Dieses Bauwerk aus dem Osmanischen Reich des 19. Jahrhunderts wird den neuen Mitgliedern des mediterranen Zeitalters des 21. Jahrhunderts gerecht.   <strong>Willkommen in unserem neuen B\u00fcro in Kyrenia!<\/strong><\/p>\n<div id='gallery-1' class='gallery galleryid-33203 gallery-columns-4 gallery-size-medium'><figure class='gallery-item'>\n\t\t\t<div class='gallery-icon landscape'>\n\t\t\t\t<a href='https:\/\/mediterra.group\/de\/der-umzugsprozess-ist-fuer-uns-erledigt\/a1-2\/'><img fetchpriority=\"high\" decoding=\"async\" width=\"300\" height=\"225\" src=\"https:\/\/mediterra.group\/wp-content\/uploads\/2025\/06\/a1.webp\" class=\"attachment-medium size-medium\" alt=\"\" \/><\/a>\n\t\t\t<\/div><\/figure><figure class='gallery-item'>\n\t\t\t<div class='gallery-icon landscape'>\n\t\t\t\t<a href='https:\/\/mediterra.group\/de\/der-umzugsprozess-ist-fuer-uns-erledigt\/a2-2\/'><img decoding=\"async\" width=\"300\" height=\"169\" src=\"https:\/\/mediterra.group\/wp-content\/uploads\/2025\/06\/a2.webp\" class=\"attachment-medium size-medium\" alt=\"\" \/><\/a>\n\t\t\t<\/div><\/figure><figure class='gallery-item'>\n\t\t\t<div class='gallery-icon landscape'>\n\t\t\t\t<a href='https:\/\/mediterra.group\/de\/der-umzugsprozess-ist-fuer-uns-erledigt\/a3-2\/'><img decoding=\"async\" width=\"300\" height=\"169\" src=\"https:\/\/mediterra.group\/wp-content\/uploads\/2025\/06\/a3.webp\" class=\"attachment-medium size-medium\" alt=\"\" \/><\/a>\n\t\t\t<\/div><\/figure><figure class='gallery-item'>\n\t\t\t<div class='gallery-icon landscape'>\n\t\t\t\t<a href='https:\/\/mediterra.group\/de\/der-umzugsprozess-ist-fuer-uns-erledigt\/a4-2\/'><img loading=\"lazy\" decoding=\"async\" width=\"300\" height=\"225\" src=\"https:\/\/mediterra.group\/wp-content\/uploads\/2025\/06\/a4.webp\" class=\"attachment-medium size-medium\" alt=\"\" \/><\/a>\n\t\t\t<\/div><\/figure><figure class='gallery-item'>\n\t\t\t<div class='gallery-icon portrait'>\n\t\t\t\t<a href='https:\/\/mediterra.group\/de\/der-umzugsprozess-ist-fuer-uns-erledigt\/b5-2\/'><img loading=\"lazy\" decoding=\"async\" width=\"227\" height=\"300\" src=\"https:\/\/mediterra.group\/wp-content\/uploads\/2025\/06\/b5.webp\" class=\"attachment-medium size-medium\" alt=\"\" \/><\/a>\n\t\t\t<\/div><\/figure>\n\t\t<\/div>\n\n<\/div>\n<\/div>\n<\/div>\n<\/div>\n<\/div>\n","protected":false},"excerpt":{"rendered":"<p>Normalerweise helfen wir unseren Kunden bei einem Umzug, aber dieses Mal haben wir etwas Besonderes f\u00fcr Sie. Jeder Teil Zyperns begleitet einen Teil der Geschichte. Jetzt werden auch wir in Kyrenia ein Teil dieser historischen Struktur. Wir sind in unsere neue Wohnung gezogen, indem wir sie sowohl gesch\u00fctzt als auch funktional gestaltet haben. Diese Architektur, [&hellip;]<\/p>\n","protected":false},"author":1,"featured_media":24265,"comment_status":"open","ping_status":"open","sticky":false,"template":"","format":"standard","meta":{"_acf_changed":false,"footnotes":""},"categories":[255],"tags":[],"class_list":["post-33203","post","type-post","status-publish","format-standard","has-post-thumbnail","hentry","category-veranstaltungen"],"acf":[],"yoast_head":"<!-- This site is optimized with the Yoast SEO plugin v27.5 - https:\/\/yoast.com\/product\/yoast-seo-wordpress\/ -->\n<title>Der Umzugsprozess ist f\u00fcr uns erledigt! - Mediterra Group<\/title>\n<meta name=\"robots\" content=\"index, follow, max-snippet:-1, max-image-preview:large, max-video-preview:-1\" \/>\n<link rel=\"canonical\" href=\"https:\/\/mediterra.group\/relocation-process-is-done-for-us\/\" \/>\n<meta property=\"og:locale\" content=\"de_DE\" \/>\n<meta property=\"og:type\" content=\"article\" \/>\n<meta property=\"og:title\" content=\"Der Umzugsprozess ist f\u00fcr uns erledigt! - Mediterra Group\" \/>\n<meta property=\"og:description\" content=\"Normalerweise helfen wir unseren Kunden bei einem Umzug, aber dieses Mal haben wir etwas Besonderes f\u00fcr Sie. Jeder Teil Zyperns begleitet einen Teil der Geschichte. Jetzt werden auch wir in Kyrenia ein Teil dieser historischen Struktur. Wir sind in unsere neue Wohnung gezogen, indem wir sie sowohl gesch\u00fctzt als auch funktional gestaltet haben. Diese Architektur, [&hellip;]\" \/>\n<meta property=\"og:url\" content=\"https:\/\/mediterra.group\/relocation-process-is-done-for-us\/\" \/>\n<meta property=\"og:site_name\" content=\"Mediterra Group\" \/>\n<meta property=\"article:published_time\" content=\"2025-06-18T10:41:06+00:00\" \/>\n<meta property=\"og:image\" content=\"https:\/\/mediterra.group\/wp-content\/uploads\/2025\/06\/kappak2170668165814469TvcH.webp\" \/>\n\t<meta property=\"og:image:width\" content=\"400\" \/>\n\t<meta property=\"og:image:height\" content=\"225\" \/>\n\t<meta property=\"og:image:type\" content=\"image\/webp\" \/>\n<meta name=\"author\" content=\"prfj\" \/>\n<meta name=\"twitter:card\" content=\"summary_large_image\" \/>\n<meta name=\"twitter:label1\" content=\"Verfasst von\" \/>\n\t<meta name=\"twitter:data1\" content=\"prfj\" \/>\n\t<meta name=\"twitter:label2\" content=\"Gesch\u00e4tzte Lesezeit\" \/>\n\t<meta name=\"twitter:data2\" content=\"1\u00a0Minute\" \/>\n<script type=\"application\/ld+json\" class=\"yoast-schema-graph\">{\"@context\":\"https:\\\/\\\/schema.org\",\"@graph\":[{\"@type\":\"Article\",\"@id\":\"https:\\\/\\\/mediterra.group\\\/relocation-process-is-done-for-us\\\/#article\",\"isPartOf\":{\"@id\":\"https:\\\/\\\/mediterra.group\\\/relocation-process-is-done-for-us\\\/\"},\"author\":{\"name\":\"prfj\",\"@id\":\"https:\\\/\\\/mediterra.group\\\/ar\\\/#\\\/schema\\\/person\\\/7db86f2bc7783cf0f27705320203bffb\"},\"headline\":\"Der Umzugsprozess ist f\u00fcr uns erledigt!\",\"datePublished\":\"2025-06-18T10:41:06+00:00\",\"mainEntityOfPage\":{\"@id\":\"https:\\\/\\\/mediterra.group\\\/relocation-process-is-done-for-us\\\/\"},\"wordCount\":117,\"commentCount\":0,\"image\":{\"@id\":\"https:\\\/\\\/mediterra.group\\\/relocation-process-is-done-for-us\\\/#primaryimage\"},\"thumbnailUrl\":\"https:\\\/\\\/mediterra.group\\\/wp-content\\\/uploads\\\/2025\\\/06\\\/kappak2170668165814469TvcH.webp\",\"articleSection\":[\"VERANSTALTUNGEN\"],\"inLanguage\":\"de\",\"potentialAction\":[{\"@type\":\"CommentAction\",\"name\":\"Comment\",\"target\":[\"https:\\\/\\\/mediterra.group\\\/relocation-process-is-done-for-us\\\/#respond\"]}]},{\"@type\":\"WebPage\",\"@id\":\"https:\\\/\\\/mediterra.group\\\/relocation-process-is-done-for-us\\\/\",\"url\":\"https:\\\/\\\/mediterra.group\\\/relocation-process-is-done-for-us\\\/\",\"name\":\"Der Umzugsprozess ist f\u00fcr uns erledigt! - Mediterra Group\",\"isPartOf\":{\"@id\":\"https:\\\/\\\/mediterra.group\\\/ar\\\/#website\"},\"primaryImageOfPage\":{\"@id\":\"https:\\\/\\\/mediterra.group\\\/relocation-process-is-done-for-us\\\/#primaryimage\"},\"image\":{\"@id\":\"https:\\\/\\\/mediterra.group\\\/relocation-process-is-done-for-us\\\/#primaryimage\"},\"thumbnailUrl\":\"https:\\\/\\\/mediterra.group\\\/wp-content\\\/uploads\\\/2025\\\/06\\\/kappak2170668165814469TvcH.webp\",\"datePublished\":\"2025-06-18T10:41:06+00:00\",\"author\":{\"@id\":\"https:\\\/\\\/mediterra.group\\\/ar\\\/#\\\/schema\\\/person\\\/7db86f2bc7783cf0f27705320203bffb\"},\"breadcrumb\":{\"@id\":\"https:\\\/\\\/mediterra.group\\\/relocation-process-is-done-for-us\\\/#breadcrumb\"},\"inLanguage\":\"de\",\"potentialAction\":[{\"@type\":\"ReadAction\",\"target\":[\"https:\\\/\\\/mediterra.group\\\/relocation-process-is-done-for-us\\\/\"]}]},{\"@type\":\"ImageObject\",\"inLanguage\":\"de\",\"@id\":\"https:\\\/\\\/mediterra.group\\\/relocation-process-is-done-for-us\\\/#primaryimage\",\"url\":\"https:\\\/\\\/mediterra.group\\\/wp-content\\\/uploads\\\/2025\\\/06\\\/kappak2170668165814469TvcH.webp\",\"contentUrl\":\"https:\\\/\\\/mediterra.group\\\/wp-content\\\/uploads\\\/2025\\\/06\\\/kappak2170668165814469TvcH.webp\",\"width\":400,\"height\":225},{\"@type\":\"BreadcrumbList\",\"@id\":\"https:\\\/\\\/mediterra.group\\\/relocation-process-is-done-for-us\\\/#breadcrumb\",\"itemListElement\":[{\"@type\":\"ListItem\",\"position\":1,\"name\":\"Home\",\"item\":\"https:\\\/\\\/mediterra.group\\\/de\\\/\"},{\"@type\":\"ListItem\",\"position\":2,\"name\":\"Der Umzugsprozess ist f\u00fcr uns erledigt!\"}]},{\"@type\":\"WebSite\",\"@id\":\"https:\\\/\\\/mediterra.group\\\/ar\\\/#website\",\"url\":\"https:\\\/\\\/mediterra.group\\\/ar\\\/\",\"name\":\"Mediterra Group\",\"description\":\"\",\"potentialAction\":[{\"@type\":\"SearchAction\",\"target\":{\"@type\":\"EntryPoint\",\"urlTemplate\":\"https:\\\/\\\/mediterra.group\\\/ar\\\/?s={search_term_string}\"},\"query-input\":{\"@type\":\"PropertyValueSpecification\",\"valueRequired\":true,\"valueName\":\"search_term_string\"}}],\"inLanguage\":\"de\"},{\"@type\":\"Person\",\"@id\":\"https:\\\/\\\/mediterra.group\\\/ar\\\/#\\\/schema\\\/person\\\/7db86f2bc7783cf0f27705320203bffb\",\"name\":\"prfj\",\"image\":{\"@type\":\"ImageObject\",\"inLanguage\":\"de\",\"@id\":\"https:\\\/\\\/secure.gravatar.com\\\/avatar\\\/efc76156b22a6391dfe826fa01e611bcd5dacefe7489936136b7f4d5eb1c0fb4?s=96&d=mm&r=g\",\"url\":\"https:\\\/\\\/secure.gravatar.com\\\/avatar\\\/efc76156b22a6391dfe826fa01e611bcd5dacefe7489936136b7f4d5eb1c0fb4?s=96&d=mm&r=g\",\"contentUrl\":\"https:\\\/\\\/secure.gravatar.com\\\/avatar\\\/efc76156b22a6391dfe826fa01e611bcd5dacefe7489936136b7f4d5eb1c0fb4?s=96&d=mm&r=g\",\"caption\":\"prfj\"},\"sameAs\":[\"https:\\\/\\\/mediterra.group\"],\"url\":\"https:\\\/\\\/mediterra.group\\\/de\\\/author\\\/prfj\\\/\"}]}<\/script>\n<!-- \/ Yoast SEO plugin. -->","yoast_head_json":{"title":"Der Umzugsprozess ist f\u00fcr uns erledigt! - Mediterra Group","robots":{"index":"index","follow":"follow","max-snippet":"max-snippet:-1","max-image-preview":"max-image-preview:large","max-video-preview":"max-video-preview:-1"},"canonical":"https:\/\/mediterra.group\/relocation-process-is-done-for-us\/","og_locale":"de_DE","og_type":"article","og_title":"Der Umzugsprozess ist f\u00fcr uns erledigt! - Mediterra Group","og_description":"Normalerweise helfen wir unseren Kunden bei einem Umzug, aber dieses Mal haben wir etwas Besonderes f\u00fcr Sie. Jeder Teil Zyperns begleitet einen Teil der Geschichte. Jetzt werden auch wir in Kyrenia ein Teil dieser historischen Struktur. Wir sind in unsere neue Wohnung gezogen, indem wir sie sowohl gesch\u00fctzt als auch funktional gestaltet haben. Diese Architektur, [&hellip;]","og_url":"https:\/\/mediterra.group\/relocation-process-is-done-for-us\/","og_site_name":"Mediterra Group","article_published_time":"2025-06-18T10:41:06+00:00","og_image":[{"width":400,"height":225,"url":"https:\/\/mediterra.group\/wp-content\/uploads\/2025\/06\/kappak2170668165814469TvcH.webp","type":"image\/webp"}],"author":"prfj","twitter_card":"summary_large_image","twitter_misc":{"Verfasst von":"prfj","Gesch\u00e4tzte Lesezeit":"1\u00a0Minute"},"schema":{"@context":"https:\/\/schema.org","@graph":[{"@type":"Article","@id":"https:\/\/mediterra.group\/relocation-process-is-done-for-us\/#article","isPartOf":{"@id":"https:\/\/mediterra.group\/relocation-process-is-done-for-us\/"},"author":{"name":"prfj","@id":"https:\/\/mediterra.group\/ar\/#\/schema\/person\/7db86f2bc7783cf0f27705320203bffb"},"headline":"Der Umzugsprozess ist f\u00fcr uns erledigt!","datePublished":"2025-06-18T10:41:06+00:00","mainEntityOfPage":{"@id":"https:\/\/mediterra.group\/relocation-process-is-done-for-us\/"},"wordCount":117,"commentCount":0,"image":{"@id":"https:\/\/mediterra.group\/relocation-process-is-done-for-us\/#primaryimage"},"thumbnailUrl":"https:\/\/mediterra.group\/wp-content\/uploads\/2025\/06\/kappak2170668165814469TvcH.webp","articleSection":["VERANSTALTUNGEN"],"inLanguage":"de","potentialAction":[{"@type":"CommentAction","name":"Comment","target":["https:\/\/mediterra.group\/relocation-process-is-done-for-us\/#respond"]}]},{"@type":"WebPage","@id":"https:\/\/mediterra.group\/relocation-process-is-done-for-us\/","url":"https:\/\/mediterra.group\/relocation-process-is-done-for-us\/","name":"Der Umzugsprozess ist f\u00fcr uns erledigt! - Mediterra Group","isPartOf":{"@id":"https:\/\/mediterra.group\/ar\/#website"},"primaryImageOfPage":{"@id":"https:\/\/mediterra.group\/relocation-process-is-done-for-us\/#primaryimage"},"image":{"@id":"https:\/\/mediterra.group\/relocation-process-is-done-for-us\/#primaryimage"},"thumbnailUrl":"https:\/\/mediterra.group\/wp-content\/uploads\/2025\/06\/kappak2170668165814469TvcH.webp","datePublished":"2025-06-18T10:41:06+00:00","author":{"@id":"https:\/\/mediterra.group\/ar\/#\/schema\/person\/7db86f2bc7783cf0f27705320203bffb"},"breadcrumb":{"@id":"https:\/\/mediterra.group\/relocation-process-is-done-for-us\/#breadcrumb"},"inLanguage":"de","potentialAction":[{"@type":"ReadAction","target":["https:\/\/mediterra.group\/relocation-process-is-done-for-us\/"]}]},{"@type":"ImageObject","inLanguage":"de","@id":"https:\/\/mediterra.group\/relocation-process-is-done-for-us\/#primaryimage","url":"https:\/\/mediterra.group\/wp-content\/uploads\/2025\/06\/kappak2170668165814469TvcH.webp","contentUrl":"https:\/\/mediterra.group\/wp-content\/uploads\/2025\/06\/kappak2170668165814469TvcH.webp","width":400,"height":225},{"@type":"BreadcrumbList","@id":"https:\/\/mediterra.group\/relocation-process-is-done-for-us\/#breadcrumb","itemListElement":[{"@type":"ListItem","position":1,"name":"Home","item":"https:\/\/mediterra.group\/de\/"},{"@type":"ListItem","position":2,"name":"Der Umzugsprozess ist f\u00fcr uns erledigt!"}]},{"@type":"WebSite","@id":"https:\/\/mediterra.group\/ar\/#website","url":"https:\/\/mediterra.group\/ar\/","name":"Mediterra Group","description":"","potentialAction":[{"@type":"SearchAction","target":{"@type":"EntryPoint","urlTemplate":"https:\/\/mediterra.group\/ar\/?s={search_term_string}"},"query-input":{"@type":"PropertyValueSpecification","valueRequired":true,"valueName":"search_term_string"}}],"inLanguage":"de"},{"@type":"Person","@id":"https:\/\/mediterra.group\/ar\/#\/schema\/person\/7db86f2bc7783cf0f27705320203bffb","name":"prfj","image":{"@type":"ImageObject","inLanguage":"de","@id":"https:\/\/secure.gravatar.com\/avatar\/efc76156b22a6391dfe826fa01e611bcd5dacefe7489936136b7f4d5eb1c0fb4?s=96&d=mm&r=g","url":"https:\/\/secure.gravatar.com\/avatar\/efc76156b22a6391dfe826fa01e611bcd5dacefe7489936136b7f4d5eb1c0fb4?s=96&d=mm&r=g","contentUrl":"https:\/\/secure.gravatar.com\/avatar\/efc76156b22a6391dfe826fa01e611bcd5dacefe7489936136b7f4d5eb1c0fb4?s=96&d=mm&r=g","caption":"prfj"},"sameAs":["https:\/\/mediterra.group"],"url":"https:\/\/mediterra.group\/de\/author\/prfj\/"}]}},"_links":{"self":[{"href":"https:\/\/mediterra.group\/de\/wp-json\/wp\/v2\/posts\/33203","targetHints":{"allow":["GET"]}}],"collection":[{"href":"https:\/\/mediterra.group\/de\/wp-json\/wp\/v2\/posts"}],"about":[{"href":"https:\/\/mediterra.group\/de\/wp-json\/wp\/v2\/types\/post"}],"author":[{"embeddable":true,"href":"https:\/\/mediterra.group\/de\/wp-json\/wp\/v2\/users\/1"}],"replies":[{"embeddable":true,"href":"https:\/\/mediterra.group\/de\/wp-json\/wp\/v2\/comments?post=33203"}],"version-history":[{"count":0,"href":"https:\/\/mediterra.group\/de\/wp-json\/wp\/v2\/posts\/33203\/revisions"}],"wp:featuredmedia":[{"embeddable":true,"href":"https:\/\/mediterra.group\/de\/wp-json\/wp\/v2\/media\/24265"}],"wp:attachment":[{"href":"https:\/\/mediterra.group\/de\/wp-json\/wp\/v2\/media?parent=33203"}],"wp:term":[{"taxonomy":"category","embeddable":true,"href":"https:\/\/mediterra.group\/de\/wp-json\/wp\/v2\/categories?post=33203"},{"taxonomy":"post_tag","embeddable":true,"href":"https:\/\/mediterra.group\/de\/wp-json\/wp\/v2\/tags?post=33203"}],"curies":[{"name":"wp","href":"https:\/\/api.w.org\/{rel}","templated":true}]}}