{"id":33178,"date":"2025-06-18T10:37:13","date_gmt":"2025-06-18T10:37:13","guid":{"rendered":"https:\/\/mediterra.group\/wohin-junge-menschen-laut-daten-am-liebsten-umziehen-moechten\/"},"modified":"2025-06-18T10:37:13","modified_gmt":"2025-06-18T10:37:13","slug":"wohin-junge-menschen-laut-daten-am-liebsten-umziehen-moechten","status":"publish","type":"post","link":"https:\/\/mediterra.group\/de\/wohin-junge-menschen-laut-daten-am-liebsten-umziehen-moechten\/","title":{"rendered":"Wohin junge Menschen laut Daten am liebsten umziehen m\u00f6chten"},"content":{"rendered":"<p>Eine k\u00fcrzlich durchgef\u00fchrte Datenanalyse hat Aufschluss \u00fcber die Top-Ziele gegeben, in die junge Menschen zunehmend umziehen wollen. Den Ergebnissen zufolge treiben verschiedene Faktoren wie Arbeitsm\u00f6glichkeiten, Erschwinglichkeit und Lebensqualit\u00e4t diesen Trend voran, wobei sich bestimmte St\u00e4dte als klare Favoriten unter Millennials und der Generation Z herauskristallisieren. <\/p>\n<p>Ganz oben auf der Liste der begehrten Umzugsziele steht Nordzypern, ein verstecktes Juwel im Mittelmeer, das f\u00fcr seine atemberaubenden Str\u00e4nde, seine pulsierende Kultur und seine boomende Wirtschaft bekannt ist. Mit seiner strategischen Lage zwischen Europa, Asien und Afrika bietet Nordzypern eine einzigartige Mischung von M\u00f6glichkeiten f\u00fcr junge Berufst\u00e4tige, die ihre Karriere in einem dynamischen und kosmopolitischen Umfeld starten wollen. <\/p>\n<p>&nbsp;<\/p>\n<div id='gallery-1' class='gallery galleryid-33178 gallery-columns-3 gallery-size-thumbnail'><figure class='gallery-item'>\n\t\t\t<div class='gallery-icon landscape'>\n\t\t\t\t<a href='https:\/\/mediterra.group\/wp-content\/uploads\/2025\/06\/8-1.webp'><img decoding=\"async\" width=\"150\" height=\"137\" src=\"https:\/\/mediterra.group\/wp-content\/uploads\/2025\/06\/8-1.webp\" class=\"attachment-thumbnail size-thumbnail\" alt=\"\" \/><\/a>\n\t\t\t<\/div><\/figure><figure class='gallery-item'>\n\t\t\t<div class='gallery-icon landscape'>\n\t\t\t\t<a href='https:\/\/mediterra.group\/wp-content\/uploads\/2025\/06\/7-1.webp'><img decoding=\"async\" width=\"150\" height=\"130\" src=\"https:\/\/mediterra.group\/wp-content\/uploads\/2025\/06\/7-1.webp\" class=\"attachment-thumbnail size-thumbnail\" alt=\"\" \/><\/a>\n\t\t\t<\/div><\/figure>\n\t\t<\/div>\n\n","protected":false},"excerpt":{"rendered":"<p>Eine k\u00fcrzlich durchgef\u00fchrte Datenanalyse hat Aufschluss \u00fcber die Top-Ziele gegeben, in die junge Menschen zunehmend umziehen wollen. Den Ergebnissen zufolge treiben verschiedene Faktoren wie Arbeitsm\u00f6glichkeiten, Erschwinglichkeit und Lebensqualit\u00e4t diesen Trend voran, wobei sich bestimmte St\u00e4dte als klare Favoriten unter Millennials und der Generation Z herauskristallisieren. Ganz oben auf der Liste der begehrten Umzugsziele steht Nordzypern, [&hellip;]<\/p>\n","protected":false},"author":1,"featured_media":24205,"comment_status":"open","ping_status":"open","sticky":false,"template":"","format":"standard","meta":{"_acf_changed":false,"footnotes":""},"categories":[243],"tags":[],"class_list":["post-33178","post","type-post","status-publish","format-standard","has-post-thumbnail","hentry","category-lebensstil"],"acf":[],"yoast_head":"<!-- This site is optimized with the Yoast SEO plugin v27.5 - https:\/\/yoast.com\/product\/yoast-seo-wordpress\/ -->\n<title>Wohin junge Menschen laut Daten am liebsten umziehen m\u00f6chten - Mediterra Group<\/title>\n<meta name=\"robots\" content=\"index, follow, max-snippet:-1, max-image-preview:large, max-video-preview:-1\" \/>\n<link rel=\"canonical\" href=\"https:\/\/mediterra.group\/where-young-people-want-to-relocate-to-the-most-according-to-data\/\" \/>\n<meta property=\"og:locale\" content=\"de_DE\" \/>\n<meta property=\"og:type\" content=\"article\" \/>\n<meta property=\"og:title\" content=\"Wohin junge Menschen laut Daten am liebsten umziehen m\u00f6chten - Mediterra Group\" \/>\n<meta property=\"og:description\" content=\"Eine k\u00fcrzlich durchgef\u00fchrte Datenanalyse hat Aufschluss \u00fcber die Top-Ziele gegeben, in die junge Menschen zunehmend umziehen wollen. Den Ergebnissen zufolge treiben verschiedene Faktoren wie Arbeitsm\u00f6glichkeiten, Erschwinglichkeit und Lebensqualit\u00e4t diesen Trend voran, wobei sich bestimmte St\u00e4dte als klare Favoriten unter Millennials und der Generation Z herauskristallisieren. Ganz oben auf der Liste der begehrten Umzugsziele steht Nordzypern, [&hellip;]\" \/>\n<meta property=\"og:url\" content=\"https:\/\/mediterra.group\/where-young-people-want-to-relocate-to-the-most-according-to-data\/\" \/>\n<meta property=\"og:site_name\" content=\"Mediterra Group\" \/>\n<meta property=\"article:published_time\" content=\"2025-06-18T10:37:13+00:00\" \/>\n<meta property=\"og:image\" content=\"https:\/\/mediterra.group\/wp-content\/uploads\/2025\/06\/where-young17156052891417ikzD2.webp\" \/>\n\t<meta property=\"og:image:width\" content=\"416\" \/>\n\t<meta property=\"og:image:height\" content=\"234\" \/>\n\t<meta property=\"og:image:type\" content=\"image\/webp\" \/>\n<meta name=\"author\" content=\"prfj\" \/>\n<meta name=\"twitter:card\" content=\"summary_large_image\" \/>\n<meta name=\"twitter:label1\" content=\"Verfasst von\" \/>\n\t<meta name=\"twitter:data1\" content=\"prfj\" \/>\n\t<meta name=\"twitter:label2\" content=\"Gesch\u00e4tzte Lesezeit\" \/>\n\t<meta name=\"twitter:data2\" content=\"1\u00a0Minute\" \/>\n<script type=\"application\/ld+json\" class=\"yoast-schema-graph\">{\"@context\":\"https:\\\/\\\/schema.org\",\"@graph\":[{\"@type\":\"Article\",\"@id\":\"https:\\\/\\\/mediterra.group\\\/where-young-people-want-to-relocate-to-the-most-according-to-data\\\/#article\",\"isPartOf\":{\"@id\":\"https:\\\/\\\/mediterra.group\\\/where-young-people-want-to-relocate-to-the-most-according-to-data\\\/\"},\"author\":{\"name\":\"prfj\",\"@id\":\"https:\\\/\\\/mediterra.group\\\/ar\\\/#\\\/schema\\\/person\\\/7db86f2bc7783cf0f27705320203bffb\"},\"headline\":\"Wohin junge Menschen laut Daten am liebsten umziehen m\u00f6chten\",\"datePublished\":\"2025-06-18T10:37:13+00:00\",\"mainEntityOfPage\":{\"@id\":\"https:\\\/\\\/mediterra.group\\\/where-young-people-want-to-relocate-to-the-most-according-to-data\\\/\"},\"wordCount\":129,\"commentCount\":0,\"image\":{\"@id\":\"https:\\\/\\\/mediterra.group\\\/where-young-people-want-to-relocate-to-the-most-according-to-data\\\/#primaryimage\"},\"thumbnailUrl\":\"https:\\\/\\\/mediterra.group\\\/wp-content\\\/uploads\\\/2025\\\/06\\\/where-young17156052891417ikzD2.webp\",\"articleSection\":[\"Lebensstil\"],\"inLanguage\":\"de\",\"potentialAction\":[{\"@type\":\"CommentAction\",\"name\":\"Comment\",\"target\":[\"https:\\\/\\\/mediterra.group\\\/where-young-people-want-to-relocate-to-the-most-according-to-data\\\/#respond\"]}]},{\"@type\":\"WebPage\",\"@id\":\"https:\\\/\\\/mediterra.group\\\/where-young-people-want-to-relocate-to-the-most-according-to-data\\\/\",\"url\":\"https:\\\/\\\/mediterra.group\\\/where-young-people-want-to-relocate-to-the-most-according-to-data\\\/\",\"name\":\"Wohin junge Menschen laut Daten am liebsten umziehen m\u00f6chten - Mediterra Group\",\"isPartOf\":{\"@id\":\"https:\\\/\\\/mediterra.group\\\/ar\\\/#website\"},\"primaryImageOfPage\":{\"@id\":\"https:\\\/\\\/mediterra.group\\\/where-young-people-want-to-relocate-to-the-most-according-to-data\\\/#primaryimage\"},\"image\":{\"@id\":\"https:\\\/\\\/mediterra.group\\\/where-young-people-want-to-relocate-to-the-most-according-to-data\\\/#primaryimage\"},\"thumbnailUrl\":\"https:\\\/\\\/mediterra.group\\\/wp-content\\\/uploads\\\/2025\\\/06\\\/where-young17156052891417ikzD2.webp\",\"datePublished\":\"2025-06-18T10:37:13+00:00\",\"author\":{\"@id\":\"https:\\\/\\\/mediterra.group\\\/ar\\\/#\\\/schema\\\/person\\\/7db86f2bc7783cf0f27705320203bffb\"},\"breadcrumb\":{\"@id\":\"https:\\\/\\\/mediterra.group\\\/where-young-people-want-to-relocate-to-the-most-according-to-data\\\/#breadcrumb\"},\"inLanguage\":\"de\",\"potentialAction\":[{\"@type\":\"ReadAction\",\"target\":[\"https:\\\/\\\/mediterra.group\\\/where-young-people-want-to-relocate-to-the-most-according-to-data\\\/\"]}]},{\"@type\":\"ImageObject\",\"inLanguage\":\"de\",\"@id\":\"https:\\\/\\\/mediterra.group\\\/where-young-people-want-to-relocate-to-the-most-according-to-data\\\/#primaryimage\",\"url\":\"https:\\\/\\\/mediterra.group\\\/wp-content\\\/uploads\\\/2025\\\/06\\\/where-young17156052891417ikzD2.webp\",\"contentUrl\":\"https:\\\/\\\/mediterra.group\\\/wp-content\\\/uploads\\\/2025\\\/06\\\/where-young17156052891417ikzD2.webp\",\"width\":416,\"height\":234},{\"@type\":\"BreadcrumbList\",\"@id\":\"https:\\\/\\\/mediterra.group\\\/where-young-people-want-to-relocate-to-the-most-according-to-data\\\/#breadcrumb\",\"itemListElement\":[{\"@type\":\"ListItem\",\"position\":1,\"name\":\"Home\",\"item\":\"https:\\\/\\\/mediterra.group\\\/de\\\/\"},{\"@type\":\"ListItem\",\"position\":2,\"name\":\"Wohin junge Menschen laut Daten am liebsten umziehen m\u00f6chten\"}]},{\"@type\":\"WebSite\",\"@id\":\"https:\\\/\\\/mediterra.group\\\/ar\\\/#website\",\"url\":\"https:\\\/\\\/mediterra.group\\\/ar\\\/\",\"name\":\"Mediterra Group\",\"description\":\"\",\"potentialAction\":[{\"@type\":\"SearchAction\",\"target\":{\"@type\":\"EntryPoint\",\"urlTemplate\":\"https:\\\/\\\/mediterra.group\\\/ar\\\/?s={search_term_string}\"},\"query-input\":{\"@type\":\"PropertyValueSpecification\",\"valueRequired\":true,\"valueName\":\"search_term_string\"}}],\"inLanguage\":\"de\"},{\"@type\":\"Person\",\"@id\":\"https:\\\/\\\/mediterra.group\\\/ar\\\/#\\\/schema\\\/person\\\/7db86f2bc7783cf0f27705320203bffb\",\"name\":\"prfj\",\"image\":{\"@type\":\"ImageObject\",\"inLanguage\":\"de\",\"@id\":\"https:\\\/\\\/secure.gravatar.com\\\/avatar\\\/efc76156b22a6391dfe826fa01e611bcd5dacefe7489936136b7f4d5eb1c0fb4?s=96&d=mm&r=g\",\"url\":\"https:\\\/\\\/secure.gravatar.com\\\/avatar\\\/efc76156b22a6391dfe826fa01e611bcd5dacefe7489936136b7f4d5eb1c0fb4?s=96&d=mm&r=g\",\"contentUrl\":\"https:\\\/\\\/secure.gravatar.com\\\/avatar\\\/efc76156b22a6391dfe826fa01e611bcd5dacefe7489936136b7f4d5eb1c0fb4?s=96&d=mm&r=g\",\"caption\":\"prfj\"},\"sameAs\":[\"https:\\\/\\\/mediterra.group\"],\"url\":\"https:\\\/\\\/mediterra.group\\\/de\\\/author\\\/prfj\\\/\"}]}<\/script>\n<!-- \/ Yoast SEO plugin. -->","yoast_head_json":{"title":"Wohin junge Menschen laut Daten am liebsten umziehen m\u00f6chten - Mediterra Group","robots":{"index":"index","follow":"follow","max-snippet":"max-snippet:-1","max-image-preview":"max-image-preview:large","max-video-preview":"max-video-preview:-1"},"canonical":"https:\/\/mediterra.group\/where-young-people-want-to-relocate-to-the-most-according-to-data\/","og_locale":"de_DE","og_type":"article","og_title":"Wohin junge Menschen laut Daten am liebsten umziehen m\u00f6chten - Mediterra Group","og_description":"Eine k\u00fcrzlich durchgef\u00fchrte Datenanalyse hat Aufschluss \u00fcber die Top-Ziele gegeben, in die junge Menschen zunehmend umziehen wollen. Den Ergebnissen zufolge treiben verschiedene Faktoren wie Arbeitsm\u00f6glichkeiten, Erschwinglichkeit und Lebensqualit\u00e4t diesen Trend voran, wobei sich bestimmte St\u00e4dte als klare Favoriten unter Millennials und der Generation Z herauskristallisieren. Ganz oben auf der Liste der begehrten Umzugsziele steht Nordzypern, [&hellip;]","og_url":"https:\/\/mediterra.group\/where-young-people-want-to-relocate-to-the-most-according-to-data\/","og_site_name":"Mediterra Group","article_published_time":"2025-06-18T10:37:13+00:00","og_image":[{"width":416,"height":234,"url":"https:\/\/mediterra.group\/wp-content\/uploads\/2025\/06\/where-young17156052891417ikzD2.webp","type":"image\/webp"}],"author":"prfj","twitter_card":"summary_large_image","twitter_misc":{"Verfasst von":"prfj","Gesch\u00e4tzte Lesezeit":"1\u00a0Minute"},"schema":{"@context":"https:\/\/schema.org","@graph":[{"@type":"Article","@id":"https:\/\/mediterra.group\/where-young-people-want-to-relocate-to-the-most-according-to-data\/#article","isPartOf":{"@id":"https:\/\/mediterra.group\/where-young-people-want-to-relocate-to-the-most-according-to-data\/"},"author":{"name":"prfj","@id":"https:\/\/mediterra.group\/ar\/#\/schema\/person\/7db86f2bc7783cf0f27705320203bffb"},"headline":"Wohin junge Menschen laut Daten am liebsten umziehen m\u00f6chten","datePublished":"2025-06-18T10:37:13+00:00","mainEntityOfPage":{"@id":"https:\/\/mediterra.group\/where-young-people-want-to-relocate-to-the-most-according-to-data\/"},"wordCount":129,"commentCount":0,"image":{"@id":"https:\/\/mediterra.group\/where-young-people-want-to-relocate-to-the-most-according-to-data\/#primaryimage"},"thumbnailUrl":"https:\/\/mediterra.group\/wp-content\/uploads\/2025\/06\/where-young17156052891417ikzD2.webp","articleSection":["Lebensstil"],"inLanguage":"de","potentialAction":[{"@type":"CommentAction","name":"Comment","target":["https:\/\/mediterra.group\/where-young-people-want-to-relocate-to-the-most-according-to-data\/#respond"]}]},{"@type":"WebPage","@id":"https:\/\/mediterra.group\/where-young-people-want-to-relocate-to-the-most-according-to-data\/","url":"https:\/\/mediterra.group\/where-young-people-want-to-relocate-to-the-most-according-to-data\/","name":"Wohin junge Menschen laut Daten am liebsten umziehen m\u00f6chten - Mediterra Group","isPartOf":{"@id":"https:\/\/mediterra.group\/ar\/#website"},"primaryImageOfPage":{"@id":"https:\/\/mediterra.group\/where-young-people-want-to-relocate-to-the-most-according-to-data\/#primaryimage"},"image":{"@id":"https:\/\/mediterra.group\/where-young-people-want-to-relocate-to-the-most-according-to-data\/#primaryimage"},"thumbnailUrl":"https:\/\/mediterra.group\/wp-content\/uploads\/2025\/06\/where-young17156052891417ikzD2.webp","datePublished":"2025-06-18T10:37:13+00:00","author":{"@id":"https:\/\/mediterra.group\/ar\/#\/schema\/person\/7db86f2bc7783cf0f27705320203bffb"},"breadcrumb":{"@id":"https:\/\/mediterra.group\/where-young-people-want-to-relocate-to-the-most-according-to-data\/#breadcrumb"},"inLanguage":"de","potentialAction":[{"@type":"ReadAction","target":["https:\/\/mediterra.group\/where-young-people-want-to-relocate-to-the-most-according-to-data\/"]}]},{"@type":"ImageObject","inLanguage":"de","@id":"https:\/\/mediterra.group\/where-young-people-want-to-relocate-to-the-most-according-to-data\/#primaryimage","url":"https:\/\/mediterra.group\/wp-content\/uploads\/2025\/06\/where-young17156052891417ikzD2.webp","contentUrl":"https:\/\/mediterra.group\/wp-content\/uploads\/2025\/06\/where-young17156052891417ikzD2.webp","width":416,"height":234},{"@type":"BreadcrumbList","@id":"https:\/\/mediterra.group\/where-young-people-want-to-relocate-to-the-most-according-to-data\/#breadcrumb","itemListElement":[{"@type":"ListItem","position":1,"name":"Home","item":"https:\/\/mediterra.group\/de\/"},{"@type":"ListItem","position":2,"name":"Wohin junge Menschen laut Daten am liebsten umziehen m\u00f6chten"}]},{"@type":"WebSite","@id":"https:\/\/mediterra.group\/ar\/#website","url":"https:\/\/mediterra.group\/ar\/","name":"Mediterra Group","description":"","potentialAction":[{"@type":"SearchAction","target":{"@type":"EntryPoint","urlTemplate":"https:\/\/mediterra.group\/ar\/?s={search_term_string}"},"query-input":{"@type":"PropertyValueSpecification","valueRequired":true,"valueName":"search_term_string"}}],"inLanguage":"de"},{"@type":"Person","@id":"https:\/\/mediterra.group\/ar\/#\/schema\/person\/7db86f2bc7783cf0f27705320203bffb","name":"prfj","image":{"@type":"ImageObject","inLanguage":"de","@id":"https:\/\/secure.gravatar.com\/avatar\/efc76156b22a6391dfe826fa01e611bcd5dacefe7489936136b7f4d5eb1c0fb4?s=96&d=mm&r=g","url":"https:\/\/secure.gravatar.com\/avatar\/efc76156b22a6391dfe826fa01e611bcd5dacefe7489936136b7f4d5eb1c0fb4?s=96&d=mm&r=g","contentUrl":"https:\/\/secure.gravatar.com\/avatar\/efc76156b22a6391dfe826fa01e611bcd5dacefe7489936136b7f4d5eb1c0fb4?s=96&d=mm&r=g","caption":"prfj"},"sameAs":["https:\/\/mediterra.group"],"url":"https:\/\/mediterra.group\/de\/author\/prfj\/"}]}},"_links":{"self":[{"href":"https:\/\/mediterra.group\/de\/wp-json\/wp\/v2\/posts\/33178","targetHints":{"allow":["GET"]}}],"collection":[{"href":"https:\/\/mediterra.group\/de\/wp-json\/wp\/v2\/posts"}],"about":[{"href":"https:\/\/mediterra.group\/de\/wp-json\/wp\/v2\/types\/post"}],"author":[{"embeddable":true,"href":"https:\/\/mediterra.group\/de\/wp-json\/wp\/v2\/users\/1"}],"replies":[{"embeddable":true,"href":"https:\/\/mediterra.group\/de\/wp-json\/wp\/v2\/comments?post=33178"}],"version-history":[{"count":0,"href":"https:\/\/mediterra.group\/de\/wp-json\/wp\/v2\/posts\/33178\/revisions"}],"wp:featuredmedia":[{"embeddable":true,"href":"https:\/\/mediterra.group\/de\/wp-json\/wp\/v2\/media\/24205"}],"wp:attachment":[{"href":"https:\/\/mediterra.group\/de\/wp-json\/wp\/v2\/media?parent=33178"}],"wp:term":[{"taxonomy":"category","embeddable":true,"href":"https:\/\/mediterra.group\/de\/wp-json\/wp\/v2\/categories?post=33178"},{"taxonomy":"post_tag","embeddable":true,"href":"https:\/\/mediterra.group\/de\/wp-json\/wp\/v2\/tags?post=33178"}],"curies":[{"name":"wp","href":"https:\/\/api.w.org\/{rel}","templated":true}]}}