{"id":33168,"date":"2025-06-18T10:33:28","date_gmt":"2025-06-18T10:33:28","guid":{"rendered":"https:\/\/mediterra.group\/die-zukunft-der-investitionen-in-nordzypern-veranstaltung-fand-am-25-juni-in-berlin-statt\/"},"modified":"2025-06-18T10:33:28","modified_gmt":"2025-06-18T10:33:28","slug":"die-zukunft-der-investitionen-in-nordzypern-veranstaltung-fand-am-25-juni-in-berlin-statt","status":"publish","type":"post","link":"https:\/\/mediterra.group\/de\/die-zukunft-der-investitionen-in-nordzypern-veranstaltung-fand-am-25-juni-in-berlin-statt\/","title":{"rendered":"Die Zukunft der Investitionen in Nordzypern Veranstaltung fand am 25. Juni in Berlin statt"},"content":{"rendered":"<p>Die Veranstaltung &#8220;Future of Investment in Northern Cyprus&#8221;, bei der die Mediterra Group mit den K\u00e4ufern in Europa zusammenkam. Sie fand am 25. Juni im Titanic Chaussee Hotel in Berlin statt. Unser Pr\u00e4sident, Eylem \u015eakir, und unsere Mitarbeiter erl\u00e4uterten die Vorteile des Lebens und Investierens in Nordzypern, die Immobilienm\u00f6glichkeiten, die diese einzigartige Mittelmeerinsel bietet, die rechtlichen Abl\u00e4ufe bei wichtigen Prozessen wie dem Kauf einer Immobilie und der Er\u00f6ffnung eines Bankkontos sowie verschiedene andere Themen. Die Veranstaltung fand in einer lebhaften und lebendigen Atmosph\u00e4re statt und viele europ\u00e4ische Investoren, die Interesse an unserem Immobilienportfolio in Nordzypern zeigten, nahmen daran teil.   <\/p>\n<div id='gallery-1' class='gallery galleryid-33168 gallery-columns-4 gallery-size-thumbnail'><figure class='gallery-item'>\n\t\t\t<div class='gallery-icon landscape'>\n\t\t\t\t<a href='https:\/\/mediterra.group\/wp-content\/uploads\/2025\/06\/6.webp'><img decoding=\"async\" width=\"150\" height=\"100\" src=\"https:\/\/mediterra.group\/wp-content\/uploads\/2025\/06\/6.webp\" class=\"attachment-thumbnail size-thumbnail\" alt=\"\" srcset=\"https:\/\/mediterra.group\/wp-content\/uploads\/2025\/06\/6.webp 1280w, https:\/\/mediterra.group\/wp-content\/uploads\/2025\/06\/6-1170x785.webp 1170w\" sizes=\"(max-width: 150px) 100vw, 150px\" \/><\/a>\n\t\t\t<\/div><\/figure><figure class='gallery-item'>\n\t\t\t<div class='gallery-icon landscape'>\n\t\t\t\t<a href='https:\/\/mediterra.group\/wp-content\/uploads\/2025\/06\/7.webp'><img decoding=\"async\" width=\"150\" height=\"100\" src=\"https:\/\/mediterra.group\/wp-content\/uploads\/2025\/06\/7.webp\" class=\"attachment-thumbnail size-thumbnail\" alt=\"\" srcset=\"https:\/\/mediterra.group\/wp-content\/uploads\/2025\/06\/7.webp 1280w, https:\/\/mediterra.group\/wp-content\/uploads\/2025\/06\/7-1170x785.webp 1170w\" sizes=\"(max-width: 150px) 100vw, 150px\" \/><\/a>\n\t\t\t<\/div><\/figure><figure class='gallery-item'>\n\t\t\t<div class='gallery-icon landscape'>\n\t\t\t\t<a href='https:\/\/mediterra.group\/wp-content\/uploads\/2025\/06\/11.webp'><img decoding=\"async\" width=\"150\" height=\"100\" src=\"https:\/\/mediterra.group\/wp-content\/uploads\/2025\/06\/11.webp\" class=\"attachment-thumbnail size-thumbnail\" alt=\"\" srcset=\"https:\/\/mediterra.group\/wp-content\/uploads\/2025\/06\/11.webp 1280w, https:\/\/mediterra.group\/wp-content\/uploads\/2025\/06\/11-1170x785.webp 1170w\" sizes=\"(max-width: 150px) 100vw, 150px\" \/><\/a>\n\t\t\t<\/div><\/figure><figure class='gallery-item'>\n\t\t\t<div class='gallery-icon landscape'>\n\t\t\t\t<a href='https:\/\/mediterra.group\/wp-content\/uploads\/2025\/06\/12.webp'><img loading=\"lazy\" decoding=\"async\" width=\"150\" height=\"100\" src=\"https:\/\/mediterra.group\/wp-content\/uploads\/2025\/06\/12.webp\" class=\"attachment-thumbnail size-thumbnail\" alt=\"\" srcset=\"https:\/\/mediterra.group\/wp-content\/uploads\/2025\/06\/12.webp 1280w, https:\/\/mediterra.group\/wp-content\/uploads\/2025\/06\/12-1170x785.webp 1170w\" sizes=\"(max-width: 150px) 100vw, 150px\" \/><\/a>\n\t\t\t<\/div><\/figure><figure class='gallery-item'>\n\t\t\t<div class='gallery-icon landscape'>\n\t\t\t\t<a href='https:\/\/mediterra.group\/wp-content\/uploads\/2025\/06\/1-1.webp'><img loading=\"lazy\" decoding=\"async\" width=\"150\" height=\"100\" src=\"https:\/\/mediterra.group\/wp-content\/uploads\/2025\/06\/1-1.webp\" class=\"attachment-thumbnail size-thumbnail\" alt=\"\" srcset=\"https:\/\/mediterra.group\/wp-content\/uploads\/2025\/06\/1-1.webp 1280w, https:\/\/mediterra.group\/wp-content\/uploads\/2025\/06\/1-1-1170x785.webp 1170w\" sizes=\"(max-width: 150px) 100vw, 150px\" \/><\/a>\n\t\t\t<\/div><\/figure><figure class='gallery-item'>\n\t\t\t<div class='gallery-icon landscape'>\n\t\t\t\t<a href='https:\/\/mediterra.group\/wp-content\/uploads\/2025\/06\/2-1.webp'><img loading=\"lazy\" decoding=\"async\" width=\"150\" height=\"100\" src=\"https:\/\/mediterra.group\/wp-content\/uploads\/2025\/06\/2-1.webp\" class=\"attachment-thumbnail size-thumbnail\" alt=\"\" srcset=\"https:\/\/mediterra.group\/wp-content\/uploads\/2025\/06\/2-1.webp 1280w, https:\/\/mediterra.group\/wp-content\/uploads\/2025\/06\/2-1-1170x785.webp 1170w\" sizes=\"(max-width: 150px) 100vw, 150px\" \/><\/a>\n\t\t\t<\/div><\/figure><figure class='gallery-item'>\n\t\t\t<div class='gallery-icon landscape'>\n\t\t\t\t<a href='https:\/\/mediterra.group\/wp-content\/uploads\/2025\/06\/3-1.webp'><img loading=\"lazy\" decoding=\"async\" width=\"150\" height=\"100\" src=\"https:\/\/mediterra.group\/wp-content\/uploads\/2025\/06\/3-1.webp\" class=\"attachment-thumbnail size-thumbnail\" alt=\"\" srcset=\"https:\/\/mediterra.group\/wp-content\/uploads\/2025\/06\/3-1.webp 1280w, https:\/\/mediterra.group\/wp-content\/uploads\/2025\/06\/3-1-1170x785.webp 1170w\" sizes=\"(max-width: 150px) 100vw, 150px\" \/><\/a>\n\t\t\t<\/div><\/figure><figure class='gallery-item'>\n\t\t\t<div class='gallery-icon landscape'>\n\t\t\t\t<a href='https:\/\/mediterra.group\/wp-content\/uploads\/2025\/06\/8.webp'><img loading=\"lazy\" decoding=\"async\" width=\"150\" height=\"100\" src=\"https:\/\/mediterra.group\/wp-content\/uploads\/2025\/06\/8.webp\" class=\"attachment-thumbnail size-thumbnail\" alt=\"\" srcset=\"https:\/\/mediterra.group\/wp-content\/uploads\/2025\/06\/8.webp 1280w, https:\/\/mediterra.group\/wp-content\/uploads\/2025\/06\/8-1170x785.webp 1170w\" sizes=\"(max-width: 150px) 100vw, 150px\" \/><\/a>\n\t\t\t<\/div><\/figure><figure class='gallery-item'>\n\t\t\t<div class='gallery-icon landscape'>\n\t\t\t\t<a href='https:\/\/mediterra.group\/wp-content\/uploads\/2025\/06\/4-1.webp'><img loading=\"lazy\" decoding=\"async\" width=\"150\" height=\"100\" src=\"https:\/\/mediterra.group\/wp-content\/uploads\/2025\/06\/4-1.webp\" class=\"attachment-thumbnail size-thumbnail\" alt=\"\" srcset=\"https:\/\/mediterra.group\/wp-content\/uploads\/2025\/06\/4-1.webp 1280w, https:\/\/mediterra.group\/wp-content\/uploads\/2025\/06\/4-1-1170x785.webp 1170w\" sizes=\"(max-width: 150px) 100vw, 150px\" \/><\/a>\n\t\t\t<\/div><\/figure><figure class='gallery-item'>\n\t\t\t<div class='gallery-icon landscape'>\n\t\t\t\t<a href='https:\/\/mediterra.group\/wp-content\/uploads\/2025\/06\/9.webp'><img loading=\"lazy\" decoding=\"async\" width=\"150\" height=\"100\" src=\"https:\/\/mediterra.group\/wp-content\/uploads\/2025\/06\/9.webp\" class=\"attachment-thumbnail size-thumbnail\" alt=\"\" srcset=\"https:\/\/mediterra.group\/wp-content\/uploads\/2025\/06\/9.webp 1280w, https:\/\/mediterra.group\/wp-content\/uploads\/2025\/06\/9-1170x785.webp 1170w\" sizes=\"(max-width: 150px) 100vw, 150px\" \/><\/a>\n\t\t\t<\/div><\/figure><figure class='gallery-item'>\n\t\t\t<div class='gallery-icon landscape'>\n\t\t\t\t<a href='https:\/\/mediterra.group\/wp-content\/uploads\/2025\/06\/13.webp'><img loading=\"lazy\" decoding=\"async\" width=\"150\" height=\"100\" src=\"https:\/\/mediterra.group\/wp-content\/uploads\/2025\/06\/13.webp\" class=\"attachment-thumbnail size-thumbnail\" alt=\"\" srcset=\"https:\/\/mediterra.group\/wp-content\/uploads\/2025\/06\/13.webp 1280w, https:\/\/mediterra.group\/wp-content\/uploads\/2025\/06\/13-1170x785.webp 1170w\" sizes=\"(max-width: 150px) 100vw, 150px\" \/><\/a>\n\t\t\t<\/div><\/figure><figure class='gallery-item'>\n\t\t\t<div class='gallery-icon landscape'>\n\t\t\t\t<a href='https:\/\/mediterra.group\/wp-content\/uploads\/2025\/06\/14.webp'><img loading=\"lazy\" decoding=\"async\" width=\"150\" height=\"100\" src=\"https:\/\/mediterra.group\/wp-content\/uploads\/2025\/06\/14.webp\" class=\"attachment-thumbnail size-thumbnail\" alt=\"\" srcset=\"https:\/\/mediterra.group\/wp-content\/uploads\/2025\/06\/14.webp 1280w, https:\/\/mediterra.group\/wp-content\/uploads\/2025\/06\/14-1170x785.webp 1170w\" sizes=\"(max-width: 150px) 100vw, 150px\" \/><\/a>\n\t\t\t<\/div><\/figure><figure class='gallery-item'>\n\t\t\t<div class='gallery-icon landscape'>\n\t\t\t\t<a href='https:\/\/mediterra.group\/wp-content\/uploads\/2025\/06\/5.webp'><img loading=\"lazy\" decoding=\"async\" width=\"150\" height=\"100\" src=\"https:\/\/mediterra.group\/wp-content\/uploads\/2025\/06\/5.webp\" class=\"attachment-thumbnail size-thumbnail\" alt=\"\" srcset=\"https:\/\/mediterra.group\/wp-content\/uploads\/2025\/06\/5.webp 1280w, https:\/\/mediterra.group\/wp-content\/uploads\/2025\/06\/5-1170x785.webp 1170w\" sizes=\"(max-width: 150px) 100vw, 150px\" \/><\/a>\n\t\t\t<\/div><\/figure><figure class='gallery-item'>\n\t\t\t<div class='gallery-icon landscape'>\n\t\t\t\t<a href='https:\/\/mediterra.group\/wp-content\/uploads\/2025\/06\/10.webp'><img loading=\"lazy\" decoding=\"async\" width=\"150\" height=\"100\" src=\"https:\/\/mediterra.group\/wp-content\/uploads\/2025\/06\/10.webp\" class=\"attachment-thumbnail size-thumbnail\" alt=\"\" srcset=\"https:\/\/mediterra.group\/wp-content\/uploads\/2025\/06\/10.webp 1280w, https:\/\/mediterra.group\/wp-content\/uploads\/2025\/06\/10-1170x785.webp 1170w\" sizes=\"(max-width: 150px) 100vw, 150px\" \/><\/a>\n\t\t\t<\/div><\/figure>\n\t\t<\/div>\n\n","protected":false},"excerpt":{"rendered":"<p>Die Veranstaltung &#8220;Future of Investment in Northern Cyprus&#8221;, bei der die Mediterra Group mit den K\u00e4ufern in Europa zusammenkam. Sie fand am 25. Juni im Titanic Chaussee Hotel in Berlin statt. Unser Pr\u00e4sident, Eylem \u015eakir, und unsere Mitarbeiter erl\u00e4uterten die Vorteile des Lebens und Investierens in Nordzypern, die Immobilienm\u00f6glichkeiten, die diese einzigartige Mittelmeerinsel bietet, die [&hellip;]<\/p>\n","protected":false},"author":1,"featured_media":24060,"comment_status":"open","ping_status":"open","sticky":false,"template":"","format":"standard","meta":{"_acf_changed":false,"footnotes":""},"categories":[255],"tags":[],"class_list":["post-33168","post","type-post","status-publish","format-standard","has-post-thumbnail","hentry","category-veranstaltungen"],"acf":[],"yoast_head":"<!-- This site is optimized with the Yoast SEO plugin v27.5 - https:\/\/yoast.com\/product\/yoast-seo-wordpress\/ -->\n<title>Die Zukunft der Investitionen in Nordzypern Veranstaltung fand am 25. Juni in Berlin statt - Mediterra Group<\/title>\n<meta name=\"robots\" content=\"index, follow, max-snippet:-1, max-image-preview:large, max-video-preview:-1\" \/>\n<link rel=\"canonical\" href=\"https:\/\/mediterra.group\/the-future-of-investment-in-northern-cyprus-event-occurred-on-june-25th-in-berlin\/\" \/>\n<meta property=\"og:locale\" content=\"de_DE\" \/>\n<meta property=\"og:type\" content=\"article\" \/>\n<meta property=\"og:title\" content=\"Die Zukunft der Investitionen in Nordzypern Veranstaltung fand am 25. Juni in Berlin statt - Mediterra Group\" \/>\n<meta property=\"og:description\" content=\"Die Veranstaltung &#8220;Future of Investment in Northern Cyprus&#8221;, bei der die Mediterra Group mit den K\u00e4ufern in Europa zusammenkam. Sie fand am 25. Juni im Titanic Chaussee Hotel in Berlin statt. Unser Pr\u00e4sident, Eylem \u015eakir, und unsere Mitarbeiter erl\u00e4uterten die Vorteile des Lebens und Investierens in Nordzypern, die Immobilienm\u00f6glichkeiten, die diese einzigartige Mittelmeerinsel bietet, die [&hellip;]\" \/>\n<meta property=\"og:url\" content=\"https:\/\/mediterra.group\/the-future-of-investment-in-northern-cyprus-event-occurred-on-june-25th-in-berlin\/\" \/>\n<meta property=\"og:site_name\" content=\"Mediterra Group\" \/>\n<meta property=\"article:published_time\" content=\"2025-06-18T10:33:28+00:00\" \/>\n<meta property=\"og:image\" content=\"https:\/\/mediterra.group\/wp-content\/uploads\/2025\/06\/416-23417201840231321tp8Yl.jpg\" \/>\n\t<meta property=\"og:image:width\" content=\"416\" \/>\n\t<meta property=\"og:image:height\" content=\"234\" \/>\n\t<meta property=\"og:image:type\" content=\"image\/jpeg\" \/>\n<meta name=\"author\" content=\"prfj\" \/>\n<meta name=\"twitter:card\" content=\"summary_large_image\" \/>\n<meta name=\"twitter:label1\" content=\"Verfasst von\" \/>\n\t<meta name=\"twitter:data1\" content=\"prfj\" \/>\n\t<meta name=\"twitter:label2\" content=\"Gesch\u00e4tzte Lesezeit\" \/>\n\t<meta name=\"twitter:data2\" content=\"1\u00a0Minute\" \/>\n<script type=\"application\/ld+json\" class=\"yoast-schema-graph\">{\"@context\":\"https:\\\/\\\/schema.org\",\"@graph\":[{\"@type\":\"Article\",\"@id\":\"https:\\\/\\\/mediterra.group\\\/the-future-of-investment-in-northern-cyprus-event-occurred-on-june-25th-in-berlin\\\/#article\",\"isPartOf\":{\"@id\":\"https:\\\/\\\/mediterra.group\\\/the-future-of-investment-in-northern-cyprus-event-occurred-on-june-25th-in-berlin\\\/\"},\"author\":{\"name\":\"prfj\",\"@id\":\"https:\\\/\\\/mediterra.group\\\/ar\\\/#\\\/schema\\\/person\\\/7db86f2bc7783cf0f27705320203bffb\"},\"headline\":\"Die Zukunft der Investitionen in Nordzypern Veranstaltung fand am 25. Juni in Berlin statt\",\"datePublished\":\"2025-06-18T10:33:28+00:00\",\"mainEntityOfPage\":{\"@id\":\"https:\\\/\\\/mediterra.group\\\/the-future-of-investment-in-northern-cyprus-event-occurred-on-june-25th-in-berlin\\\/\"},\"wordCount\":124,\"commentCount\":0,\"image\":{\"@id\":\"https:\\\/\\\/mediterra.group\\\/the-future-of-investment-in-northern-cyprus-event-occurred-on-june-25th-in-berlin\\\/#primaryimage\"},\"thumbnailUrl\":\"https:\\\/\\\/mediterra.group\\\/wp-content\\\/uploads\\\/2025\\\/06\\\/416-23417201840231321tp8Yl.jpg\",\"articleSection\":[\"VERANSTALTUNGEN\"],\"inLanguage\":\"de\",\"potentialAction\":[{\"@type\":\"CommentAction\",\"name\":\"Comment\",\"target\":[\"https:\\\/\\\/mediterra.group\\\/the-future-of-investment-in-northern-cyprus-event-occurred-on-june-25th-in-berlin\\\/#respond\"]}]},{\"@type\":\"WebPage\",\"@id\":\"https:\\\/\\\/mediterra.group\\\/the-future-of-investment-in-northern-cyprus-event-occurred-on-june-25th-in-berlin\\\/\",\"url\":\"https:\\\/\\\/mediterra.group\\\/the-future-of-investment-in-northern-cyprus-event-occurred-on-june-25th-in-berlin\\\/\",\"name\":\"Die Zukunft der Investitionen in Nordzypern Veranstaltung fand am 25. Juni in Berlin statt - Mediterra Group\",\"isPartOf\":{\"@id\":\"https:\\\/\\\/mediterra.group\\\/ar\\\/#website\"},\"primaryImageOfPage\":{\"@id\":\"https:\\\/\\\/mediterra.group\\\/the-future-of-investment-in-northern-cyprus-event-occurred-on-june-25th-in-berlin\\\/#primaryimage\"},\"image\":{\"@id\":\"https:\\\/\\\/mediterra.group\\\/the-future-of-investment-in-northern-cyprus-event-occurred-on-june-25th-in-berlin\\\/#primaryimage\"},\"thumbnailUrl\":\"https:\\\/\\\/mediterra.group\\\/wp-content\\\/uploads\\\/2025\\\/06\\\/416-23417201840231321tp8Yl.jpg\",\"datePublished\":\"2025-06-18T10:33:28+00:00\",\"author\":{\"@id\":\"https:\\\/\\\/mediterra.group\\\/ar\\\/#\\\/schema\\\/person\\\/7db86f2bc7783cf0f27705320203bffb\"},\"breadcrumb\":{\"@id\":\"https:\\\/\\\/mediterra.group\\\/the-future-of-investment-in-northern-cyprus-event-occurred-on-june-25th-in-berlin\\\/#breadcrumb\"},\"inLanguage\":\"de\",\"potentialAction\":[{\"@type\":\"ReadAction\",\"target\":[\"https:\\\/\\\/mediterra.group\\\/the-future-of-investment-in-northern-cyprus-event-occurred-on-june-25th-in-berlin\\\/\"]}]},{\"@type\":\"ImageObject\",\"inLanguage\":\"de\",\"@id\":\"https:\\\/\\\/mediterra.group\\\/the-future-of-investment-in-northern-cyprus-event-occurred-on-june-25th-in-berlin\\\/#primaryimage\",\"url\":\"https:\\\/\\\/mediterra.group\\\/wp-content\\\/uploads\\\/2025\\\/06\\\/416-23417201840231321tp8Yl.jpg\",\"contentUrl\":\"https:\\\/\\\/mediterra.group\\\/wp-content\\\/uploads\\\/2025\\\/06\\\/416-23417201840231321tp8Yl.jpg\",\"width\":416,\"height\":234},{\"@type\":\"BreadcrumbList\",\"@id\":\"https:\\\/\\\/mediterra.group\\\/the-future-of-investment-in-northern-cyprus-event-occurred-on-june-25th-in-berlin\\\/#breadcrumb\",\"itemListElement\":[{\"@type\":\"ListItem\",\"position\":1,\"name\":\"Home\",\"item\":\"https:\\\/\\\/mediterra.group\\\/de\\\/\"},{\"@type\":\"ListItem\",\"position\":2,\"name\":\"Die Zukunft der Investitionen in Nordzypern Veranstaltung fand am 25. Juni in Berlin statt\"}]},{\"@type\":\"WebSite\",\"@id\":\"https:\\\/\\\/mediterra.group\\\/ar\\\/#website\",\"url\":\"https:\\\/\\\/mediterra.group\\\/ar\\\/\",\"name\":\"Mediterra Group\",\"description\":\"\",\"potentialAction\":[{\"@type\":\"SearchAction\",\"target\":{\"@type\":\"EntryPoint\",\"urlTemplate\":\"https:\\\/\\\/mediterra.group\\\/ar\\\/?s={search_term_string}\"},\"query-input\":{\"@type\":\"PropertyValueSpecification\",\"valueRequired\":true,\"valueName\":\"search_term_string\"}}],\"inLanguage\":\"de\"},{\"@type\":\"Person\",\"@id\":\"https:\\\/\\\/mediterra.group\\\/ar\\\/#\\\/schema\\\/person\\\/7db86f2bc7783cf0f27705320203bffb\",\"name\":\"prfj\",\"image\":{\"@type\":\"ImageObject\",\"inLanguage\":\"de\",\"@id\":\"https:\\\/\\\/secure.gravatar.com\\\/avatar\\\/efc76156b22a6391dfe826fa01e611bcd5dacefe7489936136b7f4d5eb1c0fb4?s=96&d=mm&r=g\",\"url\":\"https:\\\/\\\/secure.gravatar.com\\\/avatar\\\/efc76156b22a6391dfe826fa01e611bcd5dacefe7489936136b7f4d5eb1c0fb4?s=96&d=mm&r=g\",\"contentUrl\":\"https:\\\/\\\/secure.gravatar.com\\\/avatar\\\/efc76156b22a6391dfe826fa01e611bcd5dacefe7489936136b7f4d5eb1c0fb4?s=96&d=mm&r=g\",\"caption\":\"prfj\"},\"sameAs\":[\"https:\\\/\\\/mediterra.group\"],\"url\":\"https:\\\/\\\/mediterra.group\\\/de\\\/author\\\/prfj\\\/\"}]}<\/script>\n<!-- \/ Yoast SEO plugin. -->","yoast_head_json":{"title":"Die Zukunft der Investitionen in Nordzypern Veranstaltung fand am 25. Juni in Berlin statt - Mediterra Group","robots":{"index":"index","follow":"follow","max-snippet":"max-snippet:-1","max-image-preview":"max-image-preview:large","max-video-preview":"max-video-preview:-1"},"canonical":"https:\/\/mediterra.group\/the-future-of-investment-in-northern-cyprus-event-occurred-on-june-25th-in-berlin\/","og_locale":"de_DE","og_type":"article","og_title":"Die Zukunft der Investitionen in Nordzypern Veranstaltung fand am 25. Juni in Berlin statt - Mediterra Group","og_description":"Die Veranstaltung &#8220;Future of Investment in Northern Cyprus&#8221;, bei der die Mediterra Group mit den K\u00e4ufern in Europa zusammenkam. Sie fand am 25. Juni im Titanic Chaussee Hotel in Berlin statt. Unser Pr\u00e4sident, Eylem \u015eakir, und unsere Mitarbeiter erl\u00e4uterten die Vorteile des Lebens und Investierens in Nordzypern, die Immobilienm\u00f6glichkeiten, die diese einzigartige Mittelmeerinsel bietet, die [&hellip;]","og_url":"https:\/\/mediterra.group\/the-future-of-investment-in-northern-cyprus-event-occurred-on-june-25th-in-berlin\/","og_site_name":"Mediterra Group","article_published_time":"2025-06-18T10:33:28+00:00","og_image":[{"width":416,"height":234,"url":"https:\/\/mediterra.group\/wp-content\/uploads\/2025\/06\/416-23417201840231321tp8Yl.jpg","type":"image\/jpeg"}],"author":"prfj","twitter_card":"summary_large_image","twitter_misc":{"Verfasst von":"prfj","Gesch\u00e4tzte Lesezeit":"1\u00a0Minute"},"schema":{"@context":"https:\/\/schema.org","@graph":[{"@type":"Article","@id":"https:\/\/mediterra.group\/the-future-of-investment-in-northern-cyprus-event-occurred-on-june-25th-in-berlin\/#article","isPartOf":{"@id":"https:\/\/mediterra.group\/the-future-of-investment-in-northern-cyprus-event-occurred-on-june-25th-in-berlin\/"},"author":{"name":"prfj","@id":"https:\/\/mediterra.group\/ar\/#\/schema\/person\/7db86f2bc7783cf0f27705320203bffb"},"headline":"Die Zukunft der Investitionen in Nordzypern Veranstaltung fand am 25. Juni in Berlin statt","datePublished":"2025-06-18T10:33:28+00:00","mainEntityOfPage":{"@id":"https:\/\/mediterra.group\/the-future-of-investment-in-northern-cyprus-event-occurred-on-june-25th-in-berlin\/"},"wordCount":124,"commentCount":0,"image":{"@id":"https:\/\/mediterra.group\/the-future-of-investment-in-northern-cyprus-event-occurred-on-june-25th-in-berlin\/#primaryimage"},"thumbnailUrl":"https:\/\/mediterra.group\/wp-content\/uploads\/2025\/06\/416-23417201840231321tp8Yl.jpg","articleSection":["VERANSTALTUNGEN"],"inLanguage":"de","potentialAction":[{"@type":"CommentAction","name":"Comment","target":["https:\/\/mediterra.group\/the-future-of-investment-in-northern-cyprus-event-occurred-on-june-25th-in-berlin\/#respond"]}]},{"@type":"WebPage","@id":"https:\/\/mediterra.group\/the-future-of-investment-in-northern-cyprus-event-occurred-on-june-25th-in-berlin\/","url":"https:\/\/mediterra.group\/the-future-of-investment-in-northern-cyprus-event-occurred-on-june-25th-in-berlin\/","name":"Die Zukunft der Investitionen in Nordzypern Veranstaltung fand am 25. Juni in Berlin statt - Mediterra Group","isPartOf":{"@id":"https:\/\/mediterra.group\/ar\/#website"},"primaryImageOfPage":{"@id":"https:\/\/mediterra.group\/the-future-of-investment-in-northern-cyprus-event-occurred-on-june-25th-in-berlin\/#primaryimage"},"image":{"@id":"https:\/\/mediterra.group\/the-future-of-investment-in-northern-cyprus-event-occurred-on-june-25th-in-berlin\/#primaryimage"},"thumbnailUrl":"https:\/\/mediterra.group\/wp-content\/uploads\/2025\/06\/416-23417201840231321tp8Yl.jpg","datePublished":"2025-06-18T10:33:28+00:00","author":{"@id":"https:\/\/mediterra.group\/ar\/#\/schema\/person\/7db86f2bc7783cf0f27705320203bffb"},"breadcrumb":{"@id":"https:\/\/mediterra.group\/the-future-of-investment-in-northern-cyprus-event-occurred-on-june-25th-in-berlin\/#breadcrumb"},"inLanguage":"de","potentialAction":[{"@type":"ReadAction","target":["https:\/\/mediterra.group\/the-future-of-investment-in-northern-cyprus-event-occurred-on-june-25th-in-berlin\/"]}]},{"@type":"ImageObject","inLanguage":"de","@id":"https:\/\/mediterra.group\/the-future-of-investment-in-northern-cyprus-event-occurred-on-june-25th-in-berlin\/#primaryimage","url":"https:\/\/mediterra.group\/wp-content\/uploads\/2025\/06\/416-23417201840231321tp8Yl.jpg","contentUrl":"https:\/\/mediterra.group\/wp-content\/uploads\/2025\/06\/416-23417201840231321tp8Yl.jpg","width":416,"height":234},{"@type":"BreadcrumbList","@id":"https:\/\/mediterra.group\/the-future-of-investment-in-northern-cyprus-event-occurred-on-june-25th-in-berlin\/#breadcrumb","itemListElement":[{"@type":"ListItem","position":1,"name":"Home","item":"https:\/\/mediterra.group\/de\/"},{"@type":"ListItem","position":2,"name":"Die Zukunft der Investitionen in Nordzypern Veranstaltung fand am 25. Juni in Berlin statt"}]},{"@type":"WebSite","@id":"https:\/\/mediterra.group\/ar\/#website","url":"https:\/\/mediterra.group\/ar\/","name":"Mediterra Group","description":"","potentialAction":[{"@type":"SearchAction","target":{"@type":"EntryPoint","urlTemplate":"https:\/\/mediterra.group\/ar\/?s={search_term_string}"},"query-input":{"@type":"PropertyValueSpecification","valueRequired":true,"valueName":"search_term_string"}}],"inLanguage":"de"},{"@type":"Person","@id":"https:\/\/mediterra.group\/ar\/#\/schema\/person\/7db86f2bc7783cf0f27705320203bffb","name":"prfj","image":{"@type":"ImageObject","inLanguage":"de","@id":"https:\/\/secure.gravatar.com\/avatar\/efc76156b22a6391dfe826fa01e611bcd5dacefe7489936136b7f4d5eb1c0fb4?s=96&d=mm&r=g","url":"https:\/\/secure.gravatar.com\/avatar\/efc76156b22a6391dfe826fa01e611bcd5dacefe7489936136b7f4d5eb1c0fb4?s=96&d=mm&r=g","contentUrl":"https:\/\/secure.gravatar.com\/avatar\/efc76156b22a6391dfe826fa01e611bcd5dacefe7489936136b7f4d5eb1c0fb4?s=96&d=mm&r=g","caption":"prfj"},"sameAs":["https:\/\/mediterra.group"],"url":"https:\/\/mediterra.group\/de\/author\/prfj\/"}]}},"_links":{"self":[{"href":"https:\/\/mediterra.group\/de\/wp-json\/wp\/v2\/posts\/33168","targetHints":{"allow":["GET"]}}],"collection":[{"href":"https:\/\/mediterra.group\/de\/wp-json\/wp\/v2\/posts"}],"about":[{"href":"https:\/\/mediterra.group\/de\/wp-json\/wp\/v2\/types\/post"}],"author":[{"embeddable":true,"href":"https:\/\/mediterra.group\/de\/wp-json\/wp\/v2\/users\/1"}],"replies":[{"embeddable":true,"href":"https:\/\/mediterra.group\/de\/wp-json\/wp\/v2\/comments?post=33168"}],"version-history":[{"count":0,"href":"https:\/\/mediterra.group\/de\/wp-json\/wp\/v2\/posts\/33168\/revisions"}],"wp:featuredmedia":[{"embeddable":true,"href":"https:\/\/mediterra.group\/de\/wp-json\/wp\/v2\/media\/24060"}],"wp:attachment":[{"href":"https:\/\/mediterra.group\/de\/wp-json\/wp\/v2\/media?parent=33168"}],"wp:term":[{"taxonomy":"category","embeddable":true,"href":"https:\/\/mediterra.group\/de\/wp-json\/wp\/v2\/categories?post=33168"},{"taxonomy":"post_tag","embeddable":true,"href":"https:\/\/mediterra.group\/de\/wp-json\/wp\/v2\/tags?post=33168"}],"curies":[{"name":"wp","href":"https:\/\/api.w.org\/{rel}","templated":true}]}}