{"id":33167,"date":"2025-06-18T10:34:15","date_gmt":"2025-06-18T10:34:15","guid":{"rendered":"https:\/\/mediterra.group\/mediterra-gemeinschaftstreffen-in-unserem-buero-in-kyrenia-am-14-juni\/"},"modified":"2025-06-18T10:34:15","modified_gmt":"2025-06-18T10:34:15","slug":"mediterra-gemeinschaftstreffen-in-unserem-buero-in-kyrenia-am-14-juni","status":"publish","type":"post","link":"https:\/\/mediterra.group\/de\/mediterra-gemeinschaftstreffen-in-unserem-buero-in-kyrenia-am-14-juni\/","title":{"rendered":"Mediterra-Gemeinschaftstreffen in unserem B\u00fcro in Kyrenia am 14. Juni"},"content":{"rendered":"<p>Mediterra Community hat am Freitag, den 14. Juni, die erste Veranstaltung einer neuen Reihe regelm\u00e4\u00dfiger Treffen im sch\u00f6nen Garten unseres B\u00fcros in Kyrenia abgehalten. Viele Teilnehmer aus Zypern besuchten unsere Zusammenkunft in dieser warmen, energiegeladenen und faszinierenden Umgebung. Unsere Vorstandsvorsitzende Eylem \u015eakir und die Mitglieder des Mediterra-Teams beantworteten die Fragen der einheimischen und ausl\u00e4ndischen Investoren zu den M\u00f6glichkeiten, die Nordzypern und sein Immobilienmarkt bieten, mit gro\u00dfer Sorgfalt. Von nun an werden wir uns jeden zweiten Dienstagabend im Monat mit der Mediterra-Community treffen, um die neuesten Updates, Erkenntnisse und Trends auf dem Immobilienmarkt zu diskutieren.   <\/p>\n<p>&nbsp;<\/p>\n<div id='gallery-1' class='gallery galleryid-33167 gallery-columns-3 gallery-size-thumbnail'><figure class='gallery-item'>\n\t\t\t<div class='gallery-icon landscape'>\n\t\t\t\t<a href='https:\/\/mediterra.group\/wp-content\/uploads\/2025\/06\/event-ic.webp'><img decoding=\"async\" width=\"150\" height=\"113\" src=\"https:\/\/mediterra.group\/wp-content\/uploads\/2025\/06\/event-ic.webp\" class=\"attachment-thumbnail size-thumbnail\" alt=\"\" srcset=\"https:\/\/mediterra.group\/wp-content\/uploads\/2025\/06\/event-ic.webp 2048w, https:\/\/mediterra.group\/wp-content\/uploads\/2025\/06\/event-ic-1536x1152.webp 1536w, https:\/\/mediterra.group\/wp-content\/uploads\/2025\/06\/event-ic-584x438.webp 584w\" sizes=\"(max-width: 150px) 100vw, 150px\" \/><\/a>\n\t\t\t<\/div><\/figure><figure class='gallery-item'>\n\t\t\t<div class='gallery-icon landscape'>\n\t\t\t\t<a href='https:\/\/mediterra.group\/wp-content\/uploads\/2025\/06\/Community-in-Girne-1_result.webp'><img decoding=\"async\" width=\"150\" height=\"113\" src=\"https:\/\/mediterra.group\/wp-content\/uploads\/2025\/06\/Community-in-Girne-1_result.webp\" class=\"attachment-thumbnail size-thumbnail\" alt=\"\" srcset=\"https:\/\/mediterra.group\/wp-content\/uploads\/2025\/06\/Community-in-Girne-1_result.webp 2048w, https:\/\/mediterra.group\/wp-content\/uploads\/2025\/06\/Community-in-Girne-1_result-1536x1152.webp 1536w, https:\/\/mediterra.group\/wp-content\/uploads\/2025\/06\/Community-in-Girne-1_result-584x438.webp 584w\" sizes=\"(max-width: 150px) 100vw, 150px\" \/><\/a>\n\t\t\t<\/div><\/figure><figure class='gallery-item'>\n\t\t\t<div class='gallery-icon landscape'>\n\t\t\t\t<a href='https:\/\/mediterra.group\/wp-content\/uploads\/2025\/06\/Community-in-Girne-2_result.webp'><img decoding=\"async\" width=\"150\" height=\"113\" src=\"https:\/\/mediterra.group\/wp-content\/uploads\/2025\/06\/Community-in-Girne-2_result.webp\" class=\"attachment-thumbnail size-thumbnail\" alt=\"\" srcset=\"https:\/\/mediterra.group\/wp-content\/uploads\/2025\/06\/Community-in-Girne-2_result.webp 2048w, https:\/\/mediterra.group\/wp-content\/uploads\/2025\/06\/Community-in-Girne-2_result-1536x1152.webp 1536w, https:\/\/mediterra.group\/wp-content\/uploads\/2025\/06\/Community-in-Girne-2_result-584x438.webp 584w\" sizes=\"(max-width: 150px) 100vw, 150px\" \/><\/a>\n\t\t\t<\/div><\/figure><figure class='gallery-item'>\n\t\t\t<div class='gallery-icon landscape'>\n\t\t\t\t<a href='https:\/\/mediterra.group\/wp-content\/uploads\/2025\/06\/Community-in-Girne-3_result.webp'><img loading=\"lazy\" decoding=\"async\" width=\"150\" height=\"113\" src=\"https:\/\/mediterra.group\/wp-content\/uploads\/2025\/06\/Community-in-Girne-3_result.webp\" class=\"attachment-thumbnail size-thumbnail\" alt=\"\" srcset=\"https:\/\/mediterra.group\/wp-content\/uploads\/2025\/06\/Community-in-Girne-3_result.webp 2048w, https:\/\/mediterra.group\/wp-content\/uploads\/2025\/06\/Community-in-Girne-3_result-1536x1152.webp 1536w, https:\/\/mediterra.group\/wp-content\/uploads\/2025\/06\/Community-in-Girne-3_result-584x438.webp 584w\" sizes=\"(max-width: 150px) 100vw, 150px\" \/><\/a>\n\t\t\t<\/div><\/figure><figure class='gallery-item'>\n\t\t\t<div class='gallery-icon landscape'>\n\t\t\t\t<a href='https:\/\/mediterra.group\/wp-content\/uploads\/2025\/06\/Community-in-Girne-4_result.webp'><img loading=\"lazy\" decoding=\"async\" width=\"150\" height=\"113\" src=\"https:\/\/mediterra.group\/wp-content\/uploads\/2025\/06\/Community-in-Girne-4_result.webp\" class=\"attachment-thumbnail size-thumbnail\" alt=\"\" srcset=\"https:\/\/mediterra.group\/wp-content\/uploads\/2025\/06\/Community-in-Girne-4_result.webp 2048w, https:\/\/mediterra.group\/wp-content\/uploads\/2025\/06\/Community-in-Girne-4_result-1536x1152.webp 1536w, https:\/\/mediterra.group\/wp-content\/uploads\/2025\/06\/Community-in-Girne-4_result-584x438.webp 584w\" sizes=\"(max-width: 150px) 100vw, 150px\" \/><\/a>\n\t\t\t<\/div><\/figure><figure class='gallery-item'>\n\t\t\t<div class='gallery-icon landscape'>\n\t\t\t\t<a href='https:\/\/mediterra.group\/wp-content\/uploads\/2025\/06\/Community-in-Girne-5_result.webp'><img loading=\"lazy\" decoding=\"async\" width=\"150\" height=\"113\" src=\"https:\/\/mediterra.group\/wp-content\/uploads\/2025\/06\/Community-in-Girne-5_result.webp\" class=\"attachment-thumbnail size-thumbnail\" alt=\"\" srcset=\"https:\/\/mediterra.group\/wp-content\/uploads\/2025\/06\/Community-in-Girne-5_result.webp 2048w, https:\/\/mediterra.group\/wp-content\/uploads\/2025\/06\/Community-in-Girne-5_result-1536x1152.webp 1536w, https:\/\/mediterra.group\/wp-content\/uploads\/2025\/06\/Community-in-Girne-5_result-584x438.webp 584w\" sizes=\"(max-width: 150px) 100vw, 150px\" \/><\/a>\n\t\t\t<\/div><\/figure>\n\t\t<\/div>\n\n","protected":false},"excerpt":{"rendered":"<p>Mediterra Community hat am Freitag, den 14. Juni, die erste Veranstaltung einer neuen Reihe regelm\u00e4\u00dfiger Treffen im sch\u00f6nen Garten unseres B\u00fcros in Kyrenia abgehalten. Viele Teilnehmer aus Zypern besuchten unsere Zusammenkunft in dieser warmen, energiegeladenen und faszinierenden Umgebung. Unsere Vorstandsvorsitzende Eylem \u015eakir und die Mitglieder des Mediterra-Teams beantworteten die Fragen der einheimischen und ausl\u00e4ndischen Investoren [&hellip;]<\/p>\n","protected":false},"author":1,"featured_media":24140,"comment_status":"open","ping_status":"open","sticky":false,"template":"","format":"standard","meta":{"_acf_changed":false,"footnotes":""},"categories":[255],"tags":[],"class_list":["post-33167","post","type-post","status-publish","format-standard","has-post-thumbnail","hentry","category-veranstaltungen"],"acf":[],"yoast_head":"<!-- This site is optimized with the Yoast SEO plugin v27.5 - https:\/\/yoast.com\/product\/yoast-seo-wordpress\/ -->\n<title>Mediterra-Gemeinschaftstreffen in unserem B\u00fcro in Kyrenia am 14. Juni - Mediterra Group<\/title>\n<meta name=\"robots\" content=\"index, follow, max-snippet:-1, max-image-preview:large, max-video-preview:-1\" \/>\n<link rel=\"canonical\" href=\"https:\/\/mediterra.group\/mediterra-community-gathering-held-in-our-kyrenia-office-on-june-14th\/\" \/>\n<meta property=\"og:locale\" content=\"de_DE\" \/>\n<meta property=\"og:type\" content=\"article\" \/>\n<meta property=\"og:title\" content=\"Mediterra-Gemeinschaftstreffen in unserem B\u00fcro in Kyrenia am 14. Juni - Mediterra Group\" \/>\n<meta property=\"og:description\" content=\"Mediterra Community hat am Freitag, den 14. Juni, die erste Veranstaltung einer neuen Reihe regelm\u00e4\u00dfiger Treffen im sch\u00f6nen Garten unseres B\u00fcros in Kyrenia abgehalten. Viele Teilnehmer aus Zypern besuchten unsere Zusammenkunft in dieser warmen, energiegeladenen und faszinierenden Umgebung. Unsere Vorstandsvorsitzende Eylem \u015eakir und die Mitglieder des Mediterra-Teams beantworteten die Fragen der einheimischen und ausl\u00e4ndischen Investoren [&hellip;]\" \/>\n<meta property=\"og:url\" content=\"https:\/\/mediterra.group\/mediterra-community-gathering-held-in-our-kyrenia-office-on-june-14th\/\" \/>\n<meta property=\"og:site_name\" content=\"Mediterra Group\" \/>\n<meta property=\"article:published_time\" content=\"2025-06-18T10:34:15+00:00\" \/>\n<meta property=\"og:image\" content=\"https:\/\/mediterra.group\/wp-content\/uploads\/2025\/06\/events-kapak17217356821617l4yj2.webp\" \/>\n\t<meta property=\"og:image:width\" content=\"416\" \/>\n\t<meta property=\"og:image:height\" content=\"234\" \/>\n\t<meta property=\"og:image:type\" content=\"image\/webp\" \/>\n<meta name=\"author\" content=\"prfj\" \/>\n<meta name=\"twitter:card\" content=\"summary_large_image\" \/>\n<meta name=\"twitter:label1\" content=\"Verfasst von\" \/>\n\t<meta name=\"twitter:data1\" content=\"prfj\" \/>\n\t<meta name=\"twitter:label2\" content=\"Gesch\u00e4tzte Lesezeit\" \/>\n\t<meta name=\"twitter:data2\" content=\"1\u00a0Minute\" \/>\n<script type=\"application\/ld+json\" class=\"yoast-schema-graph\">{\"@context\":\"https:\\\/\\\/schema.org\",\"@graph\":[{\"@type\":\"Article\",\"@id\":\"https:\\\/\\\/mediterra.group\\\/mediterra-community-gathering-held-in-our-kyrenia-office-on-june-14th\\\/#article\",\"isPartOf\":{\"@id\":\"https:\\\/\\\/mediterra.group\\\/mediterra-community-gathering-held-in-our-kyrenia-office-on-june-14th\\\/\"},\"author\":{\"name\":\"prfj\",\"@id\":\"https:\\\/\\\/mediterra.group\\\/ar\\\/#\\\/schema\\\/person\\\/7db86f2bc7783cf0f27705320203bffb\"},\"headline\":\"Mediterra-Gemeinschaftstreffen in unserem B\u00fcro in Kyrenia am 14. Juni\",\"datePublished\":\"2025-06-18T10:34:15+00:00\",\"mainEntityOfPage\":{\"@id\":\"https:\\\/\\\/mediterra.group\\\/mediterra-community-gathering-held-in-our-kyrenia-office-on-june-14th\\\/\"},\"wordCount\":113,\"commentCount\":0,\"image\":{\"@id\":\"https:\\\/\\\/mediterra.group\\\/mediterra-community-gathering-held-in-our-kyrenia-office-on-june-14th\\\/#primaryimage\"},\"thumbnailUrl\":\"https:\\\/\\\/mediterra.group\\\/wp-content\\\/uploads\\\/2025\\\/06\\\/events-kapak17217356821617l4yj2.webp\",\"articleSection\":[\"VERANSTALTUNGEN\"],\"inLanguage\":\"de\",\"potentialAction\":[{\"@type\":\"CommentAction\",\"name\":\"Comment\",\"target\":[\"https:\\\/\\\/mediterra.group\\\/mediterra-community-gathering-held-in-our-kyrenia-office-on-june-14th\\\/#respond\"]}]},{\"@type\":\"WebPage\",\"@id\":\"https:\\\/\\\/mediterra.group\\\/mediterra-community-gathering-held-in-our-kyrenia-office-on-june-14th\\\/\",\"url\":\"https:\\\/\\\/mediterra.group\\\/mediterra-community-gathering-held-in-our-kyrenia-office-on-june-14th\\\/\",\"name\":\"Mediterra-Gemeinschaftstreffen in unserem B\u00fcro in Kyrenia am 14. Juni - Mediterra Group\",\"isPartOf\":{\"@id\":\"https:\\\/\\\/mediterra.group\\\/ar\\\/#website\"},\"primaryImageOfPage\":{\"@id\":\"https:\\\/\\\/mediterra.group\\\/mediterra-community-gathering-held-in-our-kyrenia-office-on-june-14th\\\/#primaryimage\"},\"image\":{\"@id\":\"https:\\\/\\\/mediterra.group\\\/mediterra-community-gathering-held-in-our-kyrenia-office-on-june-14th\\\/#primaryimage\"},\"thumbnailUrl\":\"https:\\\/\\\/mediterra.group\\\/wp-content\\\/uploads\\\/2025\\\/06\\\/events-kapak17217356821617l4yj2.webp\",\"datePublished\":\"2025-06-18T10:34:15+00:00\",\"author\":{\"@id\":\"https:\\\/\\\/mediterra.group\\\/ar\\\/#\\\/schema\\\/person\\\/7db86f2bc7783cf0f27705320203bffb\"},\"breadcrumb\":{\"@id\":\"https:\\\/\\\/mediterra.group\\\/mediterra-community-gathering-held-in-our-kyrenia-office-on-june-14th\\\/#breadcrumb\"},\"inLanguage\":\"de\",\"potentialAction\":[{\"@type\":\"ReadAction\",\"target\":[\"https:\\\/\\\/mediterra.group\\\/mediterra-community-gathering-held-in-our-kyrenia-office-on-june-14th\\\/\"]}]},{\"@type\":\"ImageObject\",\"inLanguage\":\"de\",\"@id\":\"https:\\\/\\\/mediterra.group\\\/mediterra-community-gathering-held-in-our-kyrenia-office-on-june-14th\\\/#primaryimage\",\"url\":\"https:\\\/\\\/mediterra.group\\\/wp-content\\\/uploads\\\/2025\\\/06\\\/events-kapak17217356821617l4yj2.webp\",\"contentUrl\":\"https:\\\/\\\/mediterra.group\\\/wp-content\\\/uploads\\\/2025\\\/06\\\/events-kapak17217356821617l4yj2.webp\",\"width\":416,\"height\":234},{\"@type\":\"BreadcrumbList\",\"@id\":\"https:\\\/\\\/mediterra.group\\\/mediterra-community-gathering-held-in-our-kyrenia-office-on-june-14th\\\/#breadcrumb\",\"itemListElement\":[{\"@type\":\"ListItem\",\"position\":1,\"name\":\"Home\",\"item\":\"https:\\\/\\\/mediterra.group\\\/de\\\/\"},{\"@type\":\"ListItem\",\"position\":2,\"name\":\"Mediterra-Gemeinschaftstreffen in unserem B\u00fcro in Kyrenia am 14. Juni\"}]},{\"@type\":\"WebSite\",\"@id\":\"https:\\\/\\\/mediterra.group\\\/ar\\\/#website\",\"url\":\"https:\\\/\\\/mediterra.group\\\/ar\\\/\",\"name\":\"Mediterra Group\",\"description\":\"\",\"potentialAction\":[{\"@type\":\"SearchAction\",\"target\":{\"@type\":\"EntryPoint\",\"urlTemplate\":\"https:\\\/\\\/mediterra.group\\\/ar\\\/?s={search_term_string}\"},\"query-input\":{\"@type\":\"PropertyValueSpecification\",\"valueRequired\":true,\"valueName\":\"search_term_string\"}}],\"inLanguage\":\"de\"},{\"@type\":\"Person\",\"@id\":\"https:\\\/\\\/mediterra.group\\\/ar\\\/#\\\/schema\\\/person\\\/7db86f2bc7783cf0f27705320203bffb\",\"name\":\"prfj\",\"image\":{\"@type\":\"ImageObject\",\"inLanguage\":\"de\",\"@id\":\"https:\\\/\\\/secure.gravatar.com\\\/avatar\\\/efc76156b22a6391dfe826fa01e611bcd5dacefe7489936136b7f4d5eb1c0fb4?s=96&d=mm&r=g\",\"url\":\"https:\\\/\\\/secure.gravatar.com\\\/avatar\\\/efc76156b22a6391dfe826fa01e611bcd5dacefe7489936136b7f4d5eb1c0fb4?s=96&d=mm&r=g\",\"contentUrl\":\"https:\\\/\\\/secure.gravatar.com\\\/avatar\\\/efc76156b22a6391dfe826fa01e611bcd5dacefe7489936136b7f4d5eb1c0fb4?s=96&d=mm&r=g\",\"caption\":\"prfj\"},\"sameAs\":[\"https:\\\/\\\/mediterra.group\"],\"url\":\"https:\\\/\\\/mediterra.group\\\/de\\\/author\\\/prfj\\\/\"}]}<\/script>\n<!-- \/ Yoast SEO plugin. -->","yoast_head_json":{"title":"Mediterra-Gemeinschaftstreffen in unserem B\u00fcro in Kyrenia am 14. Juni - Mediterra Group","robots":{"index":"index","follow":"follow","max-snippet":"max-snippet:-1","max-image-preview":"max-image-preview:large","max-video-preview":"max-video-preview:-1"},"canonical":"https:\/\/mediterra.group\/mediterra-community-gathering-held-in-our-kyrenia-office-on-june-14th\/","og_locale":"de_DE","og_type":"article","og_title":"Mediterra-Gemeinschaftstreffen in unserem B\u00fcro in Kyrenia am 14. Juni - Mediterra Group","og_description":"Mediterra Community hat am Freitag, den 14. Juni, die erste Veranstaltung einer neuen Reihe regelm\u00e4\u00dfiger Treffen im sch\u00f6nen Garten unseres B\u00fcros in Kyrenia abgehalten. Viele Teilnehmer aus Zypern besuchten unsere Zusammenkunft in dieser warmen, energiegeladenen und faszinierenden Umgebung. Unsere Vorstandsvorsitzende Eylem \u015eakir und die Mitglieder des Mediterra-Teams beantworteten die Fragen der einheimischen und ausl\u00e4ndischen Investoren [&hellip;]","og_url":"https:\/\/mediterra.group\/mediterra-community-gathering-held-in-our-kyrenia-office-on-june-14th\/","og_site_name":"Mediterra Group","article_published_time":"2025-06-18T10:34:15+00:00","og_image":[{"width":416,"height":234,"url":"https:\/\/mediterra.group\/wp-content\/uploads\/2025\/06\/events-kapak17217356821617l4yj2.webp","type":"image\/webp"}],"author":"prfj","twitter_card":"summary_large_image","twitter_misc":{"Verfasst von":"prfj","Gesch\u00e4tzte Lesezeit":"1\u00a0Minute"},"schema":{"@context":"https:\/\/schema.org","@graph":[{"@type":"Article","@id":"https:\/\/mediterra.group\/mediterra-community-gathering-held-in-our-kyrenia-office-on-june-14th\/#article","isPartOf":{"@id":"https:\/\/mediterra.group\/mediterra-community-gathering-held-in-our-kyrenia-office-on-june-14th\/"},"author":{"name":"prfj","@id":"https:\/\/mediterra.group\/ar\/#\/schema\/person\/7db86f2bc7783cf0f27705320203bffb"},"headline":"Mediterra-Gemeinschaftstreffen in unserem B\u00fcro in Kyrenia am 14. Juni","datePublished":"2025-06-18T10:34:15+00:00","mainEntityOfPage":{"@id":"https:\/\/mediterra.group\/mediterra-community-gathering-held-in-our-kyrenia-office-on-june-14th\/"},"wordCount":113,"commentCount":0,"image":{"@id":"https:\/\/mediterra.group\/mediterra-community-gathering-held-in-our-kyrenia-office-on-june-14th\/#primaryimage"},"thumbnailUrl":"https:\/\/mediterra.group\/wp-content\/uploads\/2025\/06\/events-kapak17217356821617l4yj2.webp","articleSection":["VERANSTALTUNGEN"],"inLanguage":"de","potentialAction":[{"@type":"CommentAction","name":"Comment","target":["https:\/\/mediterra.group\/mediterra-community-gathering-held-in-our-kyrenia-office-on-june-14th\/#respond"]}]},{"@type":"WebPage","@id":"https:\/\/mediterra.group\/mediterra-community-gathering-held-in-our-kyrenia-office-on-june-14th\/","url":"https:\/\/mediterra.group\/mediterra-community-gathering-held-in-our-kyrenia-office-on-june-14th\/","name":"Mediterra-Gemeinschaftstreffen in unserem B\u00fcro in Kyrenia am 14. Juni - Mediterra Group","isPartOf":{"@id":"https:\/\/mediterra.group\/ar\/#website"},"primaryImageOfPage":{"@id":"https:\/\/mediterra.group\/mediterra-community-gathering-held-in-our-kyrenia-office-on-june-14th\/#primaryimage"},"image":{"@id":"https:\/\/mediterra.group\/mediterra-community-gathering-held-in-our-kyrenia-office-on-june-14th\/#primaryimage"},"thumbnailUrl":"https:\/\/mediterra.group\/wp-content\/uploads\/2025\/06\/events-kapak17217356821617l4yj2.webp","datePublished":"2025-06-18T10:34:15+00:00","author":{"@id":"https:\/\/mediterra.group\/ar\/#\/schema\/person\/7db86f2bc7783cf0f27705320203bffb"},"breadcrumb":{"@id":"https:\/\/mediterra.group\/mediterra-community-gathering-held-in-our-kyrenia-office-on-june-14th\/#breadcrumb"},"inLanguage":"de","potentialAction":[{"@type":"ReadAction","target":["https:\/\/mediterra.group\/mediterra-community-gathering-held-in-our-kyrenia-office-on-june-14th\/"]}]},{"@type":"ImageObject","inLanguage":"de","@id":"https:\/\/mediterra.group\/mediterra-community-gathering-held-in-our-kyrenia-office-on-june-14th\/#primaryimage","url":"https:\/\/mediterra.group\/wp-content\/uploads\/2025\/06\/events-kapak17217356821617l4yj2.webp","contentUrl":"https:\/\/mediterra.group\/wp-content\/uploads\/2025\/06\/events-kapak17217356821617l4yj2.webp","width":416,"height":234},{"@type":"BreadcrumbList","@id":"https:\/\/mediterra.group\/mediterra-community-gathering-held-in-our-kyrenia-office-on-june-14th\/#breadcrumb","itemListElement":[{"@type":"ListItem","position":1,"name":"Home","item":"https:\/\/mediterra.group\/de\/"},{"@type":"ListItem","position":2,"name":"Mediterra-Gemeinschaftstreffen in unserem B\u00fcro in Kyrenia am 14. Juni"}]},{"@type":"WebSite","@id":"https:\/\/mediterra.group\/ar\/#website","url":"https:\/\/mediterra.group\/ar\/","name":"Mediterra Group","description":"","potentialAction":[{"@type":"SearchAction","target":{"@type":"EntryPoint","urlTemplate":"https:\/\/mediterra.group\/ar\/?s={search_term_string}"},"query-input":{"@type":"PropertyValueSpecification","valueRequired":true,"valueName":"search_term_string"}}],"inLanguage":"de"},{"@type":"Person","@id":"https:\/\/mediterra.group\/ar\/#\/schema\/person\/7db86f2bc7783cf0f27705320203bffb","name":"prfj","image":{"@type":"ImageObject","inLanguage":"de","@id":"https:\/\/secure.gravatar.com\/avatar\/efc76156b22a6391dfe826fa01e611bcd5dacefe7489936136b7f4d5eb1c0fb4?s=96&d=mm&r=g","url":"https:\/\/secure.gravatar.com\/avatar\/efc76156b22a6391dfe826fa01e611bcd5dacefe7489936136b7f4d5eb1c0fb4?s=96&d=mm&r=g","contentUrl":"https:\/\/secure.gravatar.com\/avatar\/efc76156b22a6391dfe826fa01e611bcd5dacefe7489936136b7f4d5eb1c0fb4?s=96&d=mm&r=g","caption":"prfj"},"sameAs":["https:\/\/mediterra.group"],"url":"https:\/\/mediterra.group\/de\/author\/prfj\/"}]}},"_links":{"self":[{"href":"https:\/\/mediterra.group\/de\/wp-json\/wp\/v2\/posts\/33167","targetHints":{"allow":["GET"]}}],"collection":[{"href":"https:\/\/mediterra.group\/de\/wp-json\/wp\/v2\/posts"}],"about":[{"href":"https:\/\/mediterra.group\/de\/wp-json\/wp\/v2\/types\/post"}],"author":[{"embeddable":true,"href":"https:\/\/mediterra.group\/de\/wp-json\/wp\/v2\/users\/1"}],"replies":[{"embeddable":true,"href":"https:\/\/mediterra.group\/de\/wp-json\/wp\/v2\/comments?post=33167"}],"version-history":[{"count":0,"href":"https:\/\/mediterra.group\/de\/wp-json\/wp\/v2\/posts\/33167\/revisions"}],"wp:featuredmedia":[{"embeddable":true,"href":"https:\/\/mediterra.group\/de\/wp-json\/wp\/v2\/media\/24140"}],"wp:attachment":[{"href":"https:\/\/mediterra.group\/de\/wp-json\/wp\/v2\/media?parent=33167"}],"wp:term":[{"taxonomy":"category","embeddable":true,"href":"https:\/\/mediterra.group\/de\/wp-json\/wp\/v2\/categories?post=33167"},{"taxonomy":"post_tag","embeddable":true,"href":"https:\/\/mediterra.group\/de\/wp-json\/wp\/v2\/tags?post=33167"}],"curies":[{"name":"wp","href":"https:\/\/api.w.org\/{rel}","templated":true}]}}