{"id":33117,"date":"2025-06-18T10:47:01","date_gmt":"2025-06-18T10:47:01","guid":{"rendered":"https:\/\/mediterra.group\/wir-waren-auf-der-second-home-messe-in-belgien\/"},"modified":"2025-06-18T10:47:01","modified_gmt":"2025-06-18T10:47:01","slug":"wir-waren-auf-der-second-home-messe-in-belgien","status":"publish","type":"post","link":"https:\/\/mediterra.group\/de\/wir-waren-auf-der-second-home-messe-in-belgien\/","title":{"rendered":"Wir waren auf der Second Home Messe in Belgien!"},"content":{"rendered":"<p>3-4 Juni, 2023<br \/>\nAntwerpen Expo<\/p>\n<p>Als Meditera Project Management haben wir am 3. und 4. Juni an der Second Home Fair auf der Antwerp Expo teilgenommen. Die Messe in Antwerpen war f\u00fcr uns eine hervorragende Plattform, um die Vorteile von Investitionen in Nordzypern zu pr\u00e4sentieren. Mit einer florierenden Wirtschaft und einem robusten Immobilienmarkt waren wir der Meinung, dass Nordzypern eine einzigartige Investitionsm\u00f6glichkeit darstellt, die die Besucher der Messe gerne erkunden w\u00fcrden.  <\/p>\n<p>Wir m\u00f6chten uns bei allen bedanken, die unseren Stand besucht und Interesse an unseren Projekten gezeigt haben. Es war uns eine Freude, mit den Besuchern ins Gespr\u00e4ch zu kommen und sie \u00fcber die potenziellen Investitionsm\u00f6glichkeiten in Nordzypern zu beraten. Wir freuen uns darauf, dauerhafte Beziehungen aufzubauen und Investoren bei ihrer Erkundung der einzigartigen Investitionsm\u00f6glichkeiten in Nordzypern zu unterst\u00fctzen.  <\/p>\n<div id='gallery-1' class='gallery galleryid-33117 gallery-columns-3 gallery-size-thumbnail'><figure class='gallery-item'>\n\t\t\t<div class='gallery-icon portrait'>\n\t\t\t\t<a href='https:\/\/mediterra.group\/de\/wir-waren-auf-der-second-home-messe-in-belgien\/3-we-were-at-second-home-fair-in-belgium_result-2\/'><img decoding=\"async\" width=\"113\" height=\"150\" src=\"https:\/\/mediterra.group\/wp-content\/uploads\/2025\/06\/3-WE-WERE-AT-SECOND-HOME-FAIR-IN-BELGIUM_result.webp\" class=\"attachment-thumbnail size-thumbnail\" alt=\"\" srcset=\"https:\/\/mediterra.group\/wp-content\/uploads\/2025\/06\/3-WE-WERE-AT-SECOND-HOME-FAIR-IN-BELGIUM_result.webp 1200w, https:\/\/mediterra.group\/wp-content\/uploads\/2025\/06\/3-WE-WERE-AT-SECOND-HOME-FAIR-IN-BELGIUM_result-1152x1536.webp 1152w\" sizes=\"(max-width: 113px) 100vw, 113px\" \/><\/a>\n\t\t\t<\/div><\/figure><figure class='gallery-item'>\n\t\t\t<div class='gallery-icon portrait'>\n\t\t\t\t<a href='https:\/\/mediterra.group\/de\/wir-waren-auf-der-second-home-messe-in-belgien\/4-we-were-at-second-home-fair-in-belgium_result-2\/'><img decoding=\"async\" width=\"113\" height=\"150\" src=\"https:\/\/mediterra.group\/wp-content\/uploads\/2025\/06\/4-WE-WERE-AT-SECOND-HOME-FAIR-IN-BELGIUM_result.webp\" class=\"attachment-thumbnail size-thumbnail\" alt=\"\" srcset=\"https:\/\/mediterra.group\/wp-content\/uploads\/2025\/06\/4-WE-WERE-AT-SECOND-HOME-FAIR-IN-BELGIUM_result.webp 1200w, https:\/\/mediterra.group\/wp-content\/uploads\/2025\/06\/4-WE-WERE-AT-SECOND-HOME-FAIR-IN-BELGIUM_result-1152x1536.webp 1152w\" sizes=\"(max-width: 113px) 100vw, 113px\" \/><\/a>\n\t\t\t<\/div><\/figure><figure class='gallery-item'>\n\t\t\t<div class='gallery-icon portrait'>\n\t\t\t\t<a href='https:\/\/mediterra.group\/de\/wir-waren-auf-der-second-home-messe-in-belgien\/2-we-were-at-second-home-fair-in-belgium_result-2\/'><img decoding=\"async\" width=\"113\" height=\"150\" src=\"https:\/\/mediterra.group\/wp-content\/uploads\/2025\/06\/2-WE-WERE-AT-SECOND-HOME-FAIR-IN-BELGIUM_result.webp\" class=\"attachment-thumbnail size-thumbnail\" alt=\"\" srcset=\"https:\/\/mediterra.group\/wp-content\/uploads\/2025\/06\/2-WE-WERE-AT-SECOND-HOME-FAIR-IN-BELGIUM_result.webp 1536w, https:\/\/mediterra.group\/wp-content\/uploads\/2025\/06\/2-WE-WERE-AT-SECOND-HOME-FAIR-IN-BELGIUM_result-1152x1536.webp 1152w\" sizes=\"(max-width: 113px) 100vw, 113px\" \/><\/a>\n\t\t\t<\/div><\/figure><figure class='gallery-item'>\n\t\t\t<div class='gallery-icon portrait'>\n\t\t\t\t<a href='https:\/\/mediterra.group\/de\/wir-waren-auf-der-second-home-messe-in-belgien\/5-we-were-at-second-home-fair-in-belgium_result-2\/'><img loading=\"lazy\" decoding=\"async\" width=\"113\" height=\"150\" src=\"https:\/\/mediterra.group\/wp-content\/uploads\/2025\/06\/5-WE-WERE-AT-SECOND-HOME-FAIR-IN-BELGIUM_result.webp\" class=\"attachment-thumbnail size-thumbnail\" alt=\"\" \/><\/a>\n\t\t\t<\/div><\/figure><figure class='gallery-item'>\n\t\t\t<div class='gallery-icon portrait'>\n\t\t\t\t<a href='https:\/\/mediterra.group\/de\/wir-waren-auf-der-second-home-messe-in-belgien\/8-we-were-at-second-home-fair-in-belgium_result-2\/'><img loading=\"lazy\" decoding=\"async\" width=\"113\" height=\"150\" src=\"https:\/\/mediterra.group\/wp-content\/uploads\/2025\/06\/8-WE-WERE-AT-SECOND-HOME-FAIR-IN-BELGIUM_result.webp\" class=\"attachment-thumbnail size-thumbnail\" alt=\"\" \/><\/a>\n\t\t\t<\/div><\/figure><figure class='gallery-item'>\n\t\t\t<div class='gallery-icon portrait'>\n\t\t\t\t<a href='https:\/\/mediterra.group\/de\/wir-waren-auf-der-second-home-messe-in-belgien\/9-we-were-at-second-home-fair-in-belgium_result-2\/'><img loading=\"lazy\" decoding=\"async\" width=\"113\" height=\"150\" src=\"https:\/\/mediterra.group\/wp-content\/uploads\/2025\/06\/9-WE-WERE-AT-SECOND-HOME-FAIR-IN-BELGIUM_result.webp\" class=\"attachment-thumbnail size-thumbnail\" alt=\"\" \/><\/a>\n\t\t\t<\/div><\/figure>\n\t\t<\/div>\n\n","protected":false},"excerpt":{"rendered":"<p>3-4 Juni, 2023 Antwerpen Expo Als Meditera Project Management haben wir am 3. und 4. Juni an der Second Home Fair auf der Antwerp Expo teilgenommen. Die Messe in Antwerpen war f\u00fcr uns eine hervorragende Plattform, um die Vorteile von Investitionen in Nordzypern zu pr\u00e4sentieren. Mit einer florierenden Wirtschaft und einem robusten Immobilienmarkt waren wir [&hellip;]<\/p>\n","protected":false},"author":1,"featured_media":24490,"comment_status":"open","ping_status":"open","sticky":false,"template":"","format":"standard","meta":{"_acf_changed":false,"footnotes":""},"categories":[255],"tags":[],"class_list":["post-33117","post","type-post","status-publish","format-standard","has-post-thumbnail","hentry","category-veranstaltungen"],"acf":[],"yoast_head":"<!-- This site is optimized with the Yoast SEO plugin v27.5 - https:\/\/yoast.com\/product\/yoast-seo-wordpress\/ -->\n<title>Wir waren auf der Second Home Messe in Belgien! - Mediterra Group<\/title>\n<meta name=\"robots\" content=\"index, follow, max-snippet:-1, max-image-preview:large, max-video-preview:-1\" \/>\n<link rel=\"canonical\" href=\"https:\/\/mediterra.group\/we-were-at-second-home-fair-in-belgium\/\" \/>\n<meta property=\"og:locale\" content=\"de_DE\" \/>\n<meta property=\"og:type\" content=\"article\" \/>\n<meta property=\"og:title\" content=\"Wir waren auf der Second Home Messe in Belgien! - Mediterra Group\" \/>\n<meta property=\"og:description\" content=\"3-4 Juni, 2023 Antwerpen Expo Als Meditera Project Management haben wir am 3. und 4. Juni an der Second Home Fair auf der Antwerp Expo teilgenommen. Die Messe in Antwerpen war f\u00fcr uns eine hervorragende Plattform, um die Vorteile von Investitionen in Nordzypern zu pr\u00e4sentieren. Mit einer florierenden Wirtschaft und einem robusten Immobilienmarkt waren wir [&hellip;]\" \/>\n<meta property=\"og:url\" content=\"https:\/\/mediterra.group\/we-were-at-second-home-fair-in-belgium\/\" \/>\n<meta property=\"og:site_name\" content=\"Mediterra Group\" \/>\n<meta property=\"article:published_time\" content=\"2025-06-18T10:47:01+00:00\" \/>\n<meta property=\"og:image\" content=\"https:\/\/mediterra.group\/wp-content\/uploads\/2025\/06\/kapak-we-were-at-second-home-fair-in-belgium-result16975372783924qvD9U.webp\" \/>\n\t<meta property=\"og:image:width\" content=\"440\" \/>\n\t<meta property=\"og:image:height\" content=\"215\" \/>\n\t<meta property=\"og:image:type\" content=\"image\/webp\" \/>\n<meta name=\"author\" content=\"prfj\" \/>\n<meta name=\"twitter:card\" content=\"summary_large_image\" \/>\n<meta name=\"twitter:label1\" content=\"Verfasst von\" \/>\n\t<meta name=\"twitter:data1\" content=\"prfj\" \/>\n\t<meta name=\"twitter:label2\" content=\"Gesch\u00e4tzte Lesezeit\" \/>\n\t<meta name=\"twitter:data2\" content=\"1\u00a0Minute\" \/>\n<script type=\"application\/ld+json\" class=\"yoast-schema-graph\">{\"@context\":\"https:\\\/\\\/schema.org\",\"@graph\":[{\"@type\":\"Article\",\"@id\":\"https:\\\/\\\/mediterra.group\\\/we-were-at-second-home-fair-in-belgium\\\/#article\",\"isPartOf\":{\"@id\":\"https:\\\/\\\/mediterra.group\\\/we-were-at-second-home-fair-in-belgium\\\/\"},\"author\":{\"name\":\"prfj\",\"@id\":\"https:\\\/\\\/mediterra.group\\\/ar\\\/#\\\/schema\\\/person\\\/7db86f2bc7783cf0f27705320203bffb\"},\"headline\":\"Wir waren auf der Second Home Messe in Belgien!\",\"datePublished\":\"2025-06-18T10:47:01+00:00\",\"mainEntityOfPage\":{\"@id\":\"https:\\\/\\\/mediterra.group\\\/we-were-at-second-home-fair-in-belgium\\\/\"},\"wordCount\":146,\"commentCount\":0,\"image\":{\"@id\":\"https:\\\/\\\/mediterra.group\\\/we-were-at-second-home-fair-in-belgium\\\/#primaryimage\"},\"thumbnailUrl\":\"https:\\\/\\\/mediterra.group\\\/wp-content\\\/uploads\\\/2025\\\/06\\\/kapak-we-were-at-second-home-fair-in-belgium-result16975372783924qvD9U.webp\",\"articleSection\":[\"VERANSTALTUNGEN\"],\"inLanguage\":\"de\",\"potentialAction\":[{\"@type\":\"CommentAction\",\"name\":\"Comment\",\"target\":[\"https:\\\/\\\/mediterra.group\\\/we-were-at-second-home-fair-in-belgium\\\/#respond\"]}]},{\"@type\":\"WebPage\",\"@id\":\"https:\\\/\\\/mediterra.group\\\/we-were-at-second-home-fair-in-belgium\\\/\",\"url\":\"https:\\\/\\\/mediterra.group\\\/we-were-at-second-home-fair-in-belgium\\\/\",\"name\":\"Wir waren auf der Second Home Messe in Belgien! - Mediterra Group\",\"isPartOf\":{\"@id\":\"https:\\\/\\\/mediterra.group\\\/ar\\\/#website\"},\"primaryImageOfPage\":{\"@id\":\"https:\\\/\\\/mediterra.group\\\/we-were-at-second-home-fair-in-belgium\\\/#primaryimage\"},\"image\":{\"@id\":\"https:\\\/\\\/mediterra.group\\\/we-were-at-second-home-fair-in-belgium\\\/#primaryimage\"},\"thumbnailUrl\":\"https:\\\/\\\/mediterra.group\\\/wp-content\\\/uploads\\\/2025\\\/06\\\/kapak-we-were-at-second-home-fair-in-belgium-result16975372783924qvD9U.webp\",\"datePublished\":\"2025-06-18T10:47:01+00:00\",\"author\":{\"@id\":\"https:\\\/\\\/mediterra.group\\\/ar\\\/#\\\/schema\\\/person\\\/7db86f2bc7783cf0f27705320203bffb\"},\"breadcrumb\":{\"@id\":\"https:\\\/\\\/mediterra.group\\\/we-were-at-second-home-fair-in-belgium\\\/#breadcrumb\"},\"inLanguage\":\"de\",\"potentialAction\":[{\"@type\":\"ReadAction\",\"target\":[\"https:\\\/\\\/mediterra.group\\\/we-were-at-second-home-fair-in-belgium\\\/\"]}]},{\"@type\":\"ImageObject\",\"inLanguage\":\"de\",\"@id\":\"https:\\\/\\\/mediterra.group\\\/we-were-at-second-home-fair-in-belgium\\\/#primaryimage\",\"url\":\"https:\\\/\\\/mediterra.group\\\/wp-content\\\/uploads\\\/2025\\\/06\\\/kapak-we-were-at-second-home-fair-in-belgium-result16975372783924qvD9U.webp\",\"contentUrl\":\"https:\\\/\\\/mediterra.group\\\/wp-content\\\/uploads\\\/2025\\\/06\\\/kapak-we-were-at-second-home-fair-in-belgium-result16975372783924qvD9U.webp\",\"width\":440,\"height\":215},{\"@type\":\"BreadcrumbList\",\"@id\":\"https:\\\/\\\/mediterra.group\\\/we-were-at-second-home-fair-in-belgium\\\/#breadcrumb\",\"itemListElement\":[{\"@type\":\"ListItem\",\"position\":1,\"name\":\"Home\",\"item\":\"https:\\\/\\\/mediterra.group\\\/de\\\/\"},{\"@type\":\"ListItem\",\"position\":2,\"name\":\"Wir waren auf der Second Home Messe in Belgien!\"}]},{\"@type\":\"WebSite\",\"@id\":\"https:\\\/\\\/mediterra.group\\\/ar\\\/#website\",\"url\":\"https:\\\/\\\/mediterra.group\\\/ar\\\/\",\"name\":\"Mediterra Group\",\"description\":\"\",\"potentialAction\":[{\"@type\":\"SearchAction\",\"target\":{\"@type\":\"EntryPoint\",\"urlTemplate\":\"https:\\\/\\\/mediterra.group\\\/ar\\\/?s={search_term_string}\"},\"query-input\":{\"@type\":\"PropertyValueSpecification\",\"valueRequired\":true,\"valueName\":\"search_term_string\"}}],\"inLanguage\":\"de\"},{\"@type\":\"Person\",\"@id\":\"https:\\\/\\\/mediterra.group\\\/ar\\\/#\\\/schema\\\/person\\\/7db86f2bc7783cf0f27705320203bffb\",\"name\":\"prfj\",\"image\":{\"@type\":\"ImageObject\",\"inLanguage\":\"de\",\"@id\":\"https:\\\/\\\/secure.gravatar.com\\\/avatar\\\/efc76156b22a6391dfe826fa01e611bcd5dacefe7489936136b7f4d5eb1c0fb4?s=96&d=mm&r=g\",\"url\":\"https:\\\/\\\/secure.gravatar.com\\\/avatar\\\/efc76156b22a6391dfe826fa01e611bcd5dacefe7489936136b7f4d5eb1c0fb4?s=96&d=mm&r=g\",\"contentUrl\":\"https:\\\/\\\/secure.gravatar.com\\\/avatar\\\/efc76156b22a6391dfe826fa01e611bcd5dacefe7489936136b7f4d5eb1c0fb4?s=96&d=mm&r=g\",\"caption\":\"prfj\"},\"sameAs\":[\"https:\\\/\\\/mediterra.group\"],\"url\":\"https:\\\/\\\/mediterra.group\\\/de\\\/author\\\/prfj\\\/\"}]}<\/script>\n<!-- \/ Yoast SEO plugin. -->","yoast_head_json":{"title":"Wir waren auf der Second Home Messe in Belgien! - Mediterra Group","robots":{"index":"index","follow":"follow","max-snippet":"max-snippet:-1","max-image-preview":"max-image-preview:large","max-video-preview":"max-video-preview:-1"},"canonical":"https:\/\/mediterra.group\/we-were-at-second-home-fair-in-belgium\/","og_locale":"de_DE","og_type":"article","og_title":"Wir waren auf der Second Home Messe in Belgien! - Mediterra Group","og_description":"3-4 Juni, 2023 Antwerpen Expo Als Meditera Project Management haben wir am 3. und 4. Juni an der Second Home Fair auf der Antwerp Expo teilgenommen. Die Messe in Antwerpen war f\u00fcr uns eine hervorragende Plattform, um die Vorteile von Investitionen in Nordzypern zu pr\u00e4sentieren. Mit einer florierenden Wirtschaft und einem robusten Immobilienmarkt waren wir [&hellip;]","og_url":"https:\/\/mediterra.group\/we-were-at-second-home-fair-in-belgium\/","og_site_name":"Mediterra Group","article_published_time":"2025-06-18T10:47:01+00:00","og_image":[{"width":440,"height":215,"url":"https:\/\/mediterra.group\/wp-content\/uploads\/2025\/06\/kapak-we-were-at-second-home-fair-in-belgium-result16975372783924qvD9U.webp","type":"image\/webp"}],"author":"prfj","twitter_card":"summary_large_image","twitter_misc":{"Verfasst von":"prfj","Gesch\u00e4tzte Lesezeit":"1\u00a0Minute"},"schema":{"@context":"https:\/\/schema.org","@graph":[{"@type":"Article","@id":"https:\/\/mediterra.group\/we-were-at-second-home-fair-in-belgium\/#article","isPartOf":{"@id":"https:\/\/mediterra.group\/we-were-at-second-home-fair-in-belgium\/"},"author":{"name":"prfj","@id":"https:\/\/mediterra.group\/ar\/#\/schema\/person\/7db86f2bc7783cf0f27705320203bffb"},"headline":"Wir waren auf der Second Home Messe in Belgien!","datePublished":"2025-06-18T10:47:01+00:00","mainEntityOfPage":{"@id":"https:\/\/mediterra.group\/we-were-at-second-home-fair-in-belgium\/"},"wordCount":146,"commentCount":0,"image":{"@id":"https:\/\/mediterra.group\/we-were-at-second-home-fair-in-belgium\/#primaryimage"},"thumbnailUrl":"https:\/\/mediterra.group\/wp-content\/uploads\/2025\/06\/kapak-we-were-at-second-home-fair-in-belgium-result16975372783924qvD9U.webp","articleSection":["VERANSTALTUNGEN"],"inLanguage":"de","potentialAction":[{"@type":"CommentAction","name":"Comment","target":["https:\/\/mediterra.group\/we-were-at-second-home-fair-in-belgium\/#respond"]}]},{"@type":"WebPage","@id":"https:\/\/mediterra.group\/we-were-at-second-home-fair-in-belgium\/","url":"https:\/\/mediterra.group\/we-were-at-second-home-fair-in-belgium\/","name":"Wir waren auf der Second Home Messe in Belgien! - Mediterra Group","isPartOf":{"@id":"https:\/\/mediterra.group\/ar\/#website"},"primaryImageOfPage":{"@id":"https:\/\/mediterra.group\/we-were-at-second-home-fair-in-belgium\/#primaryimage"},"image":{"@id":"https:\/\/mediterra.group\/we-were-at-second-home-fair-in-belgium\/#primaryimage"},"thumbnailUrl":"https:\/\/mediterra.group\/wp-content\/uploads\/2025\/06\/kapak-we-were-at-second-home-fair-in-belgium-result16975372783924qvD9U.webp","datePublished":"2025-06-18T10:47:01+00:00","author":{"@id":"https:\/\/mediterra.group\/ar\/#\/schema\/person\/7db86f2bc7783cf0f27705320203bffb"},"breadcrumb":{"@id":"https:\/\/mediterra.group\/we-were-at-second-home-fair-in-belgium\/#breadcrumb"},"inLanguage":"de","potentialAction":[{"@type":"ReadAction","target":["https:\/\/mediterra.group\/we-were-at-second-home-fair-in-belgium\/"]}]},{"@type":"ImageObject","inLanguage":"de","@id":"https:\/\/mediterra.group\/we-were-at-second-home-fair-in-belgium\/#primaryimage","url":"https:\/\/mediterra.group\/wp-content\/uploads\/2025\/06\/kapak-we-were-at-second-home-fair-in-belgium-result16975372783924qvD9U.webp","contentUrl":"https:\/\/mediterra.group\/wp-content\/uploads\/2025\/06\/kapak-we-were-at-second-home-fair-in-belgium-result16975372783924qvD9U.webp","width":440,"height":215},{"@type":"BreadcrumbList","@id":"https:\/\/mediterra.group\/we-were-at-second-home-fair-in-belgium\/#breadcrumb","itemListElement":[{"@type":"ListItem","position":1,"name":"Home","item":"https:\/\/mediterra.group\/de\/"},{"@type":"ListItem","position":2,"name":"Wir waren auf der Second Home Messe in Belgien!"}]},{"@type":"WebSite","@id":"https:\/\/mediterra.group\/ar\/#website","url":"https:\/\/mediterra.group\/ar\/","name":"Mediterra Group","description":"","potentialAction":[{"@type":"SearchAction","target":{"@type":"EntryPoint","urlTemplate":"https:\/\/mediterra.group\/ar\/?s={search_term_string}"},"query-input":{"@type":"PropertyValueSpecification","valueRequired":true,"valueName":"search_term_string"}}],"inLanguage":"de"},{"@type":"Person","@id":"https:\/\/mediterra.group\/ar\/#\/schema\/person\/7db86f2bc7783cf0f27705320203bffb","name":"prfj","image":{"@type":"ImageObject","inLanguage":"de","@id":"https:\/\/secure.gravatar.com\/avatar\/efc76156b22a6391dfe826fa01e611bcd5dacefe7489936136b7f4d5eb1c0fb4?s=96&d=mm&r=g","url":"https:\/\/secure.gravatar.com\/avatar\/efc76156b22a6391dfe826fa01e611bcd5dacefe7489936136b7f4d5eb1c0fb4?s=96&d=mm&r=g","contentUrl":"https:\/\/secure.gravatar.com\/avatar\/efc76156b22a6391dfe826fa01e611bcd5dacefe7489936136b7f4d5eb1c0fb4?s=96&d=mm&r=g","caption":"prfj"},"sameAs":["https:\/\/mediterra.group"],"url":"https:\/\/mediterra.group\/de\/author\/prfj\/"}]}},"_links":{"self":[{"href":"https:\/\/mediterra.group\/de\/wp-json\/wp\/v2\/posts\/33117","targetHints":{"allow":["GET"]}}],"collection":[{"href":"https:\/\/mediterra.group\/de\/wp-json\/wp\/v2\/posts"}],"about":[{"href":"https:\/\/mediterra.group\/de\/wp-json\/wp\/v2\/types\/post"}],"author":[{"embeddable":true,"href":"https:\/\/mediterra.group\/de\/wp-json\/wp\/v2\/users\/1"}],"replies":[{"embeddable":true,"href":"https:\/\/mediterra.group\/de\/wp-json\/wp\/v2\/comments?post=33117"}],"version-history":[{"count":0,"href":"https:\/\/mediterra.group\/de\/wp-json\/wp\/v2\/posts\/33117\/revisions"}],"wp:featuredmedia":[{"embeddable":true,"href":"https:\/\/mediterra.group\/de\/wp-json\/wp\/v2\/media\/24490"}],"wp:attachment":[{"href":"https:\/\/mediterra.group\/de\/wp-json\/wp\/v2\/media?parent=33117"}],"wp:term":[{"taxonomy":"category","embeddable":true,"href":"https:\/\/mediterra.group\/de\/wp-json\/wp\/v2\/categories?post=33117"},{"taxonomy":"post_tag","embeddable":true,"href":"https:\/\/mediterra.group\/de\/wp-json\/wp\/v2\/tags?post=33117"}],"curies":[{"name":"wp","href":"https:\/\/api.w.org\/{rel}","templated":true}]}}